{"id":140121,"date":"2025-11-19T12:05:00","date_gmt":"2025-11-19T15:05:00","guid":{"rendered":"https:\/\/www.correiobraziliense.com.br\/cbradar\/?p=140121"},"modified":"2025-11-18T19:51:49","modified_gmt":"2025-11-18T22:51:49","slug":"o-cha-ideal-para-quem-quer-regular-a-glicose","status":"publish","type":"post","link":"https:\/\/www.correiobraziliense.com.br\/cbradar\/o-cha-ideal-para-quem-quer-regular-a-glicose\/","title":{"rendered":"O ch\u00e1 ideal para quem quer regular a glicose"},"content":{"rendered":"\n<p>O\u00a0<strong>Ch\u00e1 de Louro<\/strong>\u00a0\u00e9 uma infus\u00e3o que vem ganhando popularidade devido aos seus potenciais benef\u00edcios \u00e0 sa\u00fade. Cultivado a partir das folhas da planta\u00a0<em>Laurus nobilis<\/em>, este ch\u00e1 \u00e9 tradicionalmente reconhecido por suas propriedades digestivas e anti-inflamat\u00f3rias. Recentemente, uma s\u00e9rie de pesquisas cient\u00edficas t\u00eam elucidado seus efeitos positivos no controle glic\u00eamico, especialmente em rela\u00e7\u00e3o ao\u00a0<em>controle do diabetes tipo 2<\/em>. Esses achados posicionam o ch\u00e1 como um suporte natural na gest\u00e3o da\u00a0<strong>resist\u00eancia \u00e0 insulina<\/strong>\u00a0e na preven\u00e7\u00e3o de complica\u00e7\u00f5es associadas \u00e0 doen\u00e7a.<\/p>\n\n\n\n<p>Compostos fen\u00f3licos presentes no Ch\u00e1 de Louro, como o eugenol e o \u00e1cido cafeico, s\u00e3o respons\u00e1veis por suas propriedades\u00a0<strong>hipoglicemiantes<\/strong>. Esses compostos auxiliam na regula\u00e7\u00e3o do metabolismo da glicose, facilitando uma menor absor\u00e7\u00e3o de a\u00e7\u00facares no intestino. Estudos apontam que o consumo regular do extrato da folha de louro pode resultar em uma significativa redu\u00e7\u00e3o dos n\u00edveis de glicose em jejum, contribuindo para um melhor manejo do diabetes.<\/p>\n\n\n\n<h2 class=\"wp-block-heading\">O Ch\u00e1 de Louro melhora a sensibilidade \u00e0 insulina?<\/h2>\n\n\n\n<p>A ingest\u00e3o do Ch\u00e1 de Louro tem sido associada a uma melhora na\u00a0<em>sensibilidade \u00e0 insulina<\/em>. Pesquisas indicam que os compostos presentes no louro estimulam a capta\u00e7\u00e3o de glicose e promovem a\u00a0<strong>redu\u00e7\u00e3o da resist\u00eancia insul\u00ednica<\/strong>. Esse mecanismo contribui significativamente para o controle glic\u00eamico, tornando o ch\u00e1 uma op\u00e7\u00e3o interessante para indiv\u00edduos com alto risco de desenvolver diabetes tipo 2. O uso regular da infus\u00e3o, aliado a uma dieta equilibrada e exerc\u00edcios f\u00edsicos, pode potencializar os efeitos ben\u00e9ficos para a sa\u00fade metab\u00f3lica.<\/p>\n\n\n<div class=\"wp-block-image\">\n<figure class=\"aligncenter size-large\"><img decoding=\"async\" width=\"1024\" height=\"576\" src=\"https:\/\/www.correiobraziliense.com.br\/cbradar\/wp-content\/uploads\/2025\/05\/folha-de-louro_1746986363746-1024x576.jpg\" alt=\"\" class=\"wp-image-35525\" srcset=\"https:\/\/www.correiobraziliense.com.br\/cbradar\/wp-content\/uploads\/2025\/05\/folha-de-louro_1746986363746-1024x576.jpg 1024w, https:\/\/www.correiobraziliense.com.br\/cbradar\/wp-content\/uploads\/2025\/05\/folha-de-louro_1746986363746-300x169.jpg 300w, https:\/\/www.correiobraziliense.com.br\/cbradar\/wp-content\/uploads\/2025\/05\/folha-de-louro_1746986363746-768x432.jpg 768w, https:\/\/www.correiobraziliense.com.br\/cbradar\/wp-content\/uploads\/2025\/05\/folha-de-louro_1746986363746-750x422.jpg 750w, https:\/\/www.correiobraziliense.com.br\/cbradar\/wp-content\/uploads\/2025\/05\/folha-de-louro_1746986363746-1140x641.jpg 1140w, https:\/\/www.correiobraziliense.com.br\/cbradar\/wp-content\/uploads\/2025\/05\/folha-de-louro_1746986363746.jpg 1280w\" sizes=\"(max-width: 1024px) 100vw, 1024px\" \/><figcaption class=\"wp-element-caption\">Folhas de louro sendo usadas como desodorizador natural na geladeira. &#8211; Cr\u00e9ditos: depositphotos.com \/ banusevim<\/figcaption><\/figure><\/div>\n\n\n<h2 class=\"wp-block-heading\">De que forma o Ch\u00e1 de Louro atua como antioxidante?<\/h2>\n\n\n\n<p>Os compostos bioativos do Ch\u00e1 de Louro possuem propriedades antioxidantes potentes que promovem a prote\u00e7\u00e3o das c\u00e9lulas contra o\u00a0<strong>estresse oxidativo<\/strong>. As c\u00e9lulas beta pancre\u00e1ticas, em particular, s\u00e3o beneficiadas, o que \u00e9 especialmente importante na progress\u00e3o do diabetes. Ao reduzir a forma\u00e7\u00e3o de radicais livres e a inflama\u00e7\u00e3o sist\u00eamica, o Ch\u00e1 de Louro desempenha um papel relevante na\u00a0<em>preven\u00e7\u00e3o de complica\u00e7\u00f5es vasculares<\/em>, frequentemente associadas \u00e0 diabetes.<\/p>\n\n\n\n<h2 class=\"wp-block-heading\">Quais s\u00e3o os benef\u00edcios adicionais do Ch\u00e1 de Louro?<\/h2>\n\n\n\n<p>A al\u00e9m da regula\u00e7\u00e3o glic\u00eamica, o\u00a0<strong>Ch\u00e1 de Louro<\/strong>\u00a0contribui para o equil\u00edbrio do perfil lip\u00eddico, ajudando a reduzir o colesterol total e os triglicer\u00eddeos. A melhora do metabolismo lip\u00eddico \u00e9 crucial para a <a href=\"https:\/\/www.correiobraziliense.com.br\/cbradar\/dra-tayuane-pinto-oftalmologista-homens-em-tratamento-para-prostata-precisam-ver-isso\/\" target=\"_blank\" rel=\"noreferrer noopener\">sa\u00fade <\/a>cardiovascular, especialmente em pessoas com diabetes, que est\u00e3o mais propensas a desenvolver complica\u00e7\u00f5es card\u00edacas. Seu uso regular tem mostrado efeito positivo na fun\u00e7\u00e3o endotelial, oferecendo prote\u00e7\u00e3o adicional contra doen\u00e7as cardiovasculares.<\/p>\n\n\n\n<p>Em resumo, o Ch\u00e1 de Louro emerge como um aliado importante no controle do diabetes e na promo\u00e7\u00e3o da sa\u00fade metab\u00f3lica e cardiovascular. Seu consumo, sempre orientado por recomenda\u00e7\u00f5es m\u00e9dicas e aliado a um estilo de vida saud\u00e1vel, pode contribuir para uma melhor qualidade de vida, evidenciando o poder das plantas na medicina natural.<\/p>\n\n\n<a href=\"https:\/\/www.instagram.com\/dra.annaluisabf\/\" target=\"_blank\" rel=\"noopener\" style=\"text-decoration: none; color: inherit;\">\n    <span style=\"display: inline-block; border: 1px solid #ccc; border-radius: 10px; padding: 15px; max-width: 550px; font-family: sans-serif; box-shadow: 0 2px 5px rgba(0,0,0,0.1); width: 100%;\">\n\n      <!-- T\u00edtulo -->\n      <span style=\"display: block; margin: 0 0 15px 0; font-weight: bold; color: #2c3e50; text-align: center;\">\n        Entre em contato:\n      <\/span>\n\n      <!-- Linha do perfil -->\n      <span style=\"display: flex; align-items: center; gap: 15px;\">\n        <img decoding=\"async\"\n          src=\"https:\/\/www.correiobraziliense.com.br\/cbradar\/wp-content\/uploads\/2025\/08\/dra_anna_luisa.jpeg\"\n          alt=\"Foto da Dra. Anna Lu\u00edsa\"\n          style=\"border-radius: 50%; width: 80px; height: 80px; object-fit: cover;\"\n        \/>\n        <span style=\"display: flex; flex-direction: column;\">\n          <span style=\"font-size: 18px; font-weight: 700; color: #2c3e50;\">Dra. Anna Lu\u00edsa Barbosa Fernandes<\/span>\n          <span style=\"color: #555;\">CRM-GO 33.271<\/span>\n        <\/span>\n      <\/span>\n\n      <!-- Redes -->\n      <span style=\"display: flex; align-items: center; gap: 10px; margin-top: 12px;\">\n        <img decoding=\"async\" src=\"https:\/\/cdn-icons-png.flaticon.com\/24\/1384\/1384063.png\" alt=\"Instagram\" width=\"24\" height=\"24\" \/>\n        <span style=\"text-decoration: underline; color: #2c3e50;\">@dra.annaluisabf<\/span>\n      <\/span>\n\n    <\/span>\n  <\/a>","protected":false},"excerpt":{"rendered":"<p>O\u00a0Ch\u00e1 de Louro\u00a0\u00e9 uma infus\u00e3o que vem ganhando popularidade devido aos seus potenciais benef\u00edcios \u00e0 sa\u00fade. Cultivado a partir das folhas da planta\u00a0Laurus nobilis, este ch\u00e1 \u00e9 tradicionalmente reconhecido por suas propriedades digestivas e anti-inflamat\u00f3rias. Recentemente, uma s\u00e9rie de pesquisas cient\u00edficas t\u00eam elucidado seus efeitos positivos no controle glic\u00eamico, especialmente em rela\u00e7\u00e3o ao\u00a0controle do diabetes [&hellip;]<\/p>\n","protected":false},"author":14,"featured_media":35526,"comment_status":"open","ping_status":"open","sticky":false,"template":"","format":"standard","meta":{"_yoast_wpseo_focuskw":"Ch\u00e1 de Louro","_yoast_wpseo_title":"","_yoast_wpseo_metadesc":"Ch\u00e1 de louro reduz glicose e melhora a resist\u00eancia \u00e0 insulina. Descubra o efeito antioxidante que vem chamando aten\u00e7\u00e3o dos especialistas.","jnews-multi-image_gallery":[],"jnews_single_post":{"format":"standard"},"jnews_primary_category":[],"jnews_social_meta":[],"jnews_override_counter":[],"footnotes":""},"categories":[4404],"post_tag":[281,120,1318],"class_list":["post-140121","post","type-post","status-publish","format-standard","has-post-thumbnail","hentry","category-saude","tag-alimentacao","tag-bem-estar","tag-saude-2"],"yoast_head":"<!-- This site is optimized with the Yoast SEO plugin v24.6 - https:\/\/yoast.com\/wordpress\/plugins\/seo\/ -->\n<title>O ch\u00e1 ideal para quem quer regular a glicose - Correio Braziliense - Radar<\/title>\n<meta name=\"description\" content=\"Ch\u00e1 de louro reduz glicose e melhora a resist\u00eancia \u00e0 insulina. Descubra o efeito antioxidante que vem chamando aten\u00e7\u00e3o dos especialistas.\" \/>\n<meta name=\"robots\" content=\"index, follow, max-snippet:-1, max-image-preview:large, max-video-preview:-1\" \/>\n<link rel=\"canonical\" href=\"https:\/\/www.correiobraziliense.com.br\/cbradar\/o-cha-ideal-para-quem-quer-regular-a-glicose\/\" \/>\n<meta property=\"og:locale\" content=\"pt_BR\" \/>\n<meta property=\"og:type\" content=\"article\" \/>\n<meta property=\"og:title\" content=\"O ch\u00e1 ideal para quem quer regular a glicose - Correio Braziliense - Radar\" \/>\n<meta property=\"og:description\" content=\"Ch\u00e1 de louro reduz glicose e melhora a resist\u00eancia \u00e0 insulina. Descubra o efeito antioxidante que vem chamando aten\u00e7\u00e3o dos especialistas.\" \/>\n<meta property=\"og:url\" content=\"https:\/\/www.correiobraziliense.com.br\/cbradar\/o-cha-ideal-para-quem-quer-regular-a-glicose\/\" \/>\n<meta property=\"og:site_name\" content=\"Correio Braziliense - Radar\" \/>\n<meta property=\"article:published_time\" content=\"2025-11-19T15:05:00+00:00\" \/>\n<meta property=\"og:image\" content=\"https:\/\/www.correiobraziliense.com.br\/cbradar\/wp-content\/uploads\/2025\/05\/folha-de-louro_1746986406537.jpg\" \/>\n\t<meta property=\"og:image:width\" content=\"1280\" \/>\n\t<meta property=\"og:image:height\" content=\"720\" \/>\n\t<meta property=\"og:image:type\" content=\"image\/jpeg\" \/>\n<meta name=\"author\" content=\"guilherme_saude\" \/>\n<meta name=\"twitter:card\" content=\"summary_large_image\" \/>\n<meta name=\"twitter:label1\" content=\"Escrito por\" \/>\n\t<meta name=\"twitter:data1\" content=\"guilherme_saude\" \/>\n\t<meta name=\"twitter:label2\" content=\"Est. tempo de leitura\" \/>\n\t<meta name=\"twitter:data2\" content=\"4 minutos\" \/>\n<!-- \/ Yoast SEO plugin. -->","yoast_head_json":{"title":"O ch\u00e1 ideal para quem quer regular a glicose - Correio Braziliense - Radar","description":"Ch\u00e1 de louro reduz glicose e melhora a resist\u00eancia \u00e0 insulina. Descubra o efeito antioxidante que vem chamando aten\u00e7\u00e3o dos especialistas.","robots":{"index":"index","follow":"follow","max-snippet":"max-snippet:-1","max-image-preview":"max-image-preview:large","max-video-preview":"max-video-preview:-1"},"canonical":"https:\/\/www.correiobraziliense.com.br\/cbradar\/o-cha-ideal-para-quem-quer-regular-a-glicose\/","og_locale":"pt_BR","og_type":"article","og_title":"O ch\u00e1 ideal para quem quer regular a glicose - Correio Braziliense - Radar","og_description":"Ch\u00e1 de louro reduz glicose e melhora a resist\u00eancia \u00e0 insulina. Descubra o efeito antioxidante que vem chamando aten\u00e7\u00e3o dos especialistas.","og_url":"https:\/\/www.correiobraziliense.com.br\/cbradar\/o-cha-ideal-para-quem-quer-regular-a-glicose\/","og_site_name":"Correio Braziliense - Radar","article_published_time":"2025-11-19T15:05:00+00:00","og_image":[{"width":1280,"height":720,"url":"https:\/\/www.correiobraziliense.com.br\/cbradar\/wp-content\/uploads\/2025\/05\/folha-de-louro_1746986406537.jpg","type":"image\/jpeg"}],"author":"guilherme_saude","twitter_card":"summary_large_image","twitter_misc":{"Escrito por":"guilherme_saude","Est. tempo de leitura":"4 minutos"},"schema":{"@context":"https:\/\/schema.org","@graph":[{"@type":"WebPage","@id":"https:\/\/www.correiobraziliense.com.br\/cbradar\/o-cha-ideal-para-quem-quer-regular-a-glicose\/","url":"https:\/\/www.correiobraziliense.com.br\/cbradar\/o-cha-ideal-para-quem-quer-regular-a-glicose\/","name":"O ch\u00e1 ideal para quem quer regular a glicose - Correio Braziliense - Radar","isPartOf":{"@id":"https:\/\/www.correiobraziliense.com.br\/cbradar\/#website"},"primaryImageOfPage":{"@id":"https:\/\/www.correiobraziliense.com.br\/cbradar\/o-cha-ideal-para-quem-quer-regular-a-glicose\/#primaryimage"},"image":{"@id":"https:\/\/www.correiobraziliense.com.br\/cbradar\/o-cha-ideal-para-quem-quer-regular-a-glicose\/#primaryimage"},"thumbnailUrl":"https:\/\/www.correiobraziliense.com.br\/cbradar\/wp-content\/uploads\/2025\/05\/folha-de-louro_1746986406537.jpg","datePublished":"2025-11-19T15:05:00+00:00","author":{"@id":"https:\/\/www.correiobraziliense.com.br\/cbradar\/#\/schema\/person\/5aa4bf3c8fa699c267933611de12978b"},"description":"Ch\u00e1 de louro reduz glicose e melhora a resist\u00eancia \u00e0 insulina. Descubra o efeito antioxidante que vem chamando aten\u00e7\u00e3o dos especialistas.","breadcrumb":{"@id":"https:\/\/www.correiobraziliense.com.br\/cbradar\/o-cha-ideal-para-quem-quer-regular-a-glicose\/#breadcrumb"},"inLanguage":"pt-BR","potentialAction":[{"@type":"ReadAction","target":["https:\/\/www.correiobraziliense.com.br\/cbradar\/o-cha-ideal-para-quem-quer-regular-a-glicose\/"]}]},{"@type":"ImageObject","inLanguage":"pt-BR","@id":"https:\/\/www.correiobraziliense.com.br\/cbradar\/o-cha-ideal-para-quem-quer-regular-a-glicose\/#primaryimage","url":"https:\/\/www.correiobraziliense.com.br\/cbradar\/wp-content\/uploads\/2025\/05\/folha-de-louro_1746986406537.jpg","contentUrl":"https:\/\/www.correiobraziliense.com.br\/cbradar\/wp-content\/uploads\/2025\/05\/folha-de-louro_1746986406537.jpg","width":1280,"height":720,"caption":"Louro - Cr\u00e9ditos: depositphotos.com \/ sommaill"},{"@type":"BreadcrumbList","@id":"https:\/\/www.correiobraziliense.com.br\/cbradar\/o-cha-ideal-para-quem-quer-regular-a-glicose\/#breadcrumb","itemListElement":[{"@type":"ListItem","position":1,"name":"In\u00edcio","item":"https:\/\/www.correiobraziliense.com.br\/cbradar\/"},{"@type":"ListItem","position":2,"name":"O ch\u00e1 ideal para quem quer regular a glicose"}]},{"@type":"WebSite","@id":"https:\/\/www.correiobraziliense.com.br\/cbradar\/#website","url":"https:\/\/www.correiobraziliense.com.br\/cbradar\/","name":"Correio Braziliense - Radar","description":"Acompanhe as \u00faltimas not\u00edcias e fique bem informado sobre tudo o que acontece no Brasil e no mundo.","potentialAction":[{"@type":"SearchAction","target":{"@type":"EntryPoint","urlTemplate":"https:\/\/www.correiobraziliense.com.br\/cbradar\/?s={search_term_string}"},"query-input":{"@type":"PropertyValueSpecification","valueRequired":true,"valueName":"search_term_string"}}],"inLanguage":"pt-BR"},{"@type":"Person","@id":"https:\/\/www.correiobraziliense.com.br\/cbradar\/#\/schema\/person\/5aa4bf3c8fa699c267933611de12978b","name":"guilherme_saude","image":{"@type":"ImageObject","inLanguage":"pt-BR","@id":"https:\/\/www.correiobraziliense.com.br\/cbradar\/#\/schema\/person\/image\/","url":"https:\/\/secure.gravatar.com\/avatar\/df9adfb835d344bc0af109d41756253f?s=96&d=mm&r=g","contentUrl":"https:\/\/secure.gravatar.com\/avatar\/df9adfb835d344bc0af109d41756253f?s=96&d=mm&r=g","caption":"guilherme_saude"},"url":"https:\/\/www.correiobraziliense.com.br\/cbradar\/author\/guilherme_saude\/"}]}},"_links":{"self":[{"href":"https:\/\/www.correiobraziliense.com.br\/cbradar\/wp-json\/wp\/v2\/posts\/140121","targetHints":{"allow":["GET"]}}],"collection":[{"href":"https:\/\/www.correiobraziliense.com.br\/cbradar\/wp-json\/wp\/v2\/posts"}],"about":[{"href":"https:\/\/www.correiobraziliense.com.br\/cbradar\/wp-json\/wp\/v2\/types\/post"}],"author":[{"embeddable":true,"href":"https:\/\/www.correiobraziliense.com.br\/cbradar\/wp-json\/wp\/v2\/users\/14"}],"replies":[{"embeddable":true,"href":"https:\/\/www.correiobraziliense.com.br\/cbradar\/wp-json\/wp\/v2\/comments?post=140121"}],"version-history":[{"count":1,"href":"https:\/\/www.correiobraziliense.com.br\/cbradar\/wp-json\/wp\/v2\/posts\/140121\/revisions"}],"predecessor-version":[{"id":140128,"href":"https:\/\/www.correiobraziliense.com.br\/cbradar\/wp-json\/wp\/v2\/posts\/140121\/revisions\/140128"}],"wp:featuredmedia":[{"embeddable":true,"href":"https:\/\/www.correiobraziliense.com.br\/cbradar\/wp-json\/wp\/v2\/media\/35526"}],"wp:attachment":[{"href":"https:\/\/www.correiobraziliense.com.br\/cbradar\/wp-json\/wp\/v2\/media?parent=140121"}],"wp:term":[{"taxonomy":"category","embeddable":true,"href":"https:\/\/www.correiobraziliense.com.br\/cbradar\/wp-json\/wp\/v2\/categories?post=140121"},{"taxonomy":"post_tag","embeddable":true,"href":"https:\/\/www.correiobraziliense.com.br\/cbradar\/wp-json\/wp\/v2\/post_tag?post=140121"}],"curies":[{"name":"wp","href":"https:\/\/api.w.org\/{rel}","templated":true}]}}