{"id":14014,"date":"2025-03-20T10:30:00","date_gmt":"2025-03-20T13:30:00","guid":{"rendered":"https:\/\/www.correiobraziliense.com.br\/cbradar\/?p=14014"},"modified":"2025-03-19T21:38:19","modified_gmt":"2025-03-20T00:38:19","slug":"nova-serie-do-criador-de-vikings-se-conecta-ao-universo","status":"publish","type":"post","link":"https:\/\/www.correiobraziliense.com.br\/cbradar\/nova-serie-do-criador-de-vikings-se-conecta-ao-universo\/","title":{"rendered":"Nova s\u00e9rie do criador de Vikings se conecta ao universo"},"content":{"rendered":"\n<p>Michael Hirst, renomado por suas produ\u00e7\u00f5es hist\u00f3ricas, est\u00e1 desenvolvendo uma nova s\u00e9rie chamada\u00a0<em><strong>Bloodaxe<\/strong><\/em>. Esta produ\u00e7\u00e3o, embora n\u00e3o seja uma continua\u00e7\u00e3o direta de\u00a0<strong>Vikings<\/strong>\u00a0ou\u00a0<strong>Vikings: Valhalla<\/strong>, promete explorar temas e personagens que ressoam com o universo n\u00f3rdico. A s\u00e9rie, que ser\u00e1 exibida no<strong> Prime Video<\/strong>, foca na vida de <strong>Erik Bloodaxe<\/strong> e sua esposa <strong>Gunnhild<\/strong>, destacando suas batalhas e a busca pelo poder na <strong>Noruega<\/strong>.<\/p>\n\n\n\n<p>Apesar de ser um projeto independente,\u00a0<em>Bloodaxe<\/em>\u00a0se conecta com o legado de <strong>Ragnar Lothbrok<\/strong>, uma figura central na s\u00e9rie\u00a0<strong>Vikings<\/strong>. A hist\u00f3ria de Erik Bloodaxe \u00e9 entrela\u00e7ada com a de seu pai, <strong>Harald Fairhair<\/strong>, que foi retratado na s\u00e9rie como <strong>Harald Finehair<\/strong>. Essa conex\u00e3o hist\u00f3rica oferece uma rica tape\u00e7aria para a nova narrativa de <strong>Hirst<\/strong>.<\/p>\n\n\n\n<h2 class=\"wp-block-heading\">Erik Bloodaxe: o guerreiro e rei<\/h2>\n\n\n\n<p>Erik Bloodaxe foi um dos filhos de Harald Fairhair, o primeiro rei da Noruega. Sua vida foi marcada por intensas disputas pelo poder, tanto dentro de sua fam\u00edlia quanto com outros nobres. Ap\u00f3s a morte de seu pai, Erik enfrentou a resist\u00eancia de seus meio-irm\u00e3os, que tamb\u00e9m aspiravam ao trono. A s\u00e9rie&nbsp;<em>Bloodaxe<\/em>&nbsp;promete explorar essas rivalidades e as alian\u00e7as que Erik formou em sua jornada.<\/p>\n\n\n\n<p>Al\u00e9m de suas batalhas internas, Erik tamb\u00e9m \u00e9 conhecido por seu papel como rei da Nort\u00fambria, na Inglaterra. Este aspecto de sua vida ser\u00e1 um ponto focal na s\u00e9rie, destacando suas conquistas e desafios em terras estrangeiras.<\/p>\n\n\n\n<figure class=\"wp-block-image size-large\"><img decoding=\"async\" width=\"1024\" height=\"576\" src=\"https:\/\/www.correiobraziliense.com.br\/cbradar\/wp-content\/uploads\/2025\/03\/Vikings-1024x576.png\" alt=\"Nova s\u00e9rie do criador de Vikings se conecta ao universo\" class=\"wp-image-14016\" srcset=\"https:\/\/www.correiobraziliense.com.br\/cbradar\/wp-content\/uploads\/2025\/03\/Vikings-1024x576.png 1024w, https:\/\/www.correiobraziliense.com.br\/cbradar\/wp-content\/uploads\/2025\/03\/Vikings-300x169.png 300w, https:\/\/www.correiobraziliense.com.br\/cbradar\/wp-content\/uploads\/2025\/03\/Vikings-768x432.png 768w, https:\/\/www.correiobraziliense.com.br\/cbradar\/wp-content\/uploads\/2025\/03\/Vikings-750x422.png 750w, https:\/\/www.correiobraziliense.com.br\/cbradar\/wp-content\/uploads\/2025\/03\/Vikings-1140x641.png 1140w, https:\/\/www.correiobraziliense.com.br\/cbradar\/wp-content\/uploads\/2025\/03\/Vikings.png 1280w\" sizes=\"(max-width: 1024px) 100vw, 1024px\" \/><figcaption class=\"wp-element-caption\">Vikings. Fonte: divulga\u00e7\u00e3o \/ History<\/figcaption><\/figure>\n\n\n\n<h2 class=\"wp-block-heading\">Qual \u00e9 a conex\u00e3o entre Bloodaxe e Vikings?<\/h2>\n\n\n\n<p>A s\u00e9rie&nbsp;<em>Bloodaxe<\/em>&nbsp;est\u00e1 intrinsecamente ligada ao universo de&nbsp;<strong>Vikings<\/strong>&nbsp;atrav\u00e9s de suas ra\u00edzes hist\u00f3ricas. Enquanto&nbsp;<strong>Vikings<\/strong>&nbsp;focava nas aventuras de Ragnar Lothbrok e seus descendentes,&nbsp;<em>Bloodaxe<\/em>&nbsp;explora a vida de Erik, que tamb\u00e9m teve impacto significativo na Inglaterra. Essa interse\u00e7\u00e3o hist\u00f3rica oferece uma oportunidade \u00fanica para expandir o universo n\u00f3rdico de Hirst.<\/p>\n\n\n\n<p>Embora n\u00e3o seja uma continua\u00e7\u00e3o direta, a presen\u00e7a de personagens e eventos hist\u00f3ricos comuns pode atrair f\u00e3s que acompanharam as sagas anteriores. A s\u00e9rie busca oferecer uma vis\u00e3o mais aut\u00eantica da hist\u00f3ria n\u00f3rdica, diferenciando-se das dramatiza\u00e7\u00f5es anteriores.<\/p>\n\n\n\n<h2 class=\"wp-block-heading\">Expectativas para a nova s\u00e9rie de Michael Hirst<\/h2>\n\n\n\n<p><em>Bloodaxe<\/em>&nbsp;ser\u00e1 lan\u00e7ada exclusivamente no Prime Video, com roteiro de Horatio Hirst, filho de Michael Hirst. A produ\u00e7\u00e3o j\u00e1 est\u00e1 gerando expectativas, com promessas de explorar hist\u00f3rias reais que moldaram a Escandin\u00e1via. Michael Hirst, com sua experi\u00eancia em narrativas hist\u00f3ricas, pretende trazer \u00e0 vida uma s\u00e9rie que seja tanto educativa quanto envolvente.<\/p>\n\n\n\n<p>Sem uma data de estreia definida, a expectativa \u00e9 alta para que&nbsp;<em>Bloodaxe<\/em>&nbsp;se torne um marco no g\u00eanero de s\u00e9ries hist\u00f3ricas. Se alcan\u00e7ar o sucesso de suas predecessoras, poder\u00e1 solidificar ainda mais a reputa\u00e7\u00e3o de Hirst como um mestre contador de hist\u00f3rias do mundo n\u00f3rdico.<\/p>\n","protected":false},"excerpt":{"rendered":"<p>Bloodaxe, a nova s\u00e9rie hist\u00f3rica de Michael Hirst, explora a vida de Erik Bloodaxe e sua esposa Gunnhild.<\/p>\n","protected":false},"author":3,"featured_media":14015,"comment_status":"open","ping_status":"open","sticky":false,"template":"","format":"standard","meta":{"_yoast_wpseo_focuskw":"nova s\u00e9rie vikings","_yoast_wpseo_title":"%%title%%","_yoast_wpseo_metadesc":"Bloodaxe, a nova s\u00e9rie hist\u00f3rica de Michael Hirst, explora a vida de Erik Bloodaxe e sua esposa Gunnhild.","jnews-multi-image_gallery":[],"jnews_single_post":{"format":"standard"},"jnews_primary_category":[],"jnews_social_meta":[],"jnews_override_counter":[],"footnotes":""},"categories":[140],"post_tag":[568,2171],"class_list":["post-14014","post","type-post","status-publish","format-standard","has-post-thumbnail","hentry","category-entretenimento","tag-series-e-filmes","tag-vikings"],"yoast_head":"<!-- This site is optimized with the Yoast SEO plugin v24.6 - https:\/\/yoast.com\/wordpress\/plugins\/seo\/ -->\n<title>Nova s\u00e9rie do criador de Vikings se conecta ao universo<\/title>\n<meta name=\"description\" content=\"Bloodaxe, a nova s\u00e9rie hist\u00f3rica de Michael Hirst, explora a vida de Erik Bloodaxe e sua esposa Gunnhild.\" \/>\n<meta name=\"robots\" content=\"index, follow, max-snippet:-1, max-image-preview:large, max-video-preview:-1\" \/>\n<link rel=\"canonical\" href=\"https:\/\/www.correiobraziliense.com.br\/cbradar\/nova-serie-do-criador-de-vikings-se-conecta-ao-universo\/\" \/>\n<meta property=\"og:locale\" content=\"pt_BR\" \/>\n<meta property=\"og:type\" content=\"article\" \/>\n<meta property=\"og:title\" content=\"Nova s\u00e9rie do criador de Vikings se conecta ao universo\" \/>\n<meta property=\"og:description\" content=\"Bloodaxe, a nova s\u00e9rie hist\u00f3rica de Michael Hirst, explora a vida de Erik Bloodaxe e sua esposa Gunnhild.\" \/>\n<meta property=\"og:url\" content=\"https:\/\/www.correiobraziliense.com.br\/cbradar\/nova-serie-do-criador-de-vikings-se-conecta-ao-universo\/\" \/>\n<meta property=\"og:site_name\" content=\"Correio Braziliense - Radar\" \/>\n<meta property=\"article:published_time\" content=\"2025-03-20T13:30:00+00:00\" \/>\n<meta property=\"og:image\" content=\"https:\/\/www.correiobraziliense.com.br\/cbradar\/wp-content\/uploads\/2025\/03\/Vikings-2.png\" \/>\n\t<meta property=\"og:image:width\" content=\"1280\" \/>\n\t<meta property=\"og:image:height\" content=\"720\" \/>\n\t<meta property=\"og:image:type\" content=\"image\/png\" \/>\n<meta name=\"author\" content=\"Larissa Carvalho\" \/>\n<meta name=\"twitter:card\" content=\"summary_large_image\" \/>\n<meta name=\"twitter:label1\" content=\"Escrito por\" \/>\n\t<meta name=\"twitter:data1\" content=\"Larissa Carvalho\" \/>\n\t<meta name=\"twitter:label2\" content=\"Est. tempo de leitura\" \/>\n\t<meta name=\"twitter:data2\" content=\"3 minutos\" \/>\n<!-- \/ Yoast SEO plugin. -->","yoast_head_json":{"title":"Nova s\u00e9rie do criador de Vikings se conecta ao universo","description":"Bloodaxe, a nova s\u00e9rie hist\u00f3rica de Michael Hirst, explora a vida de Erik Bloodaxe e sua esposa Gunnhild.","robots":{"index":"index","follow":"follow","max-snippet":"max-snippet:-1","max-image-preview":"max-image-preview:large","max-video-preview":"max-video-preview:-1"},"canonical":"https:\/\/www.correiobraziliense.com.br\/cbradar\/nova-serie-do-criador-de-vikings-se-conecta-ao-universo\/","og_locale":"pt_BR","og_type":"article","og_title":"Nova s\u00e9rie do criador de Vikings se conecta ao universo","og_description":"Bloodaxe, a nova s\u00e9rie hist\u00f3rica de Michael Hirst, explora a vida de Erik Bloodaxe e sua esposa Gunnhild.","og_url":"https:\/\/www.correiobraziliense.com.br\/cbradar\/nova-serie-do-criador-de-vikings-se-conecta-ao-universo\/","og_site_name":"Correio Braziliense - Radar","article_published_time":"2025-03-20T13:30:00+00:00","og_image":[{"width":1280,"height":720,"url":"https:\/\/www.correiobraziliense.com.br\/cbradar\/wp-content\/uploads\/2025\/03\/Vikings-2.png","type":"image\/png"}],"author":"Larissa Carvalho","twitter_card":"summary_large_image","twitter_misc":{"Escrito por":"Larissa Carvalho","Est. tempo de leitura":"3 minutos"},"schema":{"@context":"https:\/\/schema.org","@graph":[{"@type":"WebPage","@id":"https:\/\/www.correiobraziliense.com.br\/cbradar\/nova-serie-do-criador-de-vikings-se-conecta-ao-universo\/","url":"https:\/\/www.correiobraziliense.com.br\/cbradar\/nova-serie-do-criador-de-vikings-se-conecta-ao-universo\/","name":"Nova s\u00e9rie do criador de Vikings se conecta ao universo","isPartOf":{"@id":"https:\/\/www.correiobraziliense.com.br\/cbradar\/#website"},"primaryImageOfPage":{"@id":"https:\/\/www.correiobraziliense.com.br\/cbradar\/nova-serie-do-criador-de-vikings-se-conecta-ao-universo\/#primaryimage"},"image":{"@id":"https:\/\/www.correiobraziliense.com.br\/cbradar\/nova-serie-do-criador-de-vikings-se-conecta-ao-universo\/#primaryimage"},"thumbnailUrl":"https:\/\/www.correiobraziliense.com.br\/cbradar\/wp-content\/uploads\/2025\/03\/Vikings-2.png","datePublished":"2025-03-20T13:30:00+00:00","author":{"@id":"https:\/\/www.correiobraziliense.com.br\/cbradar\/#\/schema\/person\/58422787644df994b53a19d3e56c1513"},"description":"Bloodaxe, a nova s\u00e9rie hist\u00f3rica de Michael Hirst, explora a vida de Erik Bloodaxe e sua esposa Gunnhild.","breadcrumb":{"@id":"https:\/\/www.correiobraziliense.com.br\/cbradar\/nova-serie-do-criador-de-vikings-se-conecta-ao-universo\/#breadcrumb"},"inLanguage":"pt-BR","potentialAction":[{"@type":"ReadAction","target":["https:\/\/www.correiobraziliense.com.br\/cbradar\/nova-serie-do-criador-de-vikings-se-conecta-ao-universo\/"]}]},{"@type":"ImageObject","inLanguage":"pt-BR","@id":"https:\/\/www.correiobraziliense.com.br\/cbradar\/nova-serie-do-criador-de-vikings-se-conecta-ao-universo\/#primaryimage","url":"https:\/\/www.correiobraziliense.com.br\/cbradar\/wp-content\/uploads\/2025\/03\/Vikings-2.png","contentUrl":"https:\/\/www.correiobraziliense.com.br\/cbradar\/wp-content\/uploads\/2025\/03\/Vikings-2.png","width":1280,"height":720,"caption":"Vikings. Fonte: divulga\u00e7\u00e3o \/ History"},{"@type":"BreadcrumbList","@id":"https:\/\/www.correiobraziliense.com.br\/cbradar\/nova-serie-do-criador-de-vikings-se-conecta-ao-universo\/#breadcrumb","itemListElement":[{"@type":"ListItem","position":1,"name":"In\u00edcio","item":"https:\/\/www.correiobraziliense.com.br\/cbradar\/"},{"@type":"ListItem","position":2,"name":"Nova s\u00e9rie do criador de Vikings se conecta ao universo"}]},{"@type":"WebSite","@id":"https:\/\/www.correiobraziliense.com.br\/cbradar\/#website","url":"https:\/\/www.correiobraziliense.com.br\/cbradar\/","name":"Correio Braziliense - Radar","description":"Acompanhe as \u00faltimas not\u00edcias e fique bem informado sobre tudo o que acontece no Brasil e no mundo.","potentialAction":[{"@type":"SearchAction","target":{"@type":"EntryPoint","urlTemplate":"https:\/\/www.correiobraziliense.com.br\/cbradar\/?s={search_term_string}"},"query-input":{"@type":"PropertyValueSpecification","valueRequired":true,"valueName":"search_term_string"}}],"inLanguage":"pt-BR"},{"@type":"Person","@id":"https:\/\/www.correiobraziliense.com.br\/cbradar\/#\/schema\/person\/58422787644df994b53a19d3e56c1513","name":"Larissa Carvalho","image":{"@type":"ImageObject","inLanguage":"pt-BR","@id":"https:\/\/www.correiobraziliense.com.br\/cbradar\/#\/schema\/person\/image\/","url":"https:\/\/secure.gravatar.com\/avatar\/fe4f91a0de32b52a838d0d612abdc1aa?s=96&d=mm&r=g","contentUrl":"https:\/\/secure.gravatar.com\/avatar\/fe4f91a0de32b52a838d0d612abdc1aa?s=96&d=mm&r=g","caption":"Larissa Carvalho"},"url":"https:\/\/www.correiobraziliense.com.br\/cbradar\/author\/larissamyth\/"}]}},"_links":{"self":[{"href":"https:\/\/www.correiobraziliense.com.br\/cbradar\/wp-json\/wp\/v2\/posts\/14014","targetHints":{"allow":["GET"]}}],"collection":[{"href":"https:\/\/www.correiobraziliense.com.br\/cbradar\/wp-json\/wp\/v2\/posts"}],"about":[{"href":"https:\/\/www.correiobraziliense.com.br\/cbradar\/wp-json\/wp\/v2\/types\/post"}],"author":[{"embeddable":true,"href":"https:\/\/www.correiobraziliense.com.br\/cbradar\/wp-json\/wp\/v2\/users\/3"}],"replies":[{"embeddable":true,"href":"https:\/\/www.correiobraziliense.com.br\/cbradar\/wp-json\/wp\/v2\/comments?post=14014"}],"version-history":[{"count":1,"href":"https:\/\/www.correiobraziliense.com.br\/cbradar\/wp-json\/wp\/v2\/posts\/14014\/revisions"}],"predecessor-version":[{"id":14017,"href":"https:\/\/www.correiobraziliense.com.br\/cbradar\/wp-json\/wp\/v2\/posts\/14014\/revisions\/14017"}],"wp:featuredmedia":[{"embeddable":true,"href":"https:\/\/www.correiobraziliense.com.br\/cbradar\/wp-json\/wp\/v2\/media\/14015"}],"wp:attachment":[{"href":"https:\/\/www.correiobraziliense.com.br\/cbradar\/wp-json\/wp\/v2\/media?parent=14014"}],"wp:term":[{"taxonomy":"category","embeddable":true,"href":"https:\/\/www.correiobraziliense.com.br\/cbradar\/wp-json\/wp\/v2\/categories?post=14014"},{"taxonomy":"post_tag","embeddable":true,"href":"https:\/\/www.correiobraziliense.com.br\/cbradar\/wp-json\/wp\/v2\/post_tag?post=14014"}],"curies":[{"name":"wp","href":"https:\/\/api.w.org\/{rel}","templated":true}]}}