{"id":14018,"date":"2025-03-20T18:10:00","date_gmt":"2025-03-20T21:10:00","guid":{"rendered":"https:\/\/www.correiobraziliense.com.br\/cbradar\/?p=14018"},"modified":"2025-03-19T21:29:53","modified_gmt":"2025-03-20T00:29:53","slug":"todas-as-producoes-do-universo-de-resident-evil-veja-nomes","status":"publish","type":"post","link":"https:\/\/www.correiobraziliense.com.br\/cbradar\/todas-as-producoes-do-universo-de-resident-evil-veja-nomes\/","title":{"rendered":"Todas as produ\u00e7\u00f5es do universo de Resident Evil, veja nomes"},"content":{"rendered":"\n<p>Desde seu lan\u00e7amento em 1996, a franquia <strong>Resident Evil<\/strong> se consolidou como uma das mais ic\u00f4nicas no universo dos games. Com o passar dos anos, sua influ\u00eancia transcendeu o mundo dos jogos, resultando em diversas adapta\u00e7\u00f5es cinematogr\u00e1ficas e televisivas. At\u00e9 2025, a s\u00e9rie j\u00e1 conta com um total de 13 filmes e v\u00e1rias s\u00e9ries, cada uma trazendo sua pr\u00f3pria interpreta\u00e7\u00e3o do universo sombrio e apocal\u00edptico criado pela <strong>Capcom<\/strong>.<\/p>\n\n\n\n<p>Os filmes e s\u00e9ries de Resident Evil exploram diferentes aspectos da narrativa original dos jogos, apresentando novos personagens e enredos, enquanto mant\u00eam elementos centrais como a <strong>Umbrella Corporation<\/strong> e o <strong>T-Virus<\/strong>. A seguir, ser\u00e1 feita uma an\u00e1lise das principais produ\u00e7\u00f5es live-action e animadas, destacando suas contribui\u00e7\u00f5es para a expans\u00e3o do universo Resident Evil.<\/p>\n\n\n\n<h2 class=\"wp-block-heading\">Quais s\u00e3o os principais filmes live-action de Resident Evil?<\/h2>\n\n\n\n<p>Os filmes live-action de Resident Evil come\u00e7aram a ser lan\u00e7ados em 2002, com &#8220;<strong>Resident Evil &#8211; O H\u00f3spede Maldito<\/strong>&#8220;. Este primeiro filme introduziu a personagem <strong>Alice<\/strong>, que acorda sem mem\u00f3ria em uma mans\u00e3o e descobre que faz parte de uma equipe enviada para investigar um surto viral. A trama se desenrola em um laborat\u00f3rio subterr\u00e2neo da Umbrella Corporation, onde o v\u00edrus transforma os funcion\u00e1rios em zumbis.<\/p>\n\n\n\n<p>Ao longo dos anos, a saga de Alice continuou em v\u00e1rias sequ\u00eancias, como &#8220;<strong>Resident Evil 2: Apocalipse<\/strong>&#8221; (2004) e &#8220;<strong>Resident Evil 3: A Extin\u00e7\u00e3o<\/strong>&#8221; (2007). Nessas produ\u00e7\u00f5es, o enredo se expande para mostrar o impacto global do T-Virus, transformando o mundo em um deserto p\u00f3s-apocal\u00edptico. A Umbrella Corporation continua a ser uma amea\u00e7a constante, enquanto Alice e seus aliados lutam para sobreviver e encontrar uma cura.<\/p>\n\n\n\n<figure class=\"wp-block-image size-large\"><img decoding=\"async\" width=\"1024\" height=\"576\" src=\"https:\/\/www.correiobraziliense.com.br\/cbradar\/wp-content\/uploads\/2025\/03\/Resident-Evil_1742408933451-1024x576.jpg\" alt=\"Todas as produ\u00e7\u00f5es do universo de Resident Evil, veja nomes\" class=\"wp-image-14020\" srcset=\"https:\/\/www.correiobraziliense.com.br\/cbradar\/wp-content\/uploads\/2025\/03\/Resident-Evil_1742408933451-1024x576.jpg 1024w, https:\/\/www.correiobraziliense.com.br\/cbradar\/wp-content\/uploads\/2025\/03\/Resident-Evil_1742408933451-300x169.jpg 300w, https:\/\/www.correiobraziliense.com.br\/cbradar\/wp-content\/uploads\/2025\/03\/Resident-Evil_1742408933451-768x432.jpg 768w, https:\/\/www.correiobraziliense.com.br\/cbradar\/wp-content\/uploads\/2025\/03\/Resident-Evil_1742408933451-750x422.jpg 750w, https:\/\/www.correiobraziliense.com.br\/cbradar\/wp-content\/uploads\/2025\/03\/Resident-Evil_1742408933451-1140x641.jpg 1140w, https:\/\/www.correiobraziliense.com.br\/cbradar\/wp-content\/uploads\/2025\/03\/Resident-Evil_1742408933451.jpg 1280w\" sizes=\"(max-width: 1024px) 100vw, 1024px\" \/><figcaption class=\"wp-element-caption\">Resident Evil. Cr\u00e9ditos: depositphotos.com \/ rdrgraphe<\/figcaption><\/figure>\n\n\n\n<h2 class=\"wp-block-heading\">Como as anima\u00e7\u00f5es de Resident Evil complementam a franquia?<\/h2>\n\n\n\n<p>Al\u00e9m dos filmes live-action, Resident Evil tamb\u00e9m foi adaptado em anima\u00e7\u00f5es, que oferecem uma vis\u00e3o mais pr\u00f3xima dos jogos originais. &#8220;<strong>Resident Evil: Degenera\u00e7\u00e3o<\/strong>&#8221; (2008) \u00e9 um exemplo disso, apresentando uma nova amea\u00e7a viral em um aeroporto dos Estados Unidos. A anima\u00e7\u00e3o segue Claire Redfield e Leon S. Kennedy enquanto investigam uma conspira\u00e7\u00e3o envolvendo o G-Virus.<\/p>\n\n\n\n<p>Outras anima\u00e7\u00f5es, como &#8220;<strong>Resident Evil: Condena\u00e7\u00e3o<\/strong>&#8221; (2012) e &#8220;<strong>Resident Evil: Vendetta<\/strong>&#8221; (2017), continuam a explorar o uso de armas biol\u00f3gicas em conflitos globais. Essas produ\u00e7\u00f5es destacam a complexidade das tramas de Resident Evil, com conspira\u00e7\u00f5es pol\u00edticas e experimentos biol\u00f3gicos, elementos que s\u00e3o centrais na narrativa dos jogos.<\/p>\n\n\n\n<h2 class=\"wp-block-heading\">Qual \u00e9 o impacto das s\u00e9ries de Resident Evil na narrativa geral?<\/h2>\n\n\n\n<p>As s\u00e9ries de Resident Evil, como &#8220;<strong>Resident Evil: No Escuro Absoluto<\/strong>&#8221; (2021) e a s\u00e9rie live-action de 2022, oferecem uma nova perspectiva sobre o universo da franquia. &#8220;No Escuro Absoluto&#8221; se passa entre os eventos dos jogos &#8220;Resident Evil 4&#8221; e &#8220;Resident Evil 5&#8221;, focando em <strong>Leon S. Kennedy<\/strong> e <strong>Claire Redfield<\/strong> enquanto investigam um ataque hacker e um surto bioterrorista.<\/p>\n\n\n\n<p>A s\u00e9rie live-action de 2022, por outro lado, apresenta duas linhas do tempo distintas, explorando o passado e o futuro de personagens novos e conhecidos. Apesar de sua recep\u00e7\u00e3o mista, a s\u00e9rie tentou expandir o universo de Resident Evil, oferecendo novas hist\u00f3rias e desenvolvimentos de personagens.<\/p>\n\n\n\n<h2 class=\"wp-block-heading\">O que o futuro reserva para Resident Evil?<\/h2>\n\n\n\n<p>Com a cont\u00ednua popularidade dos jogos e das adapta\u00e7\u00f5es cinematogr\u00e1ficas e televisivas, Resident Evil permanece uma franquia em constante evolu\u00e7\u00e3o. Novas produ\u00e7\u00f5es est\u00e3o sempre sendo consideradas, prometendo expandir ainda mais o universo j\u00e1 vasto e complexo. A capacidade da franquia de se reinventar e explorar novas narrativas garante que Resident Evil continuar\u00e1 a cativar f\u00e3s antigos e novos por muitos anos.<\/p>\n","protected":false},"excerpt":{"rendered":"<p>Explora\u00e7\u00e3o do universo de Resident Evil atrav\u00e9s de filmes e s\u00e9ries. Da primeira adapta\u00e7\u00e3o em 2002 at\u00e9 as s\u00e9ries animadas.<\/p>\n","protected":false},"author":3,"featured_media":14019,"comment_status":"open","ping_status":"open","sticky":false,"template":"","format":"standard","meta":{"_yoast_wpseo_focuskw":"Resident Evil","_yoast_wpseo_title":"%%title%%","_yoast_wpseo_metadesc":"Explora\u00e7\u00e3o do universo de Resident Evil atrav\u00e9s de filmes e s\u00e9ries. Da primeira adapta\u00e7\u00e3o em 2002 at\u00e9 as s\u00e9ries animadas.","jnews-multi-image_gallery":[],"jnews_single_post":{"format":"standard"},"jnews_primary_category":[],"jnews_social_meta":[],"jnews_override_counter":[],"footnotes":""},"categories":[140],"post_tag":[2165,568],"class_list":["post-14018","post","type-post","status-publish","format-standard","has-post-thumbnail","hentry","category-entretenimento","tag-resident-evil","tag-series-e-filmes"],"yoast_head":"<!-- This site is optimized with the Yoast SEO plugin v24.6 - https:\/\/yoast.com\/wordpress\/plugins\/seo\/ -->\n<title>Todas as produ\u00e7\u00f5es do universo de Resident Evil, veja nomes<\/title>\n<meta name=\"description\" content=\"Explora\u00e7\u00e3o do universo de Resident Evil atrav\u00e9s de filmes e s\u00e9ries. Da primeira adapta\u00e7\u00e3o em 2002 at\u00e9 as s\u00e9ries animadas.\" \/>\n<meta name=\"robots\" content=\"index, follow, max-snippet:-1, max-image-preview:large, max-video-preview:-1\" \/>\n<link rel=\"canonical\" href=\"https:\/\/www.correiobraziliense.com.br\/cbradar\/todas-as-producoes-do-universo-de-resident-evil-veja-nomes\/\" \/>\n<meta property=\"og:locale\" content=\"pt_BR\" \/>\n<meta property=\"og:type\" content=\"article\" \/>\n<meta property=\"og:title\" content=\"Todas as produ\u00e7\u00f5es do universo de Resident Evil, veja nomes\" \/>\n<meta property=\"og:description\" content=\"Explora\u00e7\u00e3o do universo de Resident Evil atrav\u00e9s de filmes e s\u00e9ries. Da primeira adapta\u00e7\u00e3o em 2002 at\u00e9 as s\u00e9ries animadas.\" \/>\n<meta property=\"og:url\" content=\"https:\/\/www.correiobraziliense.com.br\/cbradar\/todas-as-producoes-do-universo-de-resident-evil-veja-nomes\/\" \/>\n<meta property=\"og:site_name\" content=\"Correio Braziliense - Radar\" \/>\n<meta property=\"article:published_time\" content=\"2025-03-20T21:10:00+00:00\" \/>\n<meta property=\"og:image\" content=\"https:\/\/www.correiobraziliense.com.br\/cbradar\/wp-content\/uploads\/2025\/03\/Resident-Evil_1742408899031.jpg\" \/>\n\t<meta property=\"og:image:width\" content=\"1280\" \/>\n\t<meta property=\"og:image:height\" content=\"720\" \/>\n\t<meta property=\"og:image:type\" content=\"image\/jpeg\" \/>\n<meta name=\"author\" content=\"Larissa Carvalho\" \/>\n<meta name=\"twitter:card\" content=\"summary_large_image\" \/>\n<meta name=\"twitter:label1\" content=\"Escrito por\" \/>\n\t<meta name=\"twitter:data1\" content=\"Larissa Carvalho\" \/>\n\t<meta name=\"twitter:label2\" content=\"Est. tempo de leitura\" \/>\n\t<meta name=\"twitter:data2\" content=\"4 minutos\" \/>\n<!-- \/ Yoast SEO plugin. -->","yoast_head_json":{"title":"Todas as produ\u00e7\u00f5es do universo de Resident Evil, veja nomes","description":"Explora\u00e7\u00e3o do universo de Resident Evil atrav\u00e9s de filmes e s\u00e9ries. Da primeira adapta\u00e7\u00e3o em 2002 at\u00e9 as s\u00e9ries animadas.","robots":{"index":"index","follow":"follow","max-snippet":"max-snippet:-1","max-image-preview":"max-image-preview:large","max-video-preview":"max-video-preview:-1"},"canonical":"https:\/\/www.correiobraziliense.com.br\/cbradar\/todas-as-producoes-do-universo-de-resident-evil-veja-nomes\/","og_locale":"pt_BR","og_type":"article","og_title":"Todas as produ\u00e7\u00f5es do universo de Resident Evil, veja nomes","og_description":"Explora\u00e7\u00e3o do universo de Resident Evil atrav\u00e9s de filmes e s\u00e9ries. Da primeira adapta\u00e7\u00e3o em 2002 at\u00e9 as s\u00e9ries animadas.","og_url":"https:\/\/www.correiobraziliense.com.br\/cbradar\/todas-as-producoes-do-universo-de-resident-evil-veja-nomes\/","og_site_name":"Correio Braziliense - Radar","article_published_time":"2025-03-20T21:10:00+00:00","og_image":[{"width":1280,"height":720,"url":"https:\/\/www.correiobraziliense.com.br\/cbradar\/wp-content\/uploads\/2025\/03\/Resident-Evil_1742408899031.jpg","type":"image\/jpeg"}],"author":"Larissa Carvalho","twitter_card":"summary_large_image","twitter_misc":{"Escrito por":"Larissa Carvalho","Est. tempo de leitura":"4 minutos"},"schema":{"@context":"https:\/\/schema.org","@graph":[{"@type":"WebPage","@id":"https:\/\/www.correiobraziliense.com.br\/cbradar\/todas-as-producoes-do-universo-de-resident-evil-veja-nomes\/","url":"https:\/\/www.correiobraziliense.com.br\/cbradar\/todas-as-producoes-do-universo-de-resident-evil-veja-nomes\/","name":"Todas as produ\u00e7\u00f5es do universo de Resident Evil, veja nomes","isPartOf":{"@id":"https:\/\/www.correiobraziliense.com.br\/cbradar\/#website"},"primaryImageOfPage":{"@id":"https:\/\/www.correiobraziliense.com.br\/cbradar\/todas-as-producoes-do-universo-de-resident-evil-veja-nomes\/#primaryimage"},"image":{"@id":"https:\/\/www.correiobraziliense.com.br\/cbradar\/todas-as-producoes-do-universo-de-resident-evil-veja-nomes\/#primaryimage"},"thumbnailUrl":"https:\/\/www.correiobraziliense.com.br\/cbradar\/wp-content\/uploads\/2025\/03\/Resident-Evil_1742408899031.jpg","datePublished":"2025-03-20T21:10:00+00:00","author":{"@id":"https:\/\/www.correiobraziliense.com.br\/cbradar\/#\/schema\/person\/58422787644df994b53a19d3e56c1513"},"description":"Explora\u00e7\u00e3o do universo de Resident Evil atrav\u00e9s de filmes e s\u00e9ries. Da primeira adapta\u00e7\u00e3o em 2002 at\u00e9 as s\u00e9ries animadas.","breadcrumb":{"@id":"https:\/\/www.correiobraziliense.com.br\/cbradar\/todas-as-producoes-do-universo-de-resident-evil-veja-nomes\/#breadcrumb"},"inLanguage":"pt-BR","potentialAction":[{"@type":"ReadAction","target":["https:\/\/www.correiobraziliense.com.br\/cbradar\/todas-as-producoes-do-universo-de-resident-evil-veja-nomes\/"]}]},{"@type":"ImageObject","inLanguage":"pt-BR","@id":"https:\/\/www.correiobraziliense.com.br\/cbradar\/todas-as-producoes-do-universo-de-resident-evil-veja-nomes\/#primaryimage","url":"https:\/\/www.correiobraziliense.com.br\/cbradar\/wp-content\/uploads\/2025\/03\/Resident-Evil_1742408899031.jpg","contentUrl":"https:\/\/www.correiobraziliense.com.br\/cbradar\/wp-content\/uploads\/2025\/03\/Resident-Evil_1742408899031.jpg","width":1280,"height":720,"caption":"Resident Evil. Cr\u00e9ditos: depositphotos.com \/ Mehaniq"},{"@type":"BreadcrumbList","@id":"https:\/\/www.correiobraziliense.com.br\/cbradar\/todas-as-producoes-do-universo-de-resident-evil-veja-nomes\/#breadcrumb","itemListElement":[{"@type":"ListItem","position":1,"name":"In\u00edcio","item":"https:\/\/www.correiobraziliense.com.br\/cbradar\/"},{"@type":"ListItem","position":2,"name":"Todas as produ\u00e7\u00f5es do universo de Resident Evil, veja nomes"}]},{"@type":"WebSite","@id":"https:\/\/www.correiobraziliense.com.br\/cbradar\/#website","url":"https:\/\/www.correiobraziliense.com.br\/cbradar\/","name":"Correio Braziliense - Radar","description":"Acompanhe as \u00faltimas not\u00edcias e fique bem informado sobre tudo o que acontece no Brasil e no mundo.","potentialAction":[{"@type":"SearchAction","target":{"@type":"EntryPoint","urlTemplate":"https:\/\/www.correiobraziliense.com.br\/cbradar\/?s={search_term_string}"},"query-input":{"@type":"PropertyValueSpecification","valueRequired":true,"valueName":"search_term_string"}}],"inLanguage":"pt-BR"},{"@type":"Person","@id":"https:\/\/www.correiobraziliense.com.br\/cbradar\/#\/schema\/person\/58422787644df994b53a19d3e56c1513","name":"Larissa Carvalho","image":{"@type":"ImageObject","inLanguage":"pt-BR","@id":"https:\/\/www.correiobraziliense.com.br\/cbradar\/#\/schema\/person\/image\/","url":"https:\/\/secure.gravatar.com\/avatar\/fe4f91a0de32b52a838d0d612abdc1aa?s=96&d=mm&r=g","contentUrl":"https:\/\/secure.gravatar.com\/avatar\/fe4f91a0de32b52a838d0d612abdc1aa?s=96&d=mm&r=g","caption":"Larissa Carvalho"},"url":"https:\/\/www.correiobraziliense.com.br\/cbradar\/author\/larissamyth\/"}]}},"_links":{"self":[{"href":"https:\/\/www.correiobraziliense.com.br\/cbradar\/wp-json\/wp\/v2\/posts\/14018","targetHints":{"allow":["GET"]}}],"collection":[{"href":"https:\/\/www.correiobraziliense.com.br\/cbradar\/wp-json\/wp\/v2\/posts"}],"about":[{"href":"https:\/\/www.correiobraziliense.com.br\/cbradar\/wp-json\/wp\/v2\/types\/post"}],"author":[{"embeddable":true,"href":"https:\/\/www.correiobraziliense.com.br\/cbradar\/wp-json\/wp\/v2\/users\/3"}],"replies":[{"embeddable":true,"href":"https:\/\/www.correiobraziliense.com.br\/cbradar\/wp-json\/wp\/v2\/comments?post=14018"}],"version-history":[{"count":1,"href":"https:\/\/www.correiobraziliense.com.br\/cbradar\/wp-json\/wp\/v2\/posts\/14018\/revisions"}],"predecessor-version":[{"id":14021,"href":"https:\/\/www.correiobraziliense.com.br\/cbradar\/wp-json\/wp\/v2\/posts\/14018\/revisions\/14021"}],"wp:featuredmedia":[{"embeddable":true,"href":"https:\/\/www.correiobraziliense.com.br\/cbradar\/wp-json\/wp\/v2\/media\/14019"}],"wp:attachment":[{"href":"https:\/\/www.correiobraziliense.com.br\/cbradar\/wp-json\/wp\/v2\/media?parent=14018"}],"wp:term":[{"taxonomy":"category","embeddable":true,"href":"https:\/\/www.correiobraziliense.com.br\/cbradar\/wp-json\/wp\/v2\/categories?post=14018"},{"taxonomy":"post_tag","embeddable":true,"href":"https:\/\/www.correiobraziliense.com.br\/cbradar\/wp-json\/wp\/v2\/post_tag?post=14018"}],"curies":[{"name":"wp","href":"https:\/\/api.w.org\/{rel}","templated":true}]}}