{"id":14022,"date":"2025-03-20T19:30:00","date_gmt":"2025-03-20T22:30:00","guid":{"rendered":"https:\/\/www.correiobraziliense.com.br\/cbradar\/?p=14022"},"modified":"2025-03-19T21:29:20","modified_gmt":"2025-03-20T00:29:20","slug":"jason-ritter-e-confirmado-no-elenco-da-nova-serie-do-dcu","status":"publish","type":"post","link":"https:\/\/www.correiobraziliense.com.br\/cbradar\/jason-ritter-e-confirmado-no-elenco-da-nova-serie-do-dcu\/","title":{"rendered":"Jason Ritter \u00e9 confirmado no elenco da nova s\u00e9rie do DCU"},"content":{"rendered":"\n<p>O ator <strong>Jason Ritter <\/strong>foi confirmado como parte do elenco da nova s\u00e9rie live-action &#8220;<strong>Lanternas<\/strong>&#8220;, que faz parte do <strong>Universo DC<\/strong>. Ritter interpretar\u00e1 o personagem <strong>Billy Macon<\/strong>, descrito como um homem charmoso e bonito que vive \u00e0 sombra das vontades de seu pai. Com uma reputa\u00e7\u00e3o familiar a manter, Billy se apega ao seu ego de cidade pequena, tendo muito a perder.<\/p>\n\n\n\n<p>A s\u00e9rie &#8220;Lanternas&#8221; foca nos policiais intergal\u00e1cticos <strong>John Stewart e Hal Jordan<\/strong>, que est\u00e3o envolvidos na investiga\u00e7\u00e3o de um assassinato nos <strong>Estados Unidos<\/strong>. Os atores <strong>Aaron Pierre e Kyle Chandler<\/strong> dar\u00e3o vida a esses personagens principais, respectivamente. As grava\u00e7\u00f5es da s\u00e9rie j\u00e1 est\u00e3o em andamento, prometendo trazer uma nova perspectiva ao universo dos Lanternas Verdes.<\/p>\n\n\n\n<h2 class=\"wp-block-heading\">Quem est\u00e1 por tr\u00e1s da produ\u00e7\u00e3o de &#8220;Lanternas&#8221;?<\/h2>\n\n\n\n<p>O showrunner da s\u00e9rie \u00e9 <strong>Chris Mundy<\/strong>, conhecido por seu trabalho em produ\u00e7\u00f5es de sucesso. Ele conta com a colabora\u00e7\u00e3o de Damon Lindelof e Tom King, que tamb\u00e9m est\u00e3o envolvidos no desenvolvimento da s\u00e9rie. A dire\u00e7\u00e3o fica a cargo de um time talentoso, incluindo <strong>James Hawe, Stephen Williams, Geeta Vasant Patel e Alik Sakharov.<\/strong><\/p>\n\n\n\n<p>Al\u00e9m de Jason Ritter, o elenco conta com nomes como Kelly Macdonald, Garret Dillahunt e Poorna Jagannathan, que completam o time de atores. A s\u00e9rie promete trazer uma narrativa envolvente e cheia de a\u00e7\u00e3o, explorando o universo dos Lanternas Verdes de uma maneira in\u00e9dita.<\/p>\n\n\n\n<figure class=\"wp-block-image size-large\"><img decoding=\"async\" width=\"1024\" height=\"576\" src=\"https:\/\/www.correiobraziliense.com.br\/cbradar\/wp-content\/uploads\/2025\/03\/Jason-Ritter_1742409181158-1024x576.jpg\" alt=\"Jason Ritter \u00e9 confirmado no elenco da nova s\u00e9rie do DCU\" class=\"wp-image-14024\" srcset=\"https:\/\/www.correiobraziliense.com.br\/cbradar\/wp-content\/uploads\/2025\/03\/Jason-Ritter_1742409181158-1024x576.jpg 1024w, https:\/\/www.correiobraziliense.com.br\/cbradar\/wp-content\/uploads\/2025\/03\/Jason-Ritter_1742409181158-300x169.jpg 300w, https:\/\/www.correiobraziliense.com.br\/cbradar\/wp-content\/uploads\/2025\/03\/Jason-Ritter_1742409181158-768x432.jpg 768w, https:\/\/www.correiobraziliense.com.br\/cbradar\/wp-content\/uploads\/2025\/03\/Jason-Ritter_1742409181158-750x422.jpg 750w, https:\/\/www.correiobraziliense.com.br\/cbradar\/wp-content\/uploads\/2025\/03\/Jason-Ritter_1742409181158-1140x641.jpg 1140w, https:\/\/www.correiobraziliense.com.br\/cbradar\/wp-content\/uploads\/2025\/03\/Jason-Ritter_1742409181158.jpg 1280w\" sizes=\"(max-width: 1024px) 100vw, 1024px\" \/><figcaption class=\"wp-element-caption\">Jason Ritter. Cr\u00e9ditos: depositphotos.com \/ Jean_Nelson<\/figcaption><\/figure>\n\n\n\n<h2 class=\"wp-block-heading\">Quando &#8220;Lanternas&#8221; ser\u00e1 lan\u00e7ada?<\/h2>\n\n\n\n<p>A primeira temporada de &#8220;Lanternas&#8221; ter\u00e1 um total de oito epis\u00f3dios e ser\u00e1 lan\u00e7ada sob o selo HBO. A s\u00e9rie ser\u00e1 exibida simultaneamente na emissora a cabo e na plataforma de streaming Max. No entanto, ainda n\u00e3o h\u00e1 uma data de estreia confirmada para o lan\u00e7amento da s\u00e9rie, deixando os f\u00e3s ansiosos por mais informa\u00e7\u00f5es.<\/p>\n\n\n\n<h2 class=\"wp-block-heading\">O que esperar da s\u00e9rie &#8220;Lanternas&#8221;?<\/h2>\n\n\n\n<p>Com uma equipe de produ\u00e7\u00e3o experiente e um elenco talentoso, &#8220;Lanternas&#8221; promete ser uma adi\u00e7\u00e3o emocionante ao Universo DC. A s\u00e9rie busca explorar temas complexos atrav\u00e9s de uma narrativa rica e personagens bem desenvolvidos. A expectativa \u00e9 que a s\u00e9rie traga uma nova dimens\u00e3o aos personagens ic\u00f4nicos dos Lanternas Verdes, atraindo tanto f\u00e3s antigos quanto novos espectadores.<\/p>\n\n\n\n<p>\u00c0 medida que a data de estreia se aproxima, mais detalhes sobre a trama e os personagens devem ser revelados, aumentando ainda mais a expectativa em torno dessa nova produ\u00e7\u00e3o do Universo DC.<\/p>\n","protected":false},"excerpt":{"rendered":"<p>Explore o universo dos Lanternas Verdes com a nova s\u00e9rie live-action do Universo DC. Conhe\u00e7a a hist\u00f3ria de Billy Macon.<\/p>\n","protected":false},"author":3,"featured_media":14023,"comment_status":"open","ping_status":"open","sticky":false,"template":"","format":"standard","meta":{"_yoast_wpseo_focuskw":"Jason Ritter","_yoast_wpseo_title":"%%title%%","_yoast_wpseo_metadesc":"Explore o universo dos Lanternas Verdes com a nova s\u00e9rie live-action do Universo DC. Conhe\u00e7a a hist\u00f3ria de Billy Macon.","jnews-multi-image_gallery":[],"jnews_single_post":{"format":"standard"},"jnews_primary_category":[],"jnews_social_meta":[],"jnews_override_counter":[],"footnotes":""},"categories":[140],"post_tag":[2164,568],"class_list":["post-14022","post","type-post","status-publish","format-standard","has-post-thumbnail","hentry","category-entretenimento","tag-dcu","tag-series-e-filmes"],"yoast_head":"<!-- This site is optimized with the Yoast SEO plugin v24.6 - https:\/\/yoast.com\/wordpress\/plugins\/seo\/ -->\n<title>Jason Ritter \u00e9 confirmado no elenco da nova s\u00e9rie do DCU<\/title>\n<meta name=\"description\" content=\"Explore o universo dos Lanternas Verdes com a nova s\u00e9rie live-action do Universo DC. Conhe\u00e7a a hist\u00f3ria de Billy Macon.\" \/>\n<meta name=\"robots\" content=\"index, follow, max-snippet:-1, max-image-preview:large, max-video-preview:-1\" \/>\n<link rel=\"canonical\" href=\"https:\/\/www.correiobraziliense.com.br\/cbradar\/jason-ritter-e-confirmado-no-elenco-da-nova-serie-do-dcu\/\" \/>\n<meta property=\"og:locale\" content=\"pt_BR\" \/>\n<meta property=\"og:type\" content=\"article\" \/>\n<meta property=\"og:title\" content=\"Jason Ritter \u00e9 confirmado no elenco da nova s\u00e9rie do DCU\" \/>\n<meta property=\"og:description\" content=\"Explore o universo dos Lanternas Verdes com a nova s\u00e9rie live-action do Universo DC. Conhe\u00e7a a hist\u00f3ria de Billy Macon.\" \/>\n<meta property=\"og:url\" content=\"https:\/\/www.correiobraziliense.com.br\/cbradar\/jason-ritter-e-confirmado-no-elenco-da-nova-serie-do-dcu\/\" \/>\n<meta property=\"og:site_name\" content=\"Correio Braziliense - Radar\" \/>\n<meta property=\"article:published_time\" content=\"2025-03-20T22:30:00+00:00\" \/>\n<meta property=\"og:image\" content=\"https:\/\/www.correiobraziliense.com.br\/cbradar\/wp-content\/uploads\/2025\/03\/Jason-Ritter_1742409128375.jpg\" \/>\n\t<meta property=\"og:image:width\" content=\"1280\" \/>\n\t<meta property=\"og:image:height\" content=\"720\" \/>\n\t<meta property=\"og:image:type\" content=\"image\/jpeg\" \/>\n<meta name=\"author\" content=\"Larissa Carvalho\" \/>\n<meta name=\"twitter:card\" content=\"summary_large_image\" \/>\n<meta name=\"twitter:label1\" content=\"Escrito por\" \/>\n\t<meta name=\"twitter:data1\" content=\"Larissa Carvalho\" \/>\n\t<meta name=\"twitter:label2\" content=\"Est. tempo de leitura\" \/>\n\t<meta name=\"twitter:data2\" content=\"3 minutos\" \/>\n<!-- \/ Yoast SEO plugin. -->","yoast_head_json":{"title":"Jason Ritter \u00e9 confirmado no elenco da nova s\u00e9rie do DCU","description":"Explore o universo dos Lanternas Verdes com a nova s\u00e9rie live-action do Universo DC. Conhe\u00e7a a hist\u00f3ria de Billy Macon.","robots":{"index":"index","follow":"follow","max-snippet":"max-snippet:-1","max-image-preview":"max-image-preview:large","max-video-preview":"max-video-preview:-1"},"canonical":"https:\/\/www.correiobraziliense.com.br\/cbradar\/jason-ritter-e-confirmado-no-elenco-da-nova-serie-do-dcu\/","og_locale":"pt_BR","og_type":"article","og_title":"Jason Ritter \u00e9 confirmado no elenco da nova s\u00e9rie do DCU","og_description":"Explore o universo dos Lanternas Verdes com a nova s\u00e9rie live-action do Universo DC. Conhe\u00e7a a hist\u00f3ria de Billy Macon.","og_url":"https:\/\/www.correiobraziliense.com.br\/cbradar\/jason-ritter-e-confirmado-no-elenco-da-nova-serie-do-dcu\/","og_site_name":"Correio Braziliense - Radar","article_published_time":"2025-03-20T22:30:00+00:00","og_image":[{"width":1280,"height":720,"url":"https:\/\/www.correiobraziliense.com.br\/cbradar\/wp-content\/uploads\/2025\/03\/Jason-Ritter_1742409128375.jpg","type":"image\/jpeg"}],"author":"Larissa Carvalho","twitter_card":"summary_large_image","twitter_misc":{"Escrito por":"Larissa Carvalho","Est. tempo de leitura":"3 minutos"},"schema":{"@context":"https:\/\/schema.org","@graph":[{"@type":"WebPage","@id":"https:\/\/www.correiobraziliense.com.br\/cbradar\/jason-ritter-e-confirmado-no-elenco-da-nova-serie-do-dcu\/","url":"https:\/\/www.correiobraziliense.com.br\/cbradar\/jason-ritter-e-confirmado-no-elenco-da-nova-serie-do-dcu\/","name":"Jason Ritter \u00e9 confirmado no elenco da nova s\u00e9rie do DCU","isPartOf":{"@id":"https:\/\/www.correiobraziliense.com.br\/cbradar\/#website"},"primaryImageOfPage":{"@id":"https:\/\/www.correiobraziliense.com.br\/cbradar\/jason-ritter-e-confirmado-no-elenco-da-nova-serie-do-dcu\/#primaryimage"},"image":{"@id":"https:\/\/www.correiobraziliense.com.br\/cbradar\/jason-ritter-e-confirmado-no-elenco-da-nova-serie-do-dcu\/#primaryimage"},"thumbnailUrl":"https:\/\/www.correiobraziliense.com.br\/cbradar\/wp-content\/uploads\/2025\/03\/Jason-Ritter_1742409128375.jpg","datePublished":"2025-03-20T22:30:00+00:00","author":{"@id":"https:\/\/www.correiobraziliense.com.br\/cbradar\/#\/schema\/person\/58422787644df994b53a19d3e56c1513"},"description":"Explore o universo dos Lanternas Verdes com a nova s\u00e9rie live-action do Universo DC. Conhe\u00e7a a hist\u00f3ria de Billy Macon.","breadcrumb":{"@id":"https:\/\/www.correiobraziliense.com.br\/cbradar\/jason-ritter-e-confirmado-no-elenco-da-nova-serie-do-dcu\/#breadcrumb"},"inLanguage":"pt-BR","potentialAction":[{"@type":"ReadAction","target":["https:\/\/www.correiobraziliense.com.br\/cbradar\/jason-ritter-e-confirmado-no-elenco-da-nova-serie-do-dcu\/"]}]},{"@type":"ImageObject","inLanguage":"pt-BR","@id":"https:\/\/www.correiobraziliense.com.br\/cbradar\/jason-ritter-e-confirmado-no-elenco-da-nova-serie-do-dcu\/#primaryimage","url":"https:\/\/www.correiobraziliense.com.br\/cbradar\/wp-content\/uploads\/2025\/03\/Jason-Ritter_1742409128375.jpg","contentUrl":"https:\/\/www.correiobraziliense.com.br\/cbradar\/wp-content\/uploads\/2025\/03\/Jason-Ritter_1742409128375.jpg","width":1280,"height":720,"caption":"Jason Ritter. Cr\u00e9ditos: depositphotos.com \/ Image Press Agency"},{"@type":"BreadcrumbList","@id":"https:\/\/www.correiobraziliense.com.br\/cbradar\/jason-ritter-e-confirmado-no-elenco-da-nova-serie-do-dcu\/#breadcrumb","itemListElement":[{"@type":"ListItem","position":1,"name":"In\u00edcio","item":"https:\/\/www.correiobraziliense.com.br\/cbradar\/"},{"@type":"ListItem","position":2,"name":"Jason Ritter \u00e9 confirmado no elenco da nova s\u00e9rie do DCU"}]},{"@type":"WebSite","@id":"https:\/\/www.correiobraziliense.com.br\/cbradar\/#website","url":"https:\/\/www.correiobraziliense.com.br\/cbradar\/","name":"Correio Braziliense - Radar","description":"Acompanhe as \u00faltimas not\u00edcias e fique bem informado sobre tudo o que acontece no Brasil e no mundo.","potentialAction":[{"@type":"SearchAction","target":{"@type":"EntryPoint","urlTemplate":"https:\/\/www.correiobraziliense.com.br\/cbradar\/?s={search_term_string}"},"query-input":{"@type":"PropertyValueSpecification","valueRequired":true,"valueName":"search_term_string"}}],"inLanguage":"pt-BR"},{"@type":"Person","@id":"https:\/\/www.correiobraziliense.com.br\/cbradar\/#\/schema\/person\/58422787644df994b53a19d3e56c1513","name":"Larissa Carvalho","image":{"@type":"ImageObject","inLanguage":"pt-BR","@id":"https:\/\/www.correiobraziliense.com.br\/cbradar\/#\/schema\/person\/image\/","url":"https:\/\/secure.gravatar.com\/avatar\/fe4f91a0de32b52a838d0d612abdc1aa?s=96&d=mm&r=g","contentUrl":"https:\/\/secure.gravatar.com\/avatar\/fe4f91a0de32b52a838d0d612abdc1aa?s=96&d=mm&r=g","caption":"Larissa Carvalho"},"url":"https:\/\/www.correiobraziliense.com.br\/cbradar\/author\/larissamyth\/"}]}},"_links":{"self":[{"href":"https:\/\/www.correiobraziliense.com.br\/cbradar\/wp-json\/wp\/v2\/posts\/14022","targetHints":{"allow":["GET"]}}],"collection":[{"href":"https:\/\/www.correiobraziliense.com.br\/cbradar\/wp-json\/wp\/v2\/posts"}],"about":[{"href":"https:\/\/www.correiobraziliense.com.br\/cbradar\/wp-json\/wp\/v2\/types\/post"}],"author":[{"embeddable":true,"href":"https:\/\/www.correiobraziliense.com.br\/cbradar\/wp-json\/wp\/v2\/users\/3"}],"replies":[{"embeddable":true,"href":"https:\/\/www.correiobraziliense.com.br\/cbradar\/wp-json\/wp\/v2\/comments?post=14022"}],"version-history":[{"count":1,"href":"https:\/\/www.correiobraziliense.com.br\/cbradar\/wp-json\/wp\/v2\/posts\/14022\/revisions"}],"predecessor-version":[{"id":14025,"href":"https:\/\/www.correiobraziliense.com.br\/cbradar\/wp-json\/wp\/v2\/posts\/14022\/revisions\/14025"}],"wp:featuredmedia":[{"embeddable":true,"href":"https:\/\/www.correiobraziliense.com.br\/cbradar\/wp-json\/wp\/v2\/media\/14023"}],"wp:attachment":[{"href":"https:\/\/www.correiobraziliense.com.br\/cbradar\/wp-json\/wp\/v2\/media?parent=14022"}],"wp:term":[{"taxonomy":"category","embeddable":true,"href":"https:\/\/www.correiobraziliense.com.br\/cbradar\/wp-json\/wp\/v2\/categories?post=14022"},{"taxonomy":"post_tag","embeddable":true,"href":"https:\/\/www.correiobraziliense.com.br\/cbradar\/wp-json\/wp\/v2\/post_tag?post=14022"}],"curies":[{"name":"wp","href":"https:\/\/api.w.org\/{rel}","templated":true}]}}