{"id":14026,"date":"2025-03-20T15:30:00","date_gmt":"2025-03-20T18:30:00","guid":{"rendered":"https:\/\/www.correiobraziliense.com.br\/cbradar\/?p=14026"},"modified":"2025-03-19T21:37:13","modified_gmt":"2025-03-20T00:37:13","slug":"conheca-a-serie-que-trata-do-naufragio-de-navio-no-rio-de-janeiro","status":"publish","type":"post","link":"https:\/\/www.correiobraziliense.com.br\/cbradar\/conheca-a-serie-que-trata-do-naufragio-de-navio-no-rio-de-janeiro\/","title":{"rendered":"Conhe\u00e7a a s\u00e9rie que trata do naufr\u00e1gio de navio no Rio de Janeiro"},"content":{"rendered":"\n<p>Na virada do ano de 1988 para 1989, uma trag\u00e9dia abalou o Brasil. O naufr\u00e1gio do <strong>Bateau Mouche IV,<\/strong> uma embarca\u00e7\u00e3o de luxo, resultou na morte de 55 pessoas entre os 142 passageiros a bordo. Este evento catastr\u00f3fico \u00e9 o foco da s\u00e9rie documental &#8220;<strong>Bateau Mouche: O Naufr\u00e1gio da Justi\u00e7a<\/strong>&#8220;, que estreia na plataforma de streaming Max. A s\u00e9rie investiga as circunst\u00e2ncias e consequ\u00eancias deste desastre mar\u00edtimo que chocou o pa\u00eds.<\/p>\n\n\n\n<p>O Bateau Mouche IV, que deveria ser uma celebra\u00e7\u00e3o de R\u00e9veillon, transformou-se em um pesadelo. Entre as v\u00edtimas estava a atriz Yara Amaral, conhecida por seu trabalho em novelas da TV Globo. A s\u00e9rie documental, dirigida por Tatiana Issa e Guto Barra, utiliza imagens de arquivo e entrevistas exclusivas para reconstruir os eventos daquela noite fat\u00eddica e explorar as falhas que levaram ao naufr\u00e1gio.<\/p>\n\n\n\n<h2 class=\"wp-block-heading\">Quais foram as causas do naufr\u00e1gio do Bateau Mouche?<\/h2>\n\n\n\n<p>As investiga\u00e7\u00f5es revelaram v\u00e1rias irregularidades que contribu\u00edram para o naufr\u00e1gio do Bateau Mouche IV. A embarca\u00e7\u00e3o estava superlotada, com mais passageiros do que sua capacidade permitia. Al\u00e9m disso, o barco apresentava problemas estruturais, como entrada de \u00e1gua do mar por escotilhas abertas e banheiros do conv\u00e9s inferior. A distribui\u00e7\u00e3o inadequada de m\u00f3veis e uma camada de cimento mal colocada no conv\u00e9s superior tamb\u00e9m foram fatores cr\u00edticos.<\/p>\n\n\n\n<p>A Marinha do Brasil foi criticada por ter liberado alvar\u00e1s e permiss\u00f5es para o barco, apesar das condi\u00e7\u00f5es prec\u00e1rias. A capacidade original da embarca\u00e7\u00e3o era para 28 passageiros, mas foi legalmente estendida para 153, um n\u00famero muito acima do seguro. A s\u00e9rie documental aborda essas quest\u00f5es, buscando respostas sobre como tais permiss\u00f5es foram concedidas.<\/p>\n\n\n\n<iframe loading=\"lazy\" width=\"560\" height=\"315\" src=\"https:\/\/www.youtube.com\/embed\/XLiekR2hT_w?si=lv8AEPw1PJPH03j5\" title=\"YouTube video player\" frameborder=\"0\" allow=\"accelerometer; autoplay; clipboard-write; encrypted-media; gyroscope; picture-in-picture; web-share\" referrerpolicy=\"strict-origin-when-cross-origin\" allowfullscreen><\/iframe>\n\n\n\n<h2 class=\"wp-block-heading\">Como a s\u00e9rie documental aborda o naufr\u00e1gio?<\/h2>\n\n\n\n<p>A s\u00e9rie &#8220;Bateau Mouche: O Naufr\u00e1gio da Justi\u00e7a&#8221; \u00e9 composta por tr\u00eas epis\u00f3dios que detalham o impacto do desastre. Os dois primeiros epis\u00f3dios focam nas hist\u00f3rias pessoais das v\u00edtimas e recriam o momento do naufr\u00e1gio. O terceiro epis\u00f3dio explora o processo judicial que se seguiu, destacando a impunidade dos respons\u00e1veis, empres\u00e1rios espanh\u00f3is que operavam empreendimentos tur\u00edsticos no Rio de Janeiro.<\/p>\n\n\n\n<p>O material dos autos do processo nunca foi digitalizado e estava prestes a ser destru\u00eddo quando a equipe da s\u00e9rie conseguiu acesso a ele. Este material \u00e9 crucial para entender as falhas no sistema judicial que permitiram que, d\u00e9cadas ap\u00f3s a trag\u00e9dia, nenhum dos envolvidos estivesse preso e apenas uma fam\u00edlia tivesse recebido indeniza\u00e7\u00e3o.<\/p>\n\n\n\n<figure class=\"wp-block-image size-large\"><img decoding=\"async\" width=\"1024\" height=\"576\" src=\"https:\/\/www.correiobraziliense.com.br\/cbradar\/wp-content\/uploads\/2025\/03\/Bateau-Mouche-IV-2-1024x576.png\" alt=\"Conhe\u00e7a a s\u00e9rie que trata do naufr\u00e1gio de navio no Rio de Janeiro\" class=\"wp-image-14030\" srcset=\"https:\/\/www.correiobraziliense.com.br\/cbradar\/wp-content\/uploads\/2025\/03\/Bateau-Mouche-IV-2-1024x576.png 1024w, https:\/\/www.correiobraziliense.com.br\/cbradar\/wp-content\/uploads\/2025\/03\/Bateau-Mouche-IV-2-300x169.png 300w, https:\/\/www.correiobraziliense.com.br\/cbradar\/wp-content\/uploads\/2025\/03\/Bateau-Mouche-IV-2-768x432.png 768w, https:\/\/www.correiobraziliense.com.br\/cbradar\/wp-content\/uploads\/2025\/03\/Bateau-Mouche-IV-2-750x422.png 750w, https:\/\/www.correiobraziliense.com.br\/cbradar\/wp-content\/uploads\/2025\/03\/Bateau-Mouche-IV-2-1140x641.png 1140w, https:\/\/www.correiobraziliense.com.br\/cbradar\/wp-content\/uploads\/2025\/03\/Bateau-Mouche-IV-2.png 1280w\" sizes=\"(max-width: 1024px) 100vw, 1024px\" \/><figcaption class=\"wp-element-caption\">Bateau Mouche IV. Fonte: divulga\u00e7\u00e3o \/ MAX<\/figcaption><\/figure>\n\n\n\n<h2 class=\"wp-block-heading\">O impacto duradouro do naufr\u00e1gio do Bateau Mouche<\/h2>\n\n\n\n<p>O naufr\u00e1gio do Bateau Mouche IV n\u00e3o apenas marcou a hist\u00f3ria mar\u00edtima do Brasil, mas tamb\u00e9m se tornou um s\u00edmbolo de impunidade. A s\u00e9rie documental busca n\u00e3o apenas contar a hist\u00f3ria do desastre, mas tamb\u00e9m provocar uma reflex\u00e3o sobre a justi\u00e7a e a seguran\u00e7a mar\u00edtima no pa\u00eds. A trag\u00e9dia permanece como um lembrete sombrio das consequ\u00eancias de neglig\u00eancias e falhas institucionais.<\/p>\n\n\n\n<p>Ao revisitar este evento, a s\u00e9rie oferece uma oportunidade para o p\u00fablico refletir sobre as li\u00e7\u00f5es que podem ser aprendidas e as mudan\u00e7as necess\u00e1rias para evitar que trag\u00e9dias semelhantes ocorram no futuro.<\/p>\n","protected":false},"excerpt":{"rendered":"<p>Investigue a trag\u00e9dia do Bateau Mouche IV que chocou o Brasil na virada do ano de 1988 para 1989. Descubra as causas e as consequ\u00eancias deste desastre.<\/p>\n","protected":false},"author":3,"featured_media":14031,"comment_status":"open","ping_status":"open","sticky":false,"template":"","format":"standard","meta":{"_yoast_wpseo_focuskw":"s\u00e9rie naufr\u00e1gio rio de janeiro","_yoast_wpseo_title":"%%title%%","_yoast_wpseo_metadesc":"Investigue a trag\u00e9dia do Bateau Mouche IV que chocou o Brasil na virada do ano de 1988 para 1989. Descubra as causas e as consequ\u00eancias deste desastre.","jnews-multi-image_gallery":[],"jnews_single_post":{"format":"standard"},"jnews_primary_category":[],"jnews_social_meta":[],"jnews_override_counter":[],"footnotes":""},"categories":[140],"post_tag":[2167,304,568],"class_list":["post-14026","post","type-post","status-publish","format-standard","has-post-thumbnail","hentry","category-entretenimento","tag-naufragio","tag-rio-de-janeiro","tag-series-e-filmes"],"yoast_head":"<!-- This site is optimized with the Yoast SEO plugin v24.6 - https:\/\/yoast.com\/wordpress\/plugins\/seo\/ -->\n<title>Conhe\u00e7a a s\u00e9rie que trata do naufr\u00e1gio de navio no Rio de Janeiro<\/title>\n<meta name=\"description\" content=\"Investigue a trag\u00e9dia do Bateau Mouche IV que chocou o Brasil na virada do ano de 1988 para 1989. Descubra as causas e as consequ\u00eancias deste desastre.\" \/>\n<meta name=\"robots\" content=\"index, follow, max-snippet:-1, max-image-preview:large, max-video-preview:-1\" \/>\n<link rel=\"canonical\" href=\"https:\/\/www.correiobraziliense.com.br\/cbradar\/conheca-a-serie-que-trata-do-naufragio-de-navio-no-rio-de-janeiro\/\" \/>\n<meta property=\"og:locale\" content=\"pt_BR\" \/>\n<meta property=\"og:type\" content=\"article\" \/>\n<meta property=\"og:title\" content=\"Conhe\u00e7a a s\u00e9rie que trata do naufr\u00e1gio de navio no Rio de Janeiro\" \/>\n<meta property=\"og:description\" content=\"Investigue a trag\u00e9dia do Bateau Mouche IV que chocou o Brasil na virada do ano de 1988 para 1989. Descubra as causas e as consequ\u00eancias deste desastre.\" \/>\n<meta property=\"og:url\" content=\"https:\/\/www.correiobraziliense.com.br\/cbradar\/conheca-a-serie-que-trata-do-naufragio-de-navio-no-rio-de-janeiro\/\" \/>\n<meta property=\"og:site_name\" content=\"Correio Braziliense - Radar\" \/>\n<meta property=\"article:published_time\" content=\"2025-03-20T18:30:00+00:00\" \/>\n<meta property=\"og:image\" content=\"https:\/\/www.correiobraziliense.com.br\/cbradar\/wp-content\/uploads\/2025\/03\/Bateau-Mouche-IV.png\" \/>\n\t<meta property=\"og:image:width\" content=\"1280\" \/>\n\t<meta property=\"og:image:height\" content=\"720\" \/>\n\t<meta property=\"og:image:type\" content=\"image\/png\" \/>\n<meta name=\"author\" content=\"Larissa Carvalho\" \/>\n<meta name=\"twitter:card\" content=\"summary_large_image\" \/>\n<meta name=\"twitter:label1\" content=\"Escrito por\" \/>\n\t<meta name=\"twitter:data1\" content=\"Larissa Carvalho\" \/>\n\t<meta name=\"twitter:label2\" content=\"Est. tempo de leitura\" \/>\n\t<meta name=\"twitter:data2\" content=\"4 minutos\" \/>\n<!-- \/ Yoast SEO plugin. -->","yoast_head_json":{"title":"Conhe\u00e7a a s\u00e9rie que trata do naufr\u00e1gio de navio no Rio de Janeiro","description":"Investigue a trag\u00e9dia do Bateau Mouche IV que chocou o Brasil na virada do ano de 1988 para 1989. Descubra as causas e as consequ\u00eancias deste desastre.","robots":{"index":"index","follow":"follow","max-snippet":"max-snippet:-1","max-image-preview":"max-image-preview:large","max-video-preview":"max-video-preview:-1"},"canonical":"https:\/\/www.correiobraziliense.com.br\/cbradar\/conheca-a-serie-que-trata-do-naufragio-de-navio-no-rio-de-janeiro\/","og_locale":"pt_BR","og_type":"article","og_title":"Conhe\u00e7a a s\u00e9rie que trata do naufr\u00e1gio de navio no Rio de Janeiro","og_description":"Investigue a trag\u00e9dia do Bateau Mouche IV que chocou o Brasil na virada do ano de 1988 para 1989. Descubra as causas e as consequ\u00eancias deste desastre.","og_url":"https:\/\/www.correiobraziliense.com.br\/cbradar\/conheca-a-serie-que-trata-do-naufragio-de-navio-no-rio-de-janeiro\/","og_site_name":"Correio Braziliense - Radar","article_published_time":"2025-03-20T18:30:00+00:00","og_image":[{"width":1280,"height":720,"url":"https:\/\/www.correiobraziliense.com.br\/cbradar\/wp-content\/uploads\/2025\/03\/Bateau-Mouche-IV.png","type":"image\/png"}],"author":"Larissa Carvalho","twitter_card":"summary_large_image","twitter_misc":{"Escrito por":"Larissa Carvalho","Est. tempo de leitura":"4 minutos"},"schema":{"@context":"https:\/\/schema.org","@graph":[{"@type":"WebPage","@id":"https:\/\/www.correiobraziliense.com.br\/cbradar\/conheca-a-serie-que-trata-do-naufragio-de-navio-no-rio-de-janeiro\/","url":"https:\/\/www.correiobraziliense.com.br\/cbradar\/conheca-a-serie-que-trata-do-naufragio-de-navio-no-rio-de-janeiro\/","name":"Conhe\u00e7a a s\u00e9rie que trata do naufr\u00e1gio de navio no Rio de Janeiro","isPartOf":{"@id":"https:\/\/www.correiobraziliense.com.br\/cbradar\/#website"},"primaryImageOfPage":{"@id":"https:\/\/www.correiobraziliense.com.br\/cbradar\/conheca-a-serie-que-trata-do-naufragio-de-navio-no-rio-de-janeiro\/#primaryimage"},"image":{"@id":"https:\/\/www.correiobraziliense.com.br\/cbradar\/conheca-a-serie-que-trata-do-naufragio-de-navio-no-rio-de-janeiro\/#primaryimage"},"thumbnailUrl":"https:\/\/www.correiobraziliense.com.br\/cbradar\/wp-content\/uploads\/2025\/03\/Bateau-Mouche-IV.png","datePublished":"2025-03-20T18:30:00+00:00","author":{"@id":"https:\/\/www.correiobraziliense.com.br\/cbradar\/#\/schema\/person\/58422787644df994b53a19d3e56c1513"},"description":"Investigue a trag\u00e9dia do Bateau Mouche IV que chocou o Brasil na virada do ano de 1988 para 1989. Descubra as causas e as consequ\u00eancias deste desastre.","breadcrumb":{"@id":"https:\/\/www.correiobraziliense.com.br\/cbradar\/conheca-a-serie-que-trata-do-naufragio-de-navio-no-rio-de-janeiro\/#breadcrumb"},"inLanguage":"pt-BR","potentialAction":[{"@type":"ReadAction","target":["https:\/\/www.correiobraziliense.com.br\/cbradar\/conheca-a-serie-que-trata-do-naufragio-de-navio-no-rio-de-janeiro\/"]}]},{"@type":"ImageObject","inLanguage":"pt-BR","@id":"https:\/\/www.correiobraziliense.com.br\/cbradar\/conheca-a-serie-que-trata-do-naufragio-de-navio-no-rio-de-janeiro\/#primaryimage","url":"https:\/\/www.correiobraziliense.com.br\/cbradar\/wp-content\/uploads\/2025\/03\/Bateau-Mouche-IV.png","contentUrl":"https:\/\/www.correiobraziliense.com.br\/cbradar\/wp-content\/uploads\/2025\/03\/Bateau-Mouche-IV.png","width":1280,"height":720,"caption":"Bateau Mouche IV. Fonte: divulga\u00e7\u00e3o \/ MAX"},{"@type":"BreadcrumbList","@id":"https:\/\/www.correiobraziliense.com.br\/cbradar\/conheca-a-serie-que-trata-do-naufragio-de-navio-no-rio-de-janeiro\/#breadcrumb","itemListElement":[{"@type":"ListItem","position":1,"name":"In\u00edcio","item":"https:\/\/www.correiobraziliense.com.br\/cbradar\/"},{"@type":"ListItem","position":2,"name":"Conhe\u00e7a a s\u00e9rie que trata do naufr\u00e1gio de navio no Rio de Janeiro"}]},{"@type":"WebSite","@id":"https:\/\/www.correiobraziliense.com.br\/cbradar\/#website","url":"https:\/\/www.correiobraziliense.com.br\/cbradar\/","name":"Correio Braziliense - Radar","description":"Acompanhe as \u00faltimas not\u00edcias e fique bem informado sobre tudo o que acontece no Brasil e no mundo.","potentialAction":[{"@type":"SearchAction","target":{"@type":"EntryPoint","urlTemplate":"https:\/\/www.correiobraziliense.com.br\/cbradar\/?s={search_term_string}"},"query-input":{"@type":"PropertyValueSpecification","valueRequired":true,"valueName":"search_term_string"}}],"inLanguage":"pt-BR"},{"@type":"Person","@id":"https:\/\/www.correiobraziliense.com.br\/cbradar\/#\/schema\/person\/58422787644df994b53a19d3e56c1513","name":"Larissa Carvalho","image":{"@type":"ImageObject","inLanguage":"pt-BR","@id":"https:\/\/www.correiobraziliense.com.br\/cbradar\/#\/schema\/person\/image\/","url":"https:\/\/secure.gravatar.com\/avatar\/fe4f91a0de32b52a838d0d612abdc1aa?s=96&d=mm&r=g","contentUrl":"https:\/\/secure.gravatar.com\/avatar\/fe4f91a0de32b52a838d0d612abdc1aa?s=96&d=mm&r=g","caption":"Larissa Carvalho"},"url":"https:\/\/www.correiobraziliense.com.br\/cbradar\/author\/larissamyth\/"}]}},"_links":{"self":[{"href":"https:\/\/www.correiobraziliense.com.br\/cbradar\/wp-json\/wp\/v2\/posts\/14026","targetHints":{"allow":["GET"]}}],"collection":[{"href":"https:\/\/www.correiobraziliense.com.br\/cbradar\/wp-json\/wp\/v2\/posts"}],"about":[{"href":"https:\/\/www.correiobraziliense.com.br\/cbradar\/wp-json\/wp\/v2\/types\/post"}],"author":[{"embeddable":true,"href":"https:\/\/www.correiobraziliense.com.br\/cbradar\/wp-json\/wp\/v2\/users\/3"}],"replies":[{"embeddable":true,"href":"https:\/\/www.correiobraziliense.com.br\/cbradar\/wp-json\/wp\/v2\/comments?post=14026"}],"version-history":[{"count":1,"href":"https:\/\/www.correiobraziliense.com.br\/cbradar\/wp-json\/wp\/v2\/posts\/14026\/revisions"}],"predecessor-version":[{"id":14032,"href":"https:\/\/www.correiobraziliense.com.br\/cbradar\/wp-json\/wp\/v2\/posts\/14026\/revisions\/14032"}],"wp:featuredmedia":[{"embeddable":true,"href":"https:\/\/www.correiobraziliense.com.br\/cbradar\/wp-json\/wp\/v2\/media\/14031"}],"wp:attachment":[{"href":"https:\/\/www.correiobraziliense.com.br\/cbradar\/wp-json\/wp\/v2\/media?parent=14026"}],"wp:term":[{"taxonomy":"category","embeddable":true,"href":"https:\/\/www.correiobraziliense.com.br\/cbradar\/wp-json\/wp\/v2\/categories?post=14026"},{"taxonomy":"post_tag","embeddable":true,"href":"https:\/\/www.correiobraziliense.com.br\/cbradar\/wp-json\/wp\/v2\/post_tag?post=14026"}],"curies":[{"name":"wp","href":"https:\/\/api.w.org\/{rel}","templated":true}]}}