{"id":14041,"date":"2025-03-20T06:50:00","date_gmt":"2025-03-20T09:50:00","guid":{"rendered":"https:\/\/www.correiobraziliense.com.br\/cbradar\/?p=14041"},"modified":"2025-06-29T23:49:07","modified_gmt":"2025-06-30T02:49:07","slug":"a-nova-serie-do-globoplay-que-todo-mundo-esta-falando","status":"publish","type":"post","link":"https:\/\/www.correiobraziliense.com.br\/cbradar\/a-nova-serie-do-globoplay-que-todo-mundo-esta-falando\/","title":{"rendered":"A nova s\u00e9rie do Globoplay que todo mundo est\u00e1 falando"},"content":{"rendered":"\n<p>O fen\u00f4meno das produ\u00e7\u00f5es turcas no Brasil ganhou um novo cap\u00edtulo com <strong>El Turco<\/strong>. A s\u00e9rie chegou ao <a href=\"https:\/\/globotv.globo.com\/\" target=\"_blank\" rel=\"noreferrer noopener\"><strong>Globoplay<\/strong> <\/a>em mar\u00e7o de 2025 e rapidamente se tornou um dos maiores sucessos da plataforma. Com apenas seis epis\u00f3dios, a produ\u00e7\u00e3o conseguiu superar novelas tradicionais e ficou atr\u00e1s apenas do <strong>BBB 25<\/strong> em audi\u00eancia. O que come\u00e7ou como mais uma aposta internacional se transformou em verdadeiro fen\u00f4meno nacional.<\/p>\n\n\n\n<p><strong>Can Yaman<\/strong> retorna \u00e0s <a href=\"https:\/\/www.correiobraziliense.com.br\/cbradar\/conheca-estas-5-series-baseadas-em-historias-reais-da-netflix\/\" target=\"_blank\" rel=\"noreferrer noopener\">telas <\/a>brasileiras tr\u00eas anos ap\u00f3s seus \u00faltimos trabalhos, trazendo uma proposta diferente de suas com\u00e9dias rom\u00e2nticas anteriores. Desta vez, o ator mergulha em um drama hist\u00f3rico ambientado no s\u00e9culo XVII, mostrando uma versatilidade que impressionou tanto cr\u00edticos quanto f\u00e3s. A s\u00e9rie marca tamb\u00e9m um marco para as produ\u00e7\u00f5es turcas: foi a primeira gravada inteiramente em ingl\u00eas, ampliando seu alcance internacional.<\/p>\n\n\n\n<h2 class=\"wp-block-heading\">O que faz esta produ\u00e7\u00e3o ser diferente das outras s\u00e9ries turcas?<\/h2>\n\n\n\n<p><strong>El Turco<\/strong> se destaca por fugir da f\u00f3rmula tradicional das novelas turcas. Enquanto a maioria foca em romances contempor\u00e2neos, esta produ\u00e7\u00e3o mergulha na hist\u00f3ria real do s\u00e9culo XVII. A trama \u00e9 baseada em uma antiga lenda italiana que acontece h\u00e1 mais de 300 anos na vila de <strong>Moena<\/strong>, nos <strong>Alpes italianos<\/strong>. Essa abordagem hist\u00f3rica d\u00e1 peso e autenticidade \u00e0 narrativa.<\/p>\n\n\n\n<p>A produ\u00e7\u00e3o internacional tamb\u00e9m eleva o padr\u00e3o t\u00e9cnico da s\u00e9rie. Com atores de 11 pa\u00edses diferentes, incluindo <strong>Greta Ferro<\/strong>, <strong>Will Kemp<\/strong> e a portuguesa <strong>Madalena Arag\u00e3o<\/strong>, o elenco multinacional traz diferentes sotaques e culturas para a tela. <strong>Can Yaman<\/strong> passou por treinamento intensivo em equita\u00e7\u00e3o, artes marciais, arco e flecha e uso de espadas para interpretar <strong>Hasan Balaban<\/strong>, mostrando o comprometimento da produ\u00e7\u00e3o com a qualidade.<\/p>\n\n\n\n<h2 class=\"wp-block-heading\">Por que o sucesso foi t\u00e3o imediato no Brasil?<\/h2>\n\n\n\n<p>A estrat\u00e9gia de lan\u00e7amento da s\u00e9rie foi certeira. Todos os seis epis\u00f3dios ficaram dispon\u00edveis no <strong>Globoplay<\/strong> desde o primeiro dia, permitindo que os f\u00e3s fizessem maratona completa. Isso criou um buzz imediato nas redes sociais, com espectadores compartilhando opini\u00f5es e teorias sobre a trama. O formato enxuto tamb\u00e9m agradou quem n\u00e3o tem tempo para acompanhar novelas longas.<\/p>\n\n\n\n<p><strong>Can Yaman<\/strong> j\u00e1 tinha uma base de f\u00e3s consolidada no Brasil gra\u00e7as aos sucessos anteriores como <strong>Sr. Errado<\/strong> e <strong>A Sonhadora<\/strong>. O ator soube capitalizar essa popularidade, participando de eventos promocionais e interagindo com f\u00e3s brasileiros. A combina\u00e7\u00e3o de a\u00e7\u00e3o, romance e drama hist\u00f3rico atingiu diferentes p\u00fablicos, desde jovens at\u00e9 telespectadores mais maduros que apreciam narrativas hist\u00f3ricas bem constru\u00eddas.<\/p>\n\n\n\n<h2 class=\"wp-block-heading\">Como a hist\u00f3ria mistura realidade e fic\u00e7\u00e3o?<\/h2>\n\n\n\n<p>A narrativa de <strong>El Turco<\/strong> \u00e9 inspirada no romance de <strong>Orhan Yeniaras<\/strong>, que por sua vez se baseia em eventos reais da <strong>Batalha de Viena<\/strong> em 1683. <strong>Hasan Balaban<\/strong> \u00e9 um soldado otomano ferido que encontra ref\u00fagio na vila italiana de <strong>Moena<\/strong>. L\u00e1, ele se torna protetor dos habitantes contra a opress\u00e3o dos senhores feudais, criando uma lenda que perdura at\u00e9 hoje.<\/p>\n\n\n\n<p>A s\u00e9rie n\u00e3o se limita a retratar batalhas \u00e9picas. Ela explora quest\u00f5es profundas como identidade cultural, pertencimento e a dificuldade de recome\u00e7ar a vida em terra estrangeira. <strong>Balaban<\/strong> precisa conquistar a confian\u00e7a dos alde\u00f5es enquanto lida com seus pr\u00f3prios traumas de guerra. O romance com <strong>Gloria<\/strong>, interpretada por <strong>Greta Ferro<\/strong>, adiciona uma camada emocional que humaniza o protagonista guerreiro.<\/p>\n\n\n\n<h2 class=\"wp-block-heading\">Qual o impacto desta s\u00e9rie para o futuro das produ\u00e7\u00f5es turcas?<\/h2>\n\n\n\n<iframe loading=\"lazy\" width=\"560\" height=\"315\" src=\"https:\/\/www.youtube.com\/embed\/_d-fiLCBCcQ?si=hF9IHpvLrJ5cXm8s\" title=\"YouTube video player\" frameborder=\"0\" allow=\"accelerometer; autoplay; clipboard-write; encrypted-media; gyroscope; picture-in-picture; web-share\" referrerpolicy=\"strict-origin-when-cross-origin\" allowfullscreen><\/iframe>\n\n\n\n<p>O sucesso de <strong>El Turco<\/strong> pode marcar uma mudan\u00e7a importante na estrat\u00e9gia das produ\u00e7\u00f5es turcas para o mercado internacional. Ao ser gravada em ingl\u00eas e contar com elenco multinacional, a s\u00e9rie conseguiu alcan\u00e7ar audi\u00eancias que antes n\u00e3o se interessavam por conte\u00fado turco legendado. Isso abre portas para novos formatos e abordagens.<\/p>\n\n\n\n<p>Para o <strong>Globoplay<\/strong>, o sucesso representa a confirma\u00e7\u00e3o de uma estrat\u00e9gia acertada de investimento em conte\u00fado internacional diversificado. A plataforma j\u00e1 havia apostado em outras produ\u00e7\u00f5es turcas, mas nunca com resultados t\u00e3o expressivos. O fen\u00f4meno <strong>El Turco<\/strong> mostra que o p\u00fablico brasileiro est\u00e1 aberto a narrativas diferentes, desde que sejam bem contadas e tenham qualidade t\u00e9cnica elevada.<\/p>\n\n\n\n<h2 class=\"wp-block-heading\">O que podemos esperar ap\u00f3s este fen\u00f4meno?<\/h2>\n\n\n\n<p>Ainda n\u00e3o h\u00e1 confirma\u00e7\u00e3o oficial sobre uma segunda temporada de <strong>El Turco<\/strong>, mas o sucesso estrondoso certamente coloca press\u00e3o para continuidade. A agenda lotada de <strong>Can Yaman<\/strong> e a complexidade da produ\u00e7\u00e3o internacional podem ser obst\u00e1culos, mas a demanda do p\u00fablico \u00e9 evidente. As redes sociais est\u00e3o repletas de pedidos por mais epis\u00f3dios e continua\u00e7\u00e3o da hist\u00f3ria.<\/p>\n\n\n\n<p>O impacto vai al\u00e9m da s\u00e9rie em si. <strong>El Turco<\/strong> provou que o mercado brasileiro est\u00e1 maduro para receber produ\u00e7\u00f5es internacionais de alta qualidade que fujam do formato tradicional. Isso pode encorajar outras plataformas a investir em conte\u00fados similares, criando uma competi\u00e7\u00e3o saud\u00e1vel que beneficia os espectadores. O sucesso tamb\u00e9m consolida <strong>Can Yaman<\/strong> como um dos atores mais bank\u00e1veis do momento no mercado de streaming brasileiro.<\/p>\n","protected":false},"excerpt":{"rendered":"<p>A nova superprodu\u00e7\u00e3o turca do Globoplay. El Turco combina a\u00e7\u00e3o, romance e drama hist\u00f3rico em uma trama envolvente estrelada por Can Yaman.<\/p>\n","protected":false},"author":3,"featured_media":14043,"comment_status":"open","ping_status":"open","sticky":false,"template":"","format":"standard","meta":{"_yoast_wpseo_focuskw":"Globoplay","_yoast_wpseo_title":"%%title%%","_yoast_wpseo_metadesc":"A nova superprodu\u00e7\u00e3o turca do Globoplay. El Turco combina a\u00e7\u00e3o, romance e drama hist\u00f3rico em uma trama envolvente estrelada por Can Yaman.","jnews-multi-image_gallery":[],"jnews_single_post":{"format":"standard"},"jnews_primary_category":[],"jnews_social_meta":[],"jnews_override_counter":[],"footnotes":""},"categories":[140],"post_tag":[1242,568],"class_list":["post-14041","post","type-post","status-publish","format-standard","has-post-thumbnail","hentry","category-entretenimento","tag-globoplay","tag-series-e-filmes"],"yoast_head":"<!-- This site is optimized with the Yoast SEO plugin v24.6 - https:\/\/yoast.com\/wordpress\/plugins\/seo\/ -->\n<title>A nova s\u00e9rie do Globoplay que todo mundo est\u00e1 falando<\/title>\n<meta name=\"description\" content=\"A nova superprodu\u00e7\u00e3o turca do Globoplay. El Turco combina a\u00e7\u00e3o, romance e drama hist\u00f3rico em uma trama envolvente estrelada por Can Yaman.\" \/>\n<meta name=\"robots\" content=\"index, follow, max-snippet:-1, max-image-preview:large, max-video-preview:-1\" \/>\n<link rel=\"canonical\" href=\"https:\/\/www.correiobraziliense.com.br\/cbradar\/a-nova-serie-do-globoplay-que-todo-mundo-esta-falando\/\" \/>\n<meta property=\"og:locale\" content=\"pt_BR\" \/>\n<meta property=\"og:type\" content=\"article\" \/>\n<meta property=\"og:title\" content=\"A nova s\u00e9rie do Globoplay que todo mundo est\u00e1 falando\" \/>\n<meta property=\"og:description\" content=\"A nova superprodu\u00e7\u00e3o turca do Globoplay. El Turco combina a\u00e7\u00e3o, romance e drama hist\u00f3rico em uma trama envolvente estrelada por Can Yaman.\" \/>\n<meta property=\"og:url\" content=\"https:\/\/www.correiobraziliense.com.br\/cbradar\/a-nova-serie-do-globoplay-que-todo-mundo-esta-falando\/\" \/>\n<meta property=\"og:site_name\" content=\"Correio Braziliense - Radar\" \/>\n<meta property=\"article:published_time\" content=\"2025-03-20T09:50:00+00:00\" \/>\n<meta property=\"article:modified_time\" content=\"2025-06-30T02:49:07+00:00\" \/>\n<meta property=\"og:image\" content=\"https:\/\/www.correiobraziliense.com.br\/cbradar\/wp-content\/uploads\/2025\/03\/El-Turco.png\" \/>\n\t<meta property=\"og:image:width\" content=\"1280\" \/>\n\t<meta property=\"og:image:height\" content=\"720\" \/>\n\t<meta property=\"og:image:type\" content=\"image\/png\" \/>\n<meta name=\"author\" content=\"Larissa Carvalho\" \/>\n<meta name=\"twitter:card\" content=\"summary_large_image\" \/>\n<meta name=\"twitter:label1\" content=\"Escrito por\" \/>\n\t<meta name=\"twitter:data1\" content=\"Larissa Carvalho\" \/>\n\t<meta name=\"twitter:label2\" content=\"Est. tempo de leitura\" \/>\n\t<meta name=\"twitter:data2\" content=\"5 minutos\" \/>\n<!-- \/ Yoast SEO plugin. -->","yoast_head_json":{"title":"A nova s\u00e9rie do Globoplay que todo mundo est\u00e1 falando","description":"A nova superprodu\u00e7\u00e3o turca do Globoplay. El Turco combina a\u00e7\u00e3o, romance e drama hist\u00f3rico em uma trama envolvente estrelada por Can Yaman.","robots":{"index":"index","follow":"follow","max-snippet":"max-snippet:-1","max-image-preview":"max-image-preview:large","max-video-preview":"max-video-preview:-1"},"canonical":"https:\/\/www.correiobraziliense.com.br\/cbradar\/a-nova-serie-do-globoplay-que-todo-mundo-esta-falando\/","og_locale":"pt_BR","og_type":"article","og_title":"A nova s\u00e9rie do Globoplay que todo mundo est\u00e1 falando","og_description":"A nova superprodu\u00e7\u00e3o turca do Globoplay. El Turco combina a\u00e7\u00e3o, romance e drama hist\u00f3rico em uma trama envolvente estrelada por Can Yaman.","og_url":"https:\/\/www.correiobraziliense.com.br\/cbradar\/a-nova-serie-do-globoplay-que-todo-mundo-esta-falando\/","og_site_name":"Correio Braziliense - Radar","article_published_time":"2025-03-20T09:50:00+00:00","article_modified_time":"2025-06-30T02:49:07+00:00","og_image":[{"width":1280,"height":720,"url":"https:\/\/www.correiobraziliense.com.br\/cbradar\/wp-content\/uploads\/2025\/03\/El-Turco.png","type":"image\/png"}],"author":"Larissa Carvalho","twitter_card":"summary_large_image","twitter_misc":{"Escrito por":"Larissa Carvalho","Est. tempo de leitura":"5 minutos"},"schema":{"@context":"https:\/\/schema.org","@graph":[{"@type":"WebPage","@id":"https:\/\/www.correiobraziliense.com.br\/cbradar\/a-nova-serie-do-globoplay-que-todo-mundo-esta-falando\/","url":"https:\/\/www.correiobraziliense.com.br\/cbradar\/a-nova-serie-do-globoplay-que-todo-mundo-esta-falando\/","name":"A nova s\u00e9rie do Globoplay que todo mundo est\u00e1 falando","isPartOf":{"@id":"https:\/\/www.correiobraziliense.com.br\/cbradar\/#website"},"primaryImageOfPage":{"@id":"https:\/\/www.correiobraziliense.com.br\/cbradar\/a-nova-serie-do-globoplay-que-todo-mundo-esta-falando\/#primaryimage"},"image":{"@id":"https:\/\/www.correiobraziliense.com.br\/cbradar\/a-nova-serie-do-globoplay-que-todo-mundo-esta-falando\/#primaryimage"},"thumbnailUrl":"https:\/\/www.correiobraziliense.com.br\/cbradar\/wp-content\/uploads\/2025\/03\/El-Turco.png","datePublished":"2025-03-20T09:50:00+00:00","dateModified":"2025-06-30T02:49:07+00:00","author":{"@id":"https:\/\/www.correiobraziliense.com.br\/cbradar\/#\/schema\/person\/58422787644df994b53a19d3e56c1513"},"description":"A nova superprodu\u00e7\u00e3o turca do Globoplay. El Turco combina a\u00e7\u00e3o, romance e drama hist\u00f3rico em uma trama envolvente estrelada por Can Yaman.","breadcrumb":{"@id":"https:\/\/www.correiobraziliense.com.br\/cbradar\/a-nova-serie-do-globoplay-que-todo-mundo-esta-falando\/#breadcrumb"},"inLanguage":"pt-BR","potentialAction":[{"@type":"ReadAction","target":["https:\/\/www.correiobraziliense.com.br\/cbradar\/a-nova-serie-do-globoplay-que-todo-mundo-esta-falando\/"]}]},{"@type":"ImageObject","inLanguage":"pt-BR","@id":"https:\/\/www.correiobraziliense.com.br\/cbradar\/a-nova-serie-do-globoplay-que-todo-mundo-esta-falando\/#primaryimage","url":"https:\/\/www.correiobraziliense.com.br\/cbradar\/wp-content\/uploads\/2025\/03\/El-Turco.png","contentUrl":"https:\/\/www.correiobraziliense.com.br\/cbradar\/wp-content\/uploads\/2025\/03\/El-Turco.png","width":1280,"height":720,"caption":"El Turco. Fonte: divulga\u00e7\u00e3o \/ Globoplay"},{"@type":"BreadcrumbList","@id":"https:\/\/www.correiobraziliense.com.br\/cbradar\/a-nova-serie-do-globoplay-que-todo-mundo-esta-falando\/#breadcrumb","itemListElement":[{"@type":"ListItem","position":1,"name":"In\u00edcio","item":"https:\/\/www.correiobraziliense.com.br\/cbradar\/"},{"@type":"ListItem","position":2,"name":"A nova s\u00e9rie do Globoplay que todo mundo est\u00e1 falando"}]},{"@type":"WebSite","@id":"https:\/\/www.correiobraziliense.com.br\/cbradar\/#website","url":"https:\/\/www.correiobraziliense.com.br\/cbradar\/","name":"Correio Braziliense - Radar","description":"Acompanhe as \u00faltimas not\u00edcias e fique bem informado sobre tudo o que acontece no Brasil e no mundo.","potentialAction":[{"@type":"SearchAction","target":{"@type":"EntryPoint","urlTemplate":"https:\/\/www.correiobraziliense.com.br\/cbradar\/?s={search_term_string}"},"query-input":{"@type":"PropertyValueSpecification","valueRequired":true,"valueName":"search_term_string"}}],"inLanguage":"pt-BR"},{"@type":"Person","@id":"https:\/\/www.correiobraziliense.com.br\/cbradar\/#\/schema\/person\/58422787644df994b53a19d3e56c1513","name":"Larissa Carvalho","image":{"@type":"ImageObject","inLanguage":"pt-BR","@id":"https:\/\/www.correiobraziliense.com.br\/cbradar\/#\/schema\/person\/image\/","url":"https:\/\/secure.gravatar.com\/avatar\/fe4f91a0de32b52a838d0d612abdc1aa?s=96&d=mm&r=g","contentUrl":"https:\/\/secure.gravatar.com\/avatar\/fe4f91a0de32b52a838d0d612abdc1aa?s=96&d=mm&r=g","caption":"Larissa Carvalho"},"url":"https:\/\/www.correiobraziliense.com.br\/cbradar\/author\/larissamyth\/"}]}},"_links":{"self":[{"href":"https:\/\/www.correiobraziliense.com.br\/cbradar\/wp-json\/wp\/v2\/posts\/14041","targetHints":{"allow":["GET"]}}],"collection":[{"href":"https:\/\/www.correiobraziliense.com.br\/cbradar\/wp-json\/wp\/v2\/posts"}],"about":[{"href":"https:\/\/www.correiobraziliense.com.br\/cbradar\/wp-json\/wp\/v2\/types\/post"}],"author":[{"embeddable":true,"href":"https:\/\/www.correiobraziliense.com.br\/cbradar\/wp-json\/wp\/v2\/users\/3"}],"replies":[{"embeddable":true,"href":"https:\/\/www.correiobraziliense.com.br\/cbradar\/wp-json\/wp\/v2\/comments?post=14041"}],"version-history":[{"count":2,"href":"https:\/\/www.correiobraziliense.com.br\/cbradar\/wp-json\/wp\/v2\/posts\/14041\/revisions"}],"predecessor-version":[{"id":61615,"href":"https:\/\/www.correiobraziliense.com.br\/cbradar\/wp-json\/wp\/v2\/posts\/14041\/revisions\/61615"}],"wp:featuredmedia":[{"embeddable":true,"href":"https:\/\/www.correiobraziliense.com.br\/cbradar\/wp-json\/wp\/v2\/media\/14043"}],"wp:attachment":[{"href":"https:\/\/www.correiobraziliense.com.br\/cbradar\/wp-json\/wp\/v2\/media?parent=14041"}],"wp:term":[{"taxonomy":"category","embeddable":true,"href":"https:\/\/www.correiobraziliense.com.br\/cbradar\/wp-json\/wp\/v2\/categories?post=14041"},{"taxonomy":"post_tag","embeddable":true,"href":"https:\/\/www.correiobraziliense.com.br\/cbradar\/wp-json\/wp\/v2\/post_tag?post=14041"}],"curies":[{"name":"wp","href":"https:\/\/api.w.org\/{rel}","templated":true}]}}