{"id":140638,"date":"2025-11-20T13:15:00","date_gmt":"2025-11-20T16:15:00","guid":{"rendered":"https:\/\/www.correiobraziliense.com.br\/cbradar\/?p=140638"},"modified":"2025-11-19T11:23:34","modified_gmt":"2025-11-19T14:23:34","slug":"conheca-o-antibiotico-natural-mais-poderoso-para-imunidade-e-respiracao","status":"publish","type":"post","link":"https:\/\/www.correiobraziliense.com.br\/cbradar\/conheca-o-antibiotico-natural-mais-poderoso-para-imunidade-e-respiracao\/","title":{"rendered":"Conhe\u00e7a o antibi\u00f3tico natural mais poderoso para imunidade e respira\u00e7\u00e3o"},"content":{"rendered":"\n<p>O\u00a0<strong>Tomilho<\/strong>, cientificamente conhecido como\u00a0<em>Thymus vulgaris<\/em>, \u00e9 uma planta arom\u00e1tica que desempenha um papel significativo tanto na cozinha quanto na medicina tradicional. Origin\u00e1rio da regi\u00e3o do Mediterr\u00e2neo, seu cultivo se espalhou por diversas partes do mundo ao longo dos s\u00e9culos devido aos seus in\u00fameros usos e benef\u00edcios. Este artigo explora as propriedades terap\u00eauticas e as aplica\u00e7\u00f5es pr\u00e1ticas do Tomilho, fundamentadas por estudos cient\u00edficos recentes.<\/p>\n\n\n\n<p>Com as suas folhas pequenas e perfumadas, o Tomilho n\u00e3o \u00e9 apenas um tempero comum na culin\u00e1ria, mas tamb\u00e9m um potente aliado na promo\u00e7\u00e3o da sa\u00fade. De acordo com pesquisas, seus compostos ativos, como o\u00a0<em>timol<\/em>\u00a0e\u00a0<em>carvacrol<\/em>, conferem-lhe propriedades antibacterianas e antioxidantes impressionantes.<\/p>\n\n\n\n<h2 class=\"wp-block-heading\">Como o Tomilho beneficia a sa\u00fade?<\/h2>\n\n\n\n<p>Os compostos qu\u00edmicos presentes no Tomilho oferecem uma s\u00e9rie de benef\u00edcios \u00e0 <a href=\"https:\/\/www.correiobraziliense.com.br\/cbradar\/dra-najla-smaili-pele-jovem-e-bonita-exige-rotina-e-nao-milagre\/\" target=\"_blank\" rel=\"noreferrer noopener\">sa\u00fade<\/a>. Um dos aspectos mais not\u00e1veis \u00e9 a sua\u00a0<strong>a\u00e7\u00e3o antimicrobiana<\/strong>. Estudos indicam que os \u00f3leos essenciais extra\u00eddos dessa erva podem combater efetivamente bact\u00e9rias como o\u00a0<em>Staphylococcus aureus<\/em>\u00a0e\u00a0<em>Escherichia coli<\/em>, tornando-se \u00fateis para tratar infec\u00e7\u00f5es leves. Tal qualidades s\u00e3o potenciadas pela capacidade do Tomilho de destruir membranas celulares microbianas, impedindo o crescimento de pat\u00f3genos.<\/p>\n\n\n\n<p>Al\u00e9m disso, a\u00a0<strong>atividade antioxidante<\/strong>\u00a0do Tomilho est\u00e1 associada ao seu potencial de neutralizar radicais livres, agentes que danificam as c\u00e9lulas e promovem o envelhecimento precocemente. O consumo regular desta erva pode, assim, atuar na preven\u00e7\u00e3o de doen\u00e7as cr\u00f4nicas ligadas ao estresse oxidativo e \u00e0 inflama\u00e7\u00e3o celular.<\/p>\n\n\n\n<figure class=\"wp-block-image aligncenter size-large\"><img decoding=\"async\" width=\"1024\" height=\"576\" src=\"https:\/\/www.correiobraziliense.com.br\/cbradar\/wp-content\/uploads\/2025\/05\/tomilho_1748266124432-1024x576.jpg\" alt=\"\" class=\"wp-image-43075\" srcset=\"https:\/\/www.correiobraziliense.com.br\/cbradar\/wp-content\/uploads\/2025\/05\/tomilho_1748266124432-1024x576.jpg 1024w, https:\/\/www.correiobraziliense.com.br\/cbradar\/wp-content\/uploads\/2025\/05\/tomilho_1748266124432-300x169.jpg 300w, https:\/\/www.correiobraziliense.com.br\/cbradar\/wp-content\/uploads\/2025\/05\/tomilho_1748266124432-768x432.jpg 768w, https:\/\/www.correiobraziliense.com.br\/cbradar\/wp-content\/uploads\/2025\/05\/tomilho_1748266124432-750x422.jpg 750w, https:\/\/www.correiobraziliense.com.br\/cbradar\/wp-content\/uploads\/2025\/05\/tomilho_1748266124432-1140x641.jpg 1140w, https:\/\/www.correiobraziliense.com.br\/cbradar\/wp-content\/uploads\/2025\/05\/tomilho_1748266124432.jpg 1280w\" sizes=\"(max-width: 1024px) 100vw, 1024px\" \/><figcaption class=\"wp-element-caption\">Rico em \u00f3leos essenciais, o tomilho fortalece o sistema respirat\u00f3rio e atua como expectorante natural. Veja como preparar ch\u00e1s e inala\u00e7\u00f5es. &#8211; Cr\u00e9ditos: depositphotos.com \/ Katyjay\n<\/figcaption><\/figure>\n\n\n\n<h2 class=\"wp-block-heading\">Por que o Tomilho \u00e9 um aliado da sa\u00fade respirat\u00f3ria?<\/h2>\n\n\n\n<p>Outro campo de aplica\u00e7\u00e3o not\u00e1vel do Tomilho est\u00e1 nos\u00a0<strong>benef\u00edcios respirat\u00f3rios<\/strong>. Historicamente, esta planta \u00e9 utilizada para aliviar sintomas de afec\u00e7\u00f5es respirat\u00f3rias, como a tosse e a bronquite. Seus componentes atuam como expectorantes, ajudando a fluidificar o muco e facilitando a respira\u00e7\u00e3o. Os ch\u00e1s e infus\u00f5es de Tomilho s\u00e3o comumente preparados para aproveitar esses efeitos, proporcionando al\u00edvio em casos de resfriados e gripes.<\/p>\n\n\n\n<h2 class=\"wp-block-heading\">Como o Tomilho afeta o fortalecimento do sistema imunol\u00f3gico?<\/h2>\n\n\n\n<p>O Tomilho tamb\u00e9m \u00e9 conhecido por suas propriedades que fortalecem o\u00a0<strong>sistema imunol\u00f3gico<\/strong>. Estudos apontam que os compostos bioativos presentes na planta podem estimular a produ\u00e7\u00e3o de c\u00e9lulas de defesa, melhorando a resist\u00eancia do organismo a infec\u00e7\u00f5es sazonais. Esse refor\u00e7o \u00e9 atribu\u00eddo \u00e0 capacidade do Tomilho de influenciar positivamente a resposta imune, reduzindo a frequ\u00eancia de doen\u00e7as infecciosas.<\/p>\n\n\n\n<h2 class=\"wp-block-heading\">Como incorporar o Tomilho na vida cotidiana?<\/h2>\n\n\n\n<p>A introdu\u00e7\u00e3o do Tomilho na dieta pode ser feita de formas variadas e saborosas. Na culin\u00e1ria, ele pode ser usado para temperar carnes, sopas e molhos, real\u00e7ando o sabor dos pratos. Al\u00e9m disso, o Tomilho \u00e9 amplamente utilizado em ch\u00e1s e prepara\u00e7\u00f5es de aromaterapia, explorando suas propriedades terap\u00eauticas. A inclus\u00e3o dessa erva na rotina di\u00e1ria permite aproveitar seus benef\u00edcios curativos de forma natural e segura.<\/p>\n\n\n\n<p>Em vista das evid\u00eancias cient\u00edficas que confirmam suas propriedades antimicrobianas e antioxidantes, o Tomilho se posiciona como uma op\u00e7\u00e3o eficiente e acess\u00edvel para quem busca melhorar a sa\u00fade de maneira natural. Seja por meio da culin\u00e1ria ou de prepara\u00e7\u00f5es terap\u00eauticas, o Tomilho continuar\u00e1 a ser valorizado por sua efic\u00e1cia comprovada e versatilidade incompar\u00e1vel.<\/p>\n\n\n<a href=\"https:\/\/www.instagram.com\/dra.annaluisabf\/\" target=\"_blank\" rel=\"noopener\" style=\"text-decoration: none; color: inherit;\">\n    <span style=\"display: inline-block; border: 1px solid #ccc; border-radius: 10px; padding: 15px; max-width: 550px; font-family: sans-serif; box-shadow: 0 2px 5px rgba(0,0,0,0.1); width: 100%;\">\n\n      <!-- T\u00edtulo -->\n      <span style=\"display: block; margin: 0 0 15px 0; font-weight: bold; color: #2c3e50; text-align: center;\">\n        Entre em contato:\n      <\/span>\n\n      <!-- Linha do perfil -->\n      <span style=\"display: flex; align-items: center; gap: 15px;\">\n        <img decoding=\"async\"\n          src=\"https:\/\/www.correiobraziliense.com.br\/cbradar\/wp-content\/uploads\/2025\/08\/dra_anna_luisa.jpeg\"\n          alt=\"Foto da Dra. Anna Lu\u00edsa\"\n          style=\"border-radius: 50%; width: 80px; height: 80px; object-fit: cover;\"\n        \/>\n        <span style=\"display: flex; flex-direction: column;\">\n          <span style=\"font-size: 18px; font-weight: 700; color: #2c3e50;\">Dra. Anna Lu\u00edsa Barbosa Fernandes<\/span>\n          <span style=\"color: #555;\">CRM-GO 33.271<\/span>\n        <\/span>\n      <\/span>\n\n      <!-- Redes -->\n      <span style=\"display: flex; align-items: center; gap: 10px; margin-top: 12px;\">\n        <img decoding=\"async\" src=\"https:\/\/cdn-icons-png.flaticon.com\/24\/1384\/1384063.png\" alt=\"Instagram\" width=\"24\" height=\"24\" \/>\n        <span style=\"text-decoration: underline; color: #2c3e50;\">@dra.annaluisabf<\/span>\n      <\/span>\n\n    <\/span>\n  <\/a>","protected":false},"excerpt":{"rendered":"<p>O\u00a0Tomilho, cientificamente conhecido como\u00a0Thymus vulgaris, \u00e9 uma planta arom\u00e1tica que desempenha um papel significativo tanto na cozinha quanto na medicina tradicional. Origin\u00e1rio da regi\u00e3o do Mediterr\u00e2neo, seu cultivo se espalhou por diversas partes do mundo ao longo dos s\u00e9culos devido aos seus in\u00fameros usos e benef\u00edcios. Este artigo explora as propriedades terap\u00eauticas e as aplica\u00e7\u00f5es [&hellip;]<\/p>\n","protected":false},"author":14,"featured_media":43074,"comment_status":"open","ping_status":"open","sticky":false,"template":"","format":"standard","meta":{"_yoast_wpseo_focuskw":"Tomilho","_yoast_wpseo_title":"","_yoast_wpseo_metadesc":"Pesquisas mostram que o tomilho tem efeitos que v\u00e3o muito al\u00e9m do sabor. Veja por que essa erva conquistou especialistas.","jnews-multi-image_gallery":[],"jnews_single_post":{"format":"standard"},"jnews_primary_category":[],"jnews_social_meta":[],"jnews_override_counter":[],"footnotes":""},"categories":[4404],"post_tag":[281,120,1318],"class_list":["post-140638","post","type-post","status-publish","format-standard","has-post-thumbnail","hentry","category-saude","tag-alimentacao","tag-bem-estar","tag-saude-2"],"yoast_head":"<!-- This site is optimized with the Yoast SEO plugin v24.6 - https:\/\/yoast.com\/wordpress\/plugins\/seo\/ -->\n<title>Conhe\u00e7a o antibi\u00f3tico natural mais poderoso para imunidade e respira\u00e7\u00e3o - Correio Braziliense - Radar<\/title>\n<meta name=\"description\" content=\"Pesquisas mostram que o tomilho tem efeitos que v\u00e3o muito al\u00e9m do sabor. Veja por que essa erva conquistou especialistas.\" \/>\n<meta name=\"robots\" content=\"index, follow, max-snippet:-1, max-image-preview:large, max-video-preview:-1\" \/>\n<link rel=\"canonical\" href=\"https:\/\/www.correiobraziliense.com.br\/cbradar\/conheca-o-antibiotico-natural-mais-poderoso-para-imunidade-e-respiracao\/\" \/>\n<meta property=\"og:locale\" content=\"pt_BR\" \/>\n<meta property=\"og:type\" content=\"article\" \/>\n<meta property=\"og:title\" content=\"Conhe\u00e7a o antibi\u00f3tico natural mais poderoso para imunidade e respira\u00e7\u00e3o - Correio Braziliense - Radar\" \/>\n<meta property=\"og:description\" content=\"Pesquisas mostram que o tomilho tem efeitos que v\u00e3o muito al\u00e9m do sabor. Veja por que essa erva conquistou especialistas.\" \/>\n<meta property=\"og:url\" content=\"https:\/\/www.correiobraziliense.com.br\/cbradar\/conheca-o-antibiotico-natural-mais-poderoso-para-imunidade-e-respiracao\/\" \/>\n<meta property=\"og:site_name\" content=\"Correio Braziliense - Radar\" \/>\n<meta property=\"article:published_time\" content=\"2025-11-20T16:15:00+00:00\" \/>\n<meta property=\"og:image\" content=\"https:\/\/www.correiobraziliense.com.br\/cbradar\/wp-content\/uploads\/2025\/05\/tomilho_1748266081100.jpg\" \/>\n\t<meta property=\"og:image:width\" content=\"1280\" \/>\n\t<meta property=\"og:image:height\" content=\"720\" \/>\n\t<meta property=\"og:image:type\" content=\"image\/jpeg\" \/>\n<meta name=\"author\" content=\"guilherme_saude\" \/>\n<meta name=\"twitter:card\" content=\"summary_large_image\" \/>\n<meta name=\"twitter:label1\" content=\"Escrito por\" \/>\n\t<meta name=\"twitter:data1\" content=\"guilherme_saude\" \/>\n\t<meta name=\"twitter:label2\" content=\"Est. tempo de leitura\" \/>\n\t<meta name=\"twitter:data2\" content=\"7 minutos\" \/>\n<!-- \/ Yoast SEO plugin. -->","yoast_head_json":{"title":"Conhe\u00e7a o antibi\u00f3tico natural mais poderoso para imunidade e respira\u00e7\u00e3o - Correio Braziliense - Radar","description":"Pesquisas mostram que o tomilho tem efeitos que v\u00e3o muito al\u00e9m do sabor. Veja por que essa erva conquistou especialistas.","robots":{"index":"index","follow":"follow","max-snippet":"max-snippet:-1","max-image-preview":"max-image-preview:large","max-video-preview":"max-video-preview:-1"},"canonical":"https:\/\/www.correiobraziliense.com.br\/cbradar\/conheca-o-antibiotico-natural-mais-poderoso-para-imunidade-e-respiracao\/","og_locale":"pt_BR","og_type":"article","og_title":"Conhe\u00e7a o antibi\u00f3tico natural mais poderoso para imunidade e respira\u00e7\u00e3o - Correio Braziliense - Radar","og_description":"Pesquisas mostram que o tomilho tem efeitos que v\u00e3o muito al\u00e9m do sabor. Veja por que essa erva conquistou especialistas.","og_url":"https:\/\/www.correiobraziliense.com.br\/cbradar\/conheca-o-antibiotico-natural-mais-poderoso-para-imunidade-e-respiracao\/","og_site_name":"Correio Braziliense - Radar","article_published_time":"2025-11-20T16:15:00+00:00","og_image":[{"width":1280,"height":720,"url":"https:\/\/www.correiobraziliense.com.br\/cbradar\/wp-content\/uploads\/2025\/05\/tomilho_1748266081100.jpg","type":"image\/jpeg"}],"author":"guilherme_saude","twitter_card":"summary_large_image","twitter_misc":{"Escrito por":"guilherme_saude","Est. tempo de leitura":"7 minutos"},"schema":{"@context":"https:\/\/schema.org","@graph":[{"@type":"WebPage","@id":"https:\/\/www.correiobraziliense.com.br\/cbradar\/conheca-o-antibiotico-natural-mais-poderoso-para-imunidade-e-respiracao\/","url":"https:\/\/www.correiobraziliense.com.br\/cbradar\/conheca-o-antibiotico-natural-mais-poderoso-para-imunidade-e-respiracao\/","name":"Conhe\u00e7a o antibi\u00f3tico natural mais poderoso para imunidade e respira\u00e7\u00e3o - Correio Braziliense - Radar","isPartOf":{"@id":"https:\/\/www.correiobraziliense.com.br\/cbradar\/#website"},"primaryImageOfPage":{"@id":"https:\/\/www.correiobraziliense.com.br\/cbradar\/conheca-o-antibiotico-natural-mais-poderoso-para-imunidade-e-respiracao\/#primaryimage"},"image":{"@id":"https:\/\/www.correiobraziliense.com.br\/cbradar\/conheca-o-antibiotico-natural-mais-poderoso-para-imunidade-e-respiracao\/#primaryimage"},"thumbnailUrl":"https:\/\/www.correiobraziliense.com.br\/cbradar\/wp-content\/uploads\/2025\/05\/tomilho_1748266081100.jpg","datePublished":"2025-11-20T16:15:00+00:00","author":{"@id":"https:\/\/www.correiobraziliense.com.br\/cbradar\/#\/schema\/person\/5aa4bf3c8fa699c267933611de12978b"},"description":"Pesquisas mostram que o tomilho tem efeitos que v\u00e3o muito al\u00e9m do sabor. Veja por que essa erva conquistou especialistas.","breadcrumb":{"@id":"https:\/\/www.correiobraziliense.com.br\/cbradar\/conheca-o-antibiotico-natural-mais-poderoso-para-imunidade-e-respiracao\/#breadcrumb"},"inLanguage":"pt-BR","potentialAction":[{"@type":"ReadAction","target":["https:\/\/www.correiobraziliense.com.br\/cbradar\/conheca-o-antibiotico-natural-mais-poderoso-para-imunidade-e-respiracao\/"]}]},{"@type":"ImageObject","inLanguage":"pt-BR","@id":"https:\/\/www.correiobraziliense.com.br\/cbradar\/conheca-o-antibiotico-natural-mais-poderoso-para-imunidade-e-respiracao\/#primaryimage","url":"https:\/\/www.correiobraziliense.com.br\/cbradar\/wp-content\/uploads\/2025\/05\/tomilho_1748266081100.jpg","contentUrl":"https:\/\/www.correiobraziliense.com.br\/cbradar\/wp-content\/uploads\/2025\/05\/tomilho_1748266081100.jpg","width":1280,"height":720,"caption":"Tomilho - Cr\u00e9ditos: depositphotos.com \/ VadimVasenin"},{"@type":"BreadcrumbList","@id":"https:\/\/www.correiobraziliense.com.br\/cbradar\/conheca-o-antibiotico-natural-mais-poderoso-para-imunidade-e-respiracao\/#breadcrumb","itemListElement":[{"@type":"ListItem","position":1,"name":"In\u00edcio","item":"https:\/\/www.correiobraziliense.com.br\/cbradar\/"},{"@type":"ListItem","position":2,"name":"Conhe\u00e7a o antibi\u00f3tico natural mais poderoso para imunidade e respira\u00e7\u00e3o"}]},{"@type":"WebSite","@id":"https:\/\/www.correiobraziliense.com.br\/cbradar\/#website","url":"https:\/\/www.correiobraziliense.com.br\/cbradar\/","name":"Correio Braziliense - Radar","description":"Acompanhe as \u00faltimas not\u00edcias e fique bem informado sobre tudo o que acontece no Brasil e no mundo.","potentialAction":[{"@type":"SearchAction","target":{"@type":"EntryPoint","urlTemplate":"https:\/\/www.correiobraziliense.com.br\/cbradar\/?s={search_term_string}"},"query-input":{"@type":"PropertyValueSpecification","valueRequired":true,"valueName":"search_term_string"}}],"inLanguage":"pt-BR"},{"@type":"Person","@id":"https:\/\/www.correiobraziliense.com.br\/cbradar\/#\/schema\/person\/5aa4bf3c8fa699c267933611de12978b","name":"guilherme_saude","image":{"@type":"ImageObject","inLanguage":"pt-BR","@id":"https:\/\/www.correiobraziliense.com.br\/cbradar\/#\/schema\/person\/image\/","url":"https:\/\/secure.gravatar.com\/avatar\/df9adfb835d344bc0af109d41756253f?s=96&d=mm&r=g","contentUrl":"https:\/\/secure.gravatar.com\/avatar\/df9adfb835d344bc0af109d41756253f?s=96&d=mm&r=g","caption":"guilherme_saude"},"url":"https:\/\/www.correiobraziliense.com.br\/cbradar\/author\/guilherme_saude\/"}]}},"_links":{"self":[{"href":"https:\/\/www.correiobraziliense.com.br\/cbradar\/wp-json\/wp\/v2\/posts\/140638","targetHints":{"allow":["GET"]}}],"collection":[{"href":"https:\/\/www.correiobraziliense.com.br\/cbradar\/wp-json\/wp\/v2\/posts"}],"about":[{"href":"https:\/\/www.correiobraziliense.com.br\/cbradar\/wp-json\/wp\/v2\/types\/post"}],"author":[{"embeddable":true,"href":"https:\/\/www.correiobraziliense.com.br\/cbradar\/wp-json\/wp\/v2\/users\/14"}],"replies":[{"embeddable":true,"href":"https:\/\/www.correiobraziliense.com.br\/cbradar\/wp-json\/wp\/v2\/comments?post=140638"}],"version-history":[{"count":1,"href":"https:\/\/www.correiobraziliense.com.br\/cbradar\/wp-json\/wp\/v2\/posts\/140638\/revisions"}],"predecessor-version":[{"id":140642,"href":"https:\/\/www.correiobraziliense.com.br\/cbradar\/wp-json\/wp\/v2\/posts\/140638\/revisions\/140642"}],"wp:featuredmedia":[{"embeddable":true,"href":"https:\/\/www.correiobraziliense.com.br\/cbradar\/wp-json\/wp\/v2\/media\/43074"}],"wp:attachment":[{"href":"https:\/\/www.correiobraziliense.com.br\/cbradar\/wp-json\/wp\/v2\/media?parent=140638"}],"wp:term":[{"taxonomy":"category","embeddable":true,"href":"https:\/\/www.correiobraziliense.com.br\/cbradar\/wp-json\/wp\/v2\/categories?post=140638"},{"taxonomy":"post_tag","embeddable":true,"href":"https:\/\/www.correiobraziliense.com.br\/cbradar\/wp-json\/wp\/v2\/post_tag?post=140638"}],"curies":[{"name":"wp","href":"https:\/\/api.w.org\/{rel}","templated":true}]}}