{"id":140687,"date":"2025-11-20T06:45:00","date_gmt":"2025-11-20T09:45:00","guid":{"rendered":"https:\/\/www.correiobraziliense.com.br\/cbradar\/?p=140687"},"modified":"2025-11-19T21:09:22","modified_gmt":"2025-11-20T00:09:22","slug":"o-truque-infalivel-para-cuidar-do-seu-calcado-e-evitar-que-ele-se-deteriore-com-o-tempo","status":"publish","type":"post","link":"https:\/\/www.correiobraziliense.com.br\/cbradar\/o-truque-infalivel-para-cuidar-do-seu-calcado-e-evitar-que-ele-se-deteriore-com-o-tempo\/","title":{"rendered":"O truque infal\u00edvel para cuidar do seu cal\u00e7ado e evitar que ele se deteriore com o tempo"},"content":{"rendered":"\n<p>Os sapatos de couro fazem parte da base de qualquer cole\u00e7\u00e3o de cal\u00e7ados e se destacam por sua <strong>resist\u00eancia<\/strong>, <strong>versatilidade<\/strong> e toque de <strong>eleg\u00e2ncia<\/strong>. Por\u00e9m, sendo um material natural, sofrem com o ressecamento, as rachaduras e as rugas causadas pelo tempo e uso cont\u00ednuo, tornando o cuidado e a hidrata\u00e7\u00e3o fundamentais para manter sua apar\u00eancia e durabilidade.<\/p>\n\n\n\n<h2 class=\"wp-block-heading\">Como o cuidado influencia a durabilidade dos sapatos de couro<\/h2>\n\n\n\n<p>O couro, por sua natureza, precisa de uma hidrata\u00e7\u00e3o constante para n\u00e3o perder seus <strong>\u00f3leos naturais<\/strong>. A exposi\u00e7\u00e3o a fatores como <strong>clima seco<\/strong>, <strong>poeira<\/strong>, <strong>luz solar<\/strong> e <strong>suor<\/strong> acelera o ressecamento, prejudicando n\u00e3o apenas a est\u00e9tica, mas a resist\u00eancia do cal\u00e7ado. Ignorar o cuidado pode resultar em danos vis\u00edveis que comprometem toda estrutura do sapato.<\/p>\n\n\n\n<p>Al\u00e9m disso, um couro mal cuidado pode endurecer com o tempo, tornando-se desconfort\u00e1vel e propenso a rachaduras. Esses fatores refor\u00e7am o qu\u00e3o essencial \u00e9 adotar pr\u00e1ticas de cuidado constantes para quem deseja sapatos sempre bonitos e funcionais.<\/p>\n\n\n\n<figure class=\"wp-block-image size-large\"><img decoding=\"async\" width=\"1024\" height=\"576\" src=\"https:\/\/www.correiobraziliense.com.br\/cbradar\/wp-content\/uploads\/2025\/11\/mosaico_1763597192044-1024x576.jpg\" alt=\"O truque infal\u00edvel para cuidar do seu cal\u00e7ado e evitar que ele se deteriore com o tempo\" class=\"wp-image-140916\" srcset=\"https:\/\/www.correiobraziliense.com.br\/cbradar\/wp-content\/uploads\/2025\/11\/mosaico_1763597192044-1024x576.jpg 1024w, https:\/\/www.correiobraziliense.com.br\/cbradar\/wp-content\/uploads\/2025\/11\/mosaico_1763597192044-300x169.jpg 300w, https:\/\/www.correiobraziliense.com.br\/cbradar\/wp-content\/uploads\/2025\/11\/mosaico_1763597192044-768x432.jpg 768w, https:\/\/www.correiobraziliense.com.br\/cbradar\/wp-content\/uploads\/2025\/11\/mosaico_1763597192044-750x422.jpg 750w, https:\/\/www.correiobraziliense.com.br\/cbradar\/wp-content\/uploads\/2025\/11\/mosaico_1763597192044-1140x641.jpg 1140w, https:\/\/www.correiobraziliense.com.br\/cbradar\/wp-content\/uploads\/2025\/11\/mosaico_1763597192044.jpg 1280w\" sizes=\"(max-width: 1024px) 100vw, 1024px\" \/><figcaption class=\"wp-element-caption\">Preserve a beleza do couro cuidando e hidratando seus sapatos com carinho e aten\u00e7\u00e3o. Cr\u00e9ditos: depositphotos.com \/ IgorTishenko e Cr\u00e9ditos: depositphotos.com \/ petrkahanek<\/figcaption><\/figure>\n\n\n\n<h2 class=\"wp-block-heading\">Quais benef\u00edcios a hidrata\u00e7\u00e3o regular traz aos sapatos de couro<\/h2>\n\n\n\n<p>Manter a hidrata\u00e7\u00e3o do couro oferece vantagens como conservar a <strong>textura macia<\/strong>, o <strong>brilho natural<\/strong> e a <strong>flexibilidade<\/strong>. Esse cuidado evita que se compre novos pares com frequ\u00eancia, gerando economia e valorizando seu investimento.<\/p>\n\n\n\n<p>A seguir, apresentamos os principais benef\u00edcios de hidratar periodicamente os sapatos de couro:<\/p>\n\n\n\n<ul class=\"wp-block-list\">\n<li><strong>Prolonga a vida \u00fatil<\/strong> dos cal\u00e7ados e previne fissuras.<\/li>\n\n\n\n<li>Garante um <strong>aspecto elegante e limpo<\/strong> por mais tempo.<\/li>\n\n\n\n<li>Cria uma <strong>barreira contra impurezas<\/strong> e umidade.<\/li>\n\n\n\n<li>Ajuda a manter o conforto e acabamento original.<\/li>\n<\/ul>\n\n\n\n<p>Leia tamb\u00e9m: <a href=\"https:\/\/www.correiobraziliense.com.br\/cbradar\/o-jeito-mais-eficiente-e-higienico-de-organizar-seus-calcados-na-mala\/\" target=\"_blank\" rel=\"noreferrer noopener\">O jeito mais eficiente e higi\u00eanico de organizar seus cal\u00e7ados na mala<\/a><\/p>\n\n\n\n<h2 class=\"wp-block-heading\">Descubra o passo a passo para hidratar sapatos de couro com efici\u00eancia<\/h2>\n\n\n\n<p>Manter seus sapatos hidratados n\u00e3o precisa ser complicado: um m\u00e9todo simples j\u00e1 pode garantir bons resultados. Veja, abaixo, um roteiro f\u00e1cil adotado por especialistas para cuidar do couro e destacar a beleza natural do material.<\/p>\n\n\n\n<ol class=\"wp-block-list\">\n<li><strong>Limpe os sapatos:<\/strong> Retire a poeira e sujeira superficial usando um pano \u00famido.<\/li>\n\n\n\n<li><strong>Aplique um hidratante apropriado:<\/strong> Escolha produtos espec\u00edficos para couro e siga exatamente as instru\u00e7\u00f5es do fabricante.<\/li>\n\n\n\n<li><strong>Deixe o produto agir:<\/strong> Permita que a hidrata\u00e7\u00e3o penetre por algumas horas, sempre protegendo da luz solar direta.<\/li>\n\n\n\n<li><strong>Lustre cuidadosamente:<\/strong> Com um pano macio, d\u00ea brilho ao finalizar o processo.<\/li>\n\n\n\n<li><strong>Refa\u00e7a conforme necess\u00e1rio:<\/strong> Fa\u00e7a esse cuidado ao menos uma vez por m\u00eas para melhores resultados.<\/li>\n<\/ol>\n\n\n\n<p>O perfil do especialista Igor Krahenbuhl @estilodeverdade, mostrou os passos para limpar o sapato de couro do jeito certo:<\/p>\n\n\n\n<blockquote class=\"tiktok-embed\" cite=\"https:\/\/www.tiktok.com\/@estilodeverdade\/video\/7221677004427414789\" data-video-id=\"7221677004427414789\" style=\"max-width: 605px;min-width: 325px;\" > <section> <a target=\"_blank\" title=\"@estilodeverdade\" href=\"https:\/\/www.tiktok.com\/@estilodeverdade?refer=embed\">@estilodeverdade<\/a> \u2705\ufe0f Dica extra: passe um len\u00e7o umedecido no t\u00eanis depois de usar porque isso evita o ac\u00famulo de sujeira e facilita depois na hora de limpar. . \u27a1\ufe0f Acesse o site da @R E I S E  e use o meu cupom de desconto ESTILO10 para garantir um t\u00eanis sensacional. <a title=\"sneakers\" target=\"_blank\" href=\"https:\/\/www.tiktok.com\/tag\/sneakers?refer=embed\">#sneakers<\/a> <a title=\"sneaker\" target=\"_blank\" href=\"https:\/\/www.tiktok.com\/tag\/sneaker?refer=embed\">#sneaker<\/a> <a title=\"modamasculina\" target=\"_blank\" href=\"https:\/\/www.tiktok.com\/tag\/modamasculina?refer=embed\">#modamasculina<\/a> <a title=\"estilomasculino\" target=\"_blank\" href=\"https:\/\/www.tiktok.com\/tag\/estilomasculino?refer=embed\">#estilomasculino<\/a> <a target=\"_blank\" title=\"\u266c original sound - emma hollis \u273f\" href=\"https:\/\/www.tiktok.com\/music\/original-sound-7203334986060106538?refer=embed\">\u266c original sound &#8211; emma hollis \u273f<\/a> <\/section> <\/blockquote> <script async src=\"https:\/\/www.tiktok.com\/embed.js\"><\/script>\n\n\n\n<h2 class=\"wp-block-heading\">Por que a rotina de cuidados com sapatos de couro faz diferen\u00e7a<\/h2>\n\n\n\n<p>Manter uma rotina disciplinada \u00e9 a chave para sapatos de couro bem conservados e bonitos por muito mais tempo. Esse h\u00e1bito protege a apar\u00eancia do cal\u00e7ado e tamb\u00e9m o valor do seu investimento, j\u00e1 que reduz a necessidade de reposi\u00e7\u00e3o.<\/p>\n\n\n\n<p>Outras pr\u00e1ticas importantes, como guardar em ambientes secos e utilizar formas de madeira para manter a estrutura, complementam a hidrata\u00e7\u00e3o. Assim, os seus sapatos duram e mant\u00eam o charme independentemente do tempo de uso.<\/p>\n","protected":false},"excerpt":{"rendered":"<p>Mantenha seus sapatos impec\u00e1veis e economize com nosso truque infal\u00edvel para hidratar e prolongar a vida \u00fatil do cal\u00e7ado!<\/p>\n","protected":false},"author":3,"featured_media":140919,"comment_status":"open","ping_status":"open","sticky":false,"template":"","format":"standard","meta":{"_yoast_wpseo_focuskw":"truque cuidar cal\u00e7ado","_yoast_wpseo_title":"%%title%%","_yoast_wpseo_metadesc":"Mantenha seus sapatos impec\u00e1veis e economize com nosso truque infal\u00edvel para hidratar e prolongar a vida \u00fatil do cal\u00e7ado!","jnews-multi-image_gallery":[],"jnews_single_post":{"format":"standard"},"jnews_primary_category":[],"jnews_social_meta":[],"jnews_override_counter":[],"footnotes":""},"categories":[112],"tags":[6494,6014,144,5526,3967,3648],"class_list":["post-140687","post","type-post","status-publish","format-standard","has-post-thumbnail","hentry","category-curiosidades","tag-calcado","tag-calcados","tag-curiosidades","tag-roupa","tag-roupas","tag-sapatos"],"yoast_head":"<!-- This site is optimized with the Yoast SEO plugin v24.6 - https:\/\/yoast.com\/wordpress\/plugins\/seo\/ -->\n<title>O truque infal\u00edvel para cuidar do seu cal\u00e7ado e evitar que ele se deteriore com o tempo<\/title>\n<meta name=\"description\" content=\"Mantenha seus sapatos impec\u00e1veis e economize com nosso truque infal\u00edvel para hidratar e prolongar a vida \u00fatil do cal\u00e7ado!\" \/>\n<meta name=\"robots\" content=\"index, follow, max-snippet:-1, max-image-preview:large, max-video-preview:-1\" \/>\n<link rel=\"canonical\" href=\"https:\/\/www.correiobraziliense.com.br\/cbradar\/o-truque-infalivel-para-cuidar-do-seu-calcado-e-evitar-que-ele-se-deteriore-com-o-tempo\/\" \/>\n<meta property=\"og:locale\" content=\"pt_BR\" \/>\n<meta property=\"og:type\" content=\"article\" \/>\n<meta property=\"og:title\" content=\"O truque infal\u00edvel para cuidar do seu cal\u00e7ado e evitar que ele se deteriore com o tempo\" \/>\n<meta property=\"og:description\" content=\"Mantenha seus sapatos impec\u00e1veis e economize com nosso truque infal\u00edvel para hidratar e prolongar a vida \u00fatil do cal\u00e7ado!\" \/>\n<meta property=\"og:url\" content=\"https:\/\/www.correiobraziliense.com.br\/cbradar\/o-truque-infalivel-para-cuidar-do-seu-calcado-e-evitar-que-ele-se-deteriore-com-o-tempo\/\" \/>\n<meta property=\"og:site_name\" content=\"Correio Braziliense - Radar\" \/>\n<meta property=\"article:published_time\" content=\"2025-11-20T09:45:00+00:00\" \/>\n<meta property=\"og:image\" content=\"https:\/\/www.correiobraziliense.com.br\/cbradar\/wp-content\/uploads\/2025\/11\/cuidado_calcado_webp.jpg\" \/>\n\t<meta property=\"og:image:width\" content=\"1280\" \/>\n\t<meta property=\"og:image:height\" content=\"720\" \/>\n\t<meta property=\"og:image:type\" content=\"image\/jpeg\" \/>\n<meta name=\"author\" content=\"Larissa Carvalho\" \/>\n<meta name=\"twitter:card\" content=\"summary_large_image\" \/>\n<meta name=\"twitter:label1\" content=\"Escrito por\" \/>\n\t<meta name=\"twitter:data1\" content=\"Larissa Carvalho\" \/>\n\t<meta name=\"twitter:label2\" content=\"Est. tempo de leitura\" \/>\n\t<meta name=\"twitter:data2\" content=\"4 minutos\" \/>\n<!-- \/ Yoast SEO plugin. -->","yoast_head_json":{"title":"O truque infal\u00edvel para cuidar do seu cal\u00e7ado e evitar que ele se deteriore com o tempo","description":"Mantenha seus sapatos impec\u00e1veis e economize com nosso truque infal\u00edvel para hidratar e prolongar a vida \u00fatil do cal\u00e7ado!","robots":{"index":"index","follow":"follow","max-snippet":"max-snippet:-1","max-image-preview":"max-image-preview:large","max-video-preview":"max-video-preview:-1"},"canonical":"https:\/\/www.correiobraziliense.com.br\/cbradar\/o-truque-infalivel-para-cuidar-do-seu-calcado-e-evitar-que-ele-se-deteriore-com-o-tempo\/","og_locale":"pt_BR","og_type":"article","og_title":"O truque infal\u00edvel para cuidar do seu cal\u00e7ado e evitar que ele se deteriore com o tempo","og_description":"Mantenha seus sapatos impec\u00e1veis e economize com nosso truque infal\u00edvel para hidratar e prolongar a vida \u00fatil do cal\u00e7ado!","og_url":"https:\/\/www.correiobraziliense.com.br\/cbradar\/o-truque-infalivel-para-cuidar-do-seu-calcado-e-evitar-que-ele-se-deteriore-com-o-tempo\/","og_site_name":"Correio Braziliense - Radar","article_published_time":"2025-11-20T09:45:00+00:00","og_image":[{"width":1280,"height":720,"url":"https:\/\/www.correiobraziliense.com.br\/cbradar\/wp-content\/uploads\/2025\/11\/cuidado_calcado_webp.jpg","type":"image\/jpeg"}],"author":"Larissa Carvalho","twitter_card":"summary_large_image","twitter_misc":{"Escrito por":"Larissa Carvalho","Est. tempo de leitura":"4 minutos"},"schema":{"@context":"https:\/\/schema.org","@graph":[{"@type":"WebPage","@id":"https:\/\/www.correiobraziliense.com.br\/cbradar\/o-truque-infalivel-para-cuidar-do-seu-calcado-e-evitar-que-ele-se-deteriore-com-o-tempo\/","url":"https:\/\/www.correiobraziliense.com.br\/cbradar\/o-truque-infalivel-para-cuidar-do-seu-calcado-e-evitar-que-ele-se-deteriore-com-o-tempo\/","name":"O truque infal\u00edvel para cuidar do seu cal\u00e7ado e evitar que ele se deteriore com o tempo","isPartOf":{"@id":"https:\/\/www.correiobraziliense.com.br\/cbradar\/#website"},"primaryImageOfPage":{"@id":"https:\/\/www.correiobraziliense.com.br\/cbradar\/o-truque-infalivel-para-cuidar-do-seu-calcado-e-evitar-que-ele-se-deteriore-com-o-tempo\/#primaryimage"},"image":{"@id":"https:\/\/www.correiobraziliense.com.br\/cbradar\/o-truque-infalivel-para-cuidar-do-seu-calcado-e-evitar-que-ele-se-deteriore-com-o-tempo\/#primaryimage"},"thumbnailUrl":"https:\/\/www.correiobraziliense.com.br\/cbradar\/wp-content\/uploads\/2025\/11\/cuidado_calcado_webp.jpg","datePublished":"2025-11-20T09:45:00+00:00","author":{"@id":"https:\/\/www.correiobraziliense.com.br\/cbradar\/#\/schema\/person\/58422787644df994b53a19d3e56c1513"},"description":"Mantenha seus sapatos impec\u00e1veis e economize com nosso truque infal\u00edvel para hidratar e prolongar a vida \u00fatil do cal\u00e7ado!","breadcrumb":{"@id":"https:\/\/www.correiobraziliense.com.br\/cbradar\/o-truque-infalivel-para-cuidar-do-seu-calcado-e-evitar-que-ele-se-deteriore-com-o-tempo\/#breadcrumb"},"inLanguage":"pt-BR","potentialAction":[{"@type":"ReadAction","target":["https:\/\/www.correiobraziliense.com.br\/cbradar\/o-truque-infalivel-para-cuidar-do-seu-calcado-e-evitar-que-ele-se-deteriore-com-o-tempo\/"]}]},{"@type":"ImageObject","inLanguage":"pt-BR","@id":"https:\/\/www.correiobraziliense.com.br\/cbradar\/o-truque-infalivel-para-cuidar-do-seu-calcado-e-evitar-que-ele-se-deteriore-com-o-tempo\/#primaryimage","url":"https:\/\/www.correiobraziliense.com.br\/cbradar\/wp-content\/uploads\/2025\/11\/cuidado_calcado_webp.jpg","contentUrl":"https:\/\/www.correiobraziliense.com.br\/cbradar\/wp-content\/uploads\/2025\/11\/cuidado_calcado_webp.jpg","width":1280,"height":720,"caption":"Novas dicas refor\u00e7am a import\u00e2ncia da hidrata\u00e7\u00e3o e armazenamento correto do couro."},{"@type":"BreadcrumbList","@id":"https:\/\/www.correiobraziliense.com.br\/cbradar\/o-truque-infalivel-para-cuidar-do-seu-calcado-e-evitar-que-ele-se-deteriore-com-o-tempo\/#breadcrumb","itemListElement":[{"@type":"ListItem","position":1,"name":"In\u00edcio","item":"https:\/\/www.correiobraziliense.com.br\/cbradar\/"},{"@type":"ListItem","position":2,"name":"O truque infal\u00edvel para cuidar do seu cal\u00e7ado e evitar que ele se deteriore com o tempo"}]},{"@type":"WebSite","@id":"https:\/\/www.correiobraziliense.com.br\/cbradar\/#website","url":"https:\/\/www.correiobraziliense.com.br\/cbradar\/","name":"Correio Braziliense - Radar","description":"Acompanhe as \u00faltimas not\u00edcias e fique bem informado sobre tudo o que acontece no Brasil e no mundo.","potentialAction":[{"@type":"SearchAction","target":{"@type":"EntryPoint","urlTemplate":"https:\/\/www.correiobraziliense.com.br\/cbradar\/?s={search_term_string}"},"query-input":{"@type":"PropertyValueSpecification","valueRequired":true,"valueName":"search_term_string"}}],"inLanguage":"pt-BR"},{"@type":"Person","@id":"https:\/\/www.correiobraziliense.com.br\/cbradar\/#\/schema\/person\/58422787644df994b53a19d3e56c1513","name":"Larissa Carvalho","image":{"@type":"ImageObject","inLanguage":"pt-BR","@id":"https:\/\/www.correiobraziliense.com.br\/cbradar\/#\/schema\/person\/image\/","url":"https:\/\/secure.gravatar.com\/avatar\/fe4f91a0de32b52a838d0d612abdc1aa?s=96&d=mm&r=g","contentUrl":"https:\/\/secure.gravatar.com\/avatar\/fe4f91a0de32b52a838d0d612abdc1aa?s=96&d=mm&r=g","caption":"Larissa Carvalho"},"url":"https:\/\/www.correiobraziliense.com.br\/cbradar\/author\/larissamyth\/"}]}},"_links":{"self":[{"href":"https:\/\/www.correiobraziliense.com.br\/cbradar\/wp-json\/wp\/v2\/posts\/140687","targetHints":{"allow":["GET"]}}],"collection":[{"href":"https:\/\/www.correiobraziliense.com.br\/cbradar\/wp-json\/wp\/v2\/posts"}],"about":[{"href":"https:\/\/www.correiobraziliense.com.br\/cbradar\/wp-json\/wp\/v2\/types\/post"}],"author":[{"embeddable":true,"href":"https:\/\/www.correiobraziliense.com.br\/cbradar\/wp-json\/wp\/v2\/users\/3"}],"replies":[{"embeddable":true,"href":"https:\/\/www.correiobraziliense.com.br\/cbradar\/wp-json\/wp\/v2\/comments?post=140687"}],"version-history":[{"count":3,"href":"https:\/\/www.correiobraziliense.com.br\/cbradar\/wp-json\/wp\/v2\/posts\/140687\/revisions"}],"predecessor-version":[{"id":140920,"href":"https:\/\/www.correiobraziliense.com.br\/cbradar\/wp-json\/wp\/v2\/posts\/140687\/revisions\/140920"}],"wp:featuredmedia":[{"embeddable":true,"href":"https:\/\/www.correiobraziliense.com.br\/cbradar\/wp-json\/wp\/v2\/media\/140919"}],"wp:attachment":[{"href":"https:\/\/www.correiobraziliense.com.br\/cbradar\/wp-json\/wp\/v2\/media?parent=140687"}],"wp:term":[{"taxonomy":"category","embeddable":true,"href":"https:\/\/www.correiobraziliense.com.br\/cbradar\/wp-json\/wp\/v2\/categories?post=140687"},{"taxonomy":"post_tag","embeddable":true,"href":"https:\/\/www.correiobraziliense.com.br\/cbradar\/wp-json\/wp\/v2\/tags?post=140687"}],"curies":[{"name":"wp","href":"https:\/\/api.w.org\/{rel}","templated":true}]}}