{"id":140693,"date":"2025-11-20T09:45:00","date_gmt":"2025-11-20T12:45:00","guid":{"rendered":"https:\/\/www.correiobraziliense.com.br\/cbradar\/?p=140693"},"modified":"2025-11-19T23:42:11","modified_gmt":"2025-11-20T02:42:11","slug":"o-que-significa-mover-a-perna-constantemente-enquanto-esta-sentado-de-acordo-com-a-psicologia","status":"publish","type":"post","link":"https:\/\/www.correiobraziliense.com.br\/cbradar\/o-que-significa-mover-a-perna-constantemente-enquanto-esta-sentado-de-acordo-com-a-psicologia\/","title":{"rendered":"O que significa mover a perna constantemente enquanto est\u00e1 sentado, de acordo com a psicologia?"},"content":{"rendered":"\n<p>O h\u00e1bito de mover constantemente a perna enquanto se est\u00e1 sentado, embora possa parecer inofensivo, \u00e9 frequentemente estudado no campo da psicologia por ser um comportamento que revela importantes aspectos da sa\u00fade emocional e da autorregula\u00e7\u00e3o do corpo.<\/p>\n\n\n\n<h2 class=\"wp-block-heading\">Por que balan\u00e7ar a perna \u00e9 visto como um comportamento nervoso<\/h2>\n\n\n\n<p>Movimentos repetitivos como <strong>balan\u00e7ar a perna<\/strong> s\u00e3o classificados como comportamentos nervosos associados \u00e0 libera\u00e7\u00e3o de <strong>ansiedade<\/strong>, estresse ou tens\u00e3o interna. Este gesto autom\u00e1tico \u00e9 uma tentativa inconsciente do corpo de regular emo\u00e7\u00f5es intensas, funcionando como uma v\u00e1lvula de escape emocional. Segundo a Teoria Polivagal (Porges, 2011), movimentos repetitivos como balan\u00e7ar a perna podem atuar como mecanismos naturais para reduzir tens\u00e3o interna.<\/p>\n\n\n\n<p>Estudos mostram que comportamentos como balan\u00e7ar a perna aumentam em situa\u00e7\u00f5es de estresse emocional, funcionando como uma forma autom\u00e1tica de autorregula\u00e7\u00e3o (Kushlev et al., 2016).<\/p>\n\n\n\n<p>A psic\u00f3loga Daniela Zib, no perfil @psi.zib, explica como a psicologia explica esse h\u00e1bito:<\/p>\n\n\n\n<blockquote class=\"tiktok-embed\" cite=\"https:\/\/www.tiktok.com\/@psi.zib\/video\/7218595923746770181\" data-video-id=\"7218595923746770181\" style=\"max-width: 605px;min-width: 325px;\" > <section> <a target=\"_blank\" title=\"@psi.zib\" href=\"https:\/\/www.tiktok.com\/@psi.zib?refer=embed\">@psi.zib<\/a> E a\u00ed? Porque voc\u00ea balan\u00e7a as pernas? Fontes: Bessa, 2019; Hagger-Johnson et al., 2016; Hadlock &#38; Hahn, 2022; Oshio, 2018; Sechrest &#38; Flores, 1971 <a title=\"psicologia\" target=\"_blank\" href=\"https:\/\/www.tiktok.com\/tag\/psicologia?refer=embed\">#psicologia<\/a> <a title=\"balan\u00e7araspernas\" target=\"_blank\" href=\"https:\/\/www.tiktok.com\/tag\/balan%C3%A7araspernas?refer=embed\">#balan\u00e7araspernas<\/a> <a title=\"terapia\" target=\"_blank\" href=\"https:\/\/www.tiktok.com\/tag\/terapia?refer=embed\">#terapia<\/a> <a title=\"hiperatividade\" target=\"_blank\" href=\"https:\/\/www.tiktok.com\/tag\/hiperatividade?refer=embed\">#hiperatividade<\/a> <a title=\"ansiedade\" target=\"_blank\" href=\"https:\/\/www.tiktok.com\/tag\/ansiedade?refer=embed\">#ansiedade<\/a> <a target=\"_blank\" title=\"\u266c som original - Psic\u00f3loga\u2726Daniela Zib\" href=\"https:\/\/www.tiktok.com\/music\/som-original-7218595932686371589?refer=embed\">\u266c som original &#8211; Psic\u00f3loga\u2726Daniela Zib<\/a> <\/section> <\/blockquote> <script async src=\"https:\/\/www.tiktok.com\/embed.js\"><\/script>\n\n\n\n<h2 class=\"wp-block-heading\">Quais fatores contribuem para o h\u00e1bito de balan\u00e7ar a perna<\/h2>\n\n\n\n<p>H\u00e1 diversas raz\u00f5es para algu\u00e9m n\u00e3o conseguir parar de balan\u00e7ar a perna. <strong>Impaci\u00eancia<\/strong> durante situa\u00e7\u00f5es de espera, como antes de exames ou not\u00edcias importantes, \u00e9 uma delas. Al\u00e9m disso, o <strong>t\u00e9dio<\/strong> em ambientes mon\u00f3tonos pode ser um gatilho frequente.<\/p>\n\n\n\n<p>No entanto, \u00e9 comum que esse gesto se torne t\u00e3o automatizado que continue mesmo na aus\u00eancia de motivo emocional, ganhando tra\u00e7os de h\u00e1bito. Veja a seguir alguns dos principais fatores associados:<\/p>\n\n\n\n<ul class=\"wp-block-list\">\n<li><strong>Ansiedade e estresse<\/strong> liberados pelo movimento repetitivo;<\/li>\n\n\n\n<li><strong>Impaci\u00eancia<\/strong> diante de situa\u00e7\u00f5es demoradas;<\/li>\n\n\n\n<li><strong>T\u00e9dio<\/strong> em contextos pouco estimulantes;<\/li>\n\n\n\n<li><strong>H\u00e1bito incorporado<\/strong> ao dia a dia, mesmo quando n\u00e3o h\u00e1 motivo claro.<\/li>\n<\/ul>\n\n\n\n<p>Leia tamb\u00e9m: <a href=\"https:\/\/www.correiobraziliense.com.br\/cbradar\/o-que-significa-lavar-o-carro-constantemente-segundo-a-psicologia\/\" target=\"_blank\" rel=\"noreferrer noopener\">O que significa lavar o carro constantemente, segundo a psicologia<\/a><\/p>\n\n\n\n<h2 class=\"wp-block-heading\">Quais os impactos psicol\u00f3gicos de balan\u00e7ar a perna constantemente<\/h2>\n\n\n\n<p>Especialistas afirmam que, apesar de ser um comportamento comum, <strong>balan\u00e7ar a perna<\/strong> nem sempre representa um risco psicol\u00f3gico relevante. Na maioria dos casos, \u00e9 apenas uma <strong>forma do corpo lidar com emo\u00e7\u00f5es internas<\/strong> e regular a energia acumulada.<\/p>\n\n\n\n<p>No entanto, caso o h\u00e1bito interfira em atividades di\u00e1rias ou venha acompanhado de outros sintomas, pode indicar transtornos como ansiedade generalizada ou comportamentos obsessivo-compulsivos, exigindo aten\u00e7\u00e3o profissional. Estudos tamb\u00e9m apontam que, em algumas pessoas, esse movimento pode indicar hiperatividade, comum em quadros como o Transtorno de D\u00e9ficit de Aten\u00e7\u00e3o e Hiperatividade (TDAH), especialmente se estiver associado a outros sintomas de inquieta\u00e7\u00e3o.<\/p>\n\n\n\n<figure class=\"wp-block-image size-large\"><img decoding=\"async\" width=\"1024\" height=\"576\" src=\"https:\/\/www.correiobraziliense.com.br\/cbradar\/wp-content\/uploads\/2025\/11\/mosaico_1763606359129-1024x576.jpg\" alt=\"O que significa mover a perna constantemente enquanto est\u00e1 sentado, de acordo com a psicologia?\" class=\"wp-image-140937\" srcset=\"https:\/\/www.correiobraziliense.com.br\/cbradar\/wp-content\/uploads\/2025\/11\/mosaico_1763606359129-1024x576.jpg 1024w, https:\/\/www.correiobraziliense.com.br\/cbradar\/wp-content\/uploads\/2025\/11\/mosaico_1763606359129-300x169.jpg 300w, https:\/\/www.correiobraziliense.com.br\/cbradar\/wp-content\/uploads\/2025\/11\/mosaico_1763606359129-768x432.jpg 768w, https:\/\/www.correiobraziliense.com.br\/cbradar\/wp-content\/uploads\/2025\/11\/mosaico_1763606359129-750x422.jpg 750w, https:\/\/www.correiobraziliense.com.br\/cbradar\/wp-content\/uploads\/2025\/11\/mosaico_1763606359129-1140x641.jpg 1140w, https:\/\/www.correiobraziliense.com.br\/cbradar\/wp-content\/uploads\/2025\/11\/mosaico_1763606359129.jpg 1280w\" sizes=\"(max-width: 1024px) 100vw, 1024px\" \/><figcaption class=\"wp-element-caption\">Esse gesto pode ser mal interpretado socialmente, mas reflete a sa\u00fade emocional da pessoa. Cr\u00e9ditos: depositphotos.com \/ AllaSerebrina e Cr\u00e9ditos: depositphotos.com \/ Y-Boychenko<\/figcaption><\/figure>\n\n\n\n<h2 class=\"wp-block-heading\">Como controlar o h\u00e1bito de balan\u00e7ar a perna de maneira saud\u00e1vel<\/h2>\n\n\n\n<p>Buscar estrat\u00e9gias para administrar esse comportamento pode trazer melhorias para o bem-estar emocional e a qualidade de vida. T\u00e9cnicas de consci\u00eancia corporal e relaxamento s\u00e3o aliadas importantes nesse processo.<\/p>\n\n\n\n<p>A seguir, confira algumas formas pr\u00e1ticas de gerenciar melhor esse h\u00e1bito e promover maior equil\u00edbrio emocional:<\/p>\n\n\n\n<ul class=\"wp-block-list\">\n<li><strong>Identifique a origem<\/strong>: Avalie se o movimento est\u00e1 relacionado \u00e0 ansiedade, t\u00e9dio ou impaci\u00eancia.<\/li>\n\n\n\n<li><strong>Utilize t\u00e9cnicas de relaxamento<\/strong>: Experimente respira\u00e7\u00e3o profunda, medita\u00e7\u00e3o ou alongamentos.<\/li>\n\n\n\n<li><strong>Aumente a autoconsci\u00eancia<\/strong>: Observe quando e por que o movimento inicia.<\/li>\n\n\n\n<li><strong>Substitua por atividades alternativas<\/strong>: Prefira caminhadas curtas, bolinhas antiestresse ou pequenas pausas ao longo do dia.<\/li>\n<\/ul>\n\n\n\n<p>Com o crescimento da aten\u00e7\u00e3o \u00e0 sa\u00fade mental em 2025, identificar e lidar conscientemente com pequenos h\u00e1bitos como este \u00e9 essencial para um maior <strong>autoconhecimento<\/strong> e uma vida emocionalmente equilibrada.<\/p>\n\n\n\n<h2 class=\"wp-block-heading\">Refer\u00eancias bibliogr\u00e1ficas<\/h2>\n\n\n\n<ul class=\"wp-block-list\">\n<li>Kushlev, K., Radosic, N., &amp; Diener, E. (2016). <em><a href=\"https:\/\/psycnet.apa.org\/record\/2016-13676-001\" target=\"_blank\" rel=\"noreferrer noopener\">Fidgeting as a behavioral response to stress.<\/a><\/em><\/li>\n\n\n\n<li>Porges, S. (2011). <em>The Polyvagal Theory: Neurophysiological foundations of emotions and self-regulation.<\/em><br><\/li>\n<\/ul>\n","protected":false},"excerpt":{"rendered":"<p>Descubra o significado psicol\u00f3gico de sacudir a perna: h\u00e1bito nervoso comum para liberar tens\u00e3o, ansiedade ou estresse.<\/p>\n","protected":false},"author":3,"featured_media":140938,"comment_status":"open","ping_status":"open","sticky":false,"template":"","format":"standard","meta":{"jnews-multi-image_gallery":[],"jnews_single_post":{"format":"standard"},"jnews_primary_category":[],"jnews_social_meta":[],"jnews_override_counter":[],"footnotes":""},"categories":[112],"post_tag":[144,1904,404],"class_list":["post-140693","post","type-post","status-publish","format-standard","has-post-thumbnail","hentry","category-curiosidades","tag-curiosidades","tag-habitos","tag-psicologia"],"yoast_head":"<!-- This site is optimized with the Yoast SEO plugin v24.6 - https:\/\/yoast.com\/wordpress\/plugins\/seo\/ -->\n<title>O que significa mover a perna constantemente enquanto est\u00e1 sentado, de acordo com a psicologia?<\/title>\n<meta name=\"description\" content=\"Descubra o significado psicol\u00f3gico de sacudir a perna: h\u00e1bito nervoso comum para liberar tens\u00e3o, ansiedade ou estresse.\" \/>\n<meta name=\"robots\" content=\"index, follow, max-snippet:-1, max-image-preview:large, max-video-preview:-1\" \/>\n<link rel=\"canonical\" href=\"https:\/\/www.correiobraziliense.com.br\/cbradar\/o-que-significa-mover-a-perna-constantemente-enquanto-esta-sentado-de-acordo-com-a-psicologia\/\" \/>\n<meta property=\"og:locale\" content=\"pt_BR\" \/>\n<meta property=\"og:type\" content=\"article\" \/>\n<meta property=\"og:title\" content=\"O que significa mover a perna constantemente enquanto est\u00e1 sentado, de acordo com a psicologia?\" \/>\n<meta property=\"og:description\" content=\"Descubra o significado psicol\u00f3gico de sacudir a perna: h\u00e1bito nervoso comum para liberar tens\u00e3o, ansiedade ou estresse.\" \/>\n<meta property=\"og:url\" content=\"https:\/\/www.correiobraziliense.com.br\/cbradar\/o-que-significa-mover-a-perna-constantemente-enquanto-esta-sentado-de-acordo-com-a-psicologia\/\" \/>\n<meta property=\"og:site_name\" content=\"Correio Braziliense - Radar\" \/>\n<meta property=\"article:published_time\" content=\"2025-11-20T12:45:00+00:00\" \/>\n<meta property=\"og:image\" content=\"https:\/\/www.correiobraziliense.com.br\/cbradar\/wp-content\/uploads\/2025\/11\/pernas_mesa_1280x720.png\" \/>\n\t<meta property=\"og:image:width\" content=\"1280\" \/>\n\t<meta property=\"og:image:height\" content=\"720\" \/>\n\t<meta property=\"og:image:type\" content=\"image\/png\" \/>\n<meta name=\"author\" content=\"Larissa Carvalho\" \/>\n<meta name=\"twitter:card\" content=\"summary_large_image\" \/>\n<meta name=\"twitter:label1\" content=\"Escrito por\" \/>\n\t<meta name=\"twitter:data1\" content=\"Larissa Carvalho\" \/>\n\t<meta name=\"twitter:label2\" content=\"Est. tempo de leitura\" \/>\n\t<meta name=\"twitter:data2\" content=\"4 minutos\" \/>\n<!-- \/ Yoast SEO plugin. -->","yoast_head_json":{"title":"O que significa mover a perna constantemente enquanto est\u00e1 sentado, de acordo com a psicologia?","description":"Descubra o significado psicol\u00f3gico de sacudir a perna: h\u00e1bito nervoso comum para liberar tens\u00e3o, ansiedade ou estresse.","robots":{"index":"index","follow":"follow","max-snippet":"max-snippet:-1","max-image-preview":"max-image-preview:large","max-video-preview":"max-video-preview:-1"},"canonical":"https:\/\/www.correiobraziliense.com.br\/cbradar\/o-que-significa-mover-a-perna-constantemente-enquanto-esta-sentado-de-acordo-com-a-psicologia\/","og_locale":"pt_BR","og_type":"article","og_title":"O que significa mover a perna constantemente enquanto est\u00e1 sentado, de acordo com a psicologia?","og_description":"Descubra o significado psicol\u00f3gico de sacudir a perna: h\u00e1bito nervoso comum para liberar tens\u00e3o, ansiedade ou estresse.","og_url":"https:\/\/www.correiobraziliense.com.br\/cbradar\/o-que-significa-mover-a-perna-constantemente-enquanto-esta-sentado-de-acordo-com-a-psicologia\/","og_site_name":"Correio Braziliense - Radar","article_published_time":"2025-11-20T12:45:00+00:00","og_image":[{"width":1280,"height":720,"url":"https:\/\/www.correiobraziliense.com.br\/cbradar\/wp-content\/uploads\/2025\/11\/pernas_mesa_1280x720.png","type":"image\/png"}],"author":"Larissa Carvalho","twitter_card":"summary_large_image","twitter_misc":{"Escrito por":"Larissa Carvalho","Est. tempo de leitura":"4 minutos"},"schema":{"@context":"https:\/\/schema.org","@graph":[{"@type":"WebPage","@id":"https:\/\/www.correiobraziliense.com.br\/cbradar\/o-que-significa-mover-a-perna-constantemente-enquanto-esta-sentado-de-acordo-com-a-psicologia\/","url":"https:\/\/www.correiobraziliense.com.br\/cbradar\/o-que-significa-mover-a-perna-constantemente-enquanto-esta-sentado-de-acordo-com-a-psicologia\/","name":"O que significa mover a perna constantemente enquanto est\u00e1 sentado, de acordo com a psicologia?","isPartOf":{"@id":"https:\/\/www.correiobraziliense.com.br\/cbradar\/#website"},"primaryImageOfPage":{"@id":"https:\/\/www.correiobraziliense.com.br\/cbradar\/o-que-significa-mover-a-perna-constantemente-enquanto-esta-sentado-de-acordo-com-a-psicologia\/#primaryimage"},"image":{"@id":"https:\/\/www.correiobraziliense.com.br\/cbradar\/o-que-significa-mover-a-perna-constantemente-enquanto-esta-sentado-de-acordo-com-a-psicologia\/#primaryimage"},"thumbnailUrl":"https:\/\/www.correiobraziliense.com.br\/cbradar\/wp-content\/uploads\/2025\/11\/pernas_mesa_1280x720.png","datePublished":"2025-11-20T12:45:00+00:00","author":{"@id":"https:\/\/www.correiobraziliense.com.br\/cbradar\/#\/schema\/person\/58422787644df994b53a19d3e56c1513"},"description":"Descubra o significado psicol\u00f3gico de sacudir a perna: h\u00e1bito nervoso comum para liberar tens\u00e3o, ansiedade ou estresse.","breadcrumb":{"@id":"https:\/\/www.correiobraziliense.com.br\/cbradar\/o-que-significa-mover-a-perna-constantemente-enquanto-esta-sentado-de-acordo-com-a-psicologia\/#breadcrumb"},"inLanguage":"pt-BR","potentialAction":[{"@type":"ReadAction","target":["https:\/\/www.correiobraziliense.com.br\/cbradar\/o-que-significa-mover-a-perna-constantemente-enquanto-esta-sentado-de-acordo-com-a-psicologia\/"]}]},{"@type":"ImageObject","inLanguage":"pt-BR","@id":"https:\/\/www.correiobraziliense.com.br\/cbradar\/o-que-significa-mover-a-perna-constantemente-enquanto-esta-sentado-de-acordo-com-a-psicologia\/#primaryimage","url":"https:\/\/www.correiobraziliense.com.br\/cbradar\/wp-content\/uploads\/2025\/11\/pernas_mesa_1280x720.png","contentUrl":"https:\/\/www.correiobraziliense.com.br\/cbradar\/wp-content\/uploads\/2025\/11\/pernas_mesa_1280x720.png","width":1280,"height":720,"caption":"Frequentemente involunt\u00e1rio, pode indicar s\u00edndrome das pernas inquietas, ansiedade ou TDAH."},{"@type":"BreadcrumbList","@id":"https:\/\/www.correiobraziliense.com.br\/cbradar\/o-que-significa-mover-a-perna-constantemente-enquanto-esta-sentado-de-acordo-com-a-psicologia\/#breadcrumb","itemListElement":[{"@type":"ListItem","position":1,"name":"In\u00edcio","item":"https:\/\/www.correiobraziliense.com.br\/cbradar\/"},{"@type":"ListItem","position":2,"name":"O que significa mover a perna constantemente enquanto est\u00e1 sentado, de acordo com a psicologia?"}]},{"@type":"WebSite","@id":"https:\/\/www.correiobraziliense.com.br\/cbradar\/#website","url":"https:\/\/www.correiobraziliense.com.br\/cbradar\/","name":"Correio Braziliense - Radar","description":"Acompanhe as \u00faltimas not\u00edcias e fique bem informado sobre tudo o que acontece no Brasil e no mundo.","potentialAction":[{"@type":"SearchAction","target":{"@type":"EntryPoint","urlTemplate":"https:\/\/www.correiobraziliense.com.br\/cbradar\/?s={search_term_string}"},"query-input":{"@type":"PropertyValueSpecification","valueRequired":true,"valueName":"search_term_string"}}],"inLanguage":"pt-BR"},{"@type":"Person","@id":"https:\/\/www.correiobraziliense.com.br\/cbradar\/#\/schema\/person\/58422787644df994b53a19d3e56c1513","name":"Larissa Carvalho","image":{"@type":"ImageObject","inLanguage":"pt-BR","@id":"https:\/\/www.correiobraziliense.com.br\/cbradar\/#\/schema\/person\/image\/","url":"https:\/\/secure.gravatar.com\/avatar\/fe4f91a0de32b52a838d0d612abdc1aa?s=96&d=mm&r=g","contentUrl":"https:\/\/secure.gravatar.com\/avatar\/fe4f91a0de32b52a838d0d612abdc1aa?s=96&d=mm&r=g","caption":"Larissa Carvalho"},"url":"https:\/\/www.correiobraziliense.com.br\/cbradar\/author\/larissamyth\/"}]}},"_links":{"self":[{"href":"https:\/\/www.correiobraziliense.com.br\/cbradar\/wp-json\/wp\/v2\/posts\/140693","targetHints":{"allow":["GET"]}}],"collection":[{"href":"https:\/\/www.correiobraziliense.com.br\/cbradar\/wp-json\/wp\/v2\/posts"}],"about":[{"href":"https:\/\/www.correiobraziliense.com.br\/cbradar\/wp-json\/wp\/v2\/types\/post"}],"author":[{"embeddable":true,"href":"https:\/\/www.correiobraziliense.com.br\/cbradar\/wp-json\/wp\/v2\/users\/3"}],"replies":[{"embeddable":true,"href":"https:\/\/www.correiobraziliense.com.br\/cbradar\/wp-json\/wp\/v2\/comments?post=140693"}],"version-history":[{"count":3,"href":"https:\/\/www.correiobraziliense.com.br\/cbradar\/wp-json\/wp\/v2\/posts\/140693\/revisions"}],"predecessor-version":[{"id":140939,"href":"https:\/\/www.correiobraziliense.com.br\/cbradar\/wp-json\/wp\/v2\/posts\/140693\/revisions\/140939"}],"wp:featuredmedia":[{"embeddable":true,"href":"https:\/\/www.correiobraziliense.com.br\/cbradar\/wp-json\/wp\/v2\/media\/140938"}],"wp:attachment":[{"href":"https:\/\/www.correiobraziliense.com.br\/cbradar\/wp-json\/wp\/v2\/media?parent=140693"}],"wp:term":[{"taxonomy":"category","embeddable":true,"href":"https:\/\/www.correiobraziliense.com.br\/cbradar\/wp-json\/wp\/v2\/categories?post=140693"},{"taxonomy":"post_tag","embeddable":true,"href":"https:\/\/www.correiobraziliense.com.br\/cbradar\/wp-json\/wp\/v2\/post_tag?post=140693"}],"curies":[{"name":"wp","href":"https:\/\/api.w.org\/{rel}","templated":true}]}}