{"id":140711,"date":"2025-11-20T22:35:36","date_gmt":"2025-11-21T01:35:36","guid":{"rendered":"https:\/\/www.correiobraziliense.com.br\/cbradar\/?p=140711"},"modified":"2025-11-19T17:12:56","modified_gmt":"2025-11-19T20:12:56","slug":"o-que-significa-usar-bone-o-tempo-todo-e-nunca-tira-lo","status":"publish","type":"post","link":"https:\/\/www.correiobraziliense.com.br\/cbradar\/o-que-significa-usar-bone-o-tempo-todo-e-nunca-tira-lo\/","title":{"rendered":"O que significa usar bon\u00e9 o tempo todo e nunca tir\u00e1-lo?"},"content":{"rendered":"\n<p>O ato cotidiano de usar um <strong>bon\u00e9<\/strong> pode parecer uma simples escolha de moda, mas para muitos, tem uma conex\u00e3o mais profunda com seu bem-estar psicol\u00f3gico e com fatores sociais e culturais que influenciam a forma\u00e7\u00e3o da <strong>identidade<\/strong>. Esse h\u00e1bito est\u00e1 cada vez mais popular, e a an\u00e1lise desse fen\u00f4meno pela <strong>psicologia<\/strong> revela que vai al\u00e9m de uma declara\u00e7\u00e3o estil\u00edstica, sendo tamb\u00e9m reflexo de processos internos ligados \u00e0 identidade pessoal e \u00e0 necessidade de seguran\u00e7a emocional.<\/p>\n\n\n\n<h2 class=\"wp-block-heading\">Por que algumas pessoas nunca tiram o bon\u00e9 mesmo em diferentes situa\u00e7\u00f5es?<\/h2>\n\n\n\n<p>O uso cont\u00ednuo do <strong>bon\u00e9<\/strong> costuma estar ligado \u00e0 busca por <strong>seguran\u00e7a<\/strong> e conforto emocional. Para algumas pessoas, o bon\u00e9 funciona como uma barreira simb\u00f3lica, reduzindo a ansiedade social e ajudando a enfrentar eventuais inseguran\u00e7as relacionadas \u00e0 <strong>apar\u00eancia<\/strong> ou ao contato social.<\/p>\n\n\n\n<p>Al\u00e9m disso, esse h\u00e1bito pode ser percebido como uma forma de manter certo grau de <strong>anonimato<\/strong> e autonomia, oferecendo controle sobre como s\u00e3o percebidas em ambientes variados. O bon\u00e9 pode tornar-se uma esp\u00e9cie de \u201czona de conforto\u201d em situa\u00e7\u00f5es de <strong>estresse<\/strong>.<\/p>\n\n\n<div class=\"wp-block-image\">\n<figure class=\"aligncenter size-large\"><img decoding=\"async\" width=\"1024\" height=\"576\" src=\"https:\/\/www.correiobraziliense.com.br\/cbradar\/wp-content\/uploads\/2025\/11\/pessoa-com-bone_1763582585930-1024x576.jpg\" alt=\"\" class=\"wp-image-140839\" srcset=\"https:\/\/www.correiobraziliense.com.br\/cbradar\/wp-content\/uploads\/2025\/11\/pessoa-com-bone_1763582585930-1024x576.jpg 1024w, https:\/\/www.correiobraziliense.com.br\/cbradar\/wp-content\/uploads\/2025\/11\/pessoa-com-bone_1763582585930-300x169.jpg 300w, https:\/\/www.correiobraziliense.com.br\/cbradar\/wp-content\/uploads\/2025\/11\/pessoa-com-bone_1763582585930-768x432.jpg 768w, https:\/\/www.correiobraziliense.com.br\/cbradar\/wp-content\/uploads\/2025\/11\/pessoa-com-bone_1763582585930-750x422.jpg 750w, https:\/\/www.correiobraziliense.com.br\/cbradar\/wp-content\/uploads\/2025\/11\/pessoa-com-bone_1763582585930-1140x641.jpg 1140w, https:\/\/www.correiobraziliense.com.br\/cbradar\/wp-content\/uploads\/2025\/11\/pessoa-com-bone_1763582585930.jpg 1280w\" sizes=\"(max-width: 1024px) 100vw, 1024px\" \/><figcaption class=\"wp-element-caption\">O uso cont\u00ednuo do bon\u00e9 costuma estar ligado \u00e0 busca por seguran\u00e7a e conforto emocional &#8211; Cr\u00e9ditos: depositphotos.com \/ YuliyaKirayonakBO<\/figcaption><\/figure><\/div>\n\n\n<p>Leia tamb\u00e9m:&nbsp;<a href=\"https:\/\/www.correiobraziliense.com.br\/cbradar\/o-que-significa-lavar-o-carro-constantemente-segundo-a-psicologia\/\" target=\"_blank\" rel=\"noopener\">O que significa lavar o carro constantemente, segundo a psicologia<\/a><\/p>\n\n\n\n<h2 class=\"wp-block-heading\">Qual \u00e9 a rela\u00e7\u00e3o entre bon\u00e9 e a forma\u00e7\u00e3o da identidade e estilo?<\/h2>\n\n\n\n<p>Para muitos indiv\u00edduos, especialmente <strong>adolescentes<\/strong> e jovens adultos, o bon\u00e9 desempenha um papel importante na express\u00e3o da <strong>identidade<\/strong> e do pertencimento a determinados grupos sociais. Ele serve como um s\u00edmbolo de alinhamento a valores, estilos ou at\u00e9 movimentos <strong>culturais<\/strong>.<\/p>\n\n\n\n<p>Entre adultos, o uso do bon\u00e9 pode adquirir um sentido mais <strong>pr\u00e1tico<\/strong>, mas ainda assim traz um valor ao conferir uma imagem personalizada e consistente. O bon\u00e9 ajuda a transmitir mensagens n\u00e3o verbais sobre gostos <strong>pessoais<\/strong> e sobre quem a pessoa \u00e9.<\/p>\n\n\n\n<h2 class=\"wp-block-heading\">Aspectos psicol\u00f3gicos e sociais explicam o uso constante do bon\u00e9<\/h2>\n\n\n\n<p>O <strong>contexto<\/strong> social e as tend\u00eancias culturais influenciam fortemente o porqu\u00ea do aumento no uso de bon\u00e9s nas cidades. Em meio \u00e0 dinamicidade das mudan\u00e7as de <strong>moda<\/strong>, bon\u00e9s acabam se tornando um elemento de estabilidade.<\/p>\n\n\n\n<p>Para ilustrar como o bon\u00e9 participa do cotidiano das pessoas e seus efeitos psicol\u00f3gicos, confira alguns comportamentos comuns associados ao <strong>acess\u00f3rio<\/strong>:<\/p>\n\n\n\n<ul class=\"wp-block-list\">\n<li><strong>Redu\u00e7\u00e3o<\/strong> do desejo de contato visual direto<\/li>\n\n\n\n<li>Facilidade para \u201cpassar <strong>despercebido<\/strong>\u201d em ambientes lotados<\/li>\n\n\n\n<li>Sensa\u00e7\u00e3o de pertencimento e <strong>prote\u00e7\u00e3o<\/strong> frente a julgamentos alheios<\/li>\n\n\n\n<li>Express\u00e3o de identidade por meio do <strong>estilo<\/strong> ou marca escolhida<\/li>\n<\/ul>\n\n\n<div class=\"wp-block-image\">\n<figure class=\"aligncenter size-large\"><img decoding=\"async\" width=\"1024\" height=\"576\" src=\"https:\/\/www.correiobraziliense.com.br\/cbradar\/wp-content\/uploads\/2025\/11\/usando-bone-_1763582777109-1024x576.jpg\" alt=\"\" class=\"wp-image-140843\" srcset=\"https:\/\/www.correiobraziliense.com.br\/cbradar\/wp-content\/uploads\/2025\/11\/usando-bone-_1763582777109-1024x576.jpg 1024w, https:\/\/www.correiobraziliense.com.br\/cbradar\/wp-content\/uploads\/2025\/11\/usando-bone-_1763582777109-300x169.jpg 300w, https:\/\/www.correiobraziliense.com.br\/cbradar\/wp-content\/uploads\/2025\/11\/usando-bone-_1763582777109-768x432.jpg 768w, https:\/\/www.correiobraziliense.com.br\/cbradar\/wp-content\/uploads\/2025\/11\/usando-bone-_1763582777109-750x422.jpg 750w, https:\/\/www.correiobraziliense.com.br\/cbradar\/wp-content\/uploads\/2025\/11\/usando-bone-_1763582777109-1140x641.jpg 1140w, https:\/\/www.correiobraziliense.com.br\/cbradar\/wp-content\/uploads\/2025\/11\/usando-bone-_1763582777109.jpg 1280w\" sizes=\"(max-width: 1024px) 100vw, 1024px\" \/><figcaption class=\"wp-element-caption\">O contexto social e as tend\u00eancias culturais influenciam fortemente o porqu\u00ea do aumento no uso de bon\u00e9s nas cidades &#8211; Cr\u00e9ditos: depositphotos.com \/ AllaSerebrina<\/figcaption><\/figure><\/div>\n\n\n<h2 class=\"wp-block-heading\">Quando o uso recorrente do bon\u00e9 exige aten\u00e7\u00e3o especial?<\/h2>\n\n\n\n<p>Usar bon\u00e9 de forma frequente n\u00e3o costuma indicar um <strong>problema<\/strong>, mas pode ser um sinal de alerta se o h\u00e1bito estiver associado \u00e0 <strong>evita\u00e7\u00e3o<\/strong> social ou a dificuldades emocionais acentuadas. Isso pode fazer parte de um quadro maior de <strong>ansiedade<\/strong> social ou de baixa autoestima.<\/p>\n\n\n\n<p>Nesses casos, \u00e9 importante observar se o <strong>bon\u00e9<\/strong> est\u00e1 sendo utilizado como um mecanismo indiscriminado de prote\u00e7\u00e3o, junto a outros sinais de desconforto emocional, para que se possa buscar apoio <strong>profissional<\/strong> se necess\u00e1rio.<\/p>\n","protected":false},"excerpt":{"rendered":"<p>O ato cotidiano de usar um bon\u00e9 pode parecer uma simples escolha de moda, mas para muitos, tem uma conex\u00e3o mais profunda com seu bem-estar psicol\u00f3gico e com fatores sociais e culturais que influenciam a forma\u00e7\u00e3o da identidade. Esse h\u00e1bito est\u00e1 cada vez mais popular, e a an\u00e1lise desse fen\u00f4meno pela psicologia revela que vai [&hellip;]<\/p>\n","protected":false},"author":9,"featured_media":140850,"comment_status":"open","ping_status":"open","sticky":false,"template":"","format":"standard","meta":{"_yoast_wpseo_focuskw":"uso de bon\u00e9","_yoast_wpseo_title":"","_yoast_wpseo_metadesc":"Saiba o que significa usar bon\u00e9 o tempo todo e como esse h\u00e1bito revela identidade, estilo, prote\u00e7\u00e3o emocional e autoestima.","jnews-multi-image_gallery":[],"jnews_single_post":{"format":"standard"},"jnews_primary_category":[],"jnews_social_meta":[],"jnews_override_counter":[],"footnotes":""},"categories":[112],"tags":[11666,4718,11795],"class_list":["post-140711","post","type-post","status-publish","format-standard","has-post-thumbnail","hentry","category-curiosidades","tag-bone","tag-comportamento","tag-uso-de-bone"],"yoast_head":"<!-- This site is optimized with the Yoast SEO plugin v24.6 - https:\/\/yoast.com\/wordpress\/plugins\/seo\/ -->\n<title>O que significa usar bon\u00e9 o tempo todo e nunca tir\u00e1-lo? - Correio Braziliense - Radar<\/title>\n<meta name=\"description\" content=\"Saiba o que significa usar bon\u00e9 o tempo todo e como esse h\u00e1bito revela identidade, estilo, prote\u00e7\u00e3o emocional e autoestima.\" \/>\n<meta name=\"robots\" content=\"index, follow, max-snippet:-1, max-image-preview:large, max-video-preview:-1\" \/>\n<link rel=\"canonical\" href=\"https:\/\/www.correiobraziliense.com.br\/cbradar\/o-que-significa-usar-bone-o-tempo-todo-e-nunca-tira-lo\/\" \/>\n<meta property=\"og:locale\" content=\"pt_BR\" \/>\n<meta property=\"og:type\" content=\"article\" \/>\n<meta property=\"og:title\" content=\"O que significa usar bon\u00e9 o tempo todo e nunca tir\u00e1-lo? - Correio Braziliense - Radar\" \/>\n<meta property=\"og:description\" content=\"Saiba o que significa usar bon\u00e9 o tempo todo e como esse h\u00e1bito revela identidade, estilo, prote\u00e7\u00e3o emocional e autoestima.\" \/>\n<meta property=\"og:url\" content=\"https:\/\/www.correiobraziliense.com.br\/cbradar\/o-que-significa-usar-bone-o-tempo-todo-e-nunca-tira-lo\/\" \/>\n<meta property=\"og:site_name\" content=\"Correio Braziliense - Radar\" \/>\n<meta property=\"article:published_time\" content=\"2025-11-21T01:35:36+00:00\" \/>\n<meta property=\"og:image\" content=\"https:\/\/www.correiobraziliense.com.br\/cbradar\/wp-content\/uploads\/2025\/11\/pessoa-bone-_1763583145601.jpg\" \/>\n\t<meta property=\"og:image:width\" content=\"1280\" \/>\n\t<meta property=\"og:image:height\" content=\"720\" \/>\n\t<meta property=\"og:image:type\" content=\"image\/jpeg\" \/>\n<meta name=\"author\" content=\"Daniely Cardoso\" \/>\n<meta name=\"twitter:card\" content=\"summary_large_image\" \/>\n<meta name=\"twitter:label1\" content=\"Escrito por\" \/>\n\t<meta name=\"twitter:data1\" content=\"Daniely Cardoso\" \/>\n\t<meta name=\"twitter:label2\" content=\"Est. tempo de leitura\" \/>\n\t<meta name=\"twitter:data2\" content=\"4 minutos\" \/>\n<!-- \/ Yoast SEO plugin. -->","yoast_head_json":{"title":"O que significa usar bon\u00e9 o tempo todo e nunca tir\u00e1-lo? - Correio Braziliense - Radar","description":"Saiba o que significa usar bon\u00e9 o tempo todo e como esse h\u00e1bito revela identidade, estilo, prote\u00e7\u00e3o emocional e autoestima.","robots":{"index":"index","follow":"follow","max-snippet":"max-snippet:-1","max-image-preview":"max-image-preview:large","max-video-preview":"max-video-preview:-1"},"canonical":"https:\/\/www.correiobraziliense.com.br\/cbradar\/o-que-significa-usar-bone-o-tempo-todo-e-nunca-tira-lo\/","og_locale":"pt_BR","og_type":"article","og_title":"O que significa usar bon\u00e9 o tempo todo e nunca tir\u00e1-lo? - Correio Braziliense - Radar","og_description":"Saiba o que significa usar bon\u00e9 o tempo todo e como esse h\u00e1bito revela identidade, estilo, prote\u00e7\u00e3o emocional e autoestima.","og_url":"https:\/\/www.correiobraziliense.com.br\/cbradar\/o-que-significa-usar-bone-o-tempo-todo-e-nunca-tira-lo\/","og_site_name":"Correio Braziliense - Radar","article_published_time":"2025-11-21T01:35:36+00:00","og_image":[{"width":1280,"height":720,"url":"https:\/\/www.correiobraziliense.com.br\/cbradar\/wp-content\/uploads\/2025\/11\/pessoa-bone-_1763583145601.jpg","type":"image\/jpeg"}],"author":"Daniely Cardoso","twitter_card":"summary_large_image","twitter_misc":{"Escrito por":"Daniely Cardoso","Est. tempo de leitura":"4 minutos"},"schema":{"@context":"https:\/\/schema.org","@graph":[{"@type":"WebPage","@id":"https:\/\/www.correiobraziliense.com.br\/cbradar\/o-que-significa-usar-bone-o-tempo-todo-e-nunca-tira-lo\/","url":"https:\/\/www.correiobraziliense.com.br\/cbradar\/o-que-significa-usar-bone-o-tempo-todo-e-nunca-tira-lo\/","name":"O que significa usar bon\u00e9 o tempo todo e nunca tir\u00e1-lo? - Correio Braziliense - Radar","isPartOf":{"@id":"https:\/\/www.correiobraziliense.com.br\/cbradar\/#website"},"primaryImageOfPage":{"@id":"https:\/\/www.correiobraziliense.com.br\/cbradar\/o-que-significa-usar-bone-o-tempo-todo-e-nunca-tira-lo\/#primaryimage"},"image":{"@id":"https:\/\/www.correiobraziliense.com.br\/cbradar\/o-que-significa-usar-bone-o-tempo-todo-e-nunca-tira-lo\/#primaryimage"},"thumbnailUrl":"https:\/\/www.correiobraziliense.com.br\/cbradar\/wp-content\/uploads\/2025\/11\/pessoa-bone-_1763583145601.jpg","datePublished":"2025-11-21T01:35:36+00:00","author":{"@id":"https:\/\/www.correiobraziliense.com.br\/cbradar\/#\/schema\/person\/7356666e12ec0ee53f348ee5db227032"},"description":"Saiba o que significa usar bon\u00e9 o tempo todo e como esse h\u00e1bito revela identidade, estilo, prote\u00e7\u00e3o emocional e autoestima.","breadcrumb":{"@id":"https:\/\/www.correiobraziliense.com.br\/cbradar\/o-que-significa-usar-bone-o-tempo-todo-e-nunca-tira-lo\/#breadcrumb"},"inLanguage":"pt-BR","potentialAction":[{"@type":"ReadAction","target":["https:\/\/www.correiobraziliense.com.br\/cbradar\/o-que-significa-usar-bone-o-tempo-todo-e-nunca-tira-lo\/"]}]},{"@type":"ImageObject","inLanguage":"pt-BR","@id":"https:\/\/www.correiobraziliense.com.br\/cbradar\/o-que-significa-usar-bone-o-tempo-todo-e-nunca-tira-lo\/#primaryimage","url":"https:\/\/www.correiobraziliense.com.br\/cbradar\/wp-content\/uploads\/2025\/11\/pessoa-bone-_1763583145601.jpg","contentUrl":"https:\/\/www.correiobraziliense.com.br\/cbradar\/wp-content\/uploads\/2025\/11\/pessoa-bone-_1763583145601.jpg","width":1280,"height":720,"caption":"Al\u00e9m disso, esse h\u00e1bito pode ser percebido como uma forma de manter certo grau de anonimato e autonomia - Cr\u00e9ditos: depositphotos.com \/ alonesdj"},{"@type":"BreadcrumbList","@id":"https:\/\/www.correiobraziliense.com.br\/cbradar\/o-que-significa-usar-bone-o-tempo-todo-e-nunca-tira-lo\/#breadcrumb","itemListElement":[{"@type":"ListItem","position":1,"name":"In\u00edcio","item":"https:\/\/www.correiobraziliense.com.br\/cbradar\/"},{"@type":"ListItem","position":2,"name":"O que significa usar bon\u00e9 o tempo todo e nunca tir\u00e1-lo?"}]},{"@type":"WebSite","@id":"https:\/\/www.correiobraziliense.com.br\/cbradar\/#website","url":"https:\/\/www.correiobraziliense.com.br\/cbradar\/","name":"Correio Braziliense - Radar","description":"Acompanhe as \u00faltimas not\u00edcias e fique bem informado sobre tudo o que acontece no Brasil e no mundo.","potentialAction":[{"@type":"SearchAction","target":{"@type":"EntryPoint","urlTemplate":"https:\/\/www.correiobraziliense.com.br\/cbradar\/?s={search_term_string}"},"query-input":{"@type":"PropertyValueSpecification","valueRequired":true,"valueName":"search_term_string"}}],"inLanguage":"pt-BR"},{"@type":"Person","@id":"https:\/\/www.correiobraziliense.com.br\/cbradar\/#\/schema\/person\/7356666e12ec0ee53f348ee5db227032","name":"Daniely Cardoso","image":{"@type":"ImageObject","inLanguage":"pt-BR","@id":"https:\/\/www.correiobraziliense.com.br\/cbradar\/#\/schema\/person\/image\/","url":"https:\/\/secure.gravatar.com\/avatar\/4b80ddbd124d1f071b626d52d62e5dff?s=96&d=mm&r=g","contentUrl":"https:\/\/secure.gravatar.com\/avatar\/4b80ddbd124d1f071b626d52d62e5dff?s=96&d=mm&r=g","caption":"Daniely Cardoso"},"description":"Redatora nos portais CB Radar e EM Foco, formada pela Universidade Federal de Goi\u00e1s, em Goi\u00e2nia. Apaixonada por comunica\u00e7\u00e3o, arte, decora\u00e7\u00e3o e tend\u00eancias, atuo na produ\u00e7\u00e3o de conte\u00fados envolventes sobre curiosidades, moda, beleza e paisagismo, sempre com um olhar atento \u00e0s novidades do momento.","sameAs":["https:\/\/www.correiobraziliense.com.br\/cbradar"],"url":"https:\/\/www.correiobraziliense.com.br\/cbradar\/author\/danielymyth\/"}]}},"_links":{"self":[{"href":"https:\/\/www.correiobraziliense.com.br\/cbradar\/wp-json\/wp\/v2\/posts\/140711","targetHints":{"allow":["GET"]}}],"collection":[{"href":"https:\/\/www.correiobraziliense.com.br\/cbradar\/wp-json\/wp\/v2\/posts"}],"about":[{"href":"https:\/\/www.correiobraziliense.com.br\/cbradar\/wp-json\/wp\/v2\/types\/post"}],"author":[{"embeddable":true,"href":"https:\/\/www.correiobraziliense.com.br\/cbradar\/wp-json\/wp\/v2\/users\/9"}],"replies":[{"embeddable":true,"href":"https:\/\/www.correiobraziliense.com.br\/cbradar\/wp-json\/wp\/v2\/comments?post=140711"}],"version-history":[{"count":2,"href":"https:\/\/www.correiobraziliense.com.br\/cbradar\/wp-json\/wp\/v2\/posts\/140711\/revisions"}],"predecessor-version":[{"id":140851,"href":"https:\/\/www.correiobraziliense.com.br\/cbradar\/wp-json\/wp\/v2\/posts\/140711\/revisions\/140851"}],"wp:featuredmedia":[{"embeddable":true,"href":"https:\/\/www.correiobraziliense.com.br\/cbradar\/wp-json\/wp\/v2\/media\/140850"}],"wp:attachment":[{"href":"https:\/\/www.correiobraziliense.com.br\/cbradar\/wp-json\/wp\/v2\/media?parent=140711"}],"wp:term":[{"taxonomy":"category","embeddable":true,"href":"https:\/\/www.correiobraziliense.com.br\/cbradar\/wp-json\/wp\/v2\/categories?post=140711"},{"taxonomy":"post_tag","embeddable":true,"href":"https:\/\/www.correiobraziliense.com.br\/cbradar\/wp-json\/wp\/v2\/tags?post=140711"}],"curies":[{"name":"wp","href":"https:\/\/api.w.org\/{rel}","templated":true}]}}