{"id":140716,"date":"2025-11-20T08:05:49","date_gmt":"2025-11-20T11:05:49","guid":{"rendered":"https:\/\/www.correiobraziliense.com.br\/cbradar\/?p=140716"},"modified":"2025-11-19T16:35:06","modified_gmt":"2025-11-19T19:35:06","slug":"como-plantar-oregano-tomilho-e-manjerona-juntos-em-um-so-vaso","status":"publish","type":"post","link":"https:\/\/www.correiobraziliense.com.br\/cbradar\/como-plantar-oregano-tomilho-e-manjerona-juntos-em-um-so-vaso\/","title":{"rendered":"Como plantar or\u00e9gano, tomilho e manjerona juntos em um s\u00f3 vaso"},"content":{"rendered":"\n<p>Para aqueles que buscam cultivar suas pr\u00f3prias <strong>ervas<\/strong> em casa, plantar <strong>or\u00e9gano<\/strong>, <strong>tomilho<\/strong> e manjerona em um \u00fanico vaso \u00e9 uma op\u00e7\u00e3o pr\u00e1tica e charmosa. Essas tr\u00eas ervas compartilham exig\u00eancias semelhantes de cultivo e s\u00e3o \u00f3timas para real\u00e7ar o sabor e aroma de receitas variadas, tornando o processo simples at\u00e9 mesmo para quem est\u00e1 come\u00e7ando sua horta dom\u00e9stica.<\/p>\n\n\n\n<h2 class=\"wp-block-heading\">Qual \u00e9 o melhor vaso para plantar or\u00e9gano, tomilho e manjerona juntos?<\/h2>\n\n\n\n<p>Escolher um vaso adequado \u00e9 o primeiro passo fundamental para o sucesso do cultivo conjunto dessas <strong>ervas arom\u00e1ticas<\/strong>. Opte por um vaso amplo, com cerca de 30 a 40 cm de di\u00e2metro, que acomode confortavelmente as ra\u00edzes e evite competi\u00e7\u00e3o de espa\u00e7o.<\/p>\n\n\n\n<p>Priorize vasos com furos de drenagem no fundo, garantindo que o excesso de \u00e1gua escoe facilmente. Isso ajuda a prevenir o apodrecimento das ra\u00edzes e mant\u00e9m o desenvolvimento das plantas saud\u00e1vel.<\/p>\n\n\n<div class=\"wp-block-image\">\n<figure class=\"aligncenter size-large\"><img decoding=\"async\" width=\"1024\" height=\"576\" src=\"https:\/\/www.correiobraziliense.com.br\/cbradar\/wp-content\/uploads\/2025\/11\/tomilho-plantacao-_1763576723221-1024x576.jpg\" alt=\"\" class=\"wp-image-140757\" srcset=\"https:\/\/www.correiobraziliense.com.br\/cbradar\/wp-content\/uploads\/2025\/11\/tomilho-plantacao-_1763576723221-1024x576.jpg 1024w, https:\/\/www.correiobraziliense.com.br\/cbradar\/wp-content\/uploads\/2025\/11\/tomilho-plantacao-_1763576723221-300x169.jpg 300w, https:\/\/www.correiobraziliense.com.br\/cbradar\/wp-content\/uploads\/2025\/11\/tomilho-plantacao-_1763576723221-768x432.jpg 768w, https:\/\/www.correiobraziliense.com.br\/cbradar\/wp-content\/uploads\/2025\/11\/tomilho-plantacao-_1763576723221-750x422.jpg 750w, https:\/\/www.correiobraziliense.com.br\/cbradar\/wp-content\/uploads\/2025\/11\/tomilho-plantacao-_1763576723221-1140x641.jpg 1140w, https:\/\/www.correiobraziliense.com.br\/cbradar\/wp-content\/uploads\/2025\/11\/tomilho-plantacao-_1763576723221.jpg 1280w\" sizes=\"(max-width: 1024px) 100vw, 1024px\" \/><figcaption class=\"wp-element-caption\">Escolher um vaso adequado \u00e9 o primeiro passo fundamental para o sucesso do cultivo conjunto dessas ervas arom\u00e1ticas &#8211; Cr\u00e9ditos: depositphotos.com \/ k_v<\/figcaption><\/figure><\/div>\n\n\n<p>Leia tamb\u00e9m:&nbsp;<a href=\"https:\/\/www.correiobraziliense.com.br\/cbradar\/aprenda-a-plantar-o-abacaxi-em-casa-usando-apenas-a-coroa\/\" target=\"_blank\" rel=\"noopener\">Aprenda a plantar o abacaxi em casa usando apenas a coroa<\/a><\/p>\n\n\n\n<h2 class=\"wp-block-heading\">Como preparar o substrato ideal para ervas arom\u00e1ticas no mesmo vaso<\/h2>\n\n\n\n<p>O <strong>substrato<\/strong> deve ser leve e permitir boa drenagem para promover o crescimento das plantas. Uma mistura equilibrada de terra vegetal e <strong>areia grossa<\/strong> proporciona reten\u00e7\u00e3o de umidade sem encharcamento.<\/p>\n\n\n\n<p>Al\u00e9m disso, enriquecer o solo com <strong>h\u00famus de minhoca<\/strong> oferece nutrientes essenciais. Veja abaixo os principais componentes recomendados para garantir um substrato f\u00e9rtil:<\/p>\n\n\n\n<ul class=\"wp-block-list\">\n<li><strong>Terra vegetal<\/strong> de boa qualidade<\/li>\n\n\n\n<li>Areia grossa ou <strong>perlita<\/strong> para drenagem<\/li>\n\n\n\n<li>H\u00famus de minhoca para nutri\u00e7\u00e3o extra<\/li>\n<\/ul>\n\n\n\n<h2 class=\"wp-block-heading\">Como garantir ilumina\u00e7\u00e3o e irriga\u00e7\u00e3o adequadas para as tr\u00eas ervas juntas<\/h2>\n\n\n\n<p><strong>Or\u00e9gano<\/strong>, tomilho e manjerona prosperam em ambientes com boa luminosidade, preferindo pelo menos 6 horas de sol direto ao dia. Posicione o vaso perto de uma janela ensolarada ou em ambiente externo para melhor resultado.<\/p>\n\n\n\n<p>As regas devem ser <strong>moderadas<\/strong>, j\u00e1 que essas ervas toleram solos levemente secos. Sempre verifique a umidade antes de regar novamente, evitando excessos que possam causar doen\u00e7as. <strong>Confira o v\u00eddeo do canal <a href=\"https:\/\/www.youtube.com\/@quintalcozinhaearte\" target=\"_blank\" rel=\"noreferrer noopener\">Quintal, cozinha e arte<\/a> ensinando a plantar majerona em casa:<\/strong><\/p>\n\n\n\n<figure class=\"wp-block-embed is-type-video is-provider-youtube wp-block-embed-youtube wp-embed-aspect-16-9 wp-has-aspect-ratio\"><div class=\"wp-block-embed__wrapper\">\n<div class=\"jeg_video_container jeg_video_content\"><iframe loading=\"lazy\" title=\"Aprenda a cultivar MANJERONA.\" width=\"500\" height=\"281\" src=\"https:\/\/www.youtube.com\/embed\/hJipq4o8XQ4?feature=oembed\" frameborder=\"0\" allow=\"accelerometer; autoplay; clipboard-write; encrypted-media; gyroscope; picture-in-picture; web-share\" referrerpolicy=\"strict-origin-when-cross-origin\" allowfullscreen><\/iframe><\/div>\n<\/div><\/figure>\n\n\n\n<h2 class=\"wp-block-heading\">Como distribuir as ervas no vaso para otimizar espa\u00e7o e crescimento<\/h2>\n\n\n\n<p>Para garantir que cada erva cres\u00e7a de maneira saud\u00e1vel, \u00e9 fundamental pensar no <strong>arranjo<\/strong> dentro do vaso. Cada esp\u00e9cie tem um padr\u00e3o de desenvolvimento distinto, o que possibilita otimizar o espa\u00e7o dispon\u00edvel.<\/p>\n\n\n\n<p>A distribui\u00e7\u00e3o correta facilita o acesso \u00e0 <strong>luz<\/strong> e nutrientes. Confira sugest\u00f5es para posicionar as plantas de forma eficiente:<\/p>\n\n\n\n<ul class=\"wp-block-list\">\n<li>Plante o <strong>or\u00e9gano<\/strong> no centro do vaso, aproveitando seu crescimento expansivo<\/li>\n\n\n\n<li>Coloque o <strong>tomilho<\/strong> pr\u00f3ximo a uma das bordas para favorecer seu formato compacto<\/li>\n\n\n\n<li>Posicione a <strong>manjerona<\/strong> na outra extremidade, deixando espa\u00e7o para crescer verticalmente<\/li>\n<\/ul>\n\n\n\n<h2 class=\"wp-block-heading\">Poda regular \u00e9 fundamental para a sa\u00fade das ervas no mesmo vaso<\/h2>\n\n\n\n<p>Realizar <strong>podas<\/strong> frequentes evita que as plantas fiquem lenhosas e estimulam a brota\u00e7\u00e3o de novas folhas. Use sempre ferramentas limpas para aparar ramos e remover folhas secas.<\/p>\n\n\n\n<p>Evite retirar mais de um <strong>ter\u00e7o<\/strong> da planta em cada poda, garantindo vigor cont\u00ednuo e produ\u00e7\u00e3o constante de folhagens frescas para utiliza\u00e7\u00e3o na cozinha.<\/p>\n\n\n\n<p>Com esses cuidados essenciais, cultivar <strong>or\u00e9gano<\/strong>, tomilho e manjerona em um \u00fanico vaso se torna uma atividade pr\u00e1tica e recompensadora, trazendo praticidade, beleza e frescor diretamente para a sua cozinha.<\/p>\n","protected":false},"excerpt":{"rendered":"<p>Para aqueles que buscam cultivar suas pr\u00f3prias ervas em casa, plantar or\u00e9gano, tomilho e manjerona em um \u00fanico vaso \u00e9 uma op\u00e7\u00e3o pr\u00e1tica e charmosa. Essas tr\u00eas ervas compartilham exig\u00eancias semelhantes de cultivo e s\u00e3o \u00f3timas para real\u00e7ar o sabor e aroma de receitas variadas, tornando o processo simples at\u00e9 mesmo para quem est\u00e1 come\u00e7ando [&hellip;]<\/p>\n","protected":false},"author":9,"featured_media":140811,"comment_status":"open","ping_status":"open","sticky":false,"template":"","format":"standard","meta":{"jnews-multi-image_gallery":[],"jnews_single_post":{"format":"standard"},"jnews_primary_category":[],"jnews_social_meta":[],"jnews_override_counter":[],"footnotes":""},"categories":[136],"post_tag":[943,2162,224],"class_list":["post-140716","post","type-post","status-publish","format-standard","has-post-thumbnail","hentry","category-jardinagem","tag-horta","tag-oregano","tag-plantas"],"yoast_head":"<!-- This site is optimized with the Yoast SEO plugin v24.6 - https:\/\/yoast.com\/wordpress\/plugins\/seo\/ -->\n<title>Como plantar or\u00e9gano, tomilho e manjerona juntos em um s\u00f3 vaso<\/title>\n<meta name=\"description\" content=\"Aprenda a cultivar or\u00e9gano, tomilho e manjerona juntos em um vaso, garantindo ervas frescas, saborosas e arom\u00e1ticas para sua cozinha.\" \/>\n<meta name=\"robots\" content=\"index, follow, max-snippet:-1, max-image-preview:large, max-video-preview:-1\" \/>\n<link rel=\"canonical\" href=\"https:\/\/www.correiobraziliense.com.br\/cbradar\/como-plantar-oregano-tomilho-e-manjerona-juntos-em-um-so-vaso\/\" \/>\n<meta property=\"og:locale\" content=\"pt_BR\" \/>\n<meta property=\"og:type\" content=\"article\" \/>\n<meta property=\"og:title\" content=\"Como plantar or\u00e9gano, tomilho e manjerona juntos em um s\u00f3 vaso\" \/>\n<meta property=\"og:description\" content=\"Aprenda a cultivar or\u00e9gano, tomilho e manjerona juntos em um vaso, garantindo ervas frescas, saborosas e arom\u00e1ticas para sua cozinha.\" \/>\n<meta property=\"og:url\" content=\"https:\/\/www.correiobraziliense.com.br\/cbradar\/como-plantar-oregano-tomilho-e-manjerona-juntos-em-um-so-vaso\/\" \/>\n<meta property=\"og:site_name\" content=\"Correio Braziliense - Radar\" \/>\n<meta property=\"article:published_time\" content=\"2025-11-20T11:05:49+00:00\" \/>\n<meta property=\"og:image\" content=\"https:\/\/www.correiobraziliense.com.br\/cbradar\/wp-content\/uploads\/2025\/11\/freepik__cena-com-um-vaso-grande-de-cermica-em-tons-terroso__38783-1.jpeg\" \/>\n\t<meta property=\"og:image:width\" content=\"1280\" \/>\n\t<meta property=\"og:image:height\" content=\"720\" \/>\n\t<meta property=\"og:image:type\" content=\"image\/jpeg\" \/>\n<meta name=\"author\" content=\"Daniely Cardoso\" \/>\n<meta name=\"twitter:card\" content=\"summary_large_image\" \/>\n<meta name=\"twitter:label1\" content=\"Escrito por\" \/>\n\t<meta name=\"twitter:data1\" content=\"Daniely Cardoso\" \/>\n\t<meta name=\"twitter:label2\" content=\"Est. tempo de leitura\" \/>\n\t<meta name=\"twitter:data2\" content=\"4 minutos\" \/>\n<!-- \/ Yoast SEO plugin. -->","yoast_head_json":{"title":"Como plantar or\u00e9gano, tomilho e manjerona juntos em um s\u00f3 vaso","description":"Aprenda a cultivar or\u00e9gano, tomilho e manjerona juntos em um vaso, garantindo ervas frescas, saborosas e arom\u00e1ticas para sua cozinha.","robots":{"index":"index","follow":"follow","max-snippet":"max-snippet:-1","max-image-preview":"max-image-preview:large","max-video-preview":"max-video-preview:-1"},"canonical":"https:\/\/www.correiobraziliense.com.br\/cbradar\/como-plantar-oregano-tomilho-e-manjerona-juntos-em-um-so-vaso\/","og_locale":"pt_BR","og_type":"article","og_title":"Como plantar or\u00e9gano, tomilho e manjerona juntos em um s\u00f3 vaso","og_description":"Aprenda a cultivar or\u00e9gano, tomilho e manjerona juntos em um vaso, garantindo ervas frescas, saborosas e arom\u00e1ticas para sua cozinha.","og_url":"https:\/\/www.correiobraziliense.com.br\/cbradar\/como-plantar-oregano-tomilho-e-manjerona-juntos-em-um-so-vaso\/","og_site_name":"Correio Braziliense - Radar","article_published_time":"2025-11-20T11:05:49+00:00","og_image":[{"width":1280,"height":720,"url":"https:\/\/www.correiobraziliense.com.br\/cbradar\/wp-content\/uploads\/2025\/11\/freepik__cena-com-um-vaso-grande-de-cermica-em-tons-terroso__38783-1.jpeg","type":"image\/jpeg"}],"author":"Daniely Cardoso","twitter_card":"summary_large_image","twitter_misc":{"Escrito por":"Daniely Cardoso","Est. tempo de leitura":"4 minutos"},"schema":{"@context":"https:\/\/schema.org","@graph":[{"@type":"WebPage","@id":"https:\/\/www.correiobraziliense.com.br\/cbradar\/como-plantar-oregano-tomilho-e-manjerona-juntos-em-um-so-vaso\/","url":"https:\/\/www.correiobraziliense.com.br\/cbradar\/como-plantar-oregano-tomilho-e-manjerona-juntos-em-um-so-vaso\/","name":"Como plantar or\u00e9gano, tomilho e manjerona juntos em um s\u00f3 vaso","isPartOf":{"@id":"https:\/\/www.correiobraziliense.com.br\/cbradar\/#website"},"primaryImageOfPage":{"@id":"https:\/\/www.correiobraziliense.com.br\/cbradar\/como-plantar-oregano-tomilho-e-manjerona-juntos-em-um-so-vaso\/#primaryimage"},"image":{"@id":"https:\/\/www.correiobraziliense.com.br\/cbradar\/como-plantar-oregano-tomilho-e-manjerona-juntos-em-um-so-vaso\/#primaryimage"},"thumbnailUrl":"https:\/\/www.correiobraziliense.com.br\/cbradar\/wp-content\/uploads\/2025\/11\/freepik__cena-com-um-vaso-grande-de-cermica-em-tons-terroso__38783-1.jpeg","datePublished":"2025-11-20T11:05:49+00:00","author":{"@id":"https:\/\/www.correiobraziliense.com.br\/cbradar\/#\/schema\/person\/7356666e12ec0ee53f348ee5db227032"},"description":"Aprenda a cultivar or\u00e9gano, tomilho e manjerona juntos em um vaso, garantindo ervas frescas, saborosas e arom\u00e1ticas para sua cozinha.","breadcrumb":{"@id":"https:\/\/www.correiobraziliense.com.br\/cbradar\/como-plantar-oregano-tomilho-e-manjerona-juntos-em-um-so-vaso\/#breadcrumb"},"inLanguage":"pt-BR","potentialAction":[{"@type":"ReadAction","target":["https:\/\/www.correiobraziliense.com.br\/cbradar\/como-plantar-oregano-tomilho-e-manjerona-juntos-em-um-so-vaso\/"]}]},{"@type":"ImageObject","inLanguage":"pt-BR","@id":"https:\/\/www.correiobraziliense.com.br\/cbradar\/como-plantar-oregano-tomilho-e-manjerona-juntos-em-um-so-vaso\/#primaryimage","url":"https:\/\/www.correiobraziliense.com.br\/cbradar\/wp-content\/uploads\/2025\/11\/freepik__cena-com-um-vaso-grande-de-cermica-em-tons-terroso__38783-1.jpeg","contentUrl":"https:\/\/www.correiobraziliense.com.br\/cbradar\/wp-content\/uploads\/2025\/11\/freepik__cena-com-um-vaso-grande-de-cermica-em-tons-terroso__38783-1.jpeg","width":1280,"height":720,"caption":"Cultivar or\u00e9gano, tomilho e manjerona \u00e9 f\u00e1cil e funcional"},{"@type":"BreadcrumbList","@id":"https:\/\/www.correiobraziliense.com.br\/cbradar\/como-plantar-oregano-tomilho-e-manjerona-juntos-em-um-so-vaso\/#breadcrumb","itemListElement":[{"@type":"ListItem","position":1,"name":"In\u00edcio","item":"https:\/\/www.correiobraziliense.com.br\/cbradar\/"},{"@type":"ListItem","position":2,"name":"Como plantar or\u00e9gano, tomilho e manjerona juntos em um s\u00f3 vaso"}]},{"@type":"WebSite","@id":"https:\/\/www.correiobraziliense.com.br\/cbradar\/#website","url":"https:\/\/www.correiobraziliense.com.br\/cbradar\/","name":"Correio Braziliense - Radar","description":"Acompanhe as \u00faltimas not\u00edcias e fique bem informado sobre tudo o que acontece no Brasil e no mundo.","potentialAction":[{"@type":"SearchAction","target":{"@type":"EntryPoint","urlTemplate":"https:\/\/www.correiobraziliense.com.br\/cbradar\/?s={search_term_string}"},"query-input":{"@type":"PropertyValueSpecification","valueRequired":true,"valueName":"search_term_string"}}],"inLanguage":"pt-BR"},{"@type":"Person","@id":"https:\/\/www.correiobraziliense.com.br\/cbradar\/#\/schema\/person\/7356666e12ec0ee53f348ee5db227032","name":"Daniely Cardoso","image":{"@type":"ImageObject","inLanguage":"pt-BR","@id":"https:\/\/www.correiobraziliense.com.br\/cbradar\/#\/schema\/person\/image\/","url":"https:\/\/secure.gravatar.com\/avatar\/4b80ddbd124d1f071b626d52d62e5dff?s=96&d=mm&r=g","contentUrl":"https:\/\/secure.gravatar.com\/avatar\/4b80ddbd124d1f071b626d52d62e5dff?s=96&d=mm&r=g","caption":"Daniely Cardoso"},"description":"Redatora nos portais CB Radar e EM Foco, formada pela Universidade Federal de Goi\u00e1s, em Goi\u00e2nia. Apaixonada por comunica\u00e7\u00e3o, arte, decora\u00e7\u00e3o e tend\u00eancias, atuo na produ\u00e7\u00e3o de conte\u00fados envolventes sobre curiosidades, moda, beleza e paisagismo, sempre com um olhar atento \u00e0s novidades do momento.","sameAs":["https:\/\/www.correiobraziliense.com.br\/cbradar"],"url":"https:\/\/www.correiobraziliense.com.br\/cbradar\/author\/danielymyth\/"}]}},"_links":{"self":[{"href":"https:\/\/www.correiobraziliense.com.br\/cbradar\/wp-json\/wp\/v2\/posts\/140716","targetHints":{"allow":["GET"]}}],"collection":[{"href":"https:\/\/www.correiobraziliense.com.br\/cbradar\/wp-json\/wp\/v2\/posts"}],"about":[{"href":"https:\/\/www.correiobraziliense.com.br\/cbradar\/wp-json\/wp\/v2\/types\/post"}],"author":[{"embeddable":true,"href":"https:\/\/www.correiobraziliense.com.br\/cbradar\/wp-json\/wp\/v2\/users\/9"}],"replies":[{"embeddable":true,"href":"https:\/\/www.correiobraziliense.com.br\/cbradar\/wp-json\/wp\/v2\/comments?post=140716"}],"version-history":[{"count":2,"href":"https:\/\/www.correiobraziliense.com.br\/cbradar\/wp-json\/wp\/v2\/posts\/140716\/revisions"}],"predecessor-version":[{"id":140759,"href":"https:\/\/www.correiobraziliense.com.br\/cbradar\/wp-json\/wp\/v2\/posts\/140716\/revisions\/140759"}],"wp:featuredmedia":[{"embeddable":true,"href":"https:\/\/www.correiobraziliense.com.br\/cbradar\/wp-json\/wp\/v2\/media\/140811"}],"wp:attachment":[{"href":"https:\/\/www.correiobraziliense.com.br\/cbradar\/wp-json\/wp\/v2\/media?parent=140716"}],"wp:term":[{"taxonomy":"category","embeddable":true,"href":"https:\/\/www.correiobraziliense.com.br\/cbradar\/wp-json\/wp\/v2\/categories?post=140716"},{"taxonomy":"post_tag","embeddable":true,"href":"https:\/\/www.correiobraziliense.com.br\/cbradar\/wp-json\/wp\/v2\/post_tag?post=140716"}],"curies":[{"name":"wp","href":"https:\/\/api.w.org\/{rel}","templated":true}]}}