{"id":14075,"date":"2025-03-20T20:50:00","date_gmt":"2025-03-20T23:50:00","guid":{"rendered":"https:\/\/www.correiobraziliense.com.br\/cbradar\/?p=14075"},"modified":"2025-03-19T20:43:40","modified_gmt":"2025-03-19T23:43:40","slug":"conheca-o-novo-smartphone-que-esta-surpreendendo-o-mercado","status":"publish","type":"post","link":"https:\/\/www.correiobraziliense.com.br\/cbradar\/conheca-o-novo-smartphone-que-esta-surpreendendo-o-mercado\/","title":{"rendered":"Conhe\u00e7a o novo smartphone que est\u00e1 surpreendendo o mercado"},"content":{"rendered":"\n<p>O<strong> Realme GT 7 Pro<\/strong> chega ao mercado com especifica\u00e7\u00f5es impressionantes, prometendo competir com gigantes como <strong>Samsung <\/strong>e <strong>Apple<\/strong>. Equipado com o poderoso<strong> Snapdragon<\/strong> 8 Elite, tela OLED de alta resolu\u00e7\u00e3o e uma bateria robusta de 6.500 mAh, este dispositivo busca se destacar na categoria de smartphones premium. No entanto, a tarefa n\u00e3o \u00e9 f\u00e1cil, considerando a forte presen\u00e7a de marcas j\u00e1 consolidadas no Brasil.<\/p>\n\n\n\n<p>O design do GT 7 Pro \u00e9 uma evolu\u00e7\u00e3o em rela\u00e7\u00e3o ao seu antecessor, o GT 6. Com cantos arredondados e laterais planas, o aparelho apresenta uma traseira com acabamento fosco que remete ao a\u00e7o escovado. Embora seja um dispositivo grande e ligeiramente mais pesado que alguns concorrentes, suas dimens\u00f5es s\u00e3o similares \u00e0s de outros modelos topo de linha.<\/p>\n\n\n\n<h2 class=\"wp-block-heading\">Quais s\u00e3o as caracter\u00edsticas de design e constru\u00e7\u00e3o do Realme GT 7 Pro?<\/h2>\n\n\n\n<p>O Realme GT 7 Pro adota um design moderno com laterais em alum\u00ednio e vidro tanto na traseira quanto na tela. Um dos aspectos mais not\u00e1veis \u00e9 o m\u00f3dulo de c\u00e2meras, que se destaca pela sua protuber\u00e2ncia. Al\u00e9m disso, o dispositivo possui certifica\u00e7\u00e3o IP69, garantindo resist\u00eancia \u00e0 \u00e1gua e poeira, e permitindo at\u00e9 mesmo fotografias subaqu\u00e1ticas.<\/p>\n\n\n\n<p>O smartphone tamb\u00e9m conta com um sensor infravermelho no topo e bot\u00f5es laterais bem posicionados. O leitor de impress\u00e3o digital ultrass\u00f4nico sob a tela \u00e9 r\u00e1pido e de f\u00e1cil acesso, contribuindo para uma experi\u00eancia de uso mais fluida.<\/p>\n\n\n\n<figure class=\"wp-block-image size-large\"><img decoding=\"async\" width=\"1024\" height=\"576\" src=\"https:\/\/www.correiobraziliense.com.br\/cbradar\/wp-content\/uploads\/2025\/03\/Realme-GT-7-Pro-2-1024x576.png\" alt=\"Conhe\u00e7a o novo smartphone que est\u00e1 surpreendendo o mercado\" class=\"wp-image-14076\" srcset=\"https:\/\/www.correiobraziliense.com.br\/cbradar\/wp-content\/uploads\/2025\/03\/Realme-GT-7-Pro-2-1024x576.png 1024w, https:\/\/www.correiobraziliense.com.br\/cbradar\/wp-content\/uploads\/2025\/03\/Realme-GT-7-Pro-2-300x169.png 300w, https:\/\/www.correiobraziliense.com.br\/cbradar\/wp-content\/uploads\/2025\/03\/Realme-GT-7-Pro-2-768x432.png 768w, https:\/\/www.correiobraziliense.com.br\/cbradar\/wp-content\/uploads\/2025\/03\/Realme-GT-7-Pro-2-750x422.png 750w, https:\/\/www.correiobraziliense.com.br\/cbradar\/wp-content\/uploads\/2025\/03\/Realme-GT-7-Pro-2-1140x641.png 1140w, https:\/\/www.correiobraziliense.com.br\/cbradar\/wp-content\/uploads\/2025\/03\/Realme-GT-7-Pro-2.png 1280w\" sizes=\"(max-width: 1024px) 100vw, 1024px\" \/><figcaption class=\"wp-element-caption\">Realme GT 7 Pro. Fonte: divulga\u00e7\u00e3o \/ Realme<\/figcaption><\/figure>\n\n\n\n<h2 class=\"wp-block-heading\">Como \u00e9 a tela e o sistema de som do Realme GT 7 Pro?<\/h2>\n\n\n\n<p>A tela do GT 7 Pro \u00e9 um dos seus pontos fortes. Com 6,78 polegadas, o display OLED oferece resolu\u00e7\u00e3o 1,5K e tecnologia LTPO, que ajusta a taxa de atualiza\u00e7\u00e3o entre 1 Hz e 120 Hz para otimizar o consumo de bateria. A tela tamb\u00e9m suporta Dolby Vision e atinge um brilho m\u00e1ximo impressionante, ideal para uso em ambientes externos.<\/p>\n\n\n\n<p>O sistema de som do dispositivo \u00e9 est\u00e9reo, proporcionando uma experi\u00eancia auditiva equilibrada mesmo em volumes altos. As bordas finas ao redor da tela contribuem para um design mais elegante, embora ainda n\u00e3o superem os modelos mais recentes da Samsung e Apple nesse quesito.<\/p>\n\n\n\n<h2 class=\"wp-block-heading\">Qual \u00e9 o desempenho do Realme GT 7 Pro?<\/h2>\n\n\n\n<p>Equipado com o chipset Snapdragon 8 Elite, o Realme GT 7 Pro oferece um desempenho excepcional. Este processador de 3nm com oito n\u00facleos garante uma experi\u00eancia fluida em jogos e aplicativos pesados. O modelo testado possui 12 GB de RAM e 512 GB de armazenamento, com op\u00e7\u00f5es de at\u00e9 16 GB de RAM dispon\u00edveis.<\/p>\n\n\n\n<p>O software do GT 7 Pro, baseado no Android 15 com a interface Realme UI 6.0, oferece recursos adicionais, especialmente para jogos. A marca promete atualiza\u00e7\u00f5es do Android por tr\u00eas gera\u00e7\u00f5es e quatro anos de atualiza\u00e7\u00f5es de seguran\u00e7a, embora este per\u00edodo seja inferior ao de alguns concorrentes.<\/p>\n\n\n\n<h2 class=\"wp-block-heading\">Como \u00e9 a bateria e o sistema de c\u00e2meras do Realme GT 7 Pro?<\/h2>\n\n\n\n<p>A bateria de 6.500 mAh do GT 7 Pro \u00e9 um dos seus maiores atrativos, oferecendo excelente autonomia. Com tecnologia de sil\u00edcio-carbono, a bateria suporta um dia e meio de uso moderado. O carregamento r\u00e1pido de 120 watts permite uma carga completa em apenas 42 minutos.<\/p>\n\n\n\n<p>O sistema de c\u00e2meras inclui um sensor principal de 50 MP, um telefoto de 50 MP com zoom \u00f3ptico de 3x, uma c\u00e2mera ultra-angular de 8 MP e uma frontal de 16 MP. As c\u00e2meras produzem imagens de alta qualidade, especialmente em boas condi\u00e7\u00f5es de ilumina\u00e7\u00e3o, embora a c\u00e2mera ultra-angular n\u00e3o seja t\u00e3o competitiva quanto as de outros modelos premium.<\/p>\n\n\n\n<p>Em resumo, o Realme GT 7 Pro \u00e9 um forte concorrente na categoria de smartphones premium, oferecendo um conjunto robusto de recursos e desempenho. No entanto, a marca ainda enfrenta desafios para se estabelecer no mercado brasileiro, especialmente em rela\u00e7\u00e3o \u00e0 presen\u00e7a consolidada de Samsung e Apple.<\/p>\n","protected":false},"excerpt":{"rendered":"<p>Conhe\u00e7a o novo Realme GT 7 Pro: desempenho potente, tela impressionante e bateria de longa dura\u00e7\u00e3o. Um s\u00e9rio concorrente nos smartphones.<\/p>\n","protected":false},"author":3,"featured_media":14077,"comment_status":"open","ping_status":"open","sticky":false,"template":"","format":"standard","meta":{"_yoast_wpseo_focuskw":"novo smartphone","_yoast_wpseo_title":"%%title%%","_yoast_wpseo_metadesc":"Conhe\u00e7a o novo Realme GT 7 Pro: desempenho potente, tela impressionante e bateria de longa dura\u00e7\u00e3o. Um s\u00e9rio concorrente nos smartphones.","jnews-multi-image_gallery":[],"jnews_single_post":{"format":"standard"},"jnews_primary_category":[],"jnews_social_meta":[],"jnews_override_counter":[],"footnotes":""},"categories":[115],"tags":[238,551],"class_list":["post-14075","post","type-post","status-publish","format-standard","has-post-thumbnail","hentry","category-tecnologia","tag-celulares","tag-smartphone"],"yoast_head":"<!-- This site is optimized with the Yoast SEO plugin v24.6 - https:\/\/yoast.com\/wordpress\/plugins\/seo\/ -->\n<title>Conhe\u00e7a o novo smartphone que est\u00e1 surpreendendo o mercado<\/title>\n<meta name=\"description\" content=\"Conhe\u00e7a o novo Realme GT 7 Pro: desempenho potente, tela impressionante e bateria de longa dura\u00e7\u00e3o. Um s\u00e9rio concorrente nos smartphones.\" \/>\n<meta name=\"robots\" content=\"index, follow, max-snippet:-1, max-image-preview:large, max-video-preview:-1\" \/>\n<link rel=\"canonical\" href=\"https:\/\/www.correiobraziliense.com.br\/cbradar\/conheca-o-novo-smartphone-que-esta-surpreendendo-o-mercado\/\" \/>\n<meta property=\"og:locale\" content=\"pt_BR\" \/>\n<meta property=\"og:type\" content=\"article\" \/>\n<meta property=\"og:title\" content=\"Conhe\u00e7a o novo smartphone que est\u00e1 surpreendendo o mercado\" \/>\n<meta property=\"og:description\" content=\"Conhe\u00e7a o novo Realme GT 7 Pro: desempenho potente, tela impressionante e bateria de longa dura\u00e7\u00e3o. Um s\u00e9rio concorrente nos smartphones.\" \/>\n<meta property=\"og:url\" content=\"https:\/\/www.correiobraziliense.com.br\/cbradar\/conheca-o-novo-smartphone-que-esta-surpreendendo-o-mercado\/\" \/>\n<meta property=\"og:site_name\" content=\"Correio Braziliense - Radar\" \/>\n<meta property=\"article:published_time\" content=\"2025-03-20T23:50:00+00:00\" \/>\n<meta property=\"og:image\" content=\"https:\/\/www.correiobraziliense.com.br\/cbradar\/wp-content\/uploads\/2025\/03\/Realme-GT-7-Pro.png\" \/>\n\t<meta property=\"og:image:width\" content=\"1280\" \/>\n\t<meta property=\"og:image:height\" content=\"720\" \/>\n\t<meta property=\"og:image:type\" content=\"image\/png\" \/>\n<meta name=\"author\" content=\"Larissa Carvalho\" \/>\n<meta name=\"twitter:card\" content=\"summary_large_image\" \/>\n<meta name=\"twitter:label1\" content=\"Escrito por\" \/>\n\t<meta name=\"twitter:data1\" content=\"Larissa Carvalho\" \/>\n\t<meta name=\"twitter:label2\" content=\"Est. tempo de leitura\" \/>\n\t<meta name=\"twitter:data2\" content=\"4 minutos\" \/>\n<!-- \/ Yoast SEO plugin. -->","yoast_head_json":{"title":"Conhe\u00e7a o novo smartphone que est\u00e1 surpreendendo o mercado","description":"Conhe\u00e7a o novo Realme GT 7 Pro: desempenho potente, tela impressionante e bateria de longa dura\u00e7\u00e3o. Um s\u00e9rio concorrente nos smartphones.","robots":{"index":"index","follow":"follow","max-snippet":"max-snippet:-1","max-image-preview":"max-image-preview:large","max-video-preview":"max-video-preview:-1"},"canonical":"https:\/\/www.correiobraziliense.com.br\/cbradar\/conheca-o-novo-smartphone-que-esta-surpreendendo-o-mercado\/","og_locale":"pt_BR","og_type":"article","og_title":"Conhe\u00e7a o novo smartphone que est\u00e1 surpreendendo o mercado","og_description":"Conhe\u00e7a o novo Realme GT 7 Pro: desempenho potente, tela impressionante e bateria de longa dura\u00e7\u00e3o. Um s\u00e9rio concorrente nos smartphones.","og_url":"https:\/\/www.correiobraziliense.com.br\/cbradar\/conheca-o-novo-smartphone-que-esta-surpreendendo-o-mercado\/","og_site_name":"Correio Braziliense - Radar","article_published_time":"2025-03-20T23:50:00+00:00","og_image":[{"width":1280,"height":720,"url":"https:\/\/www.correiobraziliense.com.br\/cbradar\/wp-content\/uploads\/2025\/03\/Realme-GT-7-Pro.png","type":"image\/png"}],"author":"Larissa Carvalho","twitter_card":"summary_large_image","twitter_misc":{"Escrito por":"Larissa Carvalho","Est. tempo de leitura":"4 minutos"},"schema":{"@context":"https:\/\/schema.org","@graph":[{"@type":"WebPage","@id":"https:\/\/www.correiobraziliense.com.br\/cbradar\/conheca-o-novo-smartphone-que-esta-surpreendendo-o-mercado\/","url":"https:\/\/www.correiobraziliense.com.br\/cbradar\/conheca-o-novo-smartphone-que-esta-surpreendendo-o-mercado\/","name":"Conhe\u00e7a o novo smartphone que est\u00e1 surpreendendo o mercado","isPartOf":{"@id":"https:\/\/www.correiobraziliense.com.br\/cbradar\/#website"},"primaryImageOfPage":{"@id":"https:\/\/www.correiobraziliense.com.br\/cbradar\/conheca-o-novo-smartphone-que-esta-surpreendendo-o-mercado\/#primaryimage"},"image":{"@id":"https:\/\/www.correiobraziliense.com.br\/cbradar\/conheca-o-novo-smartphone-que-esta-surpreendendo-o-mercado\/#primaryimage"},"thumbnailUrl":"https:\/\/www.correiobraziliense.com.br\/cbradar\/wp-content\/uploads\/2025\/03\/Realme-GT-7-Pro.png","datePublished":"2025-03-20T23:50:00+00:00","author":{"@id":"https:\/\/www.correiobraziliense.com.br\/cbradar\/#\/schema\/person\/58422787644df994b53a19d3e56c1513"},"description":"Conhe\u00e7a o novo Realme GT 7 Pro: desempenho potente, tela impressionante e bateria de longa dura\u00e7\u00e3o. Um s\u00e9rio concorrente nos smartphones.","breadcrumb":{"@id":"https:\/\/www.correiobraziliense.com.br\/cbradar\/conheca-o-novo-smartphone-que-esta-surpreendendo-o-mercado\/#breadcrumb"},"inLanguage":"pt-BR","potentialAction":[{"@type":"ReadAction","target":["https:\/\/www.correiobraziliense.com.br\/cbradar\/conheca-o-novo-smartphone-que-esta-surpreendendo-o-mercado\/"]}]},{"@type":"ImageObject","inLanguage":"pt-BR","@id":"https:\/\/www.correiobraziliense.com.br\/cbradar\/conheca-o-novo-smartphone-que-esta-surpreendendo-o-mercado\/#primaryimage","url":"https:\/\/www.correiobraziliense.com.br\/cbradar\/wp-content\/uploads\/2025\/03\/Realme-GT-7-Pro.png","contentUrl":"https:\/\/www.correiobraziliense.com.br\/cbradar\/wp-content\/uploads\/2025\/03\/Realme-GT-7-Pro.png","width":1280,"height":720,"caption":"Realme GT 7 Pro. Fonte: divulga\u00e7\u00e3o \/ Realme"},{"@type":"BreadcrumbList","@id":"https:\/\/www.correiobraziliense.com.br\/cbradar\/conheca-o-novo-smartphone-que-esta-surpreendendo-o-mercado\/#breadcrumb","itemListElement":[{"@type":"ListItem","position":1,"name":"In\u00edcio","item":"https:\/\/www.correiobraziliense.com.br\/cbradar\/"},{"@type":"ListItem","position":2,"name":"Conhe\u00e7a o novo smartphone que est\u00e1 surpreendendo o mercado"}]},{"@type":"WebSite","@id":"https:\/\/www.correiobraziliense.com.br\/cbradar\/#website","url":"https:\/\/www.correiobraziliense.com.br\/cbradar\/","name":"Correio Braziliense - Radar","description":"Acompanhe as \u00faltimas not\u00edcias e fique bem informado sobre tudo o que acontece no Brasil e no mundo.","potentialAction":[{"@type":"SearchAction","target":{"@type":"EntryPoint","urlTemplate":"https:\/\/www.correiobraziliense.com.br\/cbradar\/?s={search_term_string}"},"query-input":{"@type":"PropertyValueSpecification","valueRequired":true,"valueName":"search_term_string"}}],"inLanguage":"pt-BR"},{"@type":"Person","@id":"https:\/\/www.correiobraziliense.com.br\/cbradar\/#\/schema\/person\/58422787644df994b53a19d3e56c1513","name":"Larissa Carvalho","image":{"@type":"ImageObject","inLanguage":"pt-BR","@id":"https:\/\/www.correiobraziliense.com.br\/cbradar\/#\/schema\/person\/image\/","url":"https:\/\/secure.gravatar.com\/avatar\/fe4f91a0de32b52a838d0d612abdc1aa?s=96&d=mm&r=g","contentUrl":"https:\/\/secure.gravatar.com\/avatar\/fe4f91a0de32b52a838d0d612abdc1aa?s=96&d=mm&r=g","caption":"Larissa Carvalho"},"url":"https:\/\/www.correiobraziliense.com.br\/cbradar\/author\/larissamyth\/"}]}},"_links":{"self":[{"href":"https:\/\/www.correiobraziliense.com.br\/cbradar\/wp-json\/wp\/v2\/posts\/14075","targetHints":{"allow":["GET"]}}],"collection":[{"href":"https:\/\/www.correiobraziliense.com.br\/cbradar\/wp-json\/wp\/v2\/posts"}],"about":[{"href":"https:\/\/www.correiobraziliense.com.br\/cbradar\/wp-json\/wp\/v2\/types\/post"}],"author":[{"embeddable":true,"href":"https:\/\/www.correiobraziliense.com.br\/cbradar\/wp-json\/wp\/v2\/users\/3"}],"replies":[{"embeddable":true,"href":"https:\/\/www.correiobraziliense.com.br\/cbradar\/wp-json\/wp\/v2\/comments?post=14075"}],"version-history":[{"count":1,"href":"https:\/\/www.correiobraziliense.com.br\/cbradar\/wp-json\/wp\/v2\/posts\/14075\/revisions"}],"predecessor-version":[{"id":14078,"href":"https:\/\/www.correiobraziliense.com.br\/cbradar\/wp-json\/wp\/v2\/posts\/14075\/revisions\/14078"}],"wp:featuredmedia":[{"embeddable":true,"href":"https:\/\/www.correiobraziliense.com.br\/cbradar\/wp-json\/wp\/v2\/media\/14077"}],"wp:attachment":[{"href":"https:\/\/www.correiobraziliense.com.br\/cbradar\/wp-json\/wp\/v2\/media?parent=14075"}],"wp:term":[{"taxonomy":"category","embeddable":true,"href":"https:\/\/www.correiobraziliense.com.br\/cbradar\/wp-json\/wp\/v2\/categories?post=14075"},{"taxonomy":"post_tag","embeddable":true,"href":"https:\/\/www.correiobraziliense.com.br\/cbradar\/wp-json\/wp\/v2\/tags?post=14075"}],"curies":[{"name":"wp","href":"https:\/\/api.w.org\/{rel}","templated":true}]}}