{"id":140823,"date":"2025-11-20T20:05:00","date_gmt":"2025-11-20T23:05:00","guid":{"rendered":"https:\/\/www.correiobraziliense.com.br\/cbradar\/?p=140823"},"modified":"2025-11-20T08:55:13","modified_gmt":"2025-11-20T11:55:13","slug":"os-primeiros-sintomas-da-pneumonia-que-muitos-ignoram-no-dia-a-dia","status":"publish","type":"post","link":"https:\/\/www.correiobraziliense.com.br\/cbradar\/os-primeiros-sintomas-da-pneumonia-que-muitos-ignoram-no-dia-a-dia\/","title":{"rendered":"Os primeiros sintomas da pneumonia que muitos ignoram no dia a dia"},"content":{"rendered":"\n<p>A <strong>pneumonia<\/strong> \u00e9 uma infec\u00e7\u00e3o que atinge os pulm\u00f5es e causa alta mortalidade, principalmente em locais como Portugal, onde est\u00e1 entre as principais causas de morte por complica\u00e7\u00f5es respirat\u00f3rias. Al\u00e9m da mortalidade, a doen\u00e7a tamb\u00e9m demanda hospitaliza\u00e7\u00f5es prolongadas, gerando custos elevados para os sistemas de sa\u00fade. O problema demanda aten\u00e7\u00e3o urgente das autoridades de sa\u00fade p\u00fablica para reduzir seu impacto.<\/p>\n\n\n\n<h2 class=\"wp-block-heading\">Quais sintomas podem indicar pneumonia e como identific\u00e1-los corretamente<\/h2>\n\n\n\n<p>Os sintomas da <strong>pneumonia<\/strong> muitas vezes se confundem com os de uma gripe ou resfriado comum, mas existem sinais que merecem aten\u00e7\u00e3o. Febre alta constante, calafrios e tosse produtiva com expetora\u00e7\u00e3o amarelada, esverdeada ou sanguinolenta s\u00e3o alguns desses indicativos.<\/p>\n\n\n\n<p>Outros alertas importantes incluem <strong>falta de ar<\/strong>, dor tor\u00e1cica ao respirar ou tossir, fadiga intensa, perda de apetite e, nos casos graves, confus\u00e3o mental, especialmente em idosos. O reconhecimento r\u00e1pido desses sintomas faz a diferen\u00e7a para evitar agravamentos e hospitaliza\u00e7\u00f5es.<\/p>\n\n\n\n<p>O Dr. Paulo Tramontin Marques, em seu perfil @drpaulotramontin no TikTok, mostra os principais sintomas que n\u00e3o podem ser ignorados:<\/p>\n\n\n\n<blockquote class=\"tiktok-embed\" cite=\"https:\/\/www.tiktok.com\/@drpaulotramontin\/video\/7122063185422683397\" data-video-id=\"7122063185422683397\" style=\"max-width: 605px;min-width: 325px;\" > <section> <a target=\"_blank\" title=\"@drpaulotramontin\" href=\"https:\/\/www.tiktok.com\/@drpaulotramontin?refer=embed\">@drpaulotramontin<\/a> 10 sintomas principais da pneumonia!<a title=\"pneumonia\" target=\"_blank\" href=\"https:\/\/www.tiktok.com\/tag\/pneumonia?refer=embed\">#pneumonia<\/a> <a title=\"diadofutebol\" target=\"_blank\" href=\"https:\/\/www.tiktok.com\/tag\/diadofutebol?refer=embed\">#DiaDoFutebol<\/a> <a title=\"brasil\ud83c\udde7\ud83c\uddf7\" target=\"_blank\" href=\"https:\/\/www.tiktok.com\/tag\/brasil%F0%9F%87%A7%F0%9F%87%B7?refer=embed\">#brasil\ud83c\udde7\ud83c\uddf7<\/a> <a title=\"tiktok\" target=\"_blank\" href=\"https:\/\/www.tiktok.com\/tag\/tiktok?refer=embed\">#tiktok<\/a> <a title=\"mulher\" target=\"_blank\" href=\"https:\/\/www.tiktok.com\/tag\/mulher?refer=embed\">#mulher<\/a> <a target=\"_blank\" title=\"\u266c Love Of My Life - Metrow Ar\" href=\"https:\/\/www.tiktok.com\/music\/Love-Of-My-Life-7010743408968861697?refer=embed\">\u266c Love Of My Life &#8211; Metrow Ar<\/a> <\/section> <\/blockquote> <script async src=\"https:\/\/www.tiktok.com\/embed.js\"><\/script>\n\n\n\n<h2 class=\"wp-block-heading\">Grupos de risco para pneumonia e fatores que aumentam a vulnerabilidade<\/h2>\n\n\n\n<p>Embora qualquer pessoa possa desenvolver a doen\u00e7a, os <strong>grupos de risco<\/strong> merecem aten\u00e7\u00e3o especial. Crian\u00e7as pequenas e idosos, al\u00e9m de pessoas com imunodefici\u00eancia ou doen\u00e7as respirat\u00f3rias pr\u00e9-existentes, s\u00e3o mais suscet\u00edveis a complica\u00e7\u00f5es graves.<\/p>\n\n\n\n<p>Confira os principais fatores que aumentam o risco de pneumonia:<\/p>\n\n\n\n<ul class=\"wp-block-list\">\n<li>Idade avan\u00e7ada ou menor de 5 anos<\/li>\n\n\n\n<li>Imunidade baixa, incluindo portadores de doen\u00e7as cr\u00f4nicas<\/li>\n\n\n\n<li>Tabagismo ativo ou passivo<\/li>\n\n\n\n<li>Exposi\u00e7\u00e3o frequente a poluentes ou ambientes hospitalares<\/li>\n<\/ul>\n\n\n\n<h2 class=\"wp-block-heading\">Medidas preventivas recomendadas contra a pneumonia<\/h2>\n\n\n\n<p>A preven\u00e7\u00e3o da <strong>pneumonia<\/strong> inclui pr\u00e1ticas essenciais, como vacina\u00e7\u00e3o e cuidados de higiene. A <strong>vacina antipneumoc\u00f3cica<\/strong> deve ser prioridade para os grupos de risco, assim como a vacina\u00e7\u00e3o contra a gripe, que reduz complica\u00e7\u00f5es secund\u00e1rias.<\/p>\n\n\n\n<p>Al\u00e9m disso, manter uma boa higiene respirat\u00f3ria e das m\u00e3os, evitar o consumo de tabaco e \u00e1lcool e adotar h\u00e1bitos de vida saud\u00e1veis fortalece o sistema imunol\u00f3gico e diminui a incid\u00eancia de casos. A <strong>educa\u00e7\u00e3o<\/strong> e a informa\u00e7\u00e3o p\u00fablica s\u00e3o fundamentais para facilitar o reconhecimento dos sintomas e garantir que a popula\u00e7\u00e3o busque atendimento m\u00e9dico no momento certo.<\/p>\n\n\n\n<figure class=\"wp-block-image size-large\"><img decoding=\"async\" width=\"1024\" height=\"576\" src=\"https:\/\/www.correiobraziliense.com.br\/cbradar\/wp-content\/uploads\/2025\/11\/mosaico_1763639034340-1024x576.jpg\" alt=\"Os primeiros sintomas da pneumonia que muitos ignoram no dia a dia\" class=\"wp-image-141247\" srcset=\"https:\/\/www.correiobraziliense.com.br\/cbradar\/wp-content\/uploads\/2025\/11\/mosaico_1763639034340-1024x576.jpg 1024w, https:\/\/www.correiobraziliense.com.br\/cbradar\/wp-content\/uploads\/2025\/11\/mosaico_1763639034340-300x169.jpg 300w, https:\/\/www.correiobraziliense.com.br\/cbradar\/wp-content\/uploads\/2025\/11\/mosaico_1763639034340-768x432.jpg 768w, https:\/\/www.correiobraziliense.com.br\/cbradar\/wp-content\/uploads\/2025\/11\/mosaico_1763639034340-750x422.jpg 750w, https:\/\/www.correiobraziliense.com.br\/cbradar\/wp-content\/uploads\/2025\/11\/mosaico_1763639034340-1140x641.jpg 1140w, https:\/\/www.correiobraziliense.com.br\/cbradar\/wp-content\/uploads\/2025\/11\/mosaico_1763639034340.jpg 1280w\" sizes=\"(max-width: 1024px) 100vw, 1024px\" \/><figcaption class=\"wp-element-caption\">Aten\u00e7\u00e3o e preven\u00e7\u00e3o podem salvar vidas em um pa\u00eds onde a pneumonia mata 16 pessoas por dia. Cr\u00e9ditos: depositphotos.com \/ imagepointfr e Cr\u00e9ditos: depositphotos.com \/ luismolinero<\/figcaption><\/figure>\n\n\n\n<h2 class=\"wp-block-heading\">Vacinas s\u00e3o essenciais para prevenir pneumonia e reduzir complica\u00e7\u00f5es<\/h2>\n\n\n\n<p>As <strong>vacinas<\/strong> desempenham papel central na redu\u00e7\u00e3o dos casos de pneumonia e tamb\u00e9m das complica\u00e7\u00f5es graves. A vacina\u00e7\u00e3o antipneumoc\u00f3cica tem mostrado grande sucesso em crian\u00e7as, mas a ades\u00e3o dos adultos ainda precisa ser ampliada para aumentar a prote\u00e7\u00e3o coletiva.<\/p>\n\n\n\n<p>A vacina\u00e7\u00e3o anual contra a gripe tamb\u00e9m \u00e9 recomendada como estrat\u00e9gia adicional, al\u00e9m de facilitar o acesso e ampliar campanhas de conscientiza\u00e7\u00e3o. Essas a\u00e7\u00f5es colaboram para um maior \u00edndice de imuniza\u00e7\u00e3o na sociedade.<\/p>\n\n\n\n<p>Portanto, a pneumonia requer um esfor\u00e7o conjunto de preven\u00e7\u00e3o, diagn\u00f3stico precoce e educa\u00e7\u00e3o p\u00fablica permanente, a fim de reduzir substancialmente suas consequ\u00eancias na sa\u00fade global.<\/p>\n","protected":false},"excerpt":{"rendered":"<p>Descubra os sintomas, preven\u00e7\u00e3o e import\u00e2ncia do diagn\u00f3stico cl\u00ednico para tratamento eficaz da pneumonia.<\/p>\n","protected":false},"author":3,"featured_media":141251,"comment_status":"open","ping_status":"open","sticky":false,"template":"","format":"standard","meta":{"_yoast_wpseo_focuskw":"sintomas pneumonia","_yoast_wpseo_title":"%%title%%","_yoast_wpseo_metadesc":"Descubra os sintomas, preven\u00e7\u00e3o e import\u00e2ncia do diagn\u00f3stico cl\u00ednico para tratamento eficaz da pneumonia.","jnews-multi-image_gallery":[],"jnews_single_post":{"format":"standard"},"jnews_primary_category":[],"jnews_social_meta":[],"jnews_override_counter":[],"footnotes":""},"categories":[112],"post_tag":[3559,144,9924,565],"class_list":["post-140823","post","type-post","status-publish","format-standard","has-post-thumbnail","hentry","category-curiosidades","tag-corpo-humano","tag-curiosidades","tag-pneumonia","tag-saude"],"yoast_head":"<!-- This site is optimized with the Yoast SEO plugin v24.6 - https:\/\/yoast.com\/wordpress\/plugins\/seo\/ -->\n<title>Os primeiros sintomas da pneumonia que muitos ignoram no dia a dia<\/title>\n<meta name=\"description\" content=\"Descubra os sintomas, preven\u00e7\u00e3o e import\u00e2ncia do diagn\u00f3stico cl\u00ednico para tratamento eficaz da pneumonia.\" \/>\n<meta name=\"robots\" content=\"index, follow, max-snippet:-1, max-image-preview:large, max-video-preview:-1\" \/>\n<link rel=\"canonical\" href=\"https:\/\/www.correiobraziliense.com.br\/cbradar\/os-primeiros-sintomas-da-pneumonia-que-muitos-ignoram-no-dia-a-dia\/\" \/>\n<meta property=\"og:locale\" content=\"pt_BR\" \/>\n<meta property=\"og:type\" content=\"article\" \/>\n<meta property=\"og:title\" content=\"Os primeiros sintomas da pneumonia que muitos ignoram no dia a dia\" \/>\n<meta property=\"og:description\" content=\"Descubra os sintomas, preven\u00e7\u00e3o e import\u00e2ncia do diagn\u00f3stico cl\u00ednico para tratamento eficaz da pneumonia.\" \/>\n<meta property=\"og:url\" content=\"https:\/\/www.correiobraziliense.com.br\/cbradar\/os-primeiros-sintomas-da-pneumonia-que-muitos-ignoram-no-dia-a-dia\/\" \/>\n<meta property=\"og:site_name\" content=\"Correio Braziliense - Radar\" \/>\n<meta property=\"article:published_time\" content=\"2025-11-20T23:05:00+00:00\" \/>\n<meta property=\"og:image\" content=\"https:\/\/www.correiobraziliense.com.br\/cbradar\/wp-content\/uploads\/2025\/11\/Sintomas-Pneumonia-Ignorados-Google-Discover.png\" \/>\n\t<meta property=\"og:image:width\" content=\"1280\" \/>\n\t<meta property=\"og:image:height\" content=\"720\" \/>\n\t<meta property=\"og:image:type\" content=\"image\/png\" \/>\n<meta name=\"author\" content=\"Larissa Carvalho\" \/>\n<meta name=\"twitter:card\" content=\"summary_large_image\" \/>\n<meta name=\"twitter:label1\" content=\"Escrito por\" \/>\n\t<meta name=\"twitter:data1\" content=\"Larissa Carvalho\" \/>\n\t<meta name=\"twitter:label2\" content=\"Est. tempo de leitura\" \/>\n\t<meta name=\"twitter:data2\" content=\"4 minutos\" \/>\n<!-- \/ Yoast SEO plugin. -->","yoast_head_json":{"title":"Os primeiros sintomas da pneumonia que muitos ignoram no dia a dia","description":"Descubra os sintomas, preven\u00e7\u00e3o e import\u00e2ncia do diagn\u00f3stico cl\u00ednico para tratamento eficaz da pneumonia.","robots":{"index":"index","follow":"follow","max-snippet":"max-snippet:-1","max-image-preview":"max-image-preview:large","max-video-preview":"max-video-preview:-1"},"canonical":"https:\/\/www.correiobraziliense.com.br\/cbradar\/os-primeiros-sintomas-da-pneumonia-que-muitos-ignoram-no-dia-a-dia\/","og_locale":"pt_BR","og_type":"article","og_title":"Os primeiros sintomas da pneumonia que muitos ignoram no dia a dia","og_description":"Descubra os sintomas, preven\u00e7\u00e3o e import\u00e2ncia do diagn\u00f3stico cl\u00ednico para tratamento eficaz da pneumonia.","og_url":"https:\/\/www.correiobraziliense.com.br\/cbradar\/os-primeiros-sintomas-da-pneumonia-que-muitos-ignoram-no-dia-a-dia\/","og_site_name":"Correio Braziliense - Radar","article_published_time":"2025-11-20T23:05:00+00:00","og_image":[{"width":1280,"height":720,"url":"https:\/\/www.correiobraziliense.com.br\/cbradar\/wp-content\/uploads\/2025\/11\/Sintomas-Pneumonia-Ignorados-Google-Discover.png","type":"image\/png"}],"author":"Larissa Carvalho","twitter_card":"summary_large_image","twitter_misc":{"Escrito por":"Larissa Carvalho","Est. tempo de leitura":"4 minutos"},"schema":{"@context":"https:\/\/schema.org","@graph":[{"@type":"WebPage","@id":"https:\/\/www.correiobraziliense.com.br\/cbradar\/os-primeiros-sintomas-da-pneumonia-que-muitos-ignoram-no-dia-a-dia\/","url":"https:\/\/www.correiobraziliense.com.br\/cbradar\/os-primeiros-sintomas-da-pneumonia-que-muitos-ignoram-no-dia-a-dia\/","name":"Os primeiros sintomas da pneumonia que muitos ignoram no dia a dia","isPartOf":{"@id":"https:\/\/www.correiobraziliense.com.br\/cbradar\/#website"},"primaryImageOfPage":{"@id":"https:\/\/www.correiobraziliense.com.br\/cbradar\/os-primeiros-sintomas-da-pneumonia-que-muitos-ignoram-no-dia-a-dia\/#primaryimage"},"image":{"@id":"https:\/\/www.correiobraziliense.com.br\/cbradar\/os-primeiros-sintomas-da-pneumonia-que-muitos-ignoram-no-dia-a-dia\/#primaryimage"},"thumbnailUrl":"https:\/\/www.correiobraziliense.com.br\/cbradar\/wp-content\/uploads\/2025\/11\/Sintomas-Pneumonia-Ignorados-Google-Discover.png","datePublished":"2025-11-20T23:05:00+00:00","author":{"@id":"https:\/\/www.correiobraziliense.com.br\/cbradar\/#\/schema\/person\/58422787644df994b53a19d3e56c1513"},"description":"Descubra os sintomas, preven\u00e7\u00e3o e import\u00e2ncia do diagn\u00f3stico cl\u00ednico para tratamento eficaz da pneumonia.","breadcrumb":{"@id":"https:\/\/www.correiobraziliense.com.br\/cbradar\/os-primeiros-sintomas-da-pneumonia-que-muitos-ignoram-no-dia-a-dia\/#breadcrumb"},"inLanguage":"pt-BR","potentialAction":[{"@type":"ReadAction","target":["https:\/\/www.correiobraziliense.com.br\/cbradar\/os-primeiros-sintomas-da-pneumonia-que-muitos-ignoram-no-dia-a-dia\/"]}]},{"@type":"ImageObject","inLanguage":"pt-BR","@id":"https:\/\/www.correiobraziliense.com.br\/cbradar\/os-primeiros-sintomas-da-pneumonia-que-muitos-ignoram-no-dia-a-dia\/#primaryimage","url":"https:\/\/www.correiobraziliense.com.br\/cbradar\/wp-content\/uploads\/2025\/11\/Sintomas-Pneumonia-Ignorados-Google-Discover.png","contentUrl":"https:\/\/www.correiobraziliense.com.br\/cbradar\/wp-content\/uploads\/2025\/11\/Sintomas-Pneumonia-Ignorados-Google-Discover.png","width":1280,"height":720,"caption":"Saiba que a pneumonia \u00e9 uma grave amea\u00e7a \u00e0 sa\u00fade em Portugal, principalmente para idosos e vulner\u00e1veis."},{"@type":"BreadcrumbList","@id":"https:\/\/www.correiobraziliense.com.br\/cbradar\/os-primeiros-sintomas-da-pneumonia-que-muitos-ignoram-no-dia-a-dia\/#breadcrumb","itemListElement":[{"@type":"ListItem","position":1,"name":"In\u00edcio","item":"https:\/\/www.correiobraziliense.com.br\/cbradar\/"},{"@type":"ListItem","position":2,"name":"Os primeiros sintomas da pneumonia que muitos ignoram no dia a dia"}]},{"@type":"WebSite","@id":"https:\/\/www.correiobraziliense.com.br\/cbradar\/#website","url":"https:\/\/www.correiobraziliense.com.br\/cbradar\/","name":"Correio Braziliense - Radar","description":"Acompanhe as \u00faltimas not\u00edcias e fique bem informado sobre tudo o que acontece no Brasil e no mundo.","potentialAction":[{"@type":"SearchAction","target":{"@type":"EntryPoint","urlTemplate":"https:\/\/www.correiobraziliense.com.br\/cbradar\/?s={search_term_string}"},"query-input":{"@type":"PropertyValueSpecification","valueRequired":true,"valueName":"search_term_string"}}],"inLanguage":"pt-BR"},{"@type":"Person","@id":"https:\/\/www.correiobraziliense.com.br\/cbradar\/#\/schema\/person\/58422787644df994b53a19d3e56c1513","name":"Larissa Carvalho","image":{"@type":"ImageObject","inLanguage":"pt-BR","@id":"https:\/\/www.correiobraziliense.com.br\/cbradar\/#\/schema\/person\/image\/","url":"https:\/\/secure.gravatar.com\/avatar\/fe4f91a0de32b52a838d0d612abdc1aa?s=96&d=mm&r=g","contentUrl":"https:\/\/secure.gravatar.com\/avatar\/fe4f91a0de32b52a838d0d612abdc1aa?s=96&d=mm&r=g","caption":"Larissa Carvalho"},"url":"https:\/\/www.correiobraziliense.com.br\/cbradar\/author\/larissamyth\/"}]}},"_links":{"self":[{"href":"https:\/\/www.correiobraziliense.com.br\/cbradar\/wp-json\/wp\/v2\/posts\/140823","targetHints":{"allow":["GET"]}}],"collection":[{"href":"https:\/\/www.correiobraziliense.com.br\/cbradar\/wp-json\/wp\/v2\/posts"}],"about":[{"href":"https:\/\/www.correiobraziliense.com.br\/cbradar\/wp-json\/wp\/v2\/types\/post"}],"author":[{"embeddable":true,"href":"https:\/\/www.correiobraziliense.com.br\/cbradar\/wp-json\/wp\/v2\/users\/3"}],"replies":[{"embeddable":true,"href":"https:\/\/www.correiobraziliense.com.br\/cbradar\/wp-json\/wp\/v2\/comments?post=140823"}],"version-history":[{"count":4,"href":"https:\/\/www.correiobraziliense.com.br\/cbradar\/wp-json\/wp\/v2\/posts\/140823\/revisions"}],"predecessor-version":[{"id":141252,"href":"https:\/\/www.correiobraziliense.com.br\/cbradar\/wp-json\/wp\/v2\/posts\/140823\/revisions\/141252"}],"wp:featuredmedia":[{"embeddable":true,"href":"https:\/\/www.correiobraziliense.com.br\/cbradar\/wp-json\/wp\/v2\/media\/141251"}],"wp:attachment":[{"href":"https:\/\/www.correiobraziliense.com.br\/cbradar\/wp-json\/wp\/v2\/media?parent=140823"}],"wp:term":[{"taxonomy":"category","embeddable":true,"href":"https:\/\/www.correiobraziliense.com.br\/cbradar\/wp-json\/wp\/v2\/categories?post=140823"},{"taxonomy":"post_tag","embeddable":true,"href":"https:\/\/www.correiobraziliense.com.br\/cbradar\/wp-json\/wp\/v2\/post_tag?post=140823"}],"curies":[{"name":"wp","href":"https:\/\/api.w.org\/{rel}","templated":true}]}}