{"id":14095,"date":"2025-03-21T11:23:00","date_gmt":"2025-03-21T14:23:00","guid":{"rendered":"https:\/\/www.correiobraziliense.com.br\/cbradar\/?p=14095"},"modified":"2025-03-20T13:14:35","modified_gmt":"2025-03-20T16:14:35","slug":"voce-pode-nao-perceber-mas-esta-poluicao-pode-estar-afetando-seu-coracao","status":"publish","type":"post","link":"https:\/\/www.correiobraziliense.com.br\/cbradar\/voce-pode-nao-perceber-mas-esta-poluicao-pode-estar-afetando-seu-coracao\/","title":{"rendered":"Voc\u00ea pode n\u00e3o perceber, mas esta polui\u00e7\u00e3o pode estar afetando seu cora\u00e7\u00e3o!"},"content":{"rendered":"\n<p>A <strong><a href=\"https:\/\/pt.wikipedia.org\/wiki\/Polui\u00e7\u00e3o_sonora\" target=\"_blank\" rel=\"noreferrer noopener\">polui\u00e7\u00e3o sonora<\/a><\/strong>, muitas vezes subestimada, \u00e9 um problema ambiental crescente nas \u00e1reas urbanas, com impactos significativos na sa\u00fade humana. O ru\u00eddo excessivo n\u00e3o \u00e9 apenas irritante, mas tamb\u00e9m representa um risco s\u00e9rio para a <strong><a href=\"https:\/\/www.correiobraziliense.com.br\/cbradar\/a-rosacea-pode-atingir-sua-pele-aprenda-a-fazer-uma-boa-skincare-para-essa-condicao\/\" target=\"_blank\" rel=\"noreferrer noopener\">sa\u00fade <\/a>cardiovascular<\/strong> e a qualidade do <strong>sono<\/strong>. Compreender esses efeitos e adotar estrat\u00e9gias de prote\u00e7\u00e3o \u00e9 fundamental para o bem-estar.<\/p>\n\n\n\n<h2 class=\"wp-block-heading\">Entendendo a polui\u00e7\u00e3o sonora e sua presen\u00e7a no cotidiano<\/h2>\n\n\n\n<p>A <strong>polui\u00e7\u00e3o sonora<\/strong> refere-se a n\u00edveis de ru\u00eddo excessivos ou perturbadores que podem causar efeitos adversos \u00e0 sa\u00fade humana e ao meio ambiente. No nosso cotidiano, ela se manifesta de diversas formas, desde o tr\u00e1fego intenso de ve\u00edculos e o barulho de constru\u00e7\u00f5es at\u00e9 o som de aeronaves, alarmes e vizinhos barulhentos. A exposi\u00e7\u00e3o constante a esses ru\u00eddos pode ter consequ\u00eancias s\u00e9rias para a nossa sa\u00fade.<\/p>\n\n\n<div class=\"wp-block-image\">\n<figure class=\"aligncenter size-large\"><img decoding=\"async\" width=\"1024\" height=\"576\" src=\"https:\/\/www.correiobraziliense.com.br\/cbradar\/wp-content\/uploads\/2025\/03\/som_1742466703200-1024x576.jpg\" alt=\"Voc\u00ea pode n\u00e3o perceber, mas esta polui\u00e7\u00e3o pode estar afetando seu cora\u00e7\u00e3o!\" class=\"wp-image-14130\" srcset=\"https:\/\/www.correiobraziliense.com.br\/cbradar\/wp-content\/uploads\/2025\/03\/som_1742466703200-1024x576.jpg 1024w, https:\/\/www.correiobraziliense.com.br\/cbradar\/wp-content\/uploads\/2025\/03\/som_1742466703200-300x169.jpg 300w, https:\/\/www.correiobraziliense.com.br\/cbradar\/wp-content\/uploads\/2025\/03\/som_1742466703200-768x432.jpg 768w, https:\/\/www.correiobraziliense.com.br\/cbradar\/wp-content\/uploads\/2025\/03\/som_1742466703200-750x422.jpg 750w, https:\/\/www.correiobraziliense.com.br\/cbradar\/wp-content\/uploads\/2025\/03\/som_1742466703200-1140x641.jpg 1140w, https:\/\/www.correiobraziliense.com.br\/cbradar\/wp-content\/uploads\/2025\/03\/som_1742466703200.jpg 1280w\" sizes=\"(max-width: 1024px) 100vw, 1024px\" \/><figcaption class=\"wp-element-caption\">Som &#8211; Cr\u00e9ditos: depositphotos.com \/ Infolight<\/figcaption><\/figure><\/div>\n\n\n<h2 class=\"wp-block-heading\">O impacto da polui\u00e7\u00e3o sonora na sa\u00fade cardiovascular<\/h2>\n\n\n\n<p>Estudos cient\u00edficos robustos t\u00eam demonstrado uma forte liga\u00e7\u00e3o entre a exposi\u00e7\u00e3o cr\u00f4nica \u00e0 polui\u00e7\u00e3o sonora e um aumento do risco de doen\u00e7as cardiovasculares. O ru\u00eddo excessivo pode desencadear uma resposta de estresse no organismo, levando \u00e0 libera\u00e7\u00e3o de horm\u00f4nios como o cortisol e a adrenalina. A longo prazo, essa resposta pode causar um aumento da press\u00e3o arterial, eleva\u00e7\u00e3o dos n\u00edveis de colesterol e glicose no sangue, e inflama\u00e7\u00e3o cr\u00f4nica, fatores que contribuem para o desenvolvimento de <strong>hipertens\u00e3o<\/strong>, <strong>doen\u00e7as card\u00edacas<\/strong> e <strong>acidente vascular cerebral (AVC)<\/strong>.<\/p>\n\n\n\n<h2 class=\"wp-block-heading\">Polui\u00e7\u00e3o sonora e a qualidade do sono: um ciclo vicioso<\/h2>\n\n\n\n<p>O sono \u00e9 essencial para a recupera\u00e7\u00e3o f\u00edsica e mental, e a polui\u00e7\u00e3o sonora \u00e9 um dos principais fatores que podem perturbar esse processo vital. Ru\u00eddos altos ou intermitentes podem dificultar o adormecer, causar despertares noturnos, reduzir o tempo total de sono e alterar os est\u00e1gios do sono, especialmente o sono profundo, que \u00e9 o mais reparador. A priva\u00e7\u00e3o cr\u00f4nica de sono resultante da exposi\u00e7\u00e3o \u00e0 polui\u00e7\u00e3o sonora pode levar a <strong>fadiga diurna<\/strong>, dificuldade de concentra\u00e7\u00e3o, irritabilidade, problemas de mem\u00f3ria e um sistema imunol\u00f3gico enfraquecido, criando um ciclo vicioso que afeta a sa\u00fade geral.<\/p>\n\n\n\n<h2 class=\"wp-block-heading\">Mecanismos biol\u00f3gicos: como o ru\u00eddo afeta o corpo<\/h2>\n\n\n\n<p>O ru\u00eddo \u00e9 processado pelo sistema auditivo, mas seus efeitos v\u00e3o al\u00e9m da audi\u00e7\u00e3o. Sons altos ou repentinos ativam o sistema nervoso simp\u00e1tico, respons\u00e1vel pela resposta de &#8220;lutar ou fugir&#8221;. Essa ativa\u00e7\u00e3o leva \u00e0 libera\u00e7\u00e3o de horm\u00f4nios do estresse, como o <strong>cortisol<\/strong>, que, em n\u00edveis elevados e por per\u00edodos prolongados, podem ter efeitos negativos em diversos sistemas do corpo, incluindo o cardiovascular e o imunol\u00f3gico. Al\u00e9m disso, a exposi\u00e7\u00e3o cr\u00f4nica ao ru\u00eddo pode levar a um estado de alerta constante, mesmo durante o sono, impedindo o relaxamento completo do organismo.<\/p>\n\n\n\n<h2 class=\"wp-block-heading\">Grupos mais vulner\u00e1veis aos efeitos da polui\u00e7\u00e3o sonora<\/h2>\n\n\n\n<p>Alguns grupos da popula\u00e7\u00e3o s\u00e3o mais vulner\u00e1veis aos efeitos negativos da polui\u00e7\u00e3o sonora. <strong>Crian\u00e7as<\/strong> podem ter seu desenvolvimento cognitivo e aprendizado prejudicados pela exposi\u00e7\u00e3o ao ru\u00eddo. <strong>Idosos<\/strong> podem ter o sono ainda mais fragmentado e apresentar maior risco de problemas cardiovasculares. <strong>Trabalhadores em turnos<\/strong> j\u00e1 enfrentam desafios com o ritmo circadiano e podem ter seu sono ainda mais comprometido pela polui\u00e7\u00e3o sonora. Indiv\u00edduos com <strong>condi\u00e7\u00f5es de sa\u00fade preexistentes<\/strong> podem ter seus sintomas exacerbados pela exposi\u00e7\u00e3o ao ru\u00eddo.<\/p>\n\n\n\n<h2 class=\"wp-block-heading\">Estrat\u00e9gias de prote\u00e7\u00e3o e cria\u00e7\u00e3o de um ambiente tranquilo<\/h2>\n\n\n\n<p>Adotar medidas para reduzir a exposi\u00e7\u00e3o \u00e0 polui\u00e7\u00e3o sonora \u00e9 crucial para proteger a sa\u00fade cardiovascular e o sono:<\/p>\n\n\n\n<h3 class=\"wp-block-heading\">Isolamento ac\u00fastico residencial<\/h3>\n\n\n\n<p>Invista em <strong>janelas e portas com isolamento ac\u00fastico<\/strong>, utilize <strong>cortinas grossas<\/strong> e considere o uso de <strong>materiais isolantes<\/strong> nas paredes e no teto para bloquear a entrada de ru\u00eddo externo.<\/p>\n\n\n\n<h3 class=\"wp-block-heading\">Uso de protetores auriculares<\/h3>\n\n\n\n<p>Utilize <strong>protetores auriculares<\/strong> (tamp\u00f5es de ouvido) durante a noite para bloquear ru\u00eddos externos que possam perturbar o sono. Em ambientes ruidosos, como locais de trabalho ou eventos, utilize <strong>fones de ouvido com cancelamento de ru\u00eddo<\/strong>.<\/p>\n\n\n\n<h3 class=\"wp-block-heading\">Cria\u00e7\u00e3o de &#8220;zonas de sil\u00eancio&#8221; em casa<\/h3>\n\n\n\n<p>Dedique um espa\u00e7o da sua casa para ser uma <strong>zona de sil\u00eancio<\/strong>, onde voc\u00ea possa relaxar, ler ou dormir sem ser perturbado por ru\u00eddos.<\/p>\n\n\n\n<h3 class=\"wp-block-heading\">Utiliza\u00e7\u00e3o de ru\u00eddo branco ou sons da natureza<\/h3>\n\n\n\n<p><strong>Ru\u00eddo branco<\/strong> ou sons suaves da natureza, como o som da chuva ou do mar, podem ajudar a mascarar ru\u00eddos de fundo e facilitar o sono.<\/p>\n\n\n\n<h3 class=\"wp-block-heading\">Escolha de locais mais silenciosos para morar ou trabalhar<\/h3>\n\n\n\n<p>Ao escolher um local para morar ou trabalhar, considere a proximidade de fontes de ru\u00eddo, como avenidas movimentadas, aeroportos ou \u00e1reas industriais.<\/p>\n\n\n\n<h3 class=\"wp-block-heading\">Pr\u00e1ticas de relaxamento e mindfulness<\/h3>\n\n\n\n<p>Pr\u00e1ticas como <strong>medita\u00e7\u00e3o<\/strong> e <strong>mindfulness<\/strong> podem ajudar a reduzir a sensibilidade ao ru\u00eddo e a gerenciar o estresse causado pela exposi\u00e7\u00e3o sonora.<\/p>\n\n\n\n<h2 class=\"wp-block-heading\">A import\u00e2ncia da conscientiza\u00e7\u00e3o e da a\u00e7\u00e3o comunit\u00e1ria<\/h2>\n\n\n\n<p>A redu\u00e7\u00e3o da polui\u00e7\u00e3o sonora n\u00e3o \u00e9 apenas uma responsabilidade individual, mas tamb\u00e9m requer <strong>conscientiza\u00e7\u00e3o<\/strong> e <strong>a\u00e7\u00e3o comunit\u00e1ria<\/strong>. \u00c9 importante apoiar pol\u00edticas p\u00fablicas que visem a redu\u00e7\u00e3o do ru\u00eddo em \u00e1reas urbanas e participar de iniciativas comunit\u00e1rias que promovam ambientes sonoros mais saud\u00e1veis.<\/p>\n\n\n\n<h2 class=\"wp-block-heading\">Monitoramento e avalia\u00e7\u00e3o da exposi\u00e7\u00e3o ao ru\u00eddo<\/h2>\n\n\n\n<p>Existem aplicativos e dispositivos que podem ajudar a <strong>monitorar os n\u00edveis de ru\u00eddo<\/strong> no seu ambiente. Essa avalia\u00e7\u00e3o pode ser \u00fatil para identificar as principais fontes de polui\u00e7\u00e3o sonora e implementar as estrat\u00e9gias de prote\u00e7\u00e3o mais adequadas.<\/p>\n\n\n\n<h2 class=\"wp-block-heading\">Benef\u00edcios de um ambiente sonoro saud\u00e1vel para a sa\u00fade geral<\/h2>\n\n\n\n<p>A cria\u00e7\u00e3o de um <strong>ambiente sonoro saud\u00e1vel<\/strong> traz in\u00fameros benef\u00edcios para a sa\u00fade geral, incluindo a melhora da sa\u00fade cardiovascular, a otimiza\u00e7\u00e3o da qualidade do sono, o aumento da capacidade de concentra\u00e7\u00e3o e aprendizado, a redu\u00e7\u00e3o dos n\u00edveis de estresse e a melhora do bem-estar emocional.<\/p>\n","protected":false},"excerpt":{"rendered":"<p>A polui\u00e7\u00e3o sonora, muitas vezes subestimada, \u00e9 um problema ambiental crescente nas \u00e1reas urbanas, com impactos significativos na sa\u00fade humana. O ru\u00eddo excessivo n\u00e3o \u00e9 apenas irritante, mas tamb\u00e9m representa um risco s\u00e9rio para a sa\u00fade cardiovascular e a qualidade do sono. Compreender esses efeitos e adotar estrat\u00e9gias de prote\u00e7\u00e3o \u00e9 fundamental para o bem-estar. [&hellip;]<\/p>\n","protected":false},"author":11,"featured_media":14129,"comment_status":"open","ping_status":"open","sticky":false,"template":"","format":"standard","meta":{"_yoast_wpseo_focuskw":"polui\u00e7\u00e3o","_yoast_wpseo_title":"","_yoast_wpseo_metadesc":"Voc\u00ea pode n\u00e3o perceber, mas essa polui\u00e7\u00e3o pode estar afetando a sa\u00fade do seu cora\u00e7\u00e3o! Descubra como ela impacta seu corpo e o que fazer para se proteger.","jnews-multi-image_gallery":[],"jnews_single_post":{"format":"standard"},"jnews_primary_category":[],"jnews_social_meta":[],"jnews_override_counter":[],"footnotes":""},"categories":[119],"post_tag":[1320,2144,565],"class_list":["post-14095","post","type-post","status-publish","format-standard","has-post-thumbnail","hentry","category-bem-estar","tag-bem-estar-2","tag-poluicao","tag-saude"],"yoast_head":"<!-- This site is optimized with the Yoast SEO plugin v24.6 - https:\/\/yoast.com\/wordpress\/plugins\/seo\/ -->\n<title>Voc\u00ea pode n\u00e3o perceber, mas esta polui\u00e7\u00e3o pode estar afetando seu cora\u00e7\u00e3o! - Correio Braziliense - Radar<\/title>\n<meta name=\"description\" content=\"Voc\u00ea pode n\u00e3o perceber, mas essa polui\u00e7\u00e3o pode estar afetando a sa\u00fade do seu cora\u00e7\u00e3o! Descubra como ela impacta seu corpo e o que fazer para se proteger.\" \/>\n<meta name=\"robots\" content=\"index, follow, max-snippet:-1, max-image-preview:large, max-video-preview:-1\" \/>\n<link rel=\"canonical\" href=\"https:\/\/www.correiobraziliense.com.br\/cbradar\/voce-pode-nao-perceber-mas-esta-poluicao-pode-estar-afetando-seu-coracao\/\" \/>\n<meta property=\"og:locale\" content=\"pt_BR\" \/>\n<meta property=\"og:type\" content=\"article\" \/>\n<meta property=\"og:title\" content=\"Voc\u00ea pode n\u00e3o perceber, mas esta polui\u00e7\u00e3o pode estar afetando seu cora\u00e7\u00e3o! - Correio Braziliense - Radar\" \/>\n<meta property=\"og:description\" content=\"Voc\u00ea pode n\u00e3o perceber, mas essa polui\u00e7\u00e3o pode estar afetando a sa\u00fade do seu cora\u00e7\u00e3o! Descubra como ela impacta seu corpo e o que fazer para se proteger.\" \/>\n<meta property=\"og:url\" content=\"https:\/\/www.correiobraziliense.com.br\/cbradar\/voce-pode-nao-perceber-mas-esta-poluicao-pode-estar-afetando-seu-coracao\/\" \/>\n<meta property=\"og:site_name\" content=\"Correio Braziliense - Radar\" \/>\n<meta property=\"article:published_time\" content=\"2025-03-21T14:23:00+00:00\" \/>\n<meta property=\"og:image\" content=\"https:\/\/www.correiobraziliense.com.br\/cbradar\/wp-content\/uploads\/2025\/03\/poluicao_1742466652980.jpg\" \/>\n\t<meta property=\"og:image:width\" content=\"1280\" \/>\n\t<meta property=\"og:image:height\" content=\"720\" \/>\n\t<meta property=\"og:image:type\" content=\"image\/jpeg\" \/>\n<meta name=\"author\" content=\"Paulo Custodio\" \/>\n<meta name=\"twitter:card\" content=\"summary_large_image\" \/>\n<meta name=\"twitter:label1\" content=\"Escrito por\" \/>\n\t<meta name=\"twitter:data1\" content=\"Paulo Custodio\" \/>\n\t<meta name=\"twitter:label2\" content=\"Est. tempo de leitura\" \/>\n\t<meta name=\"twitter:data2\" content=\"6 minutos\" \/>\n<!-- \/ Yoast SEO plugin. -->","yoast_head_json":{"title":"Voc\u00ea pode n\u00e3o perceber, mas esta polui\u00e7\u00e3o pode estar afetando seu cora\u00e7\u00e3o! - Correio Braziliense - Radar","description":"Voc\u00ea pode n\u00e3o perceber, mas essa polui\u00e7\u00e3o pode estar afetando a sa\u00fade do seu cora\u00e7\u00e3o! Descubra como ela impacta seu corpo e o que fazer para se proteger.","robots":{"index":"index","follow":"follow","max-snippet":"max-snippet:-1","max-image-preview":"max-image-preview:large","max-video-preview":"max-video-preview:-1"},"canonical":"https:\/\/www.correiobraziliense.com.br\/cbradar\/voce-pode-nao-perceber-mas-esta-poluicao-pode-estar-afetando-seu-coracao\/","og_locale":"pt_BR","og_type":"article","og_title":"Voc\u00ea pode n\u00e3o perceber, mas esta polui\u00e7\u00e3o pode estar afetando seu cora\u00e7\u00e3o! - Correio Braziliense - Radar","og_description":"Voc\u00ea pode n\u00e3o perceber, mas essa polui\u00e7\u00e3o pode estar afetando a sa\u00fade do seu cora\u00e7\u00e3o! Descubra como ela impacta seu corpo e o que fazer para se proteger.","og_url":"https:\/\/www.correiobraziliense.com.br\/cbradar\/voce-pode-nao-perceber-mas-esta-poluicao-pode-estar-afetando-seu-coracao\/","og_site_name":"Correio Braziliense - Radar","article_published_time":"2025-03-21T14:23:00+00:00","og_image":[{"width":1280,"height":720,"url":"https:\/\/www.correiobraziliense.com.br\/cbradar\/wp-content\/uploads\/2025\/03\/poluicao_1742466652980.jpg","type":"image\/jpeg"}],"author":"Paulo Custodio","twitter_card":"summary_large_image","twitter_misc":{"Escrito por":"Paulo Custodio","Est. tempo de leitura":"6 minutos"},"schema":{"@context":"https:\/\/schema.org","@graph":[{"@type":"WebPage","@id":"https:\/\/www.correiobraziliense.com.br\/cbradar\/voce-pode-nao-perceber-mas-esta-poluicao-pode-estar-afetando-seu-coracao\/","url":"https:\/\/www.correiobraziliense.com.br\/cbradar\/voce-pode-nao-perceber-mas-esta-poluicao-pode-estar-afetando-seu-coracao\/","name":"Voc\u00ea pode n\u00e3o perceber, mas esta polui\u00e7\u00e3o pode estar afetando seu cora\u00e7\u00e3o! - Correio Braziliense - Radar","isPartOf":{"@id":"https:\/\/www.correiobraziliense.com.br\/cbradar\/#website"},"primaryImageOfPage":{"@id":"https:\/\/www.correiobraziliense.com.br\/cbradar\/voce-pode-nao-perceber-mas-esta-poluicao-pode-estar-afetando-seu-coracao\/#primaryimage"},"image":{"@id":"https:\/\/www.correiobraziliense.com.br\/cbradar\/voce-pode-nao-perceber-mas-esta-poluicao-pode-estar-afetando-seu-coracao\/#primaryimage"},"thumbnailUrl":"https:\/\/www.correiobraziliense.com.br\/cbradar\/wp-content\/uploads\/2025\/03\/poluicao_1742466652980.jpg","datePublished":"2025-03-21T14:23:00+00:00","author":{"@id":"https:\/\/www.correiobraziliense.com.br\/cbradar\/#\/schema\/person\/4cec7857301a9a1a2ef249893cd908d3"},"description":"Voc\u00ea pode n\u00e3o perceber, mas essa polui\u00e7\u00e3o pode estar afetando a sa\u00fade do seu cora\u00e7\u00e3o! Descubra como ela impacta seu corpo e o que fazer para se proteger.","breadcrumb":{"@id":"https:\/\/www.correiobraziliense.com.br\/cbradar\/voce-pode-nao-perceber-mas-esta-poluicao-pode-estar-afetando-seu-coracao\/#breadcrumb"},"inLanguage":"pt-BR","potentialAction":[{"@type":"ReadAction","target":["https:\/\/www.correiobraziliense.com.br\/cbradar\/voce-pode-nao-perceber-mas-esta-poluicao-pode-estar-afetando-seu-coracao\/"]}]},{"@type":"ImageObject","inLanguage":"pt-BR","@id":"https:\/\/www.correiobraziliense.com.br\/cbradar\/voce-pode-nao-perceber-mas-esta-poluicao-pode-estar-afetando-seu-coracao\/#primaryimage","url":"https:\/\/www.correiobraziliense.com.br\/cbradar\/wp-content\/uploads\/2025\/03\/poluicao_1742466652980.jpg","contentUrl":"https:\/\/www.correiobraziliense.com.br\/cbradar\/wp-content\/uploads\/2025\/03\/poluicao_1742466652980.jpg","width":1280,"height":720,"caption":"Ecol\u00f3gico - Cr\u00e9ditos: depositphotos.com \/ IgorVetushko"},{"@type":"BreadcrumbList","@id":"https:\/\/www.correiobraziliense.com.br\/cbradar\/voce-pode-nao-perceber-mas-esta-poluicao-pode-estar-afetando-seu-coracao\/#breadcrumb","itemListElement":[{"@type":"ListItem","position":1,"name":"In\u00edcio","item":"https:\/\/www.correiobraziliense.com.br\/cbradar\/"},{"@type":"ListItem","position":2,"name":"Voc\u00ea pode n\u00e3o perceber, mas esta polui\u00e7\u00e3o pode estar afetando seu cora\u00e7\u00e3o!"}]},{"@type":"WebSite","@id":"https:\/\/www.correiobraziliense.com.br\/cbradar\/#website","url":"https:\/\/www.correiobraziliense.com.br\/cbradar\/","name":"Correio Braziliense - Radar","description":"Acompanhe as \u00faltimas not\u00edcias e fique bem informado sobre tudo o que acontece no Brasil e no mundo.","potentialAction":[{"@type":"SearchAction","target":{"@type":"EntryPoint","urlTemplate":"https:\/\/www.correiobraziliense.com.br\/cbradar\/?s={search_term_string}"},"query-input":{"@type":"PropertyValueSpecification","valueRequired":true,"valueName":"search_term_string"}}],"inLanguage":"pt-BR"},{"@type":"Person","@id":"https:\/\/www.correiobraziliense.com.br\/cbradar\/#\/schema\/person\/4cec7857301a9a1a2ef249893cd908d3","name":"Paulo Custodio","image":{"@type":"ImageObject","inLanguage":"pt-BR","@id":"https:\/\/www.correiobraziliense.com.br\/cbradar\/#\/schema\/person\/image\/","url":"https:\/\/secure.gravatar.com\/avatar\/bcd67168d1534e8fcf4f45c726a87cea?s=96&d=mm&r=g","contentUrl":"https:\/\/secure.gravatar.com\/avatar\/bcd67168d1534e8fcf4f45c726a87cea?s=96&d=mm&r=g","caption":"Paulo Custodio"},"sameAs":["https:\/\/www.correiobraziliense.com.br\/cbradar"],"url":"https:\/\/www.correiobraziliense.com.br\/cbradar\/author\/paulomyth\/"}]}},"_links":{"self":[{"href":"https:\/\/www.correiobraziliense.com.br\/cbradar\/wp-json\/wp\/v2\/posts\/14095","targetHints":{"allow":["GET"]}}],"collection":[{"href":"https:\/\/www.correiobraziliense.com.br\/cbradar\/wp-json\/wp\/v2\/posts"}],"about":[{"href":"https:\/\/www.correiobraziliense.com.br\/cbradar\/wp-json\/wp\/v2\/types\/post"}],"author":[{"embeddable":true,"href":"https:\/\/www.correiobraziliense.com.br\/cbradar\/wp-json\/wp\/v2\/users\/11"}],"replies":[{"embeddable":true,"href":"https:\/\/www.correiobraziliense.com.br\/cbradar\/wp-json\/wp\/v2\/comments?post=14095"}],"version-history":[{"count":2,"href":"https:\/\/www.correiobraziliense.com.br\/cbradar\/wp-json\/wp\/v2\/posts\/14095\/revisions"}],"predecessor-version":[{"id":14131,"href":"https:\/\/www.correiobraziliense.com.br\/cbradar\/wp-json\/wp\/v2\/posts\/14095\/revisions\/14131"}],"wp:featuredmedia":[{"embeddable":true,"href":"https:\/\/www.correiobraziliense.com.br\/cbradar\/wp-json\/wp\/v2\/media\/14129"}],"wp:attachment":[{"href":"https:\/\/www.correiobraziliense.com.br\/cbradar\/wp-json\/wp\/v2\/media?parent=14095"}],"wp:term":[{"taxonomy":"category","embeddable":true,"href":"https:\/\/www.correiobraziliense.com.br\/cbradar\/wp-json\/wp\/v2\/categories?post=14095"},{"taxonomy":"post_tag","embeddable":true,"href":"https:\/\/www.correiobraziliense.com.br\/cbradar\/wp-json\/wp\/v2\/post_tag?post=14095"}],"curies":[{"name":"wp","href":"https:\/\/api.w.org\/{rel}","templated":true}]}}