{"id":14097,"date":"2025-03-21T13:23:00","date_gmt":"2025-03-21T16:23:00","guid":{"rendered":"https:\/\/www.correiobraziliense.com.br\/cbradar\/?p=14097"},"modified":"2025-03-20T13:14:59","modified_gmt":"2025-03-20T16:14:59","slug":"quem-tem-insegurancas-e-medos-precisa-seguir-estas-dicas-para-ter-ganho-de-confianca","status":"publish","type":"post","link":"https:\/\/www.correiobraziliense.com.br\/cbradar\/quem-tem-insegurancas-e-medos-precisa-seguir-estas-dicas-para-ter-ganho-de-confianca\/","title":{"rendered":"Quem tem inseguran\u00e7as e medos precisa seguir estas dicas para ter ganho de confian\u00e7a"},"content":{"rendered":"\n<p>O medo e a inseguran\u00e7a s\u00e3o emo\u00e7\u00f5es humanas universais, mas quando se tornam persistentes e intensas, podem limitar nossa vida e minar nossa <strong><a href=\"https:\/\/pt.wikipedia.org\/wiki\/Autoconfian\u00e7a\" target=\"_blank\" rel=\"noreferrer noopener\">autoconfian\u00e7a<\/a><\/strong>. A <strong>medita\u00e7\u00e3o<\/strong> oferece um caminho poderoso para lidar com esses sentimentos, permitindo que os observemos com mais clareza e cultivemos uma maior sensa\u00e7\u00e3o de <a href=\"https:\/\/www.correiobraziliense.com.br\/cbradar\/a-rosacea-pode-atingir-sua-pele-aprenda-a-fazer-uma-boa-skincare-para-essa-condicao\/\" target=\"_blank\" rel=\"noreferrer noopener\">seguran\u00e7a <\/a>e confian\u00e7a em n\u00f3s mesmos. Este guia pr\u00e1tico apresenta t\u00e9cnicas e dicas para voc\u00ea iniciar essa jornada transformadora.<\/p>\n\n\n\n<h2 class=\"wp-block-heading\">Entendendo o medo e a inseguran\u00e7a: origens e impactos<\/h2>\n\n\n\n<p>O <strong>medo<\/strong> \u00e9 uma resposta natural a uma amea\u00e7a real ou percebida, enquanto a <strong>inseguran\u00e7a<\/strong> geralmente surge de d\u00favidas sobre nossas pr\u00f3prias capacidades, valor ou o futuro. Ambos podem ter ra\u00edzes em experi\u00eancias passadas, cren\u00e7as limitantes ou press\u00f5es sociais. Quando n\u00e3o gerenciados, o medo e a inseguran\u00e7a podem levar \u00e0 ansiedade, evita\u00e7\u00e3o de desafios e uma baixa autoestima.<\/p>\n\n\n<div class=\"wp-block-image\">\n<figure class=\"aligncenter size-large\"><img decoding=\"async\" width=\"1024\" height=\"576\" src=\"https:\/\/www.correiobraziliense.com.br\/cbradar\/wp-content\/uploads\/2025\/03\/inseguranca_1742467077920-1024x576.jpg\" alt=\"Quem tem inseguran\u00e7as e medos precisa seguir estas dicas para ter ganho de confian\u00e7a\" class=\"wp-image-14136\" srcset=\"https:\/\/www.correiobraziliense.com.br\/cbradar\/wp-content\/uploads\/2025\/03\/inseguranca_1742467077920-1024x576.jpg 1024w, https:\/\/www.correiobraziliense.com.br\/cbradar\/wp-content\/uploads\/2025\/03\/inseguranca_1742467077920-300x169.jpg 300w, https:\/\/www.correiobraziliense.com.br\/cbradar\/wp-content\/uploads\/2025\/03\/inseguranca_1742467077920-768x432.jpg 768w, https:\/\/www.correiobraziliense.com.br\/cbradar\/wp-content\/uploads\/2025\/03\/inseguranca_1742467077920-750x422.jpg 750w, https:\/\/www.correiobraziliense.com.br\/cbradar\/wp-content\/uploads\/2025\/03\/inseguranca_1742467077920-1140x641.jpg 1140w, https:\/\/www.correiobraziliense.com.br\/cbradar\/wp-content\/uploads\/2025\/03\/inseguranca_1742467077920.jpg 1280w\" sizes=\"(max-width: 1024px) 100vw, 1024px\" \/><figcaption class=\"wp-element-caption\">Mulher triste &#8211; Cr\u00e9ditos: depositphotos.com \/ terovesalainen<\/figcaption><\/figure><\/div>\n\n\n<h2 class=\"wp-block-heading\">O papel da medita\u00e7\u00e3o no fortalecimento da autoconfian\u00e7a<\/h2>\n\n\n\n<p>A <strong>medita\u00e7\u00e3o<\/strong> n\u00e3o elimina o medo e a inseguran\u00e7a, mas oferece ferramentas para mudar nossa rela\u00e7\u00e3o com esses sentimentos. Ao praticar a aten\u00e7\u00e3o plena, aprendemos a observar nossos pensamentos e emo\u00e7\u00f5es sem julgamento, reconhecendo-os como eventos passageiros em vez de verdades absolutas sobre n\u00f3s mesmos. Essa observa\u00e7\u00e3o nos permite desidentificar-nos dos nossos medos e inseguran\u00e7as, criando espa\u00e7o para o crescimento da autoconfian\u00e7a.<\/p>\n\n\n\n<h2 class=\"wp-block-heading\">T\u00e9cnicas de medita\u00e7\u00e3o para lidar com o medo e a inseguran\u00e7a<\/h2>\n\n\n\n<p>Experimente estas t\u00e9cnicas para encontrar aquelas que melhor ressoam com voc\u00ea:<\/p>\n\n\n\n<h3 class=\"wp-block-heading\">Medita\u00e7\u00e3o da aten\u00e7\u00e3o plena (<strong>Mindfulness<\/strong>) para observar os medos sem julgamento<\/h3>\n\n\n\n<p>Sente-se confortavelmente e feche os olhos suavemente. Leve a sua aten\u00e7\u00e3o para a respira\u00e7\u00e3o, observando o ar que entra e sai do seu corpo. Quando pensamentos de medo ou inseguran\u00e7a surgirem, simplesmente reconhe\u00e7a-os sem se envolver neles. Observe as sensa\u00e7\u00f5es f\u00edsicas que acompanham esses pensamentos, como tens\u00e3o ou aperto. Permita que eles estejam presentes sem tentar mud\u00e1-los ou afast\u00e1-los.<\/p>\n\n\n\n<h3 class=\"wp-block-heading\">Medita\u00e7\u00e3o da bondade amorosa (<strong>Metta<\/strong>) para cultivar a autocompaix\u00e3o<\/h3>\n\n\n\n<p>Direcione sentimentos de amor, bondade e compaix\u00e3o para si mesmo, especialmente nas \u00e1reas onde voc\u00ea se sente mais inseguro ou com medo. Repita frases como &#8220;Que eu seja gentil comigo mesmo&#8221;, &#8220;Que eu me aceite como sou&#8221; ou &#8220;Que eu me sinta seguro e em paz&#8221;. Essa pr\u00e1tica ajuda a suavizar a autocr\u00edtica e a nutrir um senso de aceita\u00e7\u00e3o e valor pessoal.<\/p>\n\n\n\n<h3 class=\"wp-block-heading\">Medita\u00e7\u00e3o da respira\u00e7\u00e3o para ancorar-se no presente em momentos de ansiedade<\/h3>\n\n\n\n<p>Quando o medo ou a inseguran\u00e7a se intensificarem, foque na sua respira\u00e7\u00e3o. Sinta o ar entrando e saindo do seu corpo. A respira\u00e7\u00e3o \u00e9 uma \u00e2ncora que o traz de volta ao momento presente, afastando-o das preocupa\u00e7\u00f5es com o futuro ou das rumina\u00e7\u00f5es sobre o passado. Respire fundo e lentamente algumas vezes, permitindo que a calma se instale.<\/p>\n\n\n\n<h3 class=\"wp-block-heading\">Visualiza\u00e7\u00e3o para construir uma imagem positiva de si mesmo<\/h3>\n\n\n\n<p>Feche os olhos e imagine-se em uma situa\u00e7\u00e3o onde voc\u00ea se sente confiante, capaz e seguro. Visualize os detalhes dessa cena, as cores, os sons e as sensa\u00e7\u00f5es. Observe a sua postura, a sua express\u00e3o facial e a sua linguagem corporal. Sinta a confian\u00e7a irradiando de voc\u00ea. Repita essa visualiza\u00e7\u00e3o regularmente para fortalecer uma imagem positiva de si mesmo.<\/p>\n\n\n\n<h3 class=\"wp-block-heading\">Medita\u00e7\u00e3o de aceita\u00e7\u00e3o radical para abra\u00e7ar as incertezas<\/h3>\n\n\n\n<p>Reconhe\u00e7a que a vida \u00e9 inerentemente incerta e que o medo e a inseguran\u00e7a s\u00e3o partes da experi\u00eancia humana. Em vez de lutar contra esses sentimentos, pratique a aceita\u00e7\u00e3o radical, permitindo que eles existam sem resist\u00eancia. Observe-os com curiosidade e gentileza, lembrando-se de que eles n\u00e3o definem quem voc\u00ea \u00e9.<\/p>\n\n\n\n<h2 class=\"wp-block-heading\">Dicas para praticar medita\u00e7\u00e3o ao enfrentar medo e inseguran\u00e7a<\/h2>\n\n\n\n<ul class=\"wp-block-list\">\n<li><strong>Crie um espa\u00e7o tranquilo:<\/strong> Escolha um local onde voc\u00ea se sinta seguro e confort\u00e1vel para meditar.<\/li>\n\n\n\n<li><strong>Comece pequeno:<\/strong> Se a medita\u00e7\u00e3o parecer desafiadora, comece com sess\u00f5es curtas de apenas alguns minutos e aumente gradualmente o tempo.<\/li>\n\n\n\n<li><strong>Seja consistente:<\/strong> A pr\u00e1tica regular \u00e9 mais importante do que a dura\u00e7\u00e3o das sess\u00f5es. Tente meditar todos os dias, mesmo que por pouco tempo.<\/li>\n\n\n\n<li><strong>Foque nas sensa\u00e7\u00f5es:<\/strong> Quando o medo ou a inseguran\u00e7a surgirem, tente focar nas sensa\u00e7\u00f5es f\u00edsicas no seu corpo, em vez de se perder nos pensamentos.<\/li>\n\n\n\n<li><strong>Seja gentil consigo mesmo:<\/strong> Haver\u00e1 dias em que a medita\u00e7\u00e3o ser\u00e1 mais f\u00e1cil do que outros. N\u00e3o se critique se a sua mente estiver agitada. Simplesmente retorne suavemente ao seu foco.<\/li>\n<\/ul>\n\n\n\n<h2 class=\"wp-block-heading\">Integrando a medita\u00e7\u00e3o \u00e0 sua rotina di\u00e1ria para maior autoconfian\u00e7a<\/h2>\n\n\n\n<p>Encontre momentos ao longo do seu dia para praticar a medita\u00e7\u00e3o. Pode ser pela manh\u00e3 para come\u00e7ar o dia com mais calma e confian\u00e7a, durante uma pausa no trabalho para lidar com o estresse ou \u00e0 noite para relaxar antes de dormir. Mesmo alguns minutos de medita\u00e7\u00e3o consciente podem fazer uma grande diferen\u00e7a a longo prazo.<\/p>\n\n\n\n<h2 class=\"wp-block-heading\">Estrat\u00e9gias complementares para fortalecer a autoconfian\u00e7a al\u00e9m da medita\u00e7\u00e3o<\/h2>\n\n\n\n<p>A medita\u00e7\u00e3o \u00e9 uma ferramenta poderosa, mas combinar essa pr\u00e1tica com outras estrat\u00e9gias pode potencializar o fortalecimento da autoconfian\u00e7a:<\/p>\n\n\n\n<ul class=\"wp-block-list\">\n<li><strong>Estabele\u00e7a metas alcan\u00e7\u00e1veis:<\/strong> Defina pequenos objetivos que voc\u00ea possa alcan\u00e7ar e celebre cada sucesso.<\/li>\n\n\n\n<li><strong>Celebre as pequenas vit\u00f3rias:<\/strong> Reconhe\u00e7a e valorize seus progressos, por menores que sejam.<\/li>\n\n\n\n<li><strong>Pratique a autocompaix\u00e3o:<\/strong> Seja gentil e compreensivo consigo mesmo, especialmente quando cometer erros ou enfrentar desafios.<\/li>\n\n\n\n<li><strong>Desafie pensamentos negativos:<\/strong> Questione as cren\u00e7as limitantes que alimentam o medo e a inseguran\u00e7a.<\/li>\n\n\n\n<li><strong>Busque apoio:<\/strong> Converse com amigos, familiares ou um terapeuta sobre seus medos e inseguran\u00e7as.<\/li>\n<\/ul>\n\n\n\n<h2 class=\"wp-block-heading\">O poder da autoconfian\u00e7a cultivada atrav\u00e9s da medita\u00e7\u00e3o<\/h2>\n\n\n\n<p>A autoconfian\u00e7a que emerge da pr\u00e1tica da medita\u00e7\u00e3o \u00e9 diferente daquela baseada em conquistas externas ou aprova\u00e7\u00e3o dos outros. \u00c9 uma confian\u00e7a interna, enraizada na aceita\u00e7\u00e3o de si mesmo e na cren\u00e7a na sua pr\u00f3pria capacidade de lidar com os desafios da vida. Ao integrar a medita\u00e7\u00e3o na sua jornada, voc\u00ea estar\u00e1 construindo uma base s\u00f3lida para uma autoconfian\u00e7a duradoura.<\/p>\n\n\n\n<h2 class=\"wp-block-heading\">Quando buscar apoio profissional adicional<\/h2>\n\n\n\n<p>Se o medo e a inseguran\u00e7a forem muito intensos, persistentes ou estiverem impactando significativamente a sua vida, \u00e9 importante buscar o apoio de um profissional de sa\u00fade mental. Um terapeuta pode oferecer orienta\u00e7\u00e3o e ferramentas adicionais para lidar com esses sentimentos.<\/p>\n\n\n\n<h2 class=\"wp-block-heading\">Celebrando o progresso e mantendo a pr\u00e1tica<\/h2>\n\n\n\n<p>Construir autoconfian\u00e7a \u00e9 um processo gradual. Seja paciente consigo mesmo e celebre cada passo da sua jornada. Mantenha a sua pr\u00e1tica de medita\u00e7\u00e3o, mesmo nos dias em que parecer mais dif\u00edcil. Com o tempo e a consist\u00eancia, voc\u00ea notar\u00e1 uma crescente sensa\u00e7\u00e3o de seguran\u00e7a e confian\u00e7a em si mesmo.<\/p>\n","protected":false},"excerpt":{"rendered":"<p>O medo e a inseguran\u00e7a s\u00e3o emo\u00e7\u00f5es humanas universais, mas quando se tornam persistentes e intensas, podem limitar nossa vida e minar nossa autoconfian\u00e7a. A medita\u00e7\u00e3o oferece um caminho poderoso para lidar com esses sentimentos, permitindo que os observemos com mais clareza e cultivemos uma maior sensa\u00e7\u00e3o de seguran\u00e7a e confian\u00e7a em n\u00f3s mesmos. Este [&hellip;]<\/p>\n","protected":false},"author":11,"featured_media":14135,"comment_status":"open","ping_status":"open","sticky":false,"template":"","format":"standard","meta":{"_yoast_wpseo_focuskw":"inseguran\u00e7as","_yoast_wpseo_title":"","_yoast_wpseo_metadesc":"Quem tem inseguran\u00e7as e medos precisa seguir essas dicas essenciais para conquistar mais confian\u00e7a e transformar sua autoestima de forma incr\u00edvel!","jnews-multi-image_gallery":[],"jnews_single_post":{"format":"standard"},"jnews_primary_category":[],"jnews_social_meta":[],"jnews_override_counter":[],"footnotes":""},"categories":[119],"post_tag":[1320,2200,565],"class_list":["post-14097","post","type-post","status-publish","format-standard","has-post-thumbnail","hentry","category-bem-estar","tag-bem-estar-2","tag-insegurancas","tag-saude"],"yoast_head":"<!-- This site is optimized with the Yoast SEO plugin v24.6 - https:\/\/yoast.com\/wordpress\/plugins\/seo\/ -->\n<title>Quem tem inseguran\u00e7as e medos precisa seguir estas dicas para ter ganho de confian\u00e7a - Correio Braziliense - Radar<\/title>\n<meta name=\"description\" content=\"Quem tem inseguran\u00e7as e medos precisa seguir essas dicas essenciais para conquistar mais confian\u00e7a e transformar sua autoestima de forma incr\u00edvel!\" \/>\n<meta name=\"robots\" content=\"index, follow, max-snippet:-1, max-image-preview:large, max-video-preview:-1\" \/>\n<link rel=\"canonical\" href=\"https:\/\/www.correiobraziliense.com.br\/cbradar\/quem-tem-insegurancas-e-medos-precisa-seguir-estas-dicas-para-ter-ganho-de-confianca\/\" \/>\n<meta property=\"og:locale\" content=\"pt_BR\" \/>\n<meta property=\"og:type\" content=\"article\" \/>\n<meta property=\"og:title\" content=\"Quem tem inseguran\u00e7as e medos precisa seguir estas dicas para ter ganho de confian\u00e7a - Correio Braziliense - Radar\" \/>\n<meta property=\"og:description\" content=\"Quem tem inseguran\u00e7as e medos precisa seguir essas dicas essenciais para conquistar mais confian\u00e7a e transformar sua autoestima de forma incr\u00edvel!\" \/>\n<meta property=\"og:url\" content=\"https:\/\/www.correiobraziliense.com.br\/cbradar\/quem-tem-insegurancas-e-medos-precisa-seguir-estas-dicas-para-ter-ganho-de-confianca\/\" \/>\n<meta property=\"og:site_name\" content=\"Correio Braziliense - Radar\" \/>\n<meta property=\"article:published_time\" content=\"2025-03-21T16:23:00+00:00\" \/>\n<meta property=\"og:image\" content=\"https:\/\/www.correiobraziliense.com.br\/cbradar\/wp-content\/uploads\/2025\/03\/inseguranca_1742466980182.jpg\" \/>\n\t<meta property=\"og:image:width\" content=\"1280\" \/>\n\t<meta property=\"og:image:height\" content=\"720\" \/>\n\t<meta property=\"og:image:type\" content=\"image\/jpeg\" \/>\n<meta name=\"author\" content=\"Paulo Custodio\" \/>\n<meta name=\"twitter:card\" content=\"summary_large_image\" \/>\n<meta name=\"twitter:label1\" content=\"Escrito por\" \/>\n\t<meta name=\"twitter:data1\" content=\"Paulo Custodio\" \/>\n\t<meta name=\"twitter:label2\" content=\"Est. tempo de leitura\" \/>\n\t<meta name=\"twitter:data2\" content=\"7 minutos\" \/>\n<!-- \/ Yoast SEO plugin. -->","yoast_head_json":{"title":"Quem tem inseguran\u00e7as e medos precisa seguir estas dicas para ter ganho de confian\u00e7a - Correio Braziliense - Radar","description":"Quem tem inseguran\u00e7as e medos precisa seguir essas dicas essenciais para conquistar mais confian\u00e7a e transformar sua autoestima de forma incr\u00edvel!","robots":{"index":"index","follow":"follow","max-snippet":"max-snippet:-1","max-image-preview":"max-image-preview:large","max-video-preview":"max-video-preview:-1"},"canonical":"https:\/\/www.correiobraziliense.com.br\/cbradar\/quem-tem-insegurancas-e-medos-precisa-seguir-estas-dicas-para-ter-ganho-de-confianca\/","og_locale":"pt_BR","og_type":"article","og_title":"Quem tem inseguran\u00e7as e medos precisa seguir estas dicas para ter ganho de confian\u00e7a - Correio Braziliense - Radar","og_description":"Quem tem inseguran\u00e7as e medos precisa seguir essas dicas essenciais para conquistar mais confian\u00e7a e transformar sua autoestima de forma incr\u00edvel!","og_url":"https:\/\/www.correiobraziliense.com.br\/cbradar\/quem-tem-insegurancas-e-medos-precisa-seguir-estas-dicas-para-ter-ganho-de-confianca\/","og_site_name":"Correio Braziliense - Radar","article_published_time":"2025-03-21T16:23:00+00:00","og_image":[{"width":1280,"height":720,"url":"https:\/\/www.correiobraziliense.com.br\/cbradar\/wp-content\/uploads\/2025\/03\/inseguranca_1742466980182.jpg","type":"image\/jpeg"}],"author":"Paulo Custodio","twitter_card":"summary_large_image","twitter_misc":{"Escrito por":"Paulo Custodio","Est. tempo de leitura":"7 minutos"},"schema":{"@context":"https:\/\/schema.org","@graph":[{"@type":"WebPage","@id":"https:\/\/www.correiobraziliense.com.br\/cbradar\/quem-tem-insegurancas-e-medos-precisa-seguir-estas-dicas-para-ter-ganho-de-confianca\/","url":"https:\/\/www.correiobraziliense.com.br\/cbradar\/quem-tem-insegurancas-e-medos-precisa-seguir-estas-dicas-para-ter-ganho-de-confianca\/","name":"Quem tem inseguran\u00e7as e medos precisa seguir estas dicas para ter ganho de confian\u00e7a - Correio Braziliense - Radar","isPartOf":{"@id":"https:\/\/www.correiobraziliense.com.br\/cbradar\/#website"},"primaryImageOfPage":{"@id":"https:\/\/www.correiobraziliense.com.br\/cbradar\/quem-tem-insegurancas-e-medos-precisa-seguir-estas-dicas-para-ter-ganho-de-confianca\/#primaryimage"},"image":{"@id":"https:\/\/www.correiobraziliense.com.br\/cbradar\/quem-tem-insegurancas-e-medos-precisa-seguir-estas-dicas-para-ter-ganho-de-confianca\/#primaryimage"},"thumbnailUrl":"https:\/\/www.correiobraziliense.com.br\/cbradar\/wp-content\/uploads\/2025\/03\/inseguranca_1742466980182.jpg","datePublished":"2025-03-21T16:23:00+00:00","author":{"@id":"https:\/\/www.correiobraziliense.com.br\/cbradar\/#\/schema\/person\/4cec7857301a9a1a2ef249893cd908d3"},"description":"Quem tem inseguran\u00e7as e medos precisa seguir essas dicas essenciais para conquistar mais confian\u00e7a e transformar sua autoestima de forma incr\u00edvel!","breadcrumb":{"@id":"https:\/\/www.correiobraziliense.com.br\/cbradar\/quem-tem-insegurancas-e-medos-precisa-seguir-estas-dicas-para-ter-ganho-de-confianca\/#breadcrumb"},"inLanguage":"pt-BR","potentialAction":[{"@type":"ReadAction","target":["https:\/\/www.correiobraziliense.com.br\/cbradar\/quem-tem-insegurancas-e-medos-precisa-seguir-estas-dicas-para-ter-ganho-de-confianca\/"]}]},{"@type":"ImageObject","inLanguage":"pt-BR","@id":"https:\/\/www.correiobraziliense.com.br\/cbradar\/quem-tem-insegurancas-e-medos-precisa-seguir-estas-dicas-para-ter-ganho-de-confianca\/#primaryimage","url":"https:\/\/www.correiobraziliense.com.br\/cbradar\/wp-content\/uploads\/2025\/03\/inseguranca_1742466980182.jpg","contentUrl":"https:\/\/www.correiobraziliense.com.br\/cbradar\/wp-content\/uploads\/2025\/03\/inseguranca_1742466980182.jpg","width":1280,"height":720,"caption":"Homem - Cr\u00e9ditos: depositphotos.com \/ mapo_japan"},{"@type":"BreadcrumbList","@id":"https:\/\/www.correiobraziliense.com.br\/cbradar\/quem-tem-insegurancas-e-medos-precisa-seguir-estas-dicas-para-ter-ganho-de-confianca\/#breadcrumb","itemListElement":[{"@type":"ListItem","position":1,"name":"In\u00edcio","item":"https:\/\/www.correiobraziliense.com.br\/cbradar\/"},{"@type":"ListItem","position":2,"name":"Quem tem inseguran\u00e7as e medos precisa seguir estas dicas para ter ganho de confian\u00e7a"}]},{"@type":"WebSite","@id":"https:\/\/www.correiobraziliense.com.br\/cbradar\/#website","url":"https:\/\/www.correiobraziliense.com.br\/cbradar\/","name":"Correio Braziliense - Radar","description":"Acompanhe as \u00faltimas not\u00edcias e fique bem informado sobre tudo o que acontece no Brasil e no mundo.","potentialAction":[{"@type":"SearchAction","target":{"@type":"EntryPoint","urlTemplate":"https:\/\/www.correiobraziliense.com.br\/cbradar\/?s={search_term_string}"},"query-input":{"@type":"PropertyValueSpecification","valueRequired":true,"valueName":"search_term_string"}}],"inLanguage":"pt-BR"},{"@type":"Person","@id":"https:\/\/www.correiobraziliense.com.br\/cbradar\/#\/schema\/person\/4cec7857301a9a1a2ef249893cd908d3","name":"Paulo Custodio","image":{"@type":"ImageObject","inLanguage":"pt-BR","@id":"https:\/\/www.correiobraziliense.com.br\/cbradar\/#\/schema\/person\/image\/","url":"https:\/\/secure.gravatar.com\/avatar\/bcd67168d1534e8fcf4f45c726a87cea?s=96&d=mm&r=g","contentUrl":"https:\/\/secure.gravatar.com\/avatar\/bcd67168d1534e8fcf4f45c726a87cea?s=96&d=mm&r=g","caption":"Paulo Custodio"},"sameAs":["https:\/\/www.correiobraziliense.com.br\/cbradar"],"url":"https:\/\/www.correiobraziliense.com.br\/cbradar\/author\/paulomyth\/"}]}},"_links":{"self":[{"href":"https:\/\/www.correiobraziliense.com.br\/cbradar\/wp-json\/wp\/v2\/posts\/14097","targetHints":{"allow":["GET"]}}],"collection":[{"href":"https:\/\/www.correiobraziliense.com.br\/cbradar\/wp-json\/wp\/v2\/posts"}],"about":[{"href":"https:\/\/www.correiobraziliense.com.br\/cbradar\/wp-json\/wp\/v2\/types\/post"}],"author":[{"embeddable":true,"href":"https:\/\/www.correiobraziliense.com.br\/cbradar\/wp-json\/wp\/v2\/users\/11"}],"replies":[{"embeddable":true,"href":"https:\/\/www.correiobraziliense.com.br\/cbradar\/wp-json\/wp\/v2\/comments?post=14097"}],"version-history":[{"count":2,"href":"https:\/\/www.correiobraziliense.com.br\/cbradar\/wp-json\/wp\/v2\/posts\/14097\/revisions"}],"predecessor-version":[{"id":14137,"href":"https:\/\/www.correiobraziliense.com.br\/cbradar\/wp-json\/wp\/v2\/posts\/14097\/revisions\/14137"}],"wp:featuredmedia":[{"embeddable":true,"href":"https:\/\/www.correiobraziliense.com.br\/cbradar\/wp-json\/wp\/v2\/media\/14135"}],"wp:attachment":[{"href":"https:\/\/www.correiobraziliense.com.br\/cbradar\/wp-json\/wp\/v2\/media?parent=14097"}],"wp:term":[{"taxonomy":"category","embeddable":true,"href":"https:\/\/www.correiobraziliense.com.br\/cbradar\/wp-json\/wp\/v2\/categories?post=14097"},{"taxonomy":"post_tag","embeddable":true,"href":"https:\/\/www.correiobraziliense.com.br\/cbradar\/wp-json\/wp\/v2\/post_tag?post=14097"}],"curies":[{"name":"wp","href":"https:\/\/api.w.org\/{rel}","templated":true}]}}