{"id":14105,"date":"2025-03-22T19:23:00","date_gmt":"2025-03-22T22:23:00","guid":{"rendered":"https:\/\/www.correiobraziliense.com.br\/cbradar\/?p=14105"},"modified":"2025-03-20T14:25:51","modified_gmt":"2025-03-20T17:25:51","slug":"a-poluicao-do-ar-pode-te-prejudicar-desta-maneira-que-voce-nem-imaginava","status":"publish","type":"post","link":"https:\/\/www.correiobraziliense.com.br\/cbradar\/a-poluicao-do-ar-pode-te-prejudicar-desta-maneira-que-voce-nem-imaginava\/","title":{"rendered":"A polui\u00e7\u00e3o do ar pode te prejudicar desta maneira que voc\u00ea nem imaginava"},"content":{"rendered":"\n<p>A <strong><a href=\"https:\/\/pt.wikipedia.org\/wiki\/Polui\u00e7\u00e3o\" target=\"_blank\" rel=\"noreferrer noopener\">polui\u00e7\u00e3o <\/a>do ar<\/strong> \u00e9 um problema de <a href=\"https:\/\/www.correiobraziliense.com.br\/cbradar\/quem-sofre-com-dores-na-lombar-ja-esta-comemorando-essas-dicas-que-podem-te-ajudar\/\" target=\"_blank\" rel=\"noreferrer noopener\">sa\u00fade <\/a>p\u00fablica global, com impactos devastadores na sa\u00fade humana. A exposi\u00e7\u00e3o a poluentes atmosf\u00e9ricos pode causar s\u00e9rios danos \u00e0 <strong>sa\u00fade pulmonar<\/strong> e comprometer a <strong>fun\u00e7\u00e3o imunol\u00f3gica<\/strong>, tornando o organismo mais vulner\u00e1vel a doen\u00e7as. Compreender esses efeitos e adotar medidas de <strong>prote\u00e7\u00e3o respirat\u00f3ria<\/strong> \u00e9 crucial para preservar a sa\u00fade e o bem-estar.<\/p>\n\n\n\n<h2 class=\"wp-block-heading\">Entendendo a polui\u00e7\u00e3o do ar: componentes e fontes<\/h2>\n\n\n\n<p>A <strong>polui\u00e7\u00e3o do ar<\/strong> \u00e9 uma mistura complexa de part\u00edculas s\u00f3lidas e l\u00edquidas, gases e outras subst\u00e2ncias presentes na atmosfera. Os principais componentes incluem o <strong>material particulado (MP)<\/strong>, o <strong>oz\u00f4nio (O\u2083)<\/strong>, o <strong>di\u00f3xido de nitrog\u00eanio (NO\u2082)<\/strong>, o <strong>di\u00f3xido de enxofre (SO\u2082)<\/strong> e o <strong>mon\u00f3xido de carbono (CO)<\/strong>. As fontes de polui\u00e7\u00e3o do ar s\u00e3o diversas, incluindo emiss\u00f5es de ve\u00edculos automotores, atividades industriais, queima de combust\u00edveis f\u00f3sseis, queimadas e poeira suspensa.<\/p>\n\n\n<div class=\"wp-block-image\">\n<figure class=\"aligncenter size-large\"><img decoding=\"async\" width=\"1024\" height=\"576\" src=\"https:\/\/www.correiobraziliense.com.br\/cbradar\/wp-content\/uploads\/2025\/03\/poluicao_1742389555531-1024x576.jpg\" alt=\"A polui\u00e7\u00e3o do ar pode te prejudicar desta maneira que voc\u00ea nem imaginava\" class=\"wp-image-13837\" srcset=\"https:\/\/www.correiobraziliense.com.br\/cbradar\/wp-content\/uploads\/2025\/03\/poluicao_1742389555531-1024x576.jpg 1024w, https:\/\/www.correiobraziliense.com.br\/cbradar\/wp-content\/uploads\/2025\/03\/poluicao_1742389555531-300x169.jpg 300w, https:\/\/www.correiobraziliense.com.br\/cbradar\/wp-content\/uploads\/2025\/03\/poluicao_1742389555531-768x432.jpg 768w, https:\/\/www.correiobraziliense.com.br\/cbradar\/wp-content\/uploads\/2025\/03\/poluicao_1742389555531-750x422.jpg 750w, https:\/\/www.correiobraziliense.com.br\/cbradar\/wp-content\/uploads\/2025\/03\/poluicao_1742389555531-1140x641.jpg 1140w, https:\/\/www.correiobraziliense.com.br\/cbradar\/wp-content\/uploads\/2025\/03\/poluicao_1742389555531.jpg 1280w\" sizes=\"(max-width: 1024px) 100vw, 1024px\" \/><figcaption class=\"wp-element-caption\">Polui\u00e7\u00e3o &#8211; Cr\u00e9ditos: depositphotos.com \/ kamilpetran<\/figcaption><\/figure><\/div>\n\n\n<h2 class=\"wp-block-heading\">O impacto da polui\u00e7\u00e3o do ar na sa\u00fade pulmonar<\/h2>\n\n\n\n<p>O sistema respirat\u00f3rio est\u00e1 diretamente exposto aos poluentes presentes no ar que inalamos. A exposi\u00e7\u00e3o cr\u00f4nica \u00e0 polui\u00e7\u00e3o do ar pode causar irrita\u00e7\u00e3o e inflama\u00e7\u00e3o das vias a\u00e9reas, levando ao desenvolvimento ou agravamento de diversas doen\u00e7as pulmonares. A <strong>asma<\/strong>, a <strong>bronquite<\/strong>, a <strong>doen\u00e7a pulmonar obstrutiva cr\u00f4nica (DPOC)<\/strong> e o <strong>c\u00e2ncer de pulm\u00e3o<\/strong> s\u00e3o algumas das condi\u00e7\u00f5es fortemente associadas \u00e0 polui\u00e7\u00e3o do ar. As part\u00edculas poluentes podem se depositar nos pulm\u00f5es, causando danos aos tecidos e dificultando a respira\u00e7\u00e3o.<\/p>\n\n\n\n<h2 class=\"wp-block-heading\">Polui\u00e7\u00e3o do ar e a fun\u00e7\u00e3o imunol\u00f3gica: um sistema de defesa comprometido<\/h2>\n\n\n\n<p>O sistema imunol\u00f3gico \u00e9 respons\u00e1vel por defender o organismo contra agentes invasores, como v\u00edrus e bact\u00e9rias. A exposi\u00e7\u00e3o \u00e0 polui\u00e7\u00e3o do ar pode <strong>suprimir a fun\u00e7\u00e3o imunol\u00f3gica<\/strong>, tornando o corpo mais suscet\u00edvel a infec\u00e7\u00f5es respirat\u00f3rias, como gripes e pneumonias. Al\u00e9m disso, a polui\u00e7\u00e3o do ar pode exacerbar doen\u00e7as autoimunes e inflamat\u00f3rias, como a artrite reumatoide e o l\u00fapus. Os poluentes podem interferir na produ\u00e7\u00e3o e na atividade das c\u00e9lulas do sistema imunol\u00f3gico, comprometendo sua capacidade de resposta.<\/p>\n\n\n\n<h2 class=\"wp-block-heading\">Mecanismos biol\u00f3gicos: como as part\u00edculas poluentes interagem com o corpo<\/h2>\n\n\n\n<p>Ao serem inaladas, as part\u00edculas poluentes podem penetrar profundamente nos pulm\u00f5es, alcan\u00e7ando os alv\u00e9olos, onde ocorrem as trocas gasosas. Essas part\u00edculas podem desencadear uma resposta inflamat\u00f3ria local, liberando subst\u00e2ncias qu\u00edmicas que danificam as c\u00e9lulas pulmonares. A exposi\u00e7\u00e3o prolongada leva ao <strong>estresse oxidativo<\/strong>, um desequil\u00edbrio entre a produ\u00e7\u00e3o de radicais livres e a capacidade do corpo de neutraliz\u00e1-los, causando danos celulares e contribuindo para o desenvolvimento de doen\u00e7as cr\u00f4nicas. Os poluentes tamb\u00e9m podem entrar na corrente sangu\u00ednea e afetar outros \u00f3rg\u00e3os do corpo.<\/p>\n\n\n\n<h2 class=\"wp-block-heading\">Grupos mais vulner\u00e1veis aos efeitos da polui\u00e7\u00e3o do ar<\/h2>\n\n\n\n<p>Alguns grupos da popula\u00e7\u00e3o s\u00e3o mais vulner\u00e1veis aos efeitos nocivos da polui\u00e7\u00e3o do ar. <strong>Crian\u00e7as<\/strong>, cujos pulm\u00f5es ainda est\u00e3o em desenvolvimento, e <strong>idosos<\/strong>, com sistema imunol\u00f3gico e respirat\u00f3rio mais fr\u00e1geis, s\u00e3o particularmente suscet\u00edveis. Indiv\u00edduos com <strong>condi\u00e7\u00f5es respirat\u00f3rias preexistentes<\/strong>, como asma e DPOC, e aqueles com <strong>doen\u00e7as cardiovasculares<\/strong> tamb\u00e9m apresentam maior risco de complica\u00e7\u00f5es devido \u00e0 exposi\u00e7\u00e3o \u00e0 polui\u00e7\u00e3o do ar.<\/p>\n\n\n\n<h2 class=\"wp-block-heading\">Dicas pr\u00e1ticas de prote\u00e7\u00e3o respirat\u00f3ria para minimizar os impactos<\/h2>\n\n\n\n<p>Adotar medidas de prote\u00e7\u00e3o individual pode ajudar a minimizar os efeitos da polui\u00e7\u00e3o do ar na sa\u00fade respirat\u00f3ria:<\/p>\n\n\n\n<h3 class=\"wp-block-heading\">Acompanhe os \u00edndices de qualidade do ar<\/h3>\n\n\n\n<p>Monitore os n\u00edveis de polui\u00e7\u00e3o do ar na sua regi\u00e3o atrav\u00e9s de aplicativos e sites especializados. Evite atividades ao ar livre quando os \u00edndices estiverem elevados.<\/p>\n\n\n\n<h3 class=\"wp-block-heading\">Evite atividades ao ar livre em hor\u00e1rios de pico da polui\u00e7\u00e3o<\/h3>\n\n\n\n<p>Geralmente, os n\u00edveis de polui\u00e7\u00e3o do ar s\u00e3o mais altos durante o hor\u00e1rio de pico do tr\u00e1fego e em dias de forte calor e pouca ventila\u00e7\u00e3o.<\/p>\n\n\n\n<h3 class=\"wp-block-heading\">Utilize m\u00e1scaras de prote\u00e7\u00e3o adequadas em situa\u00e7\u00f5es de alta polui\u00e7\u00e3o<\/h3>\n\n\n\n<p>Em dias de alta polui\u00e7\u00e3o ou em ambientes com muita poeira, utilize m\u00e1scaras faciais do tipo <strong>PFF2<\/strong> ou <strong>N95<\/strong>, que oferecem maior prote\u00e7\u00e3o contra part\u00edculas finas.<\/p>\n\n\n\n<h3 class=\"wp-block-heading\">Mantenha ambientes internos bem ventilados<\/h3>\n\n\n\n<p>Abra janelas e portas regularmente para permitir a circula\u00e7\u00e3o do ar e a renova\u00e7\u00e3o do ar interno.<\/p>\n\n\n\n<h3 class=\"wp-block-heading\">Utilize purificadores de ar com filtros HEPA<\/h3>\n\n\n\n<p>Purificadores de ar com filtros <strong>HEPA<\/strong> (High-Efficiency Particulate Air) s\u00e3o eficazes na remo\u00e7\u00e3o de part\u00edculas finas e outros poluentes do ar em ambientes fechados.<\/p>\n\n\n\n<h3 class=\"wp-block-heading\">Evite fumar e a exposi\u00e7\u00e3o ao fumo passivo<\/h3>\n\n\n\n<p>O tabagismo \u00e9 uma das principais fontes de polui\u00e7\u00e3o do ar interna e causa danos diretos aos pulm\u00f5es. Evite fumar e se exponha ao fumo passivo.<\/p>\n\n\n\n<h3 class=\"wp-block-heading\">Mantenha a casa limpa para reduzir a polui\u00e7\u00e3o interna<\/h3>\n\n\n\n<p>Poeira, \u00e1caros, mofo e produtos de limpeza podem contribuir para a polui\u00e7\u00e3o do ar dentro de casa. Mantenha a casa limpa e utilize produtos de limpeza naturais.<\/p>\n\n\n\n<h2 class=\"wp-block-heading\">A import\u00e2ncia de um estilo de vida saud\u00e1vel para a resili\u00eancia pulmonar<\/h2>\n\n\n\n<p>Adotar um estilo de vida saud\u00e1vel, com uma dieta rica em antioxidantes, a pr\u00e1tica regular de exerc\u00edcios f\u00edsicos e a manuten\u00e7\u00e3o de uma boa hidrata\u00e7\u00e3o, pode fortalecer o sistema imunol\u00f3gico e aumentar a resili\u00eancia dos pulm\u00f5es aos efeitos da polui\u00e7\u00e3o do ar.<\/p>\n\n\n\n<h2 class=\"wp-block-heading\">O papel das pol\u00edticas p\u00fablicas na redu\u00e7\u00e3o da polui\u00e7\u00e3o do ar<\/h2>\n\n\n\n<p>A redu\u00e7\u00e3o da polui\u00e7\u00e3o do ar \u00e9 uma responsabilidade coletiva que envolve a\u00e7\u00f5es em n\u00edvel individual, comunit\u00e1rio e governamental. Pol\u00edticas p\u00fablicas que visem a redu\u00e7\u00e3o das emiss\u00f5es veiculares e industriais, o incentivo ao uso de energias renov\u00e1veis e o monitoramento da qualidade do ar s\u00e3o fundamentais para proteger a sa\u00fade da popula\u00e7\u00e3o.<\/p>\n\n\n\n<h2 class=\"wp-block-heading\">Sintomas de alerta e quando procurar ajuda m\u00e9dica<\/h2>\n\n\n\n<p>Se voc\u00ea apresentar sintomas respirat\u00f3rios persistentes, como tosse, falta de ar, chiado no peito ou dor tor\u00e1cica, procure orienta\u00e7\u00e3o m\u00e9dica. Esses sintomas podem indicar problemas pulmonares relacionados \u00e0 polui\u00e7\u00e3o do ar ou outras condi\u00e7\u00f5es que requerem aten\u00e7\u00e3o profissional.<\/p>\n\n\n\n<p><\/p>\n","protected":false},"excerpt":{"rendered":"<p>A polui\u00e7\u00e3o do ar \u00e9 um problema de sa\u00fade p\u00fablica global, com impactos devastadores na sa\u00fade humana. A exposi\u00e7\u00e3o a poluentes atmosf\u00e9ricos pode causar s\u00e9rios danos \u00e0 sa\u00fade pulmonar e comprometer a fun\u00e7\u00e3o imunol\u00f3gica, tornando o organismo mais vulner\u00e1vel a doen\u00e7as. Compreender esses efeitos e adotar medidas de prote\u00e7\u00e3o respirat\u00f3ria \u00e9 crucial para preservar a [&hellip;]<\/p>\n","protected":false},"author":11,"featured_media":14156,"comment_status":"open","ping_status":"open","sticky":false,"template":"","format":"standard","meta":{"_yoast_wpseo_focuskw":"polui\u00e7\u00e3o","_yoast_wpseo_title":"","_yoast_wpseo_metadesc":"A polui\u00e7\u00e3o do ar pode prejudicar sua sa\u00fade de formas que voc\u00ea nem imaginava! Descubra os impactos ocultos e como se proteger.","jnews-multi-image_gallery":[],"jnews_single_post":{"format":"standard"},"jnews_primary_category":[],"jnews_social_meta":[],"jnews_override_counter":[],"footnotes":""},"categories":[119],"post_tag":[1320,2144,565],"class_list":["post-14105","post","type-post","status-publish","format-standard","has-post-thumbnail","hentry","category-bem-estar","tag-bem-estar-2","tag-poluicao","tag-saude"],"yoast_head":"<!-- This site is optimized with the Yoast SEO plugin v24.6 - https:\/\/yoast.com\/wordpress\/plugins\/seo\/ -->\n<title>A polui\u00e7\u00e3o do ar pode te prejudicar desta maneira que voc\u00ea nem imaginava - Correio Braziliense - Radar<\/title>\n<meta name=\"description\" content=\"A polui\u00e7\u00e3o do ar pode prejudicar sua sa\u00fade de formas que voc\u00ea nem imaginava! Descubra os impactos ocultos e como se proteger.\" \/>\n<meta name=\"robots\" content=\"index, follow, max-snippet:-1, max-image-preview:large, max-video-preview:-1\" \/>\n<link rel=\"canonical\" href=\"https:\/\/www.correiobraziliense.com.br\/cbradar\/a-poluicao-do-ar-pode-te-prejudicar-desta-maneira-que-voce-nem-imaginava\/\" \/>\n<meta property=\"og:locale\" content=\"pt_BR\" \/>\n<meta property=\"og:type\" content=\"article\" \/>\n<meta property=\"og:title\" content=\"A polui\u00e7\u00e3o do ar pode te prejudicar desta maneira que voc\u00ea nem imaginava - Correio Braziliense - Radar\" \/>\n<meta property=\"og:description\" content=\"A polui\u00e7\u00e3o do ar pode prejudicar sua sa\u00fade de formas que voc\u00ea nem imaginava! Descubra os impactos ocultos e como se proteger.\" \/>\n<meta property=\"og:url\" content=\"https:\/\/www.correiobraziliense.com.br\/cbradar\/a-poluicao-do-ar-pode-te-prejudicar-desta-maneira-que-voce-nem-imaginava\/\" \/>\n<meta property=\"og:site_name\" content=\"Correio Braziliense - Radar\" \/>\n<meta property=\"article:published_time\" content=\"2025-03-22T22:23:00+00:00\" \/>\n<meta property=\"og:image\" content=\"https:\/\/www.correiobraziliense.com.br\/cbradar\/wp-content\/uploads\/2025\/03\/poluicao_1742469708796.jpg\" \/>\n\t<meta property=\"og:image:width\" content=\"1280\" \/>\n\t<meta property=\"og:image:height\" content=\"720\" \/>\n\t<meta property=\"og:image:type\" content=\"image\/jpeg\" \/>\n<meta name=\"author\" content=\"Paulo Custodio\" \/>\n<meta name=\"twitter:card\" content=\"summary_large_image\" \/>\n<meta name=\"twitter:label1\" content=\"Escrito por\" \/>\n\t<meta name=\"twitter:data1\" content=\"Paulo Custodio\" \/>\n\t<meta name=\"twitter:label2\" content=\"Est. tempo de leitura\" \/>\n\t<meta name=\"twitter:data2\" content=\"6 minutos\" \/>\n<!-- \/ Yoast SEO plugin. -->","yoast_head_json":{"title":"A polui\u00e7\u00e3o do ar pode te prejudicar desta maneira que voc\u00ea nem imaginava - Correio Braziliense - Radar","description":"A polui\u00e7\u00e3o do ar pode prejudicar sua sa\u00fade de formas que voc\u00ea nem imaginava! Descubra os impactos ocultos e como se proteger.","robots":{"index":"index","follow":"follow","max-snippet":"max-snippet:-1","max-image-preview":"max-image-preview:large","max-video-preview":"max-video-preview:-1"},"canonical":"https:\/\/www.correiobraziliense.com.br\/cbradar\/a-poluicao-do-ar-pode-te-prejudicar-desta-maneira-que-voce-nem-imaginava\/","og_locale":"pt_BR","og_type":"article","og_title":"A polui\u00e7\u00e3o do ar pode te prejudicar desta maneira que voc\u00ea nem imaginava - Correio Braziliense - Radar","og_description":"A polui\u00e7\u00e3o do ar pode prejudicar sua sa\u00fade de formas que voc\u00ea nem imaginava! Descubra os impactos ocultos e como se proteger.","og_url":"https:\/\/www.correiobraziliense.com.br\/cbradar\/a-poluicao-do-ar-pode-te-prejudicar-desta-maneira-que-voce-nem-imaginava\/","og_site_name":"Correio Braziliense - Radar","article_published_time":"2025-03-22T22:23:00+00:00","og_image":[{"width":1280,"height":720,"url":"https:\/\/www.correiobraziliense.com.br\/cbradar\/wp-content\/uploads\/2025\/03\/poluicao_1742469708796.jpg","type":"image\/jpeg"}],"author":"Paulo Custodio","twitter_card":"summary_large_image","twitter_misc":{"Escrito por":"Paulo Custodio","Est. tempo de leitura":"6 minutos"},"schema":{"@context":"https:\/\/schema.org","@graph":[{"@type":"WebPage","@id":"https:\/\/www.correiobraziliense.com.br\/cbradar\/a-poluicao-do-ar-pode-te-prejudicar-desta-maneira-que-voce-nem-imaginava\/","url":"https:\/\/www.correiobraziliense.com.br\/cbradar\/a-poluicao-do-ar-pode-te-prejudicar-desta-maneira-que-voce-nem-imaginava\/","name":"A polui\u00e7\u00e3o do ar pode te prejudicar desta maneira que voc\u00ea nem imaginava - Correio Braziliense - Radar","isPartOf":{"@id":"https:\/\/www.correiobraziliense.com.br\/cbradar\/#website"},"primaryImageOfPage":{"@id":"https:\/\/www.correiobraziliense.com.br\/cbradar\/a-poluicao-do-ar-pode-te-prejudicar-desta-maneira-que-voce-nem-imaginava\/#primaryimage"},"image":{"@id":"https:\/\/www.correiobraziliense.com.br\/cbradar\/a-poluicao-do-ar-pode-te-prejudicar-desta-maneira-que-voce-nem-imaginava\/#primaryimage"},"thumbnailUrl":"https:\/\/www.correiobraziliense.com.br\/cbradar\/wp-content\/uploads\/2025\/03\/poluicao_1742469708796.jpg","datePublished":"2025-03-22T22:23:00+00:00","author":{"@id":"https:\/\/www.correiobraziliense.com.br\/cbradar\/#\/schema\/person\/4cec7857301a9a1a2ef249893cd908d3"},"description":"A polui\u00e7\u00e3o do ar pode prejudicar sua sa\u00fade de formas que voc\u00ea nem imaginava! Descubra os impactos ocultos e como se proteger.","breadcrumb":{"@id":"https:\/\/www.correiobraziliense.com.br\/cbradar\/a-poluicao-do-ar-pode-te-prejudicar-desta-maneira-que-voce-nem-imaginava\/#breadcrumb"},"inLanguage":"pt-BR","potentialAction":[{"@type":"ReadAction","target":["https:\/\/www.correiobraziliense.com.br\/cbradar\/a-poluicao-do-ar-pode-te-prejudicar-desta-maneira-que-voce-nem-imaginava\/"]}]},{"@type":"ImageObject","inLanguage":"pt-BR","@id":"https:\/\/www.correiobraziliense.com.br\/cbradar\/a-poluicao-do-ar-pode-te-prejudicar-desta-maneira-que-voce-nem-imaginava\/#primaryimage","url":"https:\/\/www.correiobraziliense.com.br\/cbradar\/wp-content\/uploads\/2025\/03\/poluicao_1742469708796.jpg","contentUrl":"https:\/\/www.correiobraziliense.com.br\/cbradar\/wp-content\/uploads\/2025\/03\/poluicao_1742469708796.jpg","width":1280,"height":720,"caption":"Polui\u00e7\u00e3o - Cr\u00e9ditos: depositphotos.com \/ prescott10"},{"@type":"BreadcrumbList","@id":"https:\/\/www.correiobraziliense.com.br\/cbradar\/a-poluicao-do-ar-pode-te-prejudicar-desta-maneira-que-voce-nem-imaginava\/#breadcrumb","itemListElement":[{"@type":"ListItem","position":1,"name":"In\u00edcio","item":"https:\/\/www.correiobraziliense.com.br\/cbradar\/"},{"@type":"ListItem","position":2,"name":"A polui\u00e7\u00e3o do ar pode te prejudicar desta maneira que voc\u00ea nem imaginava"}]},{"@type":"WebSite","@id":"https:\/\/www.correiobraziliense.com.br\/cbradar\/#website","url":"https:\/\/www.correiobraziliense.com.br\/cbradar\/","name":"Correio Braziliense - Radar","description":"Acompanhe as \u00faltimas not\u00edcias e fique bem informado sobre tudo o que acontece no Brasil e no mundo.","potentialAction":[{"@type":"SearchAction","target":{"@type":"EntryPoint","urlTemplate":"https:\/\/www.correiobraziliense.com.br\/cbradar\/?s={search_term_string}"},"query-input":{"@type":"PropertyValueSpecification","valueRequired":true,"valueName":"search_term_string"}}],"inLanguage":"pt-BR"},{"@type":"Person","@id":"https:\/\/www.correiobraziliense.com.br\/cbradar\/#\/schema\/person\/4cec7857301a9a1a2ef249893cd908d3","name":"Paulo Custodio","image":{"@type":"ImageObject","inLanguage":"pt-BR","@id":"https:\/\/www.correiobraziliense.com.br\/cbradar\/#\/schema\/person\/image\/","url":"https:\/\/secure.gravatar.com\/avatar\/bcd67168d1534e8fcf4f45c726a87cea?s=96&d=mm&r=g","contentUrl":"https:\/\/secure.gravatar.com\/avatar\/bcd67168d1534e8fcf4f45c726a87cea?s=96&d=mm&r=g","caption":"Paulo Custodio"},"sameAs":["https:\/\/www.correiobraziliense.com.br\/cbradar"],"url":"https:\/\/www.correiobraziliense.com.br\/cbradar\/author\/paulomyth\/"}]}},"_links":{"self":[{"href":"https:\/\/www.correiobraziliense.com.br\/cbradar\/wp-json\/wp\/v2\/posts\/14105","targetHints":{"allow":["GET"]}}],"collection":[{"href":"https:\/\/www.correiobraziliense.com.br\/cbradar\/wp-json\/wp\/v2\/posts"}],"about":[{"href":"https:\/\/www.correiobraziliense.com.br\/cbradar\/wp-json\/wp\/v2\/types\/post"}],"author":[{"embeddable":true,"href":"https:\/\/www.correiobraziliense.com.br\/cbradar\/wp-json\/wp\/v2\/users\/11"}],"replies":[{"embeddable":true,"href":"https:\/\/www.correiobraziliense.com.br\/cbradar\/wp-json\/wp\/v2\/comments?post=14105"}],"version-history":[{"count":2,"href":"https:\/\/www.correiobraziliense.com.br\/cbradar\/wp-json\/wp\/v2\/posts\/14105\/revisions"}],"predecessor-version":[{"id":14157,"href":"https:\/\/www.correiobraziliense.com.br\/cbradar\/wp-json\/wp\/v2\/posts\/14105\/revisions\/14157"}],"wp:featuredmedia":[{"embeddable":true,"href":"https:\/\/www.correiobraziliense.com.br\/cbradar\/wp-json\/wp\/v2\/media\/14156"}],"wp:attachment":[{"href":"https:\/\/www.correiobraziliense.com.br\/cbradar\/wp-json\/wp\/v2\/media?parent=14105"}],"wp:term":[{"taxonomy":"category","embeddable":true,"href":"https:\/\/www.correiobraziliense.com.br\/cbradar\/wp-json\/wp\/v2\/categories?post=14105"},{"taxonomy":"post_tag","embeddable":true,"href":"https:\/\/www.correiobraziliense.com.br\/cbradar\/wp-json\/wp\/v2\/post_tag?post=14105"}],"curies":[{"name":"wp","href":"https:\/\/api.w.org\/{rel}","templated":true}]}}