{"id":141156,"date":"2025-11-21T11:55:44","date_gmt":"2025-11-21T14:55:44","guid":{"rendered":"https:\/\/www.correiobraziliense.com.br\/cbradar\/?p=141156"},"modified":"2025-11-20T07:38:43","modified_gmt":"2025-11-20T10:38:43","slug":"um-vegetal-nutritivo-que-ajuda-a-equilibrar-o-acucar-no-sangue-e-fortalece-a-saude-do-corpo","status":"publish","type":"post","link":"https:\/\/www.correiobraziliense.com.br\/cbradar\/um-vegetal-nutritivo-que-ajuda-a-equilibrar-o-acucar-no-sangue-e-fortalece-a-saude-do-corpo\/","title":{"rendered":"Um vegetal nutritivo que ajuda a equilibrar o a\u00e7\u00facar no sangue e fortalece a sa\u00fade do corpo"},"content":{"rendered":"\n<p>O <strong>quiabo<\/strong>, conhecido cientificamente como <em>Abelmoschus esculentus<\/em>, tem atra\u00eddo crescente interesse cient\u00edfico devido \u00e0s suas propriedades ben\u00e9ficas \u00e0 sa\u00fade, em especial no contexto do controle da <strong>glicemia<\/strong> e manuten\u00e7\u00e3o do metabolismo saud\u00e1vel.<\/p>\n\n\n\n<h2 class=\"wp-block-heading\">Como o quiabo pode ajudar no controle da glicose sangu\u00ednea<\/h2>\n\n\n\n<p>A atua\u00e7\u00e3o do <strong>quiabo<\/strong> na regula\u00e7\u00e3o da glicemia est\u00e1 relacionada principalmente ao seu elevado teor de <strong>fibras<\/strong>. Essas fibras retardam a digest\u00e3o e a absor\u00e7\u00e3o dos carboidratos, o que evita picos repentinos de a\u00e7\u00facar no sangue e \u00e9 ben\u00e9fico especialmente para quem convive com <strong>diabetes tipo 2<\/strong>.<\/p>\n\n\n\n<p>Al\u00e9m disso, estudos apontam que <strong>polissacar\u00eddeos<\/strong> e flavonoides presentes no quiabo podem favorecer a sensibilidade \u00e0 insulina e ajudar na inibi\u00e7\u00e3o de certas enzimas que quebram os carboidratos. Esse conjunto de fatores contribui diretamente para um melhor equil\u00edbrio glic\u00eamico.<\/p>\n\n\n<div class=\"wp-block-image\">\n<figure class=\"aligncenter size-large\"><img decoding=\"async\" width=\"1024\" height=\"576\" src=\"https:\/\/www.correiobraziliense.com.br\/cbradar\/wp-content\/uploads\/2025\/11\/mosaico_1762015457714-1024x576.jpg\" alt=\"\" class=\"wp-image-129481\" srcset=\"https:\/\/www.correiobraziliense.com.br\/cbradar\/wp-content\/uploads\/2025\/11\/mosaico_1762015457714-1024x576.jpg 1024w, https:\/\/www.correiobraziliense.com.br\/cbradar\/wp-content\/uploads\/2025\/11\/mosaico_1762015457714-300x169.jpg 300w, https:\/\/www.correiobraziliense.com.br\/cbradar\/wp-content\/uploads\/2025\/11\/mosaico_1762015457714-768x432.jpg 768w, https:\/\/www.correiobraziliense.com.br\/cbradar\/wp-content\/uploads\/2025\/11\/mosaico_1762015457714-750x422.jpg 750w, https:\/\/www.correiobraziliense.com.br\/cbradar\/wp-content\/uploads\/2025\/11\/mosaico_1762015457714-1140x641.jpg 1140w, https:\/\/www.correiobraziliense.com.br\/cbradar\/wp-content\/uploads\/2025\/11\/mosaico_1762015457714.jpg 1280w\" sizes=\"(max-width: 1024px) 100vw, 1024px\" \/><figcaption class=\"wp-element-caption\">O quiabo \u00e9 reconhecido por sua capacidade de reduzir os n\u00edveis de glicose no sangue &#8211; Cr\u00e9ditos: depositphotos.com \/ EdZbarzhyvetsky  \/ Cr\u00e9ditos: depositphotos.com \/ ThaiThu<\/figcaption><\/figure><\/div>\n\n\n<p>Leia tamb\u00e9m:&nbsp;<a href=\"https:\/\/www.correiobraziliense.com.br\/cbradar\/a-fruta-do-verao-que-tambem-ajuda-na-saude-sexual-masculina-que-poucos-sabem\/\" target=\"_blank\" rel=\"noopener\">A fruta do ver\u00e3o que tamb\u00e9m ajuda na sa\u00fade sexual masculina que poucos sabem<\/a><\/p>\n\n\n\n<h2 class=\"wp-block-heading\">Quais compostos bioativos s\u00e3o encontrados no quiabo<\/h2>\n\n\n\n<p>O quiabo \u00e9 fonte rica de compostos bioativos como <strong>flavonoides<\/strong>, componentes fen\u00f3licos e glicos\u00eddeos, todos reconhecidos por seus efeitos antioxidantes e anti-inflamat\u00f3rios. Flavonoides, por exemplo, ajudam a proteger as c\u00e9lulas contra o <strong>estresse oxidativo<\/strong>, diminuindo o risco de complica\u00e7\u00f5es do diabetes.<\/p>\n\n\n\n<p>\u00c9 importante citar que o <strong>quiabo<\/strong> tamb\u00e9m cont\u00e9m vitamina C e minerais essenciais, incluindo <strong>magn\u00e9sio<\/strong> e pot\u00e1ssio, que desempenham papel fundamental na regula\u00e7\u00e3o metab\u00f3lica e no bom funcionamento da insulina. Entre os principais nutrientes encontrados no quiabo, destacam-se:<\/p>\n\n\n\n<ul class=\"wp-block-list\">\n<li><strong>Fibras<\/strong> alimentares sol\u00faveis e insol\u00faveis<\/li>\n\n\n\n<li>Flavonoides e <strong>polissacar\u00eddeos<\/strong> de a\u00e7\u00e3o antioxidante<\/li>\n\n\n\n<li><strong>Vitamina C<\/strong> e vitamina A<\/li>\n\n\n\n<li>Minerais como magn\u00e9sio, <strong>pot\u00e1ssio<\/strong> e c\u00e1lcio<\/li>\n<\/ul>\n\n\n\n<h2 class=\"wp-block-heading\">Como incorporar o quiabo de modo saud\u00e1vel no dia a dia<\/h2>\n\n\n\n<p>Incluir o quiabo na <strong>dieta<\/strong> \u00e9 simples, dada sua versatilidade gastron\u00f4mica. Ele pode ser consumido <strong>cozido<\/strong>, refogado, ou at\u00e9 cru em saladas, permitindo a combina\u00e7\u00e3o com diferentes pratos tradicionais ou modernos.<\/p>\n\n\n\n<p>Para melhor reten\u00e7\u00e3o dos <strong>nutrientes<\/strong>, recomenda-se cozinhar o quiabo rapidamente ou ao vapor, evitando temperaturas muito altas e longos tempos de cozimento. Outra possibilidade interessante \u00e9 utilizar as sementes mo\u00eddas em shakes e sucos, garantindo o <strong>aporte<\/strong> de fibras. Veja o v\u00eddeo da <a href=\"https:\/\/www.youtube.com\/@NutricionistaPatriciaLeite\" target=\"_blank\" rel=\"noreferrer noopener\">Nutricionista Patricia Leite<\/a> sobre os diversos benef\u00edcios do quiabo na sa\u00fade:<\/p>\n\n\n\n<figure class=\"wp-block-embed is-type-video is-provider-youtube wp-block-embed-youtube wp-embed-aspect-16-9 wp-has-aspect-ratio\"><div class=\"wp-block-embed__wrapper\">\n<div class=\"jeg_video_container jeg_video_content\"><iframe loading=\"lazy\" title=\"QUIABO, DIABETES e A\u00c7\u00daCAR NO SANGUE - O que voc\u00ea PRECISA SABER!\" width=\"500\" height=\"281\" src=\"https:\/\/www.youtube.com\/embed\/VCe-IoAkTWk?feature=oembed\" frameborder=\"0\" allow=\"accelerometer; autoplay; clipboard-write; encrypted-media; gyroscope; picture-in-picture; web-share\" referrerpolicy=\"strict-origin-when-cross-origin\" allowfullscreen><\/iframe><\/div>\n<\/div><\/figure>\n\n\n\n<h2 class=\"wp-block-heading\">O quiabo pode substituir o uso de medicamentos para diabetes<\/h2>\n\n\n\n<p>Apesar dos benef\u00edcios associados ao <strong>quiabo<\/strong> na regula\u00e7\u00e3o da glicose, ele n\u00e3o substitui tratamentos convencionais prescritos para o controle do <strong>diabetes<\/strong>. Sua inclus\u00e3o deve ser vista como um complemento e n\u00e3o como alternativa \u00fanica.<\/p>\n\n\n\n<p>Pesquisas continuam investigando as intera\u00e7\u00f5es do quiabo com medicamentos <strong>antidiab\u00e9ticos<\/strong>. Portanto, qualquer ajuste na dieta de pessoas com diabetes precisa ser feito sempre sob orienta\u00e7\u00e3o de um <strong>profissional de sa\u00fade<\/strong> respons\u00e1vel.<\/p>\n","protected":false},"excerpt":{"rendered":"<p>O quiabo, conhecido cientificamente como Abelmoschus esculentus, tem atra\u00eddo crescente interesse cient\u00edfico devido \u00e0s suas propriedades ben\u00e9ficas \u00e0 sa\u00fade, em especial no contexto do controle da glicemia e manuten\u00e7\u00e3o do metabolismo saud\u00e1vel. Como o quiabo pode ajudar no controle da glicose sangu\u00ednea A atua\u00e7\u00e3o do quiabo na regula\u00e7\u00e3o da glicemia est\u00e1 relacionada principalmente ao seu [&hellip;]<\/p>\n","protected":false},"author":9,"featured_media":55084,"comment_status":"open","ping_status":"open","sticky":false,"template":"","format":"standard","meta":{"_yoast_wpseo_focuskw":"beneficios do quiabo","_yoast_wpseo_title":"%%title%% %%page%%","_yoast_wpseo_metadesc":"Vegetal nutritivo e funcional que auxilia no controle da glicose, fortalece o metabolismo e protege contra picos de a\u00e7\u00facar.","jnews-multi-image_gallery":[],"jnews_single_post":{"format":"standard"},"jnews_primary_category":[],"jnews_social_meta":[],"jnews_override_counter":[],"footnotes":""},"categories":[119,4404],"post_tag":[2339,5450,1615,565],"class_list":["post-141156","post","type-post","status-publish","format-standard","has-post-thumbnail","hentry","category-bem-estar","category-saude","tag-corpo","tag-glicemia","tag-quiabo","tag-saude"],"yoast_head":"<!-- This site is optimized with the Yoast SEO plugin v24.6 - https:\/\/yoast.com\/wordpress\/plugins\/seo\/ -->\n<title>Um vegetal nutritivo que ajuda a equilibrar o a\u00e7\u00facar no sangue e fortalece a sa\u00fade do corpo<\/title>\n<meta name=\"description\" content=\"Vegetal nutritivo e funcional que auxilia no controle da glicose, fortalece o metabolismo e protege contra picos de a\u00e7\u00facar.\" \/>\n<meta name=\"robots\" content=\"index, follow, max-snippet:-1, max-image-preview:large, max-video-preview:-1\" \/>\n<link rel=\"canonical\" href=\"https:\/\/www.correiobraziliense.com.br\/cbradar\/um-vegetal-nutritivo-que-ajuda-a-equilibrar-o-acucar-no-sangue-e-fortalece-a-saude-do-corpo\/\" \/>\n<meta property=\"og:locale\" content=\"pt_BR\" \/>\n<meta property=\"og:type\" content=\"article\" \/>\n<meta property=\"og:title\" content=\"Um vegetal nutritivo que ajuda a equilibrar o a\u00e7\u00facar no sangue e fortalece a sa\u00fade do corpo\" \/>\n<meta property=\"og:description\" content=\"Vegetal nutritivo e funcional que auxilia no controle da glicose, fortalece o metabolismo e protege contra picos de a\u00e7\u00facar.\" \/>\n<meta property=\"og:url\" content=\"https:\/\/www.correiobraziliense.com.br\/cbradar\/um-vegetal-nutritivo-que-ajuda-a-equilibrar-o-acucar-no-sangue-e-fortalece-a-saude-do-corpo\/\" \/>\n<meta property=\"og:site_name\" content=\"Correio Braziliense - Radar\" \/>\n<meta property=\"article:published_time\" content=\"2025-11-21T14:55:44+00:00\" \/>\n<meta property=\"og:image\" content=\"https:\/\/www.correiobraziliense.com.br\/cbradar\/wp-content\/uploads\/2025\/06\/quiabo_1750183489691.jpg\" \/>\n\t<meta property=\"og:image:width\" content=\"1280\" \/>\n\t<meta property=\"og:image:height\" content=\"720\" \/>\n\t<meta property=\"og:image:type\" content=\"image\/jpeg\" \/>\n<meta name=\"author\" content=\"Daniely Cardoso\" \/>\n<meta name=\"twitter:card\" content=\"summary_large_image\" \/>\n<meta name=\"twitter:label1\" content=\"Escrito por\" \/>\n\t<meta name=\"twitter:data1\" content=\"Daniely Cardoso\" \/>\n\t<meta name=\"twitter:label2\" content=\"Est. tempo de leitura\" \/>\n\t<meta name=\"twitter:data2\" content=\"3 minutos\" \/>\n<!-- \/ Yoast SEO plugin. -->","yoast_head_json":{"title":"Um vegetal nutritivo que ajuda a equilibrar o a\u00e7\u00facar no sangue e fortalece a sa\u00fade do corpo","description":"Vegetal nutritivo e funcional que auxilia no controle da glicose, fortalece o metabolismo e protege contra picos de a\u00e7\u00facar.","robots":{"index":"index","follow":"follow","max-snippet":"max-snippet:-1","max-image-preview":"max-image-preview:large","max-video-preview":"max-video-preview:-1"},"canonical":"https:\/\/www.correiobraziliense.com.br\/cbradar\/um-vegetal-nutritivo-que-ajuda-a-equilibrar-o-acucar-no-sangue-e-fortalece-a-saude-do-corpo\/","og_locale":"pt_BR","og_type":"article","og_title":"Um vegetal nutritivo que ajuda a equilibrar o a\u00e7\u00facar no sangue e fortalece a sa\u00fade do corpo","og_description":"Vegetal nutritivo e funcional que auxilia no controle da glicose, fortalece o metabolismo e protege contra picos de a\u00e7\u00facar.","og_url":"https:\/\/www.correiobraziliense.com.br\/cbradar\/um-vegetal-nutritivo-que-ajuda-a-equilibrar-o-acucar-no-sangue-e-fortalece-a-saude-do-corpo\/","og_site_name":"Correio Braziliense - Radar","article_published_time":"2025-11-21T14:55:44+00:00","og_image":[{"width":1280,"height":720,"url":"https:\/\/www.correiobraziliense.com.br\/cbradar\/wp-content\/uploads\/2025\/06\/quiabo_1750183489691.jpg","type":"image\/jpeg"}],"author":"Daniely Cardoso","twitter_card":"summary_large_image","twitter_misc":{"Escrito por":"Daniely Cardoso","Est. tempo de leitura":"3 minutos"},"schema":{"@context":"https:\/\/schema.org","@graph":[{"@type":"WebPage","@id":"https:\/\/www.correiobraziliense.com.br\/cbradar\/um-vegetal-nutritivo-que-ajuda-a-equilibrar-o-acucar-no-sangue-e-fortalece-a-saude-do-corpo\/","url":"https:\/\/www.correiobraziliense.com.br\/cbradar\/um-vegetal-nutritivo-que-ajuda-a-equilibrar-o-acucar-no-sangue-e-fortalece-a-saude-do-corpo\/","name":"Um vegetal nutritivo que ajuda a equilibrar o a\u00e7\u00facar no sangue e fortalece a sa\u00fade do corpo","isPartOf":{"@id":"https:\/\/www.correiobraziliense.com.br\/cbradar\/#website"},"primaryImageOfPage":{"@id":"https:\/\/www.correiobraziliense.com.br\/cbradar\/um-vegetal-nutritivo-que-ajuda-a-equilibrar-o-acucar-no-sangue-e-fortalece-a-saude-do-corpo\/#primaryimage"},"image":{"@id":"https:\/\/www.correiobraziliense.com.br\/cbradar\/um-vegetal-nutritivo-que-ajuda-a-equilibrar-o-acucar-no-sangue-e-fortalece-a-saude-do-corpo\/#primaryimage"},"thumbnailUrl":"https:\/\/www.correiobraziliense.com.br\/cbradar\/wp-content\/uploads\/2025\/06\/quiabo_1750183489691.jpg","datePublished":"2025-11-21T14:55:44+00:00","author":{"@id":"https:\/\/www.correiobraziliense.com.br\/cbradar\/#\/schema\/person\/7356666e12ec0ee53f348ee5db227032"},"description":"Vegetal nutritivo e funcional que auxilia no controle da glicose, fortalece o metabolismo e protege contra picos de a\u00e7\u00facar.","breadcrumb":{"@id":"https:\/\/www.correiobraziliense.com.br\/cbradar\/um-vegetal-nutritivo-que-ajuda-a-equilibrar-o-acucar-no-sangue-e-fortalece-a-saude-do-corpo\/#breadcrumb"},"inLanguage":"pt-BR","potentialAction":[{"@type":"ReadAction","target":["https:\/\/www.correiobraziliense.com.br\/cbradar\/um-vegetal-nutritivo-que-ajuda-a-equilibrar-o-acucar-no-sangue-e-fortalece-a-saude-do-corpo\/"]}]},{"@type":"ImageObject","inLanguage":"pt-BR","@id":"https:\/\/www.correiobraziliense.com.br\/cbradar\/um-vegetal-nutritivo-que-ajuda-a-equilibrar-o-acucar-no-sangue-e-fortalece-a-saude-do-corpo\/#primaryimage","url":"https:\/\/www.correiobraziliense.com.br\/cbradar\/wp-content\/uploads\/2025\/06\/quiabo_1750183489691.jpg","contentUrl":"https:\/\/www.correiobraziliense.com.br\/cbradar\/wp-content\/uploads\/2025\/06\/quiabo_1750183489691.jpg","width":1280,"height":720,"caption":"Suporte ao controle do a\u00e7\u00facar no sangue -Cr\u00e9ditos: depositphotos.com \/ rochu_2008"},{"@type":"BreadcrumbList","@id":"https:\/\/www.correiobraziliense.com.br\/cbradar\/um-vegetal-nutritivo-que-ajuda-a-equilibrar-o-acucar-no-sangue-e-fortalece-a-saude-do-corpo\/#breadcrumb","itemListElement":[{"@type":"ListItem","position":1,"name":"In\u00edcio","item":"https:\/\/www.correiobraziliense.com.br\/cbradar\/"},{"@type":"ListItem","position":2,"name":"Um vegetal nutritivo que ajuda a equilibrar o a\u00e7\u00facar no sangue e fortalece a sa\u00fade do corpo"}]},{"@type":"WebSite","@id":"https:\/\/www.correiobraziliense.com.br\/cbradar\/#website","url":"https:\/\/www.correiobraziliense.com.br\/cbradar\/","name":"Correio Braziliense - Radar","description":"Acompanhe as \u00faltimas not\u00edcias e fique bem informado sobre tudo o que acontece no Brasil e no mundo.","potentialAction":[{"@type":"SearchAction","target":{"@type":"EntryPoint","urlTemplate":"https:\/\/www.correiobraziliense.com.br\/cbradar\/?s={search_term_string}"},"query-input":{"@type":"PropertyValueSpecification","valueRequired":true,"valueName":"search_term_string"}}],"inLanguage":"pt-BR"},{"@type":"Person","@id":"https:\/\/www.correiobraziliense.com.br\/cbradar\/#\/schema\/person\/7356666e12ec0ee53f348ee5db227032","name":"Daniely Cardoso","image":{"@type":"ImageObject","inLanguage":"pt-BR","@id":"https:\/\/www.correiobraziliense.com.br\/cbradar\/#\/schema\/person\/image\/","url":"https:\/\/secure.gravatar.com\/avatar\/4b80ddbd124d1f071b626d52d62e5dff?s=96&d=mm&r=g","contentUrl":"https:\/\/secure.gravatar.com\/avatar\/4b80ddbd124d1f071b626d52d62e5dff?s=96&d=mm&r=g","caption":"Daniely Cardoso"},"description":"Redatora nos portais CB Radar e EM Foco, formada pela Universidade Federal de Goi\u00e1s, em Goi\u00e2nia. Apaixonada por comunica\u00e7\u00e3o, arte, decora\u00e7\u00e3o e tend\u00eancias, atuo na produ\u00e7\u00e3o de conte\u00fados envolventes sobre curiosidades, moda, beleza e paisagismo, sempre com um olhar atento \u00e0s novidades do momento.","sameAs":["https:\/\/www.correiobraziliense.com.br\/cbradar"],"url":"https:\/\/www.correiobraziliense.com.br\/cbradar\/author\/danielymyth\/"}]}},"_links":{"self":[{"href":"https:\/\/www.correiobraziliense.com.br\/cbradar\/wp-json\/wp\/v2\/posts\/141156","targetHints":{"allow":["GET"]}}],"collection":[{"href":"https:\/\/www.correiobraziliense.com.br\/cbradar\/wp-json\/wp\/v2\/posts"}],"about":[{"href":"https:\/\/www.correiobraziliense.com.br\/cbradar\/wp-json\/wp\/v2\/types\/post"}],"author":[{"embeddable":true,"href":"https:\/\/www.correiobraziliense.com.br\/cbradar\/wp-json\/wp\/v2\/users\/9"}],"replies":[{"embeddable":true,"href":"https:\/\/www.correiobraziliense.com.br\/cbradar\/wp-json\/wp\/v2\/comments?post=141156"}],"version-history":[{"count":2,"href":"https:\/\/www.correiobraziliense.com.br\/cbradar\/wp-json\/wp\/v2\/posts\/141156\/revisions"}],"predecessor-version":[{"id":141206,"href":"https:\/\/www.correiobraziliense.com.br\/cbradar\/wp-json\/wp\/v2\/posts\/141156\/revisions\/141206"}],"wp:featuredmedia":[{"embeddable":true,"href":"https:\/\/www.correiobraziliense.com.br\/cbradar\/wp-json\/wp\/v2\/media\/55084"}],"wp:attachment":[{"href":"https:\/\/www.correiobraziliense.com.br\/cbradar\/wp-json\/wp\/v2\/media?parent=141156"}],"wp:term":[{"taxonomy":"category","embeddable":true,"href":"https:\/\/www.correiobraziliense.com.br\/cbradar\/wp-json\/wp\/v2\/categories?post=141156"},{"taxonomy":"post_tag","embeddable":true,"href":"https:\/\/www.correiobraziliense.com.br\/cbradar\/wp-json\/wp\/v2\/post_tag?post=141156"}],"curies":[{"name":"wp","href":"https:\/\/api.w.org\/{rel}","templated":true}]}}