{"id":141158,"date":"2025-11-21T14:25:03","date_gmt":"2025-11-21T17:25:03","guid":{"rendered":"https:\/\/www.correiobraziliense.com.br\/cbradar\/?p=141158"},"modified":"2025-11-21T13:28:44","modified_gmt":"2025-11-21T16:28:44","slug":"o-fruto-alaranjado-que-ajuda-a-cuidar-da-saude-dos-olhos-todos-os-dias","status":"publish","type":"post","link":"https:\/\/www.correiobraziliense.com.br\/cbradar\/o-fruto-alaranjado-que-ajuda-a-cuidar-da-saude-dos-olhos-todos-os-dias\/","title":{"rendered":"O fruto alaranjado que ajuda a cuidar da sa\u00fade dos olhos todos os dias"},"content":{"rendered":"\n<p>A <b>ab\u00f3bora moranga<\/b> \u00e9 um vegetal de cor alaranjada presente em diversas culin\u00e1rias e reconhecido por benef\u00edcios nutricionais que contribuem significativamente para a sa\u00fade ocular. Rica em compostos <b>antioxidantes<\/b>, ela colore e saboriza os pratos enquanto promove a sa\u00fade visual, tema de grande import\u00e2ncia para a qualidade de vida.<\/p>\n\n\n\n<h2 class=\"wp-block-heading\">Ab\u00f3bora moranga pode melhorar a vis\u00e3o de maneira natural<\/h2>\n\n\n\n<p>Um dos principais diferenciais da ab\u00f3bora moranga \u00e9 seu alto teor de <b>beta-caroteno<\/b>, que o organismo converte em vitamina A. Esse nutriente \u00e9 vital para a produ\u00e7\u00e3o de rodopsina, prote\u00edna necess\u00e1ria para a vis\u00e3o em ambientes de baixa luminosidade. A defici\u00eancia de <b>vitamina A<\/b> pode causar problemas como a cegueira noturna, ressaltando a import\u00e2ncia da ingest\u00e3o desse alimento.<\/p>\n\n\n\n<p>Al\u00e9m da vitamina A, o beta-caroteno atua como <b>antioxidante<\/b>, ajudando a combater radicais livres que podem danificar c\u00e9lulas oculares. Dessa forma, o consumo regular de ab\u00f3bora moranga pode contribuir para retardar o envelhecimento dos olhos e proteger a vis\u00e3o ao longo do tempo.<\/p>\n\n\n<div class=\"wp-block-image\">\n<figure class=\"aligncenter size-large\"><img decoding=\"async\" width=\"1024\" height=\"576\" src=\"https:\/\/www.correiobraziliense.com.br\/cbradar\/wp-content\/uploads\/2025\/11\/Design-sem-nome-71-1024x576.png\" alt=\"\" class=\"wp-image-141214\" srcset=\"https:\/\/www.correiobraziliense.com.br\/cbradar\/wp-content\/uploads\/2025\/11\/Design-sem-nome-71-1024x576.png 1024w, https:\/\/www.correiobraziliense.com.br\/cbradar\/wp-content\/uploads\/2025\/11\/Design-sem-nome-71-300x169.png 300w, https:\/\/www.correiobraziliense.com.br\/cbradar\/wp-content\/uploads\/2025\/11\/Design-sem-nome-71-768x432.png 768w, https:\/\/www.correiobraziliense.com.br\/cbradar\/wp-content\/uploads\/2025\/11\/Design-sem-nome-71-750x422.png 750w, https:\/\/www.correiobraziliense.com.br\/cbradar\/wp-content\/uploads\/2025\/11\/Design-sem-nome-71-1140x641.png 1140w, https:\/\/www.correiobraziliense.com.br\/cbradar\/wp-content\/uploads\/2025\/11\/Design-sem-nome-71.png 1280w\" sizes=\"(max-width: 1024px) 100vw, 1024px\" \/><figcaption class=\"wp-element-caption\">Um dos principais diferenciais da ab\u00f3bora moranga \u00e9 seu alto teor de beta-caroteno, que o organismo converte em vitamina A<\/figcaption><\/figure><\/div>\n\n\n<p>Leia tamb\u00e9m:&nbsp;<a href=\"https:\/\/www.correiobraziliense.com.br\/cbradar\/a-fruta-do-verao-que-tambem-ajuda-na-saude-sexual-masculina-que-poucos-sabem\/\" target=\"_blank\" rel=\"noopener\">A fruta do ver\u00e3o que tamb\u00e9m ajuda na sa\u00fade sexual masculina que poucos sabem<\/a><\/p>\n\n\n\n<h2 class=\"wp-block-heading\">Quais nutrientes da ab\u00f3bora moranga beneficiam os olhos al\u00e9m do beta-caroteno<\/h2>\n\n\n\n<p>Al\u00e9m do beta-caroteno, a ab\u00f3bora moranga \u00e9 fonte de outros nutrientes essenciais para os olhos, como a <b>lute\u00edna<\/b> e a <b>zeaxantina<\/b>. Esses antioxidantes s\u00e3o conhecidos por protegerem a m\u00e1cula, \u00e1rea que proporciona vis\u00e3o central e detalhada.<\/p>\n\n\n\n<p>A lute\u00edna e a zeaxantina filtram <b>luz azul<\/b> prejudicial e combatem o estresse oxidativo nas c\u00e9lulas oculares, ajudando a prevenir a <b>degenera\u00e7\u00e3o macular<\/b> relacionada \u00e0 idade. Esses compostos tamb\u00e9m s\u00e3o encontrados, mesmo que em menores quantidades, em outros vegetais de cor intensa.<\/p>\n\n\n\n<h2 class=\"wp-block-heading\">Como incluir a ab\u00f3bora moranga na alimenta\u00e7\u00e3o de forma pr\u00e1tica<\/h2>\n\n\n\n<p>Existem maneiras simples e saborosas de inserir a ab\u00f3bora moranga na <b>dieta di\u00e1ria<\/b>, facilitando o acesso aos nutrientes ben\u00e9ficos para a vis\u00e3o. Escolher diferentes preparos tamb\u00e9m permite que o paladar n\u00e3o fique cansado e a rotina alimentar fique mais variada.<\/p>\n\n\n\n<p>Confira algumas op\u00e7\u00f5es para acrescentar esse vegetal ao card\u00e1pio:<\/p>\n\n\n\n<ul class=\"wp-block-list\">\n<li><b>Sopas<\/b> de ab\u00f3bora incrementadas com gengibre ou canela, \u00f3timas para dias frios.<\/li>\n\n\n\n<li>Ab\u00f3bora assada em cubos com <b>azeite<\/b> e <b>ervas arom\u00e1ticas<\/b>, perfeita como acompanhamento.<\/li>\n\n\n\n<li>Pur\u00eas de ab\u00f3bora que substituem acompanhamentos mais cal\u00f3ricos e ainda agregam nutrientes.<\/li>\n\n\n\n<li>Saladas frias com pedacinhos de ab\u00f3bora cozida, enriquecendo fibras e sabores.<\/li>\n<\/ul>\n\n\n\n<p><strong>O canal <a href=\"https:\/\/www.youtube.com\/@MundoBoaFormaTV\" target=\"_blank\" rel=\"noreferrer noopener\">MundoBoaForma<\/a> mostra os benef\u00edcios da ab\u00f3bora na sa\u00fade, veja v\u00eddeo abaixo:<\/strong><\/p>\n\n\n\n<figure class=\"wp-block-embed is-type-video is-provider-youtube wp-block-embed-youtube wp-embed-aspect-16-9 wp-has-aspect-ratio\"><div class=\"wp-block-embed__wrapper\">\n<div class=\"jeg_video_container jeg_video_content\"><iframe loading=\"lazy\" title=\"7 Incr\u00edveis BENEF\u00cdCIOS DA AB\u00d3BORA para Sa\u00fade e Boa Forma (Tipos, Dicas e Receitas)\" width=\"500\" height=\"281\" src=\"https:\/\/www.youtube.com\/embed\/pYKvcjhbDrI?start=6&#038;feature=oembed\" frameborder=\"0\" allow=\"accelerometer; autoplay; clipboard-write; encrypted-media; gyroscope; picture-in-picture; web-share\" referrerpolicy=\"strict-origin-when-cross-origin\" allowfullscreen><\/iframe><\/div>\n<\/div><\/figure>\n\n\n\n<h2 class=\"wp-block-heading\">Cuidados gerais que ajudam a manter uma boa sa\u00fade ocular<\/h2>\n\n\n\n<p>Al\u00e9m dos benef\u00edcios oferecidos pela ab\u00f3bora moranga, outras pr\u00e1ticas potencializam a prote\u00e7\u00e3o dos olhos. Uma <b>dieta equilibrada<\/b> com frutas e vegetais variados \u00e9 crucial, assim como h\u00e1bitos saud\u00e1veis no dia a dia.<\/p>\n\n\n\n<p>\u00c9 importante lembrar ainda das consultas regulares ao <b>oftalmologista<\/b> e do uso de \u00f3culos de sol com prote\u00e7\u00e3o UV para evitar danos solares. O conjunto destas atitudes contribui para preservar a sa\u00fade visual e prevenir doen\u00e7as oculares no longo prazo.<\/p>\n\n\n\n<p>A <b>ab\u00f3bora moranga<\/b> se destaca como aliada da vis\u00e3o ao oferecer nutrientes valiosos. Sua inclus\u00e3o na alimenta\u00e7\u00e3o pode representar um passo eficiente para manter olhos saud\u00e1veis e prevenir problemas degenerativos comuns.<\/p>\n","protected":false},"excerpt":{"rendered":"<p>A ab\u00f3bora moranga \u00e9 um vegetal de cor alaranjada presente em diversas culin\u00e1rias e reconhecido por benef\u00edcios nutricionais que contribuem significativamente para a sa\u00fade ocular. Rica em compostos antioxidantes, ela colore e saboriza os pratos enquanto promove a sa\u00fade visual, tema de grande import\u00e2ncia para a qualidade de vida. Ab\u00f3bora moranga pode melhorar a vis\u00e3o [&hellip;]<\/p>\n","protected":false},"author":9,"featured_media":141979,"comment_status":"open","ping_status":"open","sticky":false,"template":"","format":"standard","meta":{"_yoast_wpseo_focuskw":"Ab\u00f3bora moranga","_yoast_wpseo_title":"","_yoast_wpseo_metadesc":"Posicionar objetos estrat\u00e9gicos na entrada transforma energia, amplia espa\u00e7os e deixa sua casa mais leve, acolhedora e harmoniosa.","jnews-multi-image_gallery":[],"jnews_single_post":{"format":"standard"},"jnews_primary_category":[],"jnews_social_meta":[],"jnews_override_counter":[],"footnotes":""},"categories":[119,4404],"post_tag":[11818,11819,4690],"class_list":["post-141158","post","type-post","status-publish","format-standard","has-post-thumbnail","hentry","category-bem-estar","category-saude","tag-abobora-moranga","tag-alimento-para-a-visao","tag-visao"],"yoast_head":"<!-- This site is optimized with the Yoast SEO plugin v24.6 - https:\/\/yoast.com\/wordpress\/plugins\/seo\/ -->\n<title>O fruto alaranjado que ajuda a cuidar da sa\u00fade dos olhos todos os dias - Correio Braziliense - Radar<\/title>\n<meta name=\"description\" content=\"Posicionar objetos estrat\u00e9gicos na entrada transforma energia, amplia espa\u00e7os e deixa sua casa mais leve, acolhedora e harmoniosa.\" \/>\n<meta name=\"robots\" content=\"index, follow, max-snippet:-1, max-image-preview:large, max-video-preview:-1\" \/>\n<link rel=\"canonical\" href=\"https:\/\/www.correiobraziliense.com.br\/cbradar\/o-fruto-alaranjado-que-ajuda-a-cuidar-da-saude-dos-olhos-todos-os-dias\/\" \/>\n<meta property=\"og:locale\" content=\"pt_BR\" \/>\n<meta property=\"og:type\" content=\"article\" \/>\n<meta property=\"og:title\" content=\"O fruto alaranjado que ajuda a cuidar da sa\u00fade dos olhos todos os dias - Correio Braziliense - Radar\" \/>\n<meta property=\"og:description\" content=\"Posicionar objetos estrat\u00e9gicos na entrada transforma energia, amplia espa\u00e7os e deixa sua casa mais leve, acolhedora e harmoniosa.\" \/>\n<meta property=\"og:url\" content=\"https:\/\/www.correiobraziliense.com.br\/cbradar\/o-fruto-alaranjado-que-ajuda-a-cuidar-da-saude-dos-olhos-todos-os-dias\/\" \/>\n<meta property=\"og:site_name\" content=\"Correio Braziliense - Radar\" \/>\n<meta property=\"article:published_time\" content=\"2025-11-21T17:25:03+00:00\" \/>\n<meta property=\"og:image\" content=\"https:\/\/www.correiobraziliense.com.br\/cbradar\/wp-content\/uploads\/2025\/11\/freepik__faa-uma-imagem-realista-de-uma-abbora-moranga-em-c__10302.jpeg\" \/>\n\t<meta property=\"og:image:width\" content=\"1280\" \/>\n\t<meta property=\"og:image:height\" content=\"720\" \/>\n\t<meta property=\"og:image:type\" content=\"image\/jpeg\" \/>\n<meta name=\"author\" content=\"Daniely Cardoso\" \/>\n<meta name=\"twitter:card\" content=\"summary_large_image\" \/>\n<meta name=\"twitter:label1\" content=\"Escrito por\" \/>\n\t<meta name=\"twitter:data1\" content=\"Daniely Cardoso\" \/>\n\t<meta name=\"twitter:label2\" content=\"Est. tempo de leitura\" \/>\n\t<meta name=\"twitter:data2\" content=\"4 minutos\" \/>\n<!-- \/ Yoast SEO plugin. -->","yoast_head_json":{"title":"O fruto alaranjado que ajuda a cuidar da sa\u00fade dos olhos todos os dias - Correio Braziliense - Radar","description":"Posicionar objetos estrat\u00e9gicos na entrada transforma energia, amplia espa\u00e7os e deixa sua casa mais leve, acolhedora e harmoniosa.","robots":{"index":"index","follow":"follow","max-snippet":"max-snippet:-1","max-image-preview":"max-image-preview:large","max-video-preview":"max-video-preview:-1"},"canonical":"https:\/\/www.correiobraziliense.com.br\/cbradar\/o-fruto-alaranjado-que-ajuda-a-cuidar-da-saude-dos-olhos-todos-os-dias\/","og_locale":"pt_BR","og_type":"article","og_title":"O fruto alaranjado que ajuda a cuidar da sa\u00fade dos olhos todos os dias - Correio Braziliense - Radar","og_description":"Posicionar objetos estrat\u00e9gicos na entrada transforma energia, amplia espa\u00e7os e deixa sua casa mais leve, acolhedora e harmoniosa.","og_url":"https:\/\/www.correiobraziliense.com.br\/cbradar\/o-fruto-alaranjado-que-ajuda-a-cuidar-da-saude-dos-olhos-todos-os-dias\/","og_site_name":"Correio Braziliense - Radar","article_published_time":"2025-11-21T17:25:03+00:00","og_image":[{"width":1280,"height":720,"url":"https:\/\/www.correiobraziliense.com.br\/cbradar\/wp-content\/uploads\/2025\/11\/freepik__faa-uma-imagem-realista-de-uma-abbora-moranga-em-c__10302.jpeg","type":"image\/jpeg"}],"author":"Daniely Cardoso","twitter_card":"summary_large_image","twitter_misc":{"Escrito por":"Daniely Cardoso","Est. tempo de leitura":"4 minutos"},"schema":{"@context":"https:\/\/schema.org","@graph":[{"@type":"WebPage","@id":"https:\/\/www.correiobraziliense.com.br\/cbradar\/o-fruto-alaranjado-que-ajuda-a-cuidar-da-saude-dos-olhos-todos-os-dias\/","url":"https:\/\/www.correiobraziliense.com.br\/cbradar\/o-fruto-alaranjado-que-ajuda-a-cuidar-da-saude-dos-olhos-todos-os-dias\/","name":"O fruto alaranjado que ajuda a cuidar da sa\u00fade dos olhos todos os dias - Correio Braziliense - Radar","isPartOf":{"@id":"https:\/\/www.correiobraziliense.com.br\/cbradar\/#website"},"primaryImageOfPage":{"@id":"https:\/\/www.correiobraziliense.com.br\/cbradar\/o-fruto-alaranjado-que-ajuda-a-cuidar-da-saude-dos-olhos-todos-os-dias\/#primaryimage"},"image":{"@id":"https:\/\/www.correiobraziliense.com.br\/cbradar\/o-fruto-alaranjado-que-ajuda-a-cuidar-da-saude-dos-olhos-todos-os-dias\/#primaryimage"},"thumbnailUrl":"https:\/\/www.correiobraziliense.com.br\/cbradar\/wp-content\/uploads\/2025\/11\/freepik__faa-uma-imagem-realista-de-uma-abbora-moranga-em-c__10302.jpeg","datePublished":"2025-11-21T17:25:03+00:00","author":{"@id":"https:\/\/www.correiobraziliense.com.br\/cbradar\/#\/schema\/person\/7356666e12ec0ee53f348ee5db227032"},"description":"Posicionar objetos estrat\u00e9gicos na entrada transforma energia, amplia espa\u00e7os e deixa sua casa mais leve, acolhedora e harmoniosa.","breadcrumb":{"@id":"https:\/\/www.correiobraziliense.com.br\/cbradar\/o-fruto-alaranjado-que-ajuda-a-cuidar-da-saude-dos-olhos-todos-os-dias\/#breadcrumb"},"inLanguage":"pt-BR","potentialAction":[{"@type":"ReadAction","target":["https:\/\/www.correiobraziliense.com.br\/cbradar\/o-fruto-alaranjado-que-ajuda-a-cuidar-da-saude-dos-olhos-todos-os-dias\/"]}]},{"@type":"ImageObject","inLanguage":"pt-BR","@id":"https:\/\/www.correiobraziliense.com.br\/cbradar\/o-fruto-alaranjado-que-ajuda-a-cuidar-da-saude-dos-olhos-todos-os-dias\/#primaryimage","url":"https:\/\/www.correiobraziliense.com.br\/cbradar\/wp-content\/uploads\/2025\/11\/freepik__faa-uma-imagem-realista-de-uma-abbora-moranga-em-c__10302.jpeg","contentUrl":"https:\/\/www.correiobraziliense.com.br\/cbradar\/wp-content\/uploads\/2025\/11\/freepik__faa-uma-imagem-realista-de-uma-abbora-moranga-em-c__10302.jpeg","width":1280,"height":720,"caption":"Fonte de vitamina C que fortalece os tecidos oculares"},{"@type":"BreadcrumbList","@id":"https:\/\/www.correiobraziliense.com.br\/cbradar\/o-fruto-alaranjado-que-ajuda-a-cuidar-da-saude-dos-olhos-todos-os-dias\/#breadcrumb","itemListElement":[{"@type":"ListItem","position":1,"name":"In\u00edcio","item":"https:\/\/www.correiobraziliense.com.br\/cbradar\/"},{"@type":"ListItem","position":2,"name":"O fruto alaranjado que ajuda a cuidar da sa\u00fade dos olhos todos os dias"}]},{"@type":"WebSite","@id":"https:\/\/www.correiobraziliense.com.br\/cbradar\/#website","url":"https:\/\/www.correiobraziliense.com.br\/cbradar\/","name":"Correio Braziliense - Radar","description":"Acompanhe as \u00faltimas not\u00edcias e fique bem informado sobre tudo o que acontece no Brasil e no mundo.","potentialAction":[{"@type":"SearchAction","target":{"@type":"EntryPoint","urlTemplate":"https:\/\/www.correiobraziliense.com.br\/cbradar\/?s={search_term_string}"},"query-input":{"@type":"PropertyValueSpecification","valueRequired":true,"valueName":"search_term_string"}}],"inLanguage":"pt-BR"},{"@type":"Person","@id":"https:\/\/www.correiobraziliense.com.br\/cbradar\/#\/schema\/person\/7356666e12ec0ee53f348ee5db227032","name":"Daniely Cardoso","image":{"@type":"ImageObject","inLanguage":"pt-BR","@id":"https:\/\/www.correiobraziliense.com.br\/cbradar\/#\/schema\/person\/image\/","url":"https:\/\/secure.gravatar.com\/avatar\/4b80ddbd124d1f071b626d52d62e5dff?s=96&d=mm&r=g","contentUrl":"https:\/\/secure.gravatar.com\/avatar\/4b80ddbd124d1f071b626d52d62e5dff?s=96&d=mm&r=g","caption":"Daniely Cardoso"},"description":"Redatora nos portais CB Radar e EM Foco, formada pela Universidade Federal de Goi\u00e1s, em Goi\u00e2nia. Apaixonada por comunica\u00e7\u00e3o, arte, decora\u00e7\u00e3o e tend\u00eancias, atuo na produ\u00e7\u00e3o de conte\u00fados envolventes sobre curiosidades, moda, beleza e paisagismo, sempre com um olhar atento \u00e0s novidades do momento.","sameAs":["https:\/\/www.correiobraziliense.com.br\/cbradar"],"url":"https:\/\/www.correiobraziliense.com.br\/cbradar\/author\/danielymyth\/"}]}},"_links":{"self":[{"href":"https:\/\/www.correiobraziliense.com.br\/cbradar\/wp-json\/wp\/v2\/posts\/141158","targetHints":{"allow":["GET"]}}],"collection":[{"href":"https:\/\/www.correiobraziliense.com.br\/cbradar\/wp-json\/wp\/v2\/posts"}],"about":[{"href":"https:\/\/www.correiobraziliense.com.br\/cbradar\/wp-json\/wp\/v2\/types\/post"}],"author":[{"embeddable":true,"href":"https:\/\/www.correiobraziliense.com.br\/cbradar\/wp-json\/wp\/v2\/users\/9"}],"replies":[{"embeddable":true,"href":"https:\/\/www.correiobraziliense.com.br\/cbradar\/wp-json\/wp\/v2\/comments?post=141158"}],"version-history":[{"count":3,"href":"https:\/\/www.correiobraziliense.com.br\/cbradar\/wp-json\/wp\/v2\/posts\/141158\/revisions"}],"predecessor-version":[{"id":141217,"href":"https:\/\/www.correiobraziliense.com.br\/cbradar\/wp-json\/wp\/v2\/posts\/141158\/revisions\/141217"}],"wp:featuredmedia":[{"embeddable":true,"href":"https:\/\/www.correiobraziliense.com.br\/cbradar\/wp-json\/wp\/v2\/media\/141979"}],"wp:attachment":[{"href":"https:\/\/www.correiobraziliense.com.br\/cbradar\/wp-json\/wp\/v2\/media?parent=141158"}],"wp:term":[{"taxonomy":"category","embeddable":true,"href":"https:\/\/www.correiobraziliense.com.br\/cbradar\/wp-json\/wp\/v2\/categories?post=141158"},{"taxonomy":"post_tag","embeddable":true,"href":"https:\/\/www.correiobraziliense.com.br\/cbradar\/wp-json\/wp\/v2\/post_tag?post=141158"}],"curies":[{"name":"wp","href":"https:\/\/api.w.org\/{rel}","templated":true}]}}