{"id":141256,"date":"2025-11-21T16:55:00","date_gmt":"2025-11-21T19:55:00","guid":{"rendered":"https:\/\/www.correiobraziliense.com.br\/cbradar\/?p=141256"},"modified":"2025-11-21T15:00:22","modified_gmt":"2025-11-21T18:00:22","slug":"o-exercicio-simples-que-melhora-a-postura-em-apenas-5-minutos-ao-dia","status":"publish","type":"post","link":"https:\/\/www.correiobraziliense.com.br\/cbradar\/o-exercicio-simples-que-melhora-a-postura-em-apenas-5-minutos-ao-dia\/","title":{"rendered":"O exerc\u00edcio simples que melhora a postura em apenas 5 minutos ao dia"},"content":{"rendered":"\n<p>A m\u00e1 postura, caracterizada por ombros ca\u00eddos e coluna tor\u00e1cica curvada, \u00e9 um h\u00e1bito que gera dor e tens\u00e3o. A chave para a corre\u00e7\u00e3o n\u00e3o est\u00e1 em &#8220;lembrar&#8221; de ficar reto, mas em fortalecer os m\u00fasculos enfraquecidos. O <strong>Deslizamento na Parede<\/strong> (<em>Wall Slide<\/em>) \u00e9 o exerc\u00edcio ideal para reverter esse padr\u00e3o.<\/p>\n\n\n\n<h2 class=\"wp-block-heading\">Por que a postura curvada (cifose) se torna um h\u00e1bito?<\/h2>\n\n\n\n<p>O problema come\u00e7a com o encurtamento dos <strong>m\u00fasculos peitorais<\/strong> (peito fechado) e a fraqueza cr\u00f4nica dos m\u00fasculos do meio das costas. Essa musculatura fraca n\u00e3o consegue sustentar os ombros contra a gravidade.<\/p>\n\n\n\n<p>Essa tens\u00e3o constante e o desalinhamento <a target=\"_blank\" rel=\"noreferrer noopener\" href=\"https:\/\/www.who.int\/news-room\/fact-sheets\/detail\/musculoskeletal-conditions\">aumentam a press\u00e3o na coluna cervical<\/a>, levando a dores de cabe\u00e7a e na lombar.<\/p>\n\n\n\n<h2 class=\"wp-block-heading\">O que \u00e9 o Deslizamento na Parede (Wall Slide) e sua fun\u00e7\u00e3o?<\/h2>\n\n\n\n<p>O <em>Wall Slide<\/em> \u00e9 um exerc\u00edcio de <strong>ativa\u00e7\u00e3o muscular<\/strong> que for\u00e7a a coluna tor\u00e1cica a estender e as omoplatas a descerem. \u00c9 feito encostando as costas na parede, com os bra\u00e7os dobrados em forma de &#8220;W&#8221;.<\/p>\n\n\n\n<p>O objetivo \u00e9 deslizar os bra\u00e7os para cima e para baixo, mantendo o pulso, cotovelo e ombro o mais pr\u00f3ximo poss\u00edvel da parede. Isso fortalece os m\u00fasculos <strong>romboide<\/strong> e <strong>trap\u00e9zio inferior<\/strong>, que puxam os ombros para tr\u00e1s.<\/p>\n\n\n\n<p>No v\u00eddeo a seguir, o canal do <strong><em>Caio Benedetti<\/em><\/strong> mostra como fazer o <strong><em>Wall S<\/em><\/strong><em><strong>lide:<\/strong><\/em><\/p>\n\n\n\n<iframe loading=\"lazy\" width=\"342\" height=\"608\" src=\"https:\/\/www.youtube.com\/embed\/iMlg1Z42uss\" title=\"Slide Wall com el\u00e1stico\" frameborder=\"0\" allow=\"accelerometer; autoplay; clipboard-write; encrypted-media; gyroscope; picture-in-picture; web-share\" referrerpolicy=\"strict-origin-when-cross-origin\" allowfullscreen><\/iframe>\n\n\n\n<p>Leia tamb\u00e9m:<a href=\"https:\/\/www.correiobraziliense.com.br\/cbradar\/3-melhores-alimentos-para-incluir-na-dieta-para-o-emagrecimento\" target=\"_blank\" rel=\"noreferrer noopener\"> 3 melhores alimentos para incluir na dieta para o emagrecimento<\/a><\/p>\n\n\n\n<h2 class=\"wp-block-heading\">Como o exerc\u00edcio fortalece os m\u00fasculos &#8220;esquecidos&#8221;?<\/h2>\n\n\n\n<p>Os m\u00fasculos que mant\u00eam a postura ereta (como o trap\u00e9zio inferior) s\u00e3o de <strong>resist\u00eancia<\/strong> (<em>endurance<\/em>). Eles precisam ser treinados com muitas repeti\u00e7\u00f5es (volume), e n\u00e3o com carga m\u00e1xima.<\/p>\n\n\n\n<p>O <em>Wall Slide<\/em> treina esses m\u00fasculos em uma posi\u00e7\u00e3o segura e apoiada, corrigindo a &#8220;amn\u00e9sia muscular&#8221; causada pela posi\u00e7\u00e3o sentada.<\/p>\n\n\n\n<h2 class=\"wp-block-heading\">A corre\u00e7\u00e3o postural afeta o humor e a energia?<\/h2>\n\n\n\n<p>Sim. A postura curvada comprime os pulm\u00f5es, levando \u00e0 respira\u00e7\u00e3o superficial (pelo peito) e \u00e0 ativa\u00e7\u00e3o do sistema nervoso simp\u00e1tico (estresse).<\/p>\n\n\n\n<p>A corre\u00e7\u00e3o postural abre o peito, liberando o <strong>diafragma<\/strong> para a respira\u00e7\u00e3o profunda. Isso ativa o sistema parassimp\u00e1tico (calma), <a target=\"_blank\" rel=\"noreferrer noopener\" href=\"https:\/\/www.health.harvard.edu\/mind-and-mood\/relaxation-techniques-breath-control-helps-quell-errant-stress-response\">reduzindo o cortisol (Harvard Health)<\/a> e melhorando o humor.<\/p>\n\n\n<div class=\"wp-block-image\">\n<figure class=\"aligncenter size-large\"><img decoding=\"async\" width=\"1024\" height=\"576\" src=\"https:\/\/www.correiobraziliense.com.br\/cbradar\/wp-content\/uploads\/2025\/03\/Postura_1742988269808-1024x576.jpg\" alt=\"Sua postura ser\u00e1 impec\u00e1vel com essas dicas de cair o queixo\" class=\"wp-image-15904\" srcset=\"https:\/\/www.correiobraziliense.com.br\/cbradar\/wp-content\/uploads\/2025\/03\/Postura_1742988269808-1024x576.jpg 1024w, https:\/\/www.correiobraziliense.com.br\/cbradar\/wp-content\/uploads\/2025\/03\/Postura_1742988269808-300x169.jpg 300w, https:\/\/www.correiobraziliense.com.br\/cbradar\/wp-content\/uploads\/2025\/03\/Postura_1742988269808-768x432.jpg 768w, https:\/\/www.correiobraziliense.com.br\/cbradar\/wp-content\/uploads\/2025\/03\/Postura_1742988269808-750x422.jpg 750w, https:\/\/www.correiobraziliense.com.br\/cbradar\/wp-content\/uploads\/2025\/03\/Postura_1742988269808-1140x641.jpg 1140w, https:\/\/www.correiobraziliense.com.br\/cbradar\/wp-content\/uploads\/2025\/03\/Postura_1742988269808.jpg 1280w\" sizes=\"(max-width: 1024px) 100vw, 1024px\" \/><figcaption class=\"wp-element-caption\">Exerc\u00edcio simples que contribui para melhorar a postura dedicando cinco minutos di\u00e1rios &#8211; Cr\u00e9ditos: depositphotos.com \/ Sandalphonarts<\/figcaption><\/figure><\/div>\n\n\n<p>Leia tamb\u00e9m: <a href=\"https:\/\/www.correiobraziliense.com.br\/cbradar\/o-que-vai-mudar-na-sua-vida-se-voce-andar-pelo-menos-7-mil-passos-por-30-dias\" target=\"_blank\" rel=\"noreferrer noopener\">O que vai mudar na sua vida se voc\u00ea andar pelo menos 7 mil passos por 30 dias?<\/a><\/p>\n\n\n\n<h2 class=\"wp-block-heading\">Qual \u00e9 a rotina de 5 minutos ideal para resultados?<\/h2>\n\n\n\n<p>A chave \u00e9 a <strong>consist\u00eancia<\/strong> e o foco na qualidade do movimento. Praticar esta rotina diariamente \u00e9 mais eficaz para a mem\u00f3ria muscular do que fazer uma sess\u00e3o longa por semana.<\/p>\n\n\n\n<p>Para criar uma rotina de 5 minutos eficaz e completa, combine alongamento e ativa\u00e7\u00e3o:<\/p>\n\n\n\n<ul class=\"wp-block-list\">\n<li><strong>Libera\u00e7\u00e3o (1 min):<\/strong> Alongamento no batente da porta (peitoral) e rota\u00e7\u00e3o cervical.<\/li>\n\n\n\n<li><strong>Ativa\u00e7\u00e3o (2 min):<\/strong> 3 s\u00e9ries de 10-12 repeti\u00e7\u00f5es de Deslizamento na Parede.<\/li>\n\n\n\n<li><strong>Conscientiza\u00e7\u00e3o (2 min):<\/strong> Fa\u00e7a 1 minuto de prancha (Plank) e 1 minuto de respira\u00e7\u00e3o diafragm\u00e1tica (pela barriga).<\/li>\n\n\n\n<li><strong>Resultado:<\/strong> M\u00fasculos fortalecidos, articula\u00e7\u00f5es descomprimidas e mente mais calma.<\/li>\n<\/ul>\n","protected":false},"excerpt":{"rendered":"<p>A m\u00e1 postura, caracterizada por ombros ca\u00eddos e coluna tor\u00e1cica curvada, \u00e9 um h\u00e1bito que gera dor e tens\u00e3o. A chave para a corre\u00e7\u00e3o n\u00e3o est\u00e1 em &#8220;lembrar&#8221; de ficar reto, mas em fortalecer os m\u00fasculos enfraquecidos. O Deslizamento na Parede (Wall Slide) \u00e9 o exerc\u00edcio ideal para reverter esse padr\u00e3o. Por que a postura [&hellip;]<\/p>\n","protected":false},"author":11,"featured_media":142129,"comment_status":"open","ping_status":"open","sticky":false,"template":"","format":"standard","meta":{"jnews-multi-image_gallery":[],"jnews_single_post":{"format":"standard"},"jnews_primary_category":[],"jnews_social_meta":[],"jnews_override_counter":[],"footnotes":""},"categories":[119],"post_tag":[7149,1318],"class_list":["post-141256","post","type-post","status-publish","format-standard","has-post-thumbnail","hentry","category-bem-estar","tag-exercicio-2","tag-saude-2"],"yoast_head":"<!-- This site is optimized with the Yoast SEO plugin v24.6 - https:\/\/yoast.com\/wordpress\/plugins\/seo\/ -->\n<title>O exerc\u00edcio simples que melhora a postura em apenas 5 minutos ao dia - Correio Braziliense - Radar<\/title>\n<meta name=\"description\" content=\"Exerc\u00edcio simples praticado por poucos minutos ao dia pode melhorar a postura rapidamente promovendo alinhamento e al\u00edvio no corpo de forma natural\" \/>\n<meta name=\"robots\" content=\"index, follow, max-snippet:-1, max-image-preview:large, max-video-preview:-1\" \/>\n<link rel=\"canonical\" href=\"https:\/\/www.correiobraziliense.com.br\/cbradar\/o-exercicio-simples-que-melhora-a-postura-em-apenas-5-minutos-ao-dia\/\" \/>\n<meta property=\"og:locale\" content=\"pt_BR\" \/>\n<meta property=\"og:type\" content=\"article\" \/>\n<meta property=\"og:title\" content=\"O exerc\u00edcio simples que melhora a postura em apenas 5 minutos ao dia - Correio Braziliense - Radar\" \/>\n<meta property=\"og:description\" content=\"Exerc\u00edcio simples praticado por poucos minutos ao dia pode melhorar a postura rapidamente promovendo alinhamento e al\u00edvio no corpo de forma natural\" \/>\n<meta property=\"og:url\" content=\"https:\/\/www.correiobraziliense.com.br\/cbradar\/o-exercicio-simples-que-melhora-a-postura-em-apenas-5-minutos-ao-dia\/\" \/>\n<meta property=\"og:site_name\" content=\"Correio Braziliense - Radar\" \/>\n<meta property=\"article:published_time\" content=\"2025-11-21T19:55:00+00:00\" \/>\n<meta property=\"og:image\" content=\"https:\/\/www.correiobraziliense.com.br\/cbradar\/wp-content\/uploads\/2025\/11\/freepik__faa-uma-imagem-realista-de-uma-pessoa-com-a-postur__10317.jpeg\" \/>\n\t<meta property=\"og:image:width\" content=\"1280\" \/>\n\t<meta property=\"og:image:height\" content=\"720\" \/>\n\t<meta property=\"og:image:type\" content=\"image\/jpeg\" \/>\n<meta name=\"author\" content=\"Paulo Custodio\" \/>\n<meta name=\"twitter:card\" content=\"summary_large_image\" \/>\n<meta name=\"twitter:label1\" content=\"Escrito por\" \/>\n\t<meta name=\"twitter:data1\" content=\"Paulo Custodio\" \/>\n\t<meta name=\"twitter:label2\" content=\"Est. tempo de leitura\" \/>\n\t<meta name=\"twitter:data2\" content=\"4 minutos\" \/>\n<!-- \/ Yoast SEO plugin. -->","yoast_head_json":{"title":"O exerc\u00edcio simples que melhora a postura em apenas 5 minutos ao dia - Correio Braziliense - Radar","description":"Exerc\u00edcio simples praticado por poucos minutos ao dia pode melhorar a postura rapidamente promovendo alinhamento e al\u00edvio no corpo de forma natural","robots":{"index":"index","follow":"follow","max-snippet":"max-snippet:-1","max-image-preview":"max-image-preview:large","max-video-preview":"max-video-preview:-1"},"canonical":"https:\/\/www.correiobraziliense.com.br\/cbradar\/o-exercicio-simples-que-melhora-a-postura-em-apenas-5-minutos-ao-dia\/","og_locale":"pt_BR","og_type":"article","og_title":"O exerc\u00edcio simples que melhora a postura em apenas 5 minutos ao dia - Correio Braziliense - Radar","og_description":"Exerc\u00edcio simples praticado por poucos minutos ao dia pode melhorar a postura rapidamente promovendo alinhamento e al\u00edvio no corpo de forma natural","og_url":"https:\/\/www.correiobraziliense.com.br\/cbradar\/o-exercicio-simples-que-melhora-a-postura-em-apenas-5-minutos-ao-dia\/","og_site_name":"Correio Braziliense - Radar","article_published_time":"2025-11-21T19:55:00+00:00","og_image":[{"width":1280,"height":720,"url":"https:\/\/www.correiobraziliense.com.br\/cbradar\/wp-content\/uploads\/2025\/11\/freepik__faa-uma-imagem-realista-de-uma-pessoa-com-a-postur__10317.jpeg","type":"image\/jpeg"}],"author":"Paulo Custodio","twitter_card":"summary_large_image","twitter_misc":{"Escrito por":"Paulo Custodio","Est. tempo de leitura":"4 minutos"},"schema":{"@context":"https:\/\/schema.org","@graph":[{"@type":"WebPage","@id":"https:\/\/www.correiobraziliense.com.br\/cbradar\/o-exercicio-simples-que-melhora-a-postura-em-apenas-5-minutos-ao-dia\/","url":"https:\/\/www.correiobraziliense.com.br\/cbradar\/o-exercicio-simples-que-melhora-a-postura-em-apenas-5-minutos-ao-dia\/","name":"O exerc\u00edcio simples que melhora a postura em apenas 5 minutos ao dia - Correio Braziliense - Radar","isPartOf":{"@id":"https:\/\/www.correiobraziliense.com.br\/cbradar\/#website"},"primaryImageOfPage":{"@id":"https:\/\/www.correiobraziliense.com.br\/cbradar\/o-exercicio-simples-que-melhora-a-postura-em-apenas-5-minutos-ao-dia\/#primaryimage"},"image":{"@id":"https:\/\/www.correiobraziliense.com.br\/cbradar\/o-exercicio-simples-que-melhora-a-postura-em-apenas-5-minutos-ao-dia\/#primaryimage"},"thumbnailUrl":"https:\/\/www.correiobraziliense.com.br\/cbradar\/wp-content\/uploads\/2025\/11\/freepik__faa-uma-imagem-realista-de-uma-pessoa-com-a-postur__10317.jpeg","datePublished":"2025-11-21T19:55:00+00:00","author":{"@id":"https:\/\/www.correiobraziliense.com.br\/cbradar\/#\/schema\/person\/4cec7857301a9a1a2ef249893cd908d3"},"description":"Exerc\u00edcio simples praticado por poucos minutos ao dia pode melhorar a postura rapidamente promovendo alinhamento e al\u00edvio no corpo de forma natural","breadcrumb":{"@id":"https:\/\/www.correiobraziliense.com.br\/cbradar\/o-exercicio-simples-que-melhora-a-postura-em-apenas-5-minutos-ao-dia\/#breadcrumb"},"inLanguage":"pt-BR","potentialAction":[{"@type":"ReadAction","target":["https:\/\/www.correiobraziliense.com.br\/cbradar\/o-exercicio-simples-que-melhora-a-postura-em-apenas-5-minutos-ao-dia\/"]}]},{"@type":"ImageObject","inLanguage":"pt-BR","@id":"https:\/\/www.correiobraziliense.com.br\/cbradar\/o-exercicio-simples-que-melhora-a-postura-em-apenas-5-minutos-ao-dia\/#primaryimage","url":"https:\/\/www.correiobraziliense.com.br\/cbradar\/wp-content\/uploads\/2025\/11\/freepik__faa-uma-imagem-realista-de-uma-pessoa-com-a-postur__10317.jpeg","contentUrl":"https:\/\/www.correiobraziliense.com.br\/cbradar\/wp-content\/uploads\/2025\/11\/freepik__faa-uma-imagem-realista-de-uma-pessoa-com-a-postur__10317.jpeg","width":1280,"height":720,"caption":"Fortalecimento das esc\u00e1pulas que estabiliza o tronco e melhora a postura"},{"@type":"BreadcrumbList","@id":"https:\/\/www.correiobraziliense.com.br\/cbradar\/o-exercicio-simples-que-melhora-a-postura-em-apenas-5-minutos-ao-dia\/#breadcrumb","itemListElement":[{"@type":"ListItem","position":1,"name":"In\u00edcio","item":"https:\/\/www.correiobraziliense.com.br\/cbradar\/"},{"@type":"ListItem","position":2,"name":"O exerc\u00edcio simples que melhora a postura em apenas 5 minutos ao dia"}]},{"@type":"WebSite","@id":"https:\/\/www.correiobraziliense.com.br\/cbradar\/#website","url":"https:\/\/www.correiobraziliense.com.br\/cbradar\/","name":"Correio Braziliense - Radar","description":"Acompanhe as \u00faltimas not\u00edcias e fique bem informado sobre tudo o que acontece no Brasil e no mundo.","potentialAction":[{"@type":"SearchAction","target":{"@type":"EntryPoint","urlTemplate":"https:\/\/www.correiobraziliense.com.br\/cbradar\/?s={search_term_string}"},"query-input":{"@type":"PropertyValueSpecification","valueRequired":true,"valueName":"search_term_string"}}],"inLanguage":"pt-BR"},{"@type":"Person","@id":"https:\/\/www.correiobraziliense.com.br\/cbradar\/#\/schema\/person\/4cec7857301a9a1a2ef249893cd908d3","name":"Paulo Custodio","image":{"@type":"ImageObject","inLanguage":"pt-BR","@id":"https:\/\/www.correiobraziliense.com.br\/cbradar\/#\/schema\/person\/image\/","url":"https:\/\/secure.gravatar.com\/avatar\/bcd67168d1534e8fcf4f45c726a87cea?s=96&d=mm&r=g","contentUrl":"https:\/\/secure.gravatar.com\/avatar\/bcd67168d1534e8fcf4f45c726a87cea?s=96&d=mm&r=g","caption":"Paulo Custodio"},"sameAs":["https:\/\/www.correiobraziliense.com.br\/cbradar"],"url":"https:\/\/www.correiobraziliense.com.br\/cbradar\/author\/paulomyth\/"}]}},"_links":{"self":[{"href":"https:\/\/www.correiobraziliense.com.br\/cbradar\/wp-json\/wp\/v2\/posts\/141256","targetHints":{"allow":["GET"]}}],"collection":[{"href":"https:\/\/www.correiobraziliense.com.br\/cbradar\/wp-json\/wp\/v2\/posts"}],"about":[{"href":"https:\/\/www.correiobraziliense.com.br\/cbradar\/wp-json\/wp\/v2\/types\/post"}],"author":[{"embeddable":true,"href":"https:\/\/www.correiobraziliense.com.br\/cbradar\/wp-json\/wp\/v2\/users\/11"}],"replies":[{"embeddable":true,"href":"https:\/\/www.correiobraziliense.com.br\/cbradar\/wp-json\/wp\/v2\/comments?post=141256"}],"version-history":[{"count":1,"href":"https:\/\/www.correiobraziliense.com.br\/cbradar\/wp-json\/wp\/v2\/posts\/141256\/revisions"}],"predecessor-version":[{"id":141260,"href":"https:\/\/www.correiobraziliense.com.br\/cbradar\/wp-json\/wp\/v2\/posts\/141256\/revisions\/141260"}],"wp:featuredmedia":[{"embeddable":true,"href":"https:\/\/www.correiobraziliense.com.br\/cbradar\/wp-json\/wp\/v2\/media\/142129"}],"wp:attachment":[{"href":"https:\/\/www.correiobraziliense.com.br\/cbradar\/wp-json\/wp\/v2\/media?parent=141256"}],"wp:term":[{"taxonomy":"category","embeddable":true,"href":"https:\/\/www.correiobraziliense.com.br\/cbradar\/wp-json\/wp\/v2\/categories?post=141256"},{"taxonomy":"post_tag","embeddable":true,"href":"https:\/\/www.correiobraziliense.com.br\/cbradar\/wp-json\/wp\/v2\/post_tag?post=141256"}],"curies":[{"name":"wp","href":"https:\/\/api.w.org\/{rel}","templated":true}]}}