{"id":141287,"date":"2025-11-21T06:55:00","date_gmt":"2025-11-21T09:55:00","guid":{"rendered":"https:\/\/www.correiobraziliense.com.br\/cbradar\/?p=141287"},"modified":"2025-11-20T10:07:12","modified_gmt":"2025-11-20T13:07:12","slug":"o-inseto-que-parece-inofensivo-mas-pode-matar-seu-cachorro","status":"publish","type":"post","link":"https:\/\/www.correiobraziliense.com.br\/cbradar\/o-inseto-que-parece-inofensivo-mas-pode-matar-seu-cachorro\/","title":{"rendered":"O inseto que parece inofensivo, mas pode matar seu cachorro"},"content":{"rendered":"\n<p>Durante os meses mais quentes, os passeios ao ar livre com nossos c\u00e3es costumam aumentar, trazendo uma s\u00e9rie de benef\u00edcios, mas tamb\u00e9m alguns riscos importantes. \u00c9 essencial prestar aten\u00e7\u00e3o aos <strong>insetos presentes no ambiente<\/strong>, pois, al\u00e9m de desconforto, alguns podem ser extremamente perigosos, como a <strong>lagarta procession\u00e1ria do pinheiro<\/strong> (<em>Thaumetopoea pityocampa<\/em>), presente em florestas de pinheiros da Europa, \u00c1sia, norte da \u00c1frica e Am\u00e9rica, inclusive em regi\u00f5es da Argentina, principalmente na primavera.<\/p>\n\n\n\n<h2 class=\"wp-block-heading\">Quais s\u00e3o os principais sintomas se o c\u00e3o entrar em contato com a lagarta procession\u00e1ria do pinheiro?<\/h2>\n\n\n\n<p>O contato com os <strong>pelos urticantes da lagarta procession\u00e1ria<\/strong> pode causar sintomas intensos nos c\u00e3es, devido \u00e0s toxinas liberadas. Saber identificar rapidamente esses sinais \u00e9 fundamental para garantir atendimento e evitar consequ\u00eancias graves.<\/p>\n\n\n\n<p>Os principais sintomas incluem <strong>incha\u00e7o da l\u00edngua, focinho ou patas<\/strong>, saliva\u00e7\u00e3o excessiva, v\u00f4mitos e irrita\u00e7\u00e3o ocular. Alguns c\u00e3es ainda apresentam dificuldade para respirar, o que exige socorro veterin\u00e1rio imediato.<\/p>\n\n\n\n<p>A veterin\u00e1ria @rafasperandiovet explicou os efeitos pr\u00e1ticos desse inseto:<\/p>\n\n\n\n<blockquote class=\"tiktok-embed\" cite=\"https:\/\/www.tiktok.com\/@rafasperandiovet\/video\/7532212146084515077\" data-video-id=\"7532212146084515077\" style=\"max-width: 605px;min-width: 325px;\" > <section> <a target=\"_blank\" title=\"@rafasperandiovet\" href=\"https:\/\/www.tiktok.com\/@rafasperandiovet?refer=embed\">@rafasperandiovet<\/a> <p>A **lagarta do pinheiro** (tamb\u00e9m conhecida como **procession\u00e1ria do pinheiro**) \u00e9 uma larva da mariposa *Thaumetopoea pityocampa* e representa um **grande perigo para os c\u00e3es** e outros animais. Quando em contato, pode causar rea\u00e7\u00f5es graves devido aos seus **pelos urticantes**, que liberam uma toxina poderosa. Riscos para os c\u00e3es: 1. Contato com a pele&#47;nariz&#47;boca&#47;olhos     &#8211; Os pelos urticantes da lagarta podem causar:      &#8211; Irrita\u00e7\u00e3o intensa      &#8211; Incha\u00e7o      &#8211; Necrose (morte do tecido)      &#8211; Dermatite severa    2. Se o c\u00e3o lamber ou ingerir a lagarta:    &#8211; **Intoxica\u00e7\u00e3o grave**, levando a:      &#8211; Saliva\u00e7\u00e3o excessiva      &#8211; V\u00f4mitos      &#8211; Dificuldade para respirar      &#8211; Em casos extremos, edema de glote (incha\u00e7o na garganta)**, que pode levar \u00e0 asfixia. 3. **Contato com os olhos**:    &#8211; Pode causar  \u00falceras na c\u00f3rneae at\u00e9 cegueira O que fazer se o c\u00e3o tiver contato? &#8211; **Lave a \u00e1rea afetada com \u00e1gua morna** (n\u00e3o use as m\u00e3os diretamente, pois os pelos urticantes podem grudar na pele humana tamb\u00e9m). &#8211; Leve ao veterin\u00e1rio URGENTEMENTE, pois pode ser necess\u00e1rio:   &#8211; Anti-inflamat\u00f3rios   &#8211; Antihistam\u00ednicos   &#8211; Analg\u00e9sicos   &#8211; Em casos graves, at\u00e9 intuba\u00e7\u00e3o ou cirurgia. Como prevenir? &#8211; Evite passear com o c\u00e3o em \u00e1reas com pinheiros infestados (principalmente no **inverno e in\u00edcio da primavera**, quando as lagartas descem das \u00e1rvores em &#34;prociss\u00e3o&#34;). &#8211; Se encontrar ninhos de procession\u00e1ria (bolsas brancas nos pinheiros), avise as autoridades locais para remo\u00e7\u00e3o segura. \u26a0\ufe0f **Aten\u00e7\u00e3o:** Se n\u00e3o tratado rapidamente, o envenenamento por lagarta do pinheiro pode ser **fatal** para o c\u00e3o! Portanto, **n\u00e3o subestime o perigo**.<\/p> <a target=\"_blank\" title=\"\u266c som original - rafasperandiovet\" href=\"https:\/\/www.tiktok.com\/music\/som-original-7532212143103494918?refer=embed\">\u266c som original &#8211; rafasperandiovet<\/a> <\/section> <\/blockquote> <script async src=\"https:\/\/www.tiktok.com\/embed.js\"><\/script>\n\n\n\n<h2 class=\"wp-block-heading\">Como agir corretamente se o c\u00e3o teve contato com a lagarta procession\u00e1ria do pinheiro?<\/h2>\n\n\n\n<p>Em caso de suspeita de contato, adotar medidas r\u00e1pidas e corretas pode salvar a vida do animal. A assist\u00eancia veterin\u00e1ria imediata \u00e9 sempre recomendada para que se minimize o risco de complica\u00e7\u00f5es.<\/p>\n\n\n\n<p>Confira abaixo os passos essenciais a serem seguidos em situa\u00e7\u00f5es de emerg\u00eancia envolvendo esse inseto:<\/p>\n\n\n\n<ul class=\"wp-block-list\">\n<li><strong>Afaste o animal<\/strong> imediatamente da \u00e1rea de risco sem encostar na lagarta;<\/li>\n\n\n\n<li><strong>Use luvas<\/strong> para proteger-se do contato com os pelos;<\/li>\n\n\n\n<li><strong>Lave a regi\u00e3o afetada do c\u00e3o<\/strong> com \u00e1gua morna, sem esfregar;<\/li>\n\n\n\n<li><strong>Busque atendimento veterin\u00e1rio de urg\u00eancia<\/strong> para avalia\u00e7\u00e3o e tratamento adequado.<\/li>\n<\/ul>\n\n\n\n<p>Leia tamb\u00e9m: <a href=\"https:\/\/www.correiobraziliense.com.br\/cbradar\/com-que-frequencia-voce-deve-trocar-o-pote-de-agua-do-seu-cachorro\/\" target=\"_blank\" rel=\"noreferrer noopener\">Com que frequ\u00eancia voc\u00ea deve trocar o pote de \u00e1gua do seu cachorro<\/a><\/p>\n\n\n\n<h2 class=\"wp-block-heading\">Como proteger os c\u00e3es e prevenir contato com a lagarta procession\u00e1ria do pinheiro?<\/h2>\n\n\n\n<p>Evitar passear em \u00e1reas de pinheiros infestadas, especialmente durante a primavera, reduz significativamente os riscos para os c\u00e3es. Informa\u00e7\u00e3o e cautela s\u00e3o aliados indispens\u00e1veis para manter os pets seguros.<\/p>\n\n\n\n<p>Al\u00e9m disso, mantenha seu c\u00e3o sempre sob supervis\u00e3o, evite que ele fuce pr\u00f3ximo a troncos de pinheiros e, se poss\u00edvel, consulte o veterin\u00e1rio sobre os riscos locais. O uso de coleira e guias curtas facilita o controle em ambientes potencialmente perigosos.<\/p>\n\n\n\n<figure class=\"wp-block-image size-large\"><img decoding=\"async\" width=\"1024\" height=\"576\" src=\"https:\/\/www.correiobraziliense.com.br\/cbradar\/wp-content\/uploads\/2025\/11\/cachorro-doente_1763643785931-1024x576.jpg\" alt=\"O inseto que parece inofensivo, mas pode matar seu cachorro\" class=\"wp-image-141290\" srcset=\"https:\/\/www.correiobraziliense.com.br\/cbradar\/wp-content\/uploads\/2025\/11\/cachorro-doente_1763643785931-1024x576.jpg 1024w, https:\/\/www.correiobraziliense.com.br\/cbradar\/wp-content\/uploads\/2025\/11\/cachorro-doente_1763643785931-300x169.jpg 300w, https:\/\/www.correiobraziliense.com.br\/cbradar\/wp-content\/uploads\/2025\/11\/cachorro-doente_1763643785931-768x432.jpg 768w, https:\/\/www.correiobraziliense.com.br\/cbradar\/wp-content\/uploads\/2025\/11\/cachorro-doente_1763643785931-750x422.jpg 750w, https:\/\/www.correiobraziliense.com.br\/cbradar\/wp-content\/uploads\/2025\/11\/cachorro-doente_1763643785931-1140x641.jpg 1140w, https:\/\/www.correiobraziliense.com.br\/cbradar\/wp-content\/uploads\/2025\/11\/cachorro-doente_1763643785931.jpg 1280w\" sizes=\"(max-width: 1024px) 100vw, 1024px\" \/><figcaption class=\"wp-element-caption\">Esta lagarta, presente em florestas da Europa e Argentina, representa risco s\u00e9rio para c\u00e3es na primavera. Cr\u00e9ditos: depositphotos.com \/ SergPoznanskiy<\/figcaption><\/figure>\n\n\n\n<h2 class=\"wp-block-heading\">Por que \u00e9 fundamental agir rapidamente diante do risco da lagarta procession\u00e1ria do pinheiro?<\/h2>\n\n\n\n<p>A <strong>lagarta procession\u00e1ria do pinheiro<\/strong> representa uma amea\u00e7a real \u00e0 sa\u00fade dos c\u00e3es, mas uma resposta r\u00e1pida pode evitar sequelas graves e salvar vidas. O conhecimento dos sinais e das atitudes corretas \u00e9 essencial para os tutores.<\/p>\n\n\n\n<p>Com preven\u00e7\u00e3o, vigil\u00e2ncia e busca imediata por atendimento veterin\u00e1rio ao menor sinal de contato, \u00e9 poss\u00edvel garantir a <strong>seguran\u00e7a e o bem-estar<\/strong> dos c\u00e3es durante os passeios ao ar livre.<\/p>\n","protected":false},"excerpt":{"rendered":"<p>Proteja seu c\u00e3o: a perigosa oruga procession\u00e1ria pode ser fatal. Saiba como agir r\u00e1pido e garantir a seguran\u00e7a do seu pet durante passeios ao ar livre.<\/p>\n","protected":false},"author":3,"featured_media":141289,"comment_status":"open","ping_status":"open","sticky":false,"template":"","format":"standard","meta":{"_yoast_wpseo_focuskw":"inseto pode matar seu cachorro","_yoast_wpseo_title":"%%title%%","_yoast_wpseo_metadesc":"Proteja seu c\u00e3o: a perigosa oruga procession\u00e1ria pode ser fatal. Saiba como agir r\u00e1pido e garantir a seguran\u00e7a do seu pet durante passeios ao ar livre.","jnews-multi-image_gallery":[],"jnews_single_post":{"format":"standard"},"jnews_primary_category":[],"jnews_social_meta":[],"jnews_override_counter":[],"footnotes":""},"categories":[112],"post_tag":[230,1977,378,144],"class_list":["post-141287","post","type-post","status-publish","format-standard","has-post-thumbnail","hentry","category-curiosidades","tag-animais","tag-animais-de-estimacao","tag-cachorro","tag-curiosidades"],"yoast_head":"<!-- This site is optimized with the Yoast SEO plugin v24.6 - https:\/\/yoast.com\/wordpress\/plugins\/seo\/ -->\n<title>O inseto que parece inofensivo, mas pode matar seu cachorro<\/title>\n<meta name=\"description\" content=\"Proteja seu c\u00e3o: a perigosa oruga procession\u00e1ria pode ser fatal. Saiba como agir r\u00e1pido e garantir a seguran\u00e7a do seu pet durante passeios ao ar livre.\" \/>\n<meta name=\"robots\" content=\"index, follow, max-snippet:-1, max-image-preview:large, max-video-preview:-1\" \/>\n<link rel=\"canonical\" href=\"https:\/\/www.correiobraziliense.com.br\/cbradar\/o-inseto-que-parece-inofensivo-mas-pode-matar-seu-cachorro\/\" \/>\n<meta property=\"og:locale\" content=\"pt_BR\" \/>\n<meta property=\"og:type\" content=\"article\" \/>\n<meta property=\"og:title\" content=\"O inseto que parece inofensivo, mas pode matar seu cachorro\" \/>\n<meta property=\"og:description\" content=\"Proteja seu c\u00e3o: a perigosa oruga procession\u00e1ria pode ser fatal. Saiba como agir r\u00e1pido e garantir a seguran\u00e7a do seu pet durante passeios ao ar livre.\" \/>\n<meta property=\"og:url\" content=\"https:\/\/www.correiobraziliense.com.br\/cbradar\/o-inseto-que-parece-inofensivo-mas-pode-matar-seu-cachorro\/\" \/>\n<meta property=\"og:site_name\" content=\"Correio Braziliense - Radar\" \/>\n<meta property=\"article:published_time\" content=\"2025-11-21T09:55:00+00:00\" \/>\n<meta property=\"og:image\" content=\"https:\/\/www.correiobraziliense.com.br\/cbradar\/wp-content\/uploads\/2025\/11\/mosaico_1763643756602.jpg\" \/>\n\t<meta property=\"og:image:width\" content=\"1280\" \/>\n\t<meta property=\"og:image:height\" content=\"720\" \/>\n\t<meta property=\"og:image:type\" content=\"image\/jpeg\" \/>\n<meta name=\"author\" content=\"Larissa Carvalho\" \/>\n<meta name=\"twitter:card\" content=\"summary_large_image\" \/>\n<meta name=\"twitter:label1\" content=\"Escrito por\" \/>\n\t<meta name=\"twitter:data1\" content=\"Larissa Carvalho\" \/>\n\t<meta name=\"twitter:label2\" content=\"Est. tempo de leitura\" \/>\n\t<meta name=\"twitter:data2\" content=\"3 minutos\" \/>\n<!-- \/ Yoast SEO plugin. -->","yoast_head_json":{"title":"O inseto que parece inofensivo, mas pode matar seu cachorro","description":"Proteja seu c\u00e3o: a perigosa oruga procession\u00e1ria pode ser fatal. Saiba como agir r\u00e1pido e garantir a seguran\u00e7a do seu pet durante passeios ao ar livre.","robots":{"index":"index","follow":"follow","max-snippet":"max-snippet:-1","max-image-preview":"max-image-preview:large","max-video-preview":"max-video-preview:-1"},"canonical":"https:\/\/www.correiobraziliense.com.br\/cbradar\/o-inseto-que-parece-inofensivo-mas-pode-matar-seu-cachorro\/","og_locale":"pt_BR","og_type":"article","og_title":"O inseto que parece inofensivo, mas pode matar seu cachorro","og_description":"Proteja seu c\u00e3o: a perigosa oruga procession\u00e1ria pode ser fatal. Saiba como agir r\u00e1pido e garantir a seguran\u00e7a do seu pet durante passeios ao ar livre.","og_url":"https:\/\/www.correiobraziliense.com.br\/cbradar\/o-inseto-que-parece-inofensivo-mas-pode-matar-seu-cachorro\/","og_site_name":"Correio Braziliense - Radar","article_published_time":"2025-11-21T09:55:00+00:00","og_image":[{"width":1280,"height":720,"url":"https:\/\/www.correiobraziliense.com.br\/cbradar\/wp-content\/uploads\/2025\/11\/mosaico_1763643756602.jpg","type":"image\/jpeg"}],"author":"Larissa Carvalho","twitter_card":"summary_large_image","twitter_misc":{"Escrito por":"Larissa Carvalho","Est. tempo de leitura":"3 minutos"},"schema":{"@context":"https:\/\/schema.org","@graph":[{"@type":"WebPage","@id":"https:\/\/www.correiobraziliense.com.br\/cbradar\/o-inseto-que-parece-inofensivo-mas-pode-matar-seu-cachorro\/","url":"https:\/\/www.correiobraziliense.com.br\/cbradar\/o-inseto-que-parece-inofensivo-mas-pode-matar-seu-cachorro\/","name":"O inseto que parece inofensivo, mas pode matar seu cachorro","isPartOf":{"@id":"https:\/\/www.correiobraziliense.com.br\/cbradar\/#website"},"primaryImageOfPage":{"@id":"https:\/\/www.correiobraziliense.com.br\/cbradar\/o-inseto-que-parece-inofensivo-mas-pode-matar-seu-cachorro\/#primaryimage"},"image":{"@id":"https:\/\/www.correiobraziliense.com.br\/cbradar\/o-inseto-que-parece-inofensivo-mas-pode-matar-seu-cachorro\/#primaryimage"},"thumbnailUrl":"https:\/\/www.correiobraziliense.com.br\/cbradar\/wp-content\/uploads\/2025\/11\/mosaico_1763643756602.jpg","datePublished":"2025-11-21T09:55:00+00:00","author":{"@id":"https:\/\/www.correiobraziliense.com.br\/cbradar\/#\/schema\/person\/58422787644df994b53a19d3e56c1513"},"description":"Proteja seu c\u00e3o: a perigosa oruga procession\u00e1ria pode ser fatal. Saiba como agir r\u00e1pido e garantir a seguran\u00e7a do seu pet durante passeios ao ar livre.","breadcrumb":{"@id":"https:\/\/www.correiobraziliense.com.br\/cbradar\/o-inseto-que-parece-inofensivo-mas-pode-matar-seu-cachorro\/#breadcrumb"},"inLanguage":"pt-BR","potentialAction":[{"@type":"ReadAction","target":["https:\/\/www.correiobraziliense.com.br\/cbradar\/o-inseto-que-parece-inofensivo-mas-pode-matar-seu-cachorro\/"]}]},{"@type":"ImageObject","inLanguage":"pt-BR","@id":"https:\/\/www.correiobraziliense.com.br\/cbradar\/o-inseto-que-parece-inofensivo-mas-pode-matar-seu-cachorro\/#primaryimage","url":"https:\/\/www.correiobraziliense.com.br\/cbradar\/wp-content\/uploads\/2025\/11\/mosaico_1763643756602.jpg","contentUrl":"https:\/\/www.correiobraziliense.com.br\/cbradar\/wp-content\/uploads\/2025\/11\/mosaico_1763643756602.jpg","width":1280,"height":720,"caption":"Proteger seu c\u00e3o da lagarta procession\u00e1ria \u00e9 garantir sa\u00fade e tranquilidade nos passeios ao ar livre. Cr\u00e9ditos: depositphotos.com \/ HayDmitriy e Cr\u00e9ditos: depositphotos.com \/ IanRedding"},{"@type":"BreadcrumbList","@id":"https:\/\/www.correiobraziliense.com.br\/cbradar\/o-inseto-que-parece-inofensivo-mas-pode-matar-seu-cachorro\/#breadcrumb","itemListElement":[{"@type":"ListItem","position":1,"name":"In\u00edcio","item":"https:\/\/www.correiobraziliense.com.br\/cbradar\/"},{"@type":"ListItem","position":2,"name":"O inseto que parece inofensivo, mas pode matar seu cachorro"}]},{"@type":"WebSite","@id":"https:\/\/www.correiobraziliense.com.br\/cbradar\/#website","url":"https:\/\/www.correiobraziliense.com.br\/cbradar\/","name":"Correio Braziliense - Radar","description":"Acompanhe as \u00faltimas not\u00edcias e fique bem informado sobre tudo o que acontece no Brasil e no mundo.","potentialAction":[{"@type":"SearchAction","target":{"@type":"EntryPoint","urlTemplate":"https:\/\/www.correiobraziliense.com.br\/cbradar\/?s={search_term_string}"},"query-input":{"@type":"PropertyValueSpecification","valueRequired":true,"valueName":"search_term_string"}}],"inLanguage":"pt-BR"},{"@type":"Person","@id":"https:\/\/www.correiobraziliense.com.br\/cbradar\/#\/schema\/person\/58422787644df994b53a19d3e56c1513","name":"Larissa Carvalho","image":{"@type":"ImageObject","inLanguage":"pt-BR","@id":"https:\/\/www.correiobraziliense.com.br\/cbradar\/#\/schema\/person\/image\/","url":"https:\/\/secure.gravatar.com\/avatar\/fe4f91a0de32b52a838d0d612abdc1aa?s=96&d=mm&r=g","contentUrl":"https:\/\/secure.gravatar.com\/avatar\/fe4f91a0de32b52a838d0d612abdc1aa?s=96&d=mm&r=g","caption":"Larissa Carvalho"},"url":"https:\/\/www.correiobraziliense.com.br\/cbradar\/author\/larissamyth\/"}]}},"_links":{"self":[{"href":"https:\/\/www.correiobraziliense.com.br\/cbradar\/wp-json\/wp\/v2\/posts\/141287","targetHints":{"allow":["GET"]}}],"collection":[{"href":"https:\/\/www.correiobraziliense.com.br\/cbradar\/wp-json\/wp\/v2\/posts"}],"about":[{"href":"https:\/\/www.correiobraziliense.com.br\/cbradar\/wp-json\/wp\/v2\/types\/post"}],"author":[{"embeddable":true,"href":"https:\/\/www.correiobraziliense.com.br\/cbradar\/wp-json\/wp\/v2\/users\/3"}],"replies":[{"embeddable":true,"href":"https:\/\/www.correiobraziliense.com.br\/cbradar\/wp-json\/wp\/v2\/comments?post=141287"}],"version-history":[{"count":2,"href":"https:\/\/www.correiobraziliense.com.br\/cbradar\/wp-json\/wp\/v2\/posts\/141287\/revisions"}],"predecessor-version":[{"id":141291,"href":"https:\/\/www.correiobraziliense.com.br\/cbradar\/wp-json\/wp\/v2\/posts\/141287\/revisions\/141291"}],"wp:featuredmedia":[{"embeddable":true,"href":"https:\/\/www.correiobraziliense.com.br\/cbradar\/wp-json\/wp\/v2\/media\/141289"}],"wp:attachment":[{"href":"https:\/\/www.correiobraziliense.com.br\/cbradar\/wp-json\/wp\/v2\/media?parent=141287"}],"wp:term":[{"taxonomy":"category","embeddable":true,"href":"https:\/\/www.correiobraziliense.com.br\/cbradar\/wp-json\/wp\/v2\/categories?post=141287"},{"taxonomy":"post_tag","embeddable":true,"href":"https:\/\/www.correiobraziliense.com.br\/cbradar\/wp-json\/wp\/v2\/post_tag?post=141287"}],"curies":[{"name":"wp","href":"https:\/\/api.w.org\/{rel}","templated":true}]}}