{"id":141571,"date":"2025-11-21T17:15:00","date_gmt":"2025-11-21T20:15:00","guid":{"rendered":"https:\/\/www.correiobraziliense.com.br\/cbradar\/?p=141571"},"modified":"2025-11-20T19:44:21","modified_gmt":"2025-11-20T22:44:21","slug":"a-fruta-medicinal-mais-poderosa-contra-inflamacoes","status":"publish","type":"post","link":"https:\/\/www.correiobraziliense.com.br\/cbradar\/a-fruta-medicinal-mais-poderosa-contra-inflamacoes\/","title":{"rendered":"A fruta medicinal mais poderosa contra inflama\u00e7\u00f5es"},"content":{"rendered":"\n<p>A <strong>Graviola <\/strong>(Annona muricata), uma fruta tropical amplamente cultivada em regi\u00f5es de clima quente, tem sido objeto de interesse tanto nas pr\u00e1ticas de medicina tradicional quanto na pesquisa cient\u00edfica contempor\u00e2nea. A planta \u00e9 valorizada n\u00e3o apenas por seu sabor distinto, mas tamb\u00e9m pelas suas in\u00fameras propriedades ben\u00e9ficas para a <a href=\"https:\/\/www.correiobraziliense.com.br\/cbradar\/dr-cesar-cimonari-o-avanco-que-devolve-o-movimento-apos-cirurgia-de-coluna\/\" target=\"_blank\" rel=\"noreferrer noopener\">sa\u00fade <\/a>humana. Atualmente, o foco de diversas pesquisas tem sido as acetogeninas, compostos presentes nas folhas e sementes da Graviola, conhecidos por suas atividades biol\u00f3gicas significativas.<\/p>\n\n\n\n<p>Estudos sugerem que as acetogeninas anon\u00e1ceas possuem um potencial promissor como agentes citot\u00f3xicos, especialmente em c\u00e9lulas tumorais. Essa propriedade \u00e9 resultado de sua a\u00e7\u00e3o espec\u00edfica contra c\u00e9lulas cancer\u00edgenas, preservando as c\u00e9lulas saud\u00e1veis. No entanto, \u00e9 importante enfatizar que embora resultados laboratoriais sejam encorajadores, tais efeitos ainda precisam ser confirmados em estudos cl\u00ednicos abrangentes. Assim, o uso de Graviola para tratamento de c\u00e2ncer deve ser considerado complementar e n\u00e3o substituto das terapias convencionais.<\/p>\n\n\n\n<h2 class=\"wp-block-heading\">Quais s\u00e3o os benef\u00edcios da Graviola no al\u00edvio da dor e inflama\u00e7\u00e3o?<\/h2>\n\n\n\n<p>Al\u00e9m de suas poss\u00edveis propriedades anticancer\u00edgenas, a Graviola tamb\u00e9m \u00e9 reconhecida por suas capacidades analg\u00e9sicas e anti-inflamat\u00f3rias. Os extratos das folhas da planta, ricos em alcaloides e outros compostos bioativos, t\u00eam demonstrado efic\u00e1cia em aliviar dores associadas a condi\u00e7\u00f5es como a artrite. O uso tradicional da folha na forma de ch\u00e1 \u00e9 uma pr\u00e1tica comum para aliviar espasmos musculares e dores, refor\u00e7ada por estudos que corroboram seu efeito terap\u00eautico.<\/p>\n\n\n<div class=\"wp-block-image\">\n<figure class=\"aligncenter size-large\"><img decoding=\"async\" width=\"1024\" height=\"576\" src=\"https:\/\/www.correiobraziliense.com.br\/cbradar\/wp-content\/uploads\/2025\/09\/Graviola_1758830760735-1024x576.jpg\" alt=\"\" class=\"wp-image-109492\" srcset=\"https:\/\/www.correiobraziliense.com.br\/cbradar\/wp-content\/uploads\/2025\/09\/Graviola_1758830760735-1024x576.jpg 1024w, https:\/\/www.correiobraziliense.com.br\/cbradar\/wp-content\/uploads\/2025\/09\/Graviola_1758830760735-300x169.jpg 300w, https:\/\/www.correiobraziliense.com.br\/cbradar\/wp-content\/uploads\/2025\/09\/Graviola_1758830760735-768x432.jpg 768w, https:\/\/www.correiobraziliense.com.br\/cbradar\/wp-content\/uploads\/2025\/09\/Graviola_1758830760735-750x422.jpg 750w, https:\/\/www.correiobraziliense.com.br\/cbradar\/wp-content\/uploads\/2025\/09\/Graviola_1758830760735-1140x641.jpg 1140w, https:\/\/www.correiobraziliense.com.br\/cbradar\/wp-content\/uploads\/2025\/09\/Graviola_1758830760735.jpg 1280w\" sizes=\"(max-width: 1024px) 100vw, 1024px\" \/><figcaption class=\"wp-element-caption\">Graviola &#8211; Cr\u00e9ditos: depositphotos.com \/ Anny-ben<\/figcaption><\/figure><\/div>\n\n\n<h2 class=\"wp-block-heading\">Como a Graviola funciona como antioxidante no corpo?<\/h2>\n\n\n\n<p>Outro benef\u00edcio not\u00e1vel da Graviola \u00e9 sua capacidade antioxidante. Flavonoides e compostos fen\u00f3licos presentes na fruta s\u00e3o agentes capazes de combater o estresse oxidativo, condi\u00e7\u00e3o que contribui para o desenvolvimento de v\u00e1rias doen\u00e7as cr\u00f4nicas. Consumi-los pode ajudar a neutralizar os radicais livres, pois eles s\u00e3o elementos que danificam c\u00e9lulas e causam diversas complica\u00e7\u00f5es de sa\u00fade. O aumento da ingest\u00e3o desses compostos pode ser alcan\u00e7ado atrav\u00e9s do consumo regular da fruta em sua forma natural, ou como ingrediente de sucos e smoothies.<\/p>\n\n\n\n<h2 class=\"wp-block-heading\">A Graviola pode realmente prevenir o c\u00e2ncer?<\/h2>\n\n\n\n<p>Enquanto pesquisas indicam um potencial antitumoral das acetogeninas da Graviola, \u00e9 fundamental abordar tais descobertas com cautela e responsabilidade. At\u00e9 o momento, os resultados s\u00e3o predominantemente baseados em estudos pr\u00e9-cl\u00ednicos, e mais evid\u00eancias s\u00e3o necess\u00e1rias para validar seu uso em contextos m\u00e9dicos tradicionais. O que se tem observado \u00e9 uma a\u00e7\u00e3o seletiva promissora contra c\u00e9lulas cancerosas em ambiente controlado, mas o impacto no tratamento humano ainda est\u00e1 em investiga\u00e7\u00e3o.<\/p>\n\n\n\n<h2 class=\"wp-block-heading\">Explorando novos horizontes na medicina bot\u00e2nica<\/h2>\n\n\n\n<p>A Graviola continua a ser uma \u00e1rea f\u00e9rtil de estudo dentro da bot\u00e2nica medicinal. Seus compostos bioativos, notadamente as acetogeninas e os antioxidantes fen\u00f3licos, oferecem uma vasta gama de aplica\u00e7\u00f5es potenciais que podem dar origem a novas terapias naturais. \u00c0 medida que a ci\u00eancia avan\u00e7a, o papel da Graviola na sa\u00fade humana pode se expandir significativamente, pavimentando o caminho para novas descobertas e tratamentos que integrem pr\u00e1ticas tradicionais aos avan\u00e7os cient\u00edficos modernos.<\/p>\n\n\n<a href=\"https:\/\/www.instagram.com\/dra.annaluisabf\/\" target=\"_blank\" rel=\"noopener\" style=\"text-decoration: none; color: inherit;\">\n    <span style=\"display: inline-block; border: 1px solid #ccc; border-radius: 10px; padding: 15px; max-width: 550px; font-family: sans-serif; box-shadow: 0 2px 5px rgba(0,0,0,0.1); width: 100%;\">\n\n      <!-- T\u00edtulo -->\n      <span style=\"display: block; margin: 0 0 15px 0; font-weight: bold; color: #2c3e50; text-align: center;\">\n        Entre em contato:\n      <\/span>\n\n      <!-- Linha do perfil -->\n      <span style=\"display: flex; align-items: center; gap: 15px;\">\n        <img decoding=\"async\"\n          src=\"https:\/\/www.correiobraziliense.com.br\/cbradar\/wp-content\/uploads\/2025\/08\/dra_anna_luisa.jpeg\"\n          alt=\"Foto da Dra. Anna Lu\u00edsa\"\n          style=\"border-radius: 50%; width: 80px; height: 80px; object-fit: cover;\"\n        \/>\n        <span style=\"display: flex; flex-direction: column;\">\n          <span style=\"font-size: 18px; font-weight: 700; color: #2c3e50;\">Dra. Anna Lu\u00edsa Barbosa Fernandes<\/span>\n          <span style=\"color: #555;\">CRM-GO 33.271<\/span>\n        <\/span>\n      <\/span>\n\n      <!-- Redes -->\n      <span style=\"display: flex; align-items: center; gap: 10px; margin-top: 12px;\">\n        <img decoding=\"async\" src=\"https:\/\/cdn-icons-png.flaticon.com\/24\/1384\/1384063.png\" alt=\"Instagram\" width=\"24\" height=\"24\" \/>\n        <span style=\"text-decoration: underline; color: #2c3e50;\">@dra.annaluisabf<\/span>\n      <\/span>\n\n    <\/span>\n  <\/a>","protected":false},"excerpt":{"rendered":"<p>A Graviola (Annona muricata), uma fruta tropical amplamente cultivada em regi\u00f5es de clima quente, tem sido objeto de interesse tanto nas pr\u00e1ticas de medicina tradicional quanto na pesquisa cient\u00edfica contempor\u00e2nea. A planta \u00e9 valorizada n\u00e3o apenas por seu sabor distinto, mas tamb\u00e9m pelas suas in\u00fameras propriedades ben\u00e9ficas para a sa\u00fade humana. Atualmente, o foco de [&hellip;]<\/p>\n","protected":false},"author":14,"featured_media":109491,"comment_status":"open","ping_status":"open","sticky":false,"template":"","format":"standard","meta":{"_yoast_wpseo_focuskw":"Graviola","_yoast_wpseo_title":"","_yoast_wpseo_metadesc":"A graviola re\u00fane propriedades que v\u00e3o de a\u00e7\u00e3o antioxidante a efeitos promissores em estudos. Veja por que essa fruta chama tanta aten\u00e7\u00e3o.","jnews-multi-image_gallery":[],"jnews_single_post":{"format":"standard"},"jnews_primary_category":[],"jnews_social_meta":[],"jnews_override_counter":[],"footnotes":""},"categories":[4404],"post_tag":[281,615,1318],"class_list":["post-141571","post","type-post","status-publish","format-standard","has-post-thumbnail","hentry","category-saude","tag-alimentacao","tag-fruta","tag-saude-2"],"yoast_head":"<!-- This site is optimized with the Yoast SEO plugin v24.6 - https:\/\/yoast.com\/wordpress\/plugins\/seo\/ -->\n<title>A fruta medicinal mais poderosa contra inflama\u00e7\u00f5es - Correio Braziliense - Radar<\/title>\n<meta name=\"description\" content=\"A graviola re\u00fane propriedades que v\u00e3o de a\u00e7\u00e3o antioxidante a efeitos promissores em estudos. Veja por que essa fruta chama tanta aten\u00e7\u00e3o.\" \/>\n<meta name=\"robots\" content=\"index, follow, max-snippet:-1, max-image-preview:large, max-video-preview:-1\" \/>\n<link rel=\"canonical\" href=\"https:\/\/www.correiobraziliense.com.br\/cbradar\/a-fruta-medicinal-mais-poderosa-contra-inflamacoes\/\" \/>\n<meta property=\"og:locale\" content=\"pt_BR\" \/>\n<meta property=\"og:type\" content=\"article\" \/>\n<meta property=\"og:title\" content=\"A fruta medicinal mais poderosa contra inflama\u00e7\u00f5es - Correio Braziliense - Radar\" \/>\n<meta property=\"og:description\" content=\"A graviola re\u00fane propriedades que v\u00e3o de a\u00e7\u00e3o antioxidante a efeitos promissores em estudos. Veja por que essa fruta chama tanta aten\u00e7\u00e3o.\" \/>\n<meta property=\"og:url\" content=\"https:\/\/www.correiobraziliense.com.br\/cbradar\/a-fruta-medicinal-mais-poderosa-contra-inflamacoes\/\" \/>\n<meta property=\"og:site_name\" content=\"Correio Braziliense - Radar\" \/>\n<meta property=\"article:published_time\" content=\"2025-11-21T20:15:00+00:00\" \/>\n<meta property=\"og:image\" content=\"https:\/\/www.correiobraziliense.com.br\/cbradar\/wp-content\/uploads\/2025\/09\/Graviola_1758830736279.jpg\" \/>\n\t<meta property=\"og:image:width\" content=\"1280\" \/>\n\t<meta property=\"og:image:height\" content=\"720\" \/>\n\t<meta property=\"og:image:type\" content=\"image\/jpeg\" \/>\n<meta name=\"author\" content=\"guilherme_saude\" \/>\n<meta name=\"twitter:card\" content=\"summary_large_image\" \/>\n<meta name=\"twitter:label1\" content=\"Escrito por\" \/>\n\t<meta name=\"twitter:data1\" content=\"guilherme_saude\" \/>\n\t<meta name=\"twitter:label2\" content=\"Est. tempo de leitura\" \/>\n\t<meta name=\"twitter:data2\" content=\"4 minutos\" \/>\n<!-- \/ Yoast SEO plugin. -->","yoast_head_json":{"title":"A fruta medicinal mais poderosa contra inflama\u00e7\u00f5es - Correio Braziliense - Radar","description":"A graviola re\u00fane propriedades que v\u00e3o de a\u00e7\u00e3o antioxidante a efeitos promissores em estudos. Veja por que essa fruta chama tanta aten\u00e7\u00e3o.","robots":{"index":"index","follow":"follow","max-snippet":"max-snippet:-1","max-image-preview":"max-image-preview:large","max-video-preview":"max-video-preview:-1"},"canonical":"https:\/\/www.correiobraziliense.com.br\/cbradar\/a-fruta-medicinal-mais-poderosa-contra-inflamacoes\/","og_locale":"pt_BR","og_type":"article","og_title":"A fruta medicinal mais poderosa contra inflama\u00e7\u00f5es - Correio Braziliense - Radar","og_description":"A graviola re\u00fane propriedades que v\u00e3o de a\u00e7\u00e3o antioxidante a efeitos promissores em estudos. Veja por que essa fruta chama tanta aten\u00e7\u00e3o.","og_url":"https:\/\/www.correiobraziliense.com.br\/cbradar\/a-fruta-medicinal-mais-poderosa-contra-inflamacoes\/","og_site_name":"Correio Braziliense - Radar","article_published_time":"2025-11-21T20:15:00+00:00","og_image":[{"width":1280,"height":720,"url":"https:\/\/www.correiobraziliense.com.br\/cbradar\/wp-content\/uploads\/2025\/09\/Graviola_1758830736279.jpg","type":"image\/jpeg"}],"author":"guilherme_saude","twitter_card":"summary_large_image","twitter_misc":{"Escrito por":"guilherme_saude","Est. tempo de leitura":"4 minutos"},"schema":{"@context":"https:\/\/schema.org","@graph":[{"@type":"WebPage","@id":"https:\/\/www.correiobraziliense.com.br\/cbradar\/a-fruta-medicinal-mais-poderosa-contra-inflamacoes\/","url":"https:\/\/www.correiobraziliense.com.br\/cbradar\/a-fruta-medicinal-mais-poderosa-contra-inflamacoes\/","name":"A fruta medicinal mais poderosa contra inflama\u00e7\u00f5es - Correio Braziliense - Radar","isPartOf":{"@id":"https:\/\/www.correiobraziliense.com.br\/cbradar\/#website"},"primaryImageOfPage":{"@id":"https:\/\/www.correiobraziliense.com.br\/cbradar\/a-fruta-medicinal-mais-poderosa-contra-inflamacoes\/#primaryimage"},"image":{"@id":"https:\/\/www.correiobraziliense.com.br\/cbradar\/a-fruta-medicinal-mais-poderosa-contra-inflamacoes\/#primaryimage"},"thumbnailUrl":"https:\/\/www.correiobraziliense.com.br\/cbradar\/wp-content\/uploads\/2025\/09\/Graviola_1758830736279.jpg","datePublished":"2025-11-21T20:15:00+00:00","author":{"@id":"https:\/\/www.correiobraziliense.com.br\/cbradar\/#\/schema\/person\/5aa4bf3c8fa699c267933611de12978b"},"description":"A graviola re\u00fane propriedades que v\u00e3o de a\u00e7\u00e3o antioxidante a efeitos promissores em estudos. Veja por que essa fruta chama tanta aten\u00e7\u00e3o.","breadcrumb":{"@id":"https:\/\/www.correiobraziliense.com.br\/cbradar\/a-fruta-medicinal-mais-poderosa-contra-inflamacoes\/#breadcrumb"},"inLanguage":"pt-BR","potentialAction":[{"@type":"ReadAction","target":["https:\/\/www.correiobraziliense.com.br\/cbradar\/a-fruta-medicinal-mais-poderosa-contra-inflamacoes\/"]}]},{"@type":"ImageObject","inLanguage":"pt-BR","@id":"https:\/\/www.correiobraziliense.com.br\/cbradar\/a-fruta-medicinal-mais-poderosa-contra-inflamacoes\/#primaryimage","url":"https:\/\/www.correiobraziliense.com.br\/cbradar\/wp-content\/uploads\/2025\/09\/Graviola_1758830736279.jpg","contentUrl":"https:\/\/www.correiobraziliense.com.br\/cbradar\/wp-content\/uploads\/2025\/09\/Graviola_1758830736279.jpg","width":1280,"height":720,"caption":"Graviola - Cr\u00e9ditos: depositphotos.com \/ Anny-ben"},{"@type":"BreadcrumbList","@id":"https:\/\/www.correiobraziliense.com.br\/cbradar\/a-fruta-medicinal-mais-poderosa-contra-inflamacoes\/#breadcrumb","itemListElement":[{"@type":"ListItem","position":1,"name":"In\u00edcio","item":"https:\/\/www.correiobraziliense.com.br\/cbradar\/"},{"@type":"ListItem","position":2,"name":"A fruta medicinal mais poderosa contra inflama\u00e7\u00f5es"}]},{"@type":"WebSite","@id":"https:\/\/www.correiobraziliense.com.br\/cbradar\/#website","url":"https:\/\/www.correiobraziliense.com.br\/cbradar\/","name":"Correio Braziliense - Radar","description":"Acompanhe as \u00faltimas not\u00edcias e fique bem informado sobre tudo o que acontece no Brasil e no mundo.","potentialAction":[{"@type":"SearchAction","target":{"@type":"EntryPoint","urlTemplate":"https:\/\/www.correiobraziliense.com.br\/cbradar\/?s={search_term_string}"},"query-input":{"@type":"PropertyValueSpecification","valueRequired":true,"valueName":"search_term_string"}}],"inLanguage":"pt-BR"},{"@type":"Person","@id":"https:\/\/www.correiobraziliense.com.br\/cbradar\/#\/schema\/person\/5aa4bf3c8fa699c267933611de12978b","name":"guilherme_saude","image":{"@type":"ImageObject","inLanguage":"pt-BR","@id":"https:\/\/www.correiobraziliense.com.br\/cbradar\/#\/schema\/person\/image\/","url":"https:\/\/secure.gravatar.com\/avatar\/df9adfb835d344bc0af109d41756253f?s=96&d=mm&r=g","contentUrl":"https:\/\/secure.gravatar.com\/avatar\/df9adfb835d344bc0af109d41756253f?s=96&d=mm&r=g","caption":"guilherme_saude"},"url":"https:\/\/www.correiobraziliense.com.br\/cbradar\/author\/guilherme_saude\/"}]}},"_links":{"self":[{"href":"https:\/\/www.correiobraziliense.com.br\/cbradar\/wp-json\/wp\/v2\/posts\/141571","targetHints":{"allow":["GET"]}}],"collection":[{"href":"https:\/\/www.correiobraziliense.com.br\/cbradar\/wp-json\/wp\/v2\/posts"}],"about":[{"href":"https:\/\/www.correiobraziliense.com.br\/cbradar\/wp-json\/wp\/v2\/types\/post"}],"author":[{"embeddable":true,"href":"https:\/\/www.correiobraziliense.com.br\/cbradar\/wp-json\/wp\/v2\/users\/14"}],"replies":[{"embeddable":true,"href":"https:\/\/www.correiobraziliense.com.br\/cbradar\/wp-json\/wp\/v2\/comments?post=141571"}],"version-history":[{"count":1,"href":"https:\/\/www.correiobraziliense.com.br\/cbradar\/wp-json\/wp\/v2\/posts\/141571\/revisions"}],"predecessor-version":[{"id":141578,"href":"https:\/\/www.correiobraziliense.com.br\/cbradar\/wp-json\/wp\/v2\/posts\/141571\/revisions\/141578"}],"wp:featuredmedia":[{"embeddable":true,"href":"https:\/\/www.correiobraziliense.com.br\/cbradar\/wp-json\/wp\/v2\/media\/109491"}],"wp:attachment":[{"href":"https:\/\/www.correiobraziliense.com.br\/cbradar\/wp-json\/wp\/v2\/media?parent=141571"}],"wp:term":[{"taxonomy":"category","embeddable":true,"href":"https:\/\/www.correiobraziliense.com.br\/cbradar\/wp-json\/wp\/v2\/categories?post=141571"},{"taxonomy":"post_tag","embeddable":true,"href":"https:\/\/www.correiobraziliense.com.br\/cbradar\/wp-json\/wp\/v2\/post_tag?post=141571"}],"curies":[{"name":"wp","href":"https:\/\/api.w.org\/{rel}","templated":true}]}}