{"id":141613,"date":"2025-11-22T06:05:00","date_gmt":"2025-11-22T09:05:00","guid":{"rendered":"https:\/\/www.correiobraziliense.com.br\/cbradar\/?p=141613"},"modified":"2025-11-20T20:24:03","modified_gmt":"2025-11-20T23:24:03","slug":"entenda-como-a-amora-reduz-ondas-de-calor-e-ajuda-na-prevencao-da-osteoporose","status":"publish","type":"post","link":"https:\/\/www.correiobraziliense.com.br\/cbradar\/entenda-como-a-amora-reduz-ondas-de-calor-e-ajuda-na-prevencao-da-osteoporose\/","title":{"rendered":"Entenda como a amora reduz ondas de calor e ajuda na preven\u00e7\u00e3o da osteoporose"},"content":{"rendered":"\n<p>Uma das aplica\u00e7\u00f5es mais not\u00e1veis da <strong>Amora <\/strong>\u00e9 sua contribui\u00e7\u00e3o para a sa\u00fade hormonal, especificamente em mulheres durante a menopausa. Durante esse per\u00edodo, as altera\u00e7\u00f5es hormonais s\u00e3o frequentemente acompanhadas por sintomas inc\u00f4modos, como as conhecidas ondas de calor. Os fitoestr\u00f3genos presentes na Amora, compostos que possuem estruturas semelhantes aos horm\u00f4nios estrog\u00eanicos, s\u00e3o capazes de interagir com os receptores estrog\u00eanicos no corpo, proporcionando al\u00edvio para esses sintomas. Tal propriedade faz da Amora uma alternativa natural e promissora \u00e0 terapia hormonal tradicional.<\/p>\n\n\n\n<h2 class=\"wp-block-heading\">Como a Amora atua na regula\u00e7\u00e3o hormonal na menopausa?<\/h2>\n\n\n<div class=\"wp-block-image\">\n<figure class=\"aligncenter size-large\"><img decoding=\"async\" width=\"1024\" height=\"576\" src=\"https:\/\/www.correiobraziliense.com.br\/cbradar\/wp-content\/uploads\/2025\/11\/Amora_1763681038038-1024x576.jpg\" alt=\"\" class=\"wp-image-141614\" srcset=\"https:\/\/www.correiobraziliense.com.br\/cbradar\/wp-content\/uploads\/2025\/11\/Amora_1763681038038-1024x576.jpg 1024w, https:\/\/www.correiobraziliense.com.br\/cbradar\/wp-content\/uploads\/2025\/11\/Amora_1763681038038-300x169.jpg 300w, https:\/\/www.correiobraziliense.com.br\/cbradar\/wp-content\/uploads\/2025\/11\/Amora_1763681038038-768x432.jpg 768w, https:\/\/www.correiobraziliense.com.br\/cbradar\/wp-content\/uploads\/2025\/11\/Amora_1763681038038-750x422.jpg 750w, https:\/\/www.correiobraziliense.com.br\/cbradar\/wp-content\/uploads\/2025\/11\/Amora_1763681038038-1140x641.jpg 1140w, https:\/\/www.correiobraziliense.com.br\/cbradar\/wp-content\/uploads\/2025\/11\/Amora_1763681038038.jpg 1280w\" sizes=\"(max-width: 1024px) 100vw, 1024px\" \/><figcaption class=\"wp-element-caption\">Amora &#8211; Cr\u00e9ditos: depositphotos.com \/ mallivan<\/figcaption><\/figure><\/div>\n\n\n<p>A menopausa representa uma fase significativa na vida de qualquer mulher, sendo marcada por uma s\u00e9rie de mudan\u00e7as fisiol\u00f3gicas devido \u00e0 redu\u00e7\u00e3o dos n\u00edveis de estrog\u00eanio. Nesse contexto, os fitoestr\u00f3genos obtidos do consumo de Amora podem atuar como uma solu\u00e7\u00e3o eficaz. Eles possuem capacidade de ajustar delicadamente o balan\u00e7o hormonal, aliviando muitos dos sintomas desagrad\u00e1veis associados a essa transi\u00e7\u00e3o, como suores noturnos e altera\u00e7\u00f5es de humor. Essas propriedades fazem da amora uma op\u00e7\u00e3o valiosa para quem busca m\u00e9todos naturais de tratamento.<\/p>\n\n\n\n<h2 class=\"wp-block-heading\">Qual \u00e9 o papel antioxidante da Amora?<\/h2>\n\n\n\n<p>Al\u00e9m das propriedades hormonais, a Amora\u00e9 uma fonte poderosa de antioxidantes, particularmente de antocianinas. Esses antioxidantes s\u00e3o respons\u00e1veis pela cor vibrante do fruto e desempenham um papel crucial na neutraliza\u00e7\u00e3o dos radicais livres. Esses radicais s\u00e3o mol\u00e9culas inst\u00e1veis que, se n\u00e3o controladas, podem causar danos \u00e0s c\u00e9lulas, acelerando o processo de envelhecimento e contribuindo para o desenvolvimento de doen\u00e7as cr\u00f4nicas. Ao incorporar a Amora na dieta, pode-se obter uma prote\u00e7\u00e3o eficaz contra o estresse oxidativo.<\/p>\n\n\n\n<h2 class=\"wp-block-heading\">Quais s\u00e3o os benef\u00edcios da Amora para a sa\u00fade dos ossos?<\/h2>\n\n\n\n<p>O fortalecimento \u00f3sseo \u00e9 outro campo onde a Amora demonstra sua efic\u00e1cia. Com ingredientes ativos que incluem c\u00e1lcio e pot\u00e1ssio, al\u00e9m dos ben\u00e9ficos fitoestr\u00f3genos, a amora ajuda na manuten\u00e7\u00e3o da densidade mineral dos ossos, sendo especialmente ben\u00e9fica durante e ap\u00f3s a menopausa, quando a densidade \u00f3ssea tende a diminuir. Esse efeito \u00e9 de extrema import\u00e2ncia na preven\u00e7\u00e3o de condi\u00e7\u00f5es como a osteoporose. Incorporar amoras na dieta di\u00e1ria ou consumir seu ch\u00e1 pode ser uma abordagem preventiva eficaz para se manter a sa\u00fade \u00f3ssea ao longo dos anos.<\/p>\n\n\n\n<p>Em suma, a Amora n\u00e3o s\u00f3 encanta o paladar como tamb\u00e9m oferece benef\u00edcios que v\u00e3o al\u00e9m da nutri\u00e7\u00e3o b\u00e1sica. Sempre \u00e9 aconselh\u00e1vel buscar orienta\u00e7\u00e3o profissional antes de mudan\u00e7as significativas na dieta, especialmente ao considerar a introdu\u00e7\u00e3o de rem\u00e9dios naturais. Portanto, a Amora surge n\u00e3o apenas como uma fruta saborosa e nutritiva, mas tamb\u00e9m como um importante componente na busca por um equil\u00edbrio vital e bem-estar geral.<\/p>\n\n\n<a href=\"https:\/\/www.instagram.com\/dra.annaluisabf\/\" target=\"_blank\" rel=\"noopener\" style=\"text-decoration: none; color: inherit;\">\n    <span style=\"display: inline-block; border: 1px solid #ccc; border-radius: 10px; padding: 15px; max-width: 550px; font-family: sans-serif; box-shadow: 0 2px 5px rgba(0,0,0,0.1); width: 100%;\">\n\n      <!-- T\u00edtulo -->\n      <span style=\"display: block; margin: 0 0 15px 0; font-weight: bold; color: #2c3e50; text-align: center;\">\n        Entre em contato:\n      <\/span>\n\n      <!-- Linha do perfil -->\n      <span style=\"display: flex; align-items: center; gap: 15px;\">\n        <img decoding=\"async\"\n          src=\"https:\/\/www.correiobraziliense.com.br\/cbradar\/wp-content\/uploads\/2025\/08\/dra_anna_luisa.jpeg\"\n          alt=\"Foto da Dra. Anna Lu\u00edsa\"\n          style=\"border-radius: 50%; width: 80px; height: 80px; object-fit: cover;\"\n        \/>\n        <span style=\"display: flex; flex-direction: column;\">\n          <span style=\"font-size: 18px; font-weight: 700; color: #2c3e50;\">Dra. Anna Lu\u00edsa Barbosa Fernandes<\/span>\n          <span style=\"color: #555;\">CRM-GO 33.271<\/span>\n        <\/span>\n      <\/span>\n\n      <!-- Redes -->\n      <span style=\"display: flex; align-items: center; gap: 10px; margin-top: 12px;\">\n        <img decoding=\"async\" src=\"https:\/\/cdn-icons-png.flaticon.com\/24\/1384\/1384063.png\" alt=\"Instagram\" width=\"24\" height=\"24\" \/>\n        <span style=\"text-decoration: underline; color: #2c3e50;\">@dra.annaluisabf<\/span>\n      <\/span>\n\n    <\/span>\n  <\/a>","protected":false},"excerpt":{"rendered":"<p>Uma das aplica\u00e7\u00f5es mais not\u00e1veis da Amora \u00e9 sua contribui\u00e7\u00e3o para a sa\u00fade hormonal, especificamente em mulheres durante a menopausa. Durante esse per\u00edodo, as altera\u00e7\u00f5es hormonais s\u00e3o frequentemente acompanhadas por sintomas inc\u00f4modos, como as conhecidas ondas de calor. Os fitoestr\u00f3genos presentes na Amora, compostos que possuem estruturas semelhantes aos horm\u00f4nios estrog\u00eanicos, s\u00e3o capazes de interagir [&hellip;]<\/p>\n","protected":false},"author":14,"featured_media":131124,"comment_status":"open","ping_status":"open","sticky":false,"template":"","format":"standard","meta":{"_yoast_wpseo_focuskw":"Amora","_yoast_wpseo_title":"","_yoast_wpseo_metadesc":"A amora-preta tem efeitos poderosos no equil\u00edbrio hormonal, nos ossos e contra o envelhecimento. Veja por que essa fruta chama tanta aten\u00e7\u00e3o.","jnews-multi-image_gallery":[],"jnews_single_post":{"format":"standard"},"jnews_primary_category":[],"jnews_social_meta":[],"jnews_override_counter":[],"footnotes":""},"categories":[4404],"tags":[281,120,1318],"class_list":["post-141613","post","type-post","status-publish","format-standard","has-post-thumbnail","hentry","category-saude","tag-alimentacao","tag-bem-estar","tag-saude-2"],"yoast_head":"<!-- This site is optimized with the Yoast SEO plugin v24.6 - https:\/\/yoast.com\/wordpress\/plugins\/seo\/ -->\n<title>Entenda como a amora reduz ondas de calor e ajuda na preven\u00e7\u00e3o da osteoporose - Correio Braziliense - Radar<\/title>\n<meta name=\"description\" content=\"A amora-preta tem efeitos poderosos no equil\u00edbrio hormonal, nos ossos e contra o envelhecimento. Veja por que essa fruta chama tanta aten\u00e7\u00e3o.\" \/>\n<meta name=\"robots\" content=\"index, follow, max-snippet:-1, max-image-preview:large, max-video-preview:-1\" \/>\n<link rel=\"canonical\" href=\"https:\/\/www.correiobraziliense.com.br\/cbradar\/entenda-como-a-amora-reduz-ondas-de-calor-e-ajuda-na-prevencao-da-osteoporose\/\" \/>\n<meta property=\"og:locale\" content=\"pt_BR\" \/>\n<meta property=\"og:type\" content=\"article\" \/>\n<meta property=\"og:title\" content=\"Entenda como a amora reduz ondas de calor e ajuda na preven\u00e7\u00e3o da osteoporose - Correio Braziliense - Radar\" \/>\n<meta property=\"og:description\" content=\"A amora-preta tem efeitos poderosos no equil\u00edbrio hormonal, nos ossos e contra o envelhecimento. Veja por que essa fruta chama tanta aten\u00e7\u00e3o.\" \/>\n<meta property=\"og:url\" content=\"https:\/\/www.correiobraziliense.com.br\/cbradar\/entenda-como-a-amora-reduz-ondas-de-calor-e-ajuda-na-prevencao-da-osteoporose\/\" \/>\n<meta property=\"og:site_name\" content=\"Correio Braziliense - Radar\" \/>\n<meta property=\"article:published_time\" content=\"2025-11-22T09:05:00+00:00\" \/>\n<meta property=\"og:image\" content=\"https:\/\/www.correiobraziliense.com.br\/cbradar\/wp-content\/uploads\/2025\/11\/Folha-de-Amora_1762198113086.jpg\" \/>\n\t<meta property=\"og:image:width\" content=\"1280\" \/>\n\t<meta property=\"og:image:height\" content=\"720\" \/>\n\t<meta property=\"og:image:type\" content=\"image\/jpeg\" \/>\n<meta name=\"author\" content=\"guilherme_saude\" \/>\n<meta name=\"twitter:card\" content=\"summary_large_image\" \/>\n<meta name=\"twitter:label1\" content=\"Escrito por\" \/>\n\t<meta name=\"twitter:data1\" content=\"guilherme_saude\" \/>\n\t<meta name=\"twitter:label2\" content=\"Est. tempo de leitura\" \/>\n\t<meta name=\"twitter:data2\" content=\"4 minutos\" \/>\n<!-- \/ Yoast SEO plugin. -->","yoast_head_json":{"title":"Entenda como a amora reduz ondas de calor e ajuda na preven\u00e7\u00e3o da osteoporose - Correio Braziliense - Radar","description":"A amora-preta tem efeitos poderosos no equil\u00edbrio hormonal, nos ossos e contra o envelhecimento. Veja por que essa fruta chama tanta aten\u00e7\u00e3o.","robots":{"index":"index","follow":"follow","max-snippet":"max-snippet:-1","max-image-preview":"max-image-preview:large","max-video-preview":"max-video-preview:-1"},"canonical":"https:\/\/www.correiobraziliense.com.br\/cbradar\/entenda-como-a-amora-reduz-ondas-de-calor-e-ajuda-na-prevencao-da-osteoporose\/","og_locale":"pt_BR","og_type":"article","og_title":"Entenda como a amora reduz ondas de calor e ajuda na preven\u00e7\u00e3o da osteoporose - Correio Braziliense - Radar","og_description":"A amora-preta tem efeitos poderosos no equil\u00edbrio hormonal, nos ossos e contra o envelhecimento. Veja por que essa fruta chama tanta aten\u00e7\u00e3o.","og_url":"https:\/\/www.correiobraziliense.com.br\/cbradar\/entenda-como-a-amora-reduz-ondas-de-calor-e-ajuda-na-prevencao-da-osteoporose\/","og_site_name":"Correio Braziliense - Radar","article_published_time":"2025-11-22T09:05:00+00:00","og_image":[{"width":1280,"height":720,"url":"https:\/\/www.correiobraziliense.com.br\/cbradar\/wp-content\/uploads\/2025\/11\/Folha-de-Amora_1762198113086.jpg","type":"image\/jpeg"}],"author":"guilherme_saude","twitter_card":"summary_large_image","twitter_misc":{"Escrito por":"guilherme_saude","Est. tempo de leitura":"4 minutos"},"schema":{"@context":"https:\/\/schema.org","@graph":[{"@type":"WebPage","@id":"https:\/\/www.correiobraziliense.com.br\/cbradar\/entenda-como-a-amora-reduz-ondas-de-calor-e-ajuda-na-prevencao-da-osteoporose\/","url":"https:\/\/www.correiobraziliense.com.br\/cbradar\/entenda-como-a-amora-reduz-ondas-de-calor-e-ajuda-na-prevencao-da-osteoporose\/","name":"Entenda como a amora reduz ondas de calor e ajuda na preven\u00e7\u00e3o da osteoporose - Correio Braziliense - Radar","isPartOf":{"@id":"https:\/\/www.correiobraziliense.com.br\/cbradar\/#website"},"primaryImageOfPage":{"@id":"https:\/\/www.correiobraziliense.com.br\/cbradar\/entenda-como-a-amora-reduz-ondas-de-calor-e-ajuda-na-prevencao-da-osteoporose\/#primaryimage"},"image":{"@id":"https:\/\/www.correiobraziliense.com.br\/cbradar\/entenda-como-a-amora-reduz-ondas-de-calor-e-ajuda-na-prevencao-da-osteoporose\/#primaryimage"},"thumbnailUrl":"https:\/\/www.correiobraziliense.com.br\/cbradar\/wp-content\/uploads\/2025\/11\/Folha-de-Amora_1762198113086.jpg","datePublished":"2025-11-22T09:05:00+00:00","author":{"@id":"https:\/\/www.correiobraziliense.com.br\/cbradar\/#\/schema\/person\/5aa4bf3c8fa699c267933611de12978b"},"description":"A amora-preta tem efeitos poderosos no equil\u00edbrio hormonal, nos ossos e contra o envelhecimento. Veja por que essa fruta chama tanta aten\u00e7\u00e3o.","breadcrumb":{"@id":"https:\/\/www.correiobraziliense.com.br\/cbradar\/entenda-como-a-amora-reduz-ondas-de-calor-e-ajuda-na-prevencao-da-osteoporose\/#breadcrumb"},"inLanguage":"pt-BR","potentialAction":[{"@type":"ReadAction","target":["https:\/\/www.correiobraziliense.com.br\/cbradar\/entenda-como-a-amora-reduz-ondas-de-calor-e-ajuda-na-prevencao-da-osteoporose\/"]}]},{"@type":"ImageObject","inLanguage":"pt-BR","@id":"https:\/\/www.correiobraziliense.com.br\/cbradar\/entenda-como-a-amora-reduz-ondas-de-calor-e-ajuda-na-prevencao-da-osteoporose\/#primaryimage","url":"https:\/\/www.correiobraziliense.com.br\/cbradar\/wp-content\/uploads\/2025\/11\/Folha-de-Amora_1762198113086.jpg","contentUrl":"https:\/\/www.correiobraziliense.com.br\/cbradar\/wp-content\/uploads\/2025\/11\/Folha-de-Amora_1762198113086.jpg","width":1280,"height":720,"caption":"Folha de Amora - Cr\u00e9ditos: depositphotos.com \/ msk_nina"},{"@type":"BreadcrumbList","@id":"https:\/\/www.correiobraziliense.com.br\/cbradar\/entenda-como-a-amora-reduz-ondas-de-calor-e-ajuda-na-prevencao-da-osteoporose\/#breadcrumb","itemListElement":[{"@type":"ListItem","position":1,"name":"In\u00edcio","item":"https:\/\/www.correiobraziliense.com.br\/cbradar\/"},{"@type":"ListItem","position":2,"name":"Entenda como a amora reduz ondas de calor e ajuda na preven\u00e7\u00e3o da osteoporose"}]},{"@type":"WebSite","@id":"https:\/\/www.correiobraziliense.com.br\/cbradar\/#website","url":"https:\/\/www.correiobraziliense.com.br\/cbradar\/","name":"Correio Braziliense - Radar","description":"Acompanhe as \u00faltimas not\u00edcias e fique bem informado sobre tudo o que acontece no Brasil e no mundo.","potentialAction":[{"@type":"SearchAction","target":{"@type":"EntryPoint","urlTemplate":"https:\/\/www.correiobraziliense.com.br\/cbradar\/?s={search_term_string}"},"query-input":{"@type":"PropertyValueSpecification","valueRequired":true,"valueName":"search_term_string"}}],"inLanguage":"pt-BR"},{"@type":"Person","@id":"https:\/\/www.correiobraziliense.com.br\/cbradar\/#\/schema\/person\/5aa4bf3c8fa699c267933611de12978b","name":"guilherme_saude","image":{"@type":"ImageObject","inLanguage":"pt-BR","@id":"https:\/\/www.correiobraziliense.com.br\/cbradar\/#\/schema\/person\/image\/","url":"https:\/\/secure.gravatar.com\/avatar\/df9adfb835d344bc0af109d41756253f?s=96&d=mm&r=g","contentUrl":"https:\/\/secure.gravatar.com\/avatar\/df9adfb835d344bc0af109d41756253f?s=96&d=mm&r=g","caption":"guilherme_saude"},"url":"https:\/\/www.correiobraziliense.com.br\/cbradar\/author\/guilherme_saude\/"}]}},"_links":{"self":[{"href":"https:\/\/www.correiobraziliense.com.br\/cbradar\/wp-json\/wp\/v2\/posts\/141613","targetHints":{"allow":["GET"]}}],"collection":[{"href":"https:\/\/www.correiobraziliense.com.br\/cbradar\/wp-json\/wp\/v2\/posts"}],"about":[{"href":"https:\/\/www.correiobraziliense.com.br\/cbradar\/wp-json\/wp\/v2\/types\/post"}],"author":[{"embeddable":true,"href":"https:\/\/www.correiobraziliense.com.br\/cbradar\/wp-json\/wp\/v2\/users\/14"}],"replies":[{"embeddable":true,"href":"https:\/\/www.correiobraziliense.com.br\/cbradar\/wp-json\/wp\/v2\/comments?post=141613"}],"version-history":[{"count":1,"href":"https:\/\/www.correiobraziliense.com.br\/cbradar\/wp-json\/wp\/v2\/posts\/141613\/revisions"}],"predecessor-version":[{"id":141616,"href":"https:\/\/www.correiobraziliense.com.br\/cbradar\/wp-json\/wp\/v2\/posts\/141613\/revisions\/141616"}],"wp:featuredmedia":[{"embeddable":true,"href":"https:\/\/www.correiobraziliense.com.br\/cbradar\/wp-json\/wp\/v2\/media\/131124"}],"wp:attachment":[{"href":"https:\/\/www.correiobraziliense.com.br\/cbradar\/wp-json\/wp\/v2\/media?parent=141613"}],"wp:term":[{"taxonomy":"category","embeddable":true,"href":"https:\/\/www.correiobraziliense.com.br\/cbradar\/wp-json\/wp\/v2\/categories?post=141613"},{"taxonomy":"post_tag","embeddable":true,"href":"https:\/\/www.correiobraziliense.com.br\/cbradar\/wp-json\/wp\/v2\/tags?post=141613"}],"curies":[{"name":"wp","href":"https:\/\/api.w.org\/{rel}","templated":true}]}}