{"id":141620,"date":"2025-11-22T07:45:00","date_gmt":"2025-11-22T10:45:00","guid":{"rendered":"https:\/\/www.correiobraziliense.com.br\/cbradar\/?p=141620"},"modified":"2025-11-20T20:29:23","modified_gmt":"2025-11-20T23:29:23","slug":"essa-raiz-e-ideal-para-reduzir-a-inflamacao-do-estomago-e-da-garganta","status":"publish","type":"post","link":"https:\/\/www.correiobraziliense.com.br\/cbradar\/essa-raiz-e-ideal-para-reduzir-a-inflamacao-do-estomago-e-da-garganta\/","title":{"rendered":"Essa raiz \u00e9 ideal para reduzir a inflama\u00e7\u00e3o do est\u00f4mago e da garganta"},"content":{"rendered":"\n<p>O <strong>Gengibre<\/strong>, uma raiz de origem asi\u00e1tica, tem sido altamente valorizado tanto na culin\u00e1ria quanto na medicina tradicional e moderna. Este rizoma \u00e9 bastante conhecido por sua capacidade de melhorar a <a href=\"https:\/\/www.correiobraziliense.com.br\/cbradar\/dr-cesar-cimonari-o-avanco-que-devolve-o-movimento-apos-cirurgia-de-coluna\/\" target=\"_blank\" rel=\"noreferrer noopener\">sa\u00fade <\/a>humana atrav\u00e9s de seus compostos antioxidantes e anti-inflamat\u00f3rios. Os comp\u00f3sitos presentes na raiz, como o gingerol, oferecem uma s\u00e9rie de propriedades ben\u00e9ficas para o bem-estar geral.<\/p>\n\n\n\n<p>De maneira significativa, o Gengibre \u00e9 utilizado para tratar problemas digestivos. Muitos recorrem a essa raiz para aliviar sintomas de m\u00e1 digest\u00e3o e desconfortos estomacais, como n\u00e1useas e incha\u00e7os. Estudos indicam que o gengibre pode estimular a atividade enzim\u00e1tica do sistema digestivo, promovendo uma digest\u00e3o mais eficiente. Este aspecto torna o gengibre um complemento popular em diferentes dietas, pois al\u00e9m de contribuir para um sistema digestivo saud\u00e1vel, \u00e9 facilmente incorporado em diversas receitas.<\/p>\n\n\n\n<h2 class=\"wp-block-heading\">De que forma o Gengibre auxilia na digest\u00e3o?<\/h2>\n\n\n\n<p>A utiliza\u00e7\u00e3o do gengibre no aux\u00edlio da digest\u00e3o \u00e9 amplamente documentada. Ele n\u00e3o apenas ajuda a reduzir a sensa\u00e7\u00e3o de desconforto, mas tamb\u00e9m trabalha para melhorar o funcionamento global do sistema digestivo. Ao melhorar a movimenta\u00e7\u00e3o do trato gastrointestinal e aumentar a produ\u00e7\u00e3o de enzimas digestivas, o gengibre auxilia na metaboliza\u00e7\u00e3o mais r\u00e1pida e eficaz dos alimentos ingeridos.<\/p>\n\n\n\n<h2 class=\"wp-block-heading\">O Gengibre tem algum efeito sobre a garganta?<\/h2>\n\n\n\n<figure class=\"wp-block-image aligncenter size-large\"><img decoding=\"async\" width=\"1024\" height=\"576\" src=\"https:\/\/www.correiobraziliense.com.br\/cbradar\/wp-content\/uploads\/2025\/05\/cha-de-gengibre_1746901280255-1024x576.jpg\" alt=\"\" class=\"wp-image-35081\" srcset=\"https:\/\/www.correiobraziliense.com.br\/cbradar\/wp-content\/uploads\/2025\/05\/cha-de-gengibre_1746901280255-1024x576.jpg 1024w, https:\/\/www.correiobraziliense.com.br\/cbradar\/wp-content\/uploads\/2025\/05\/cha-de-gengibre_1746901280255-300x169.jpg 300w, https:\/\/www.correiobraziliense.com.br\/cbradar\/wp-content\/uploads\/2025\/05\/cha-de-gengibre_1746901280255-768x432.jpg 768w, https:\/\/www.correiobraziliense.com.br\/cbradar\/wp-content\/uploads\/2025\/05\/cha-de-gengibre_1746901280255-750x422.jpg 750w, https:\/\/www.correiobraziliense.com.br\/cbradar\/wp-content\/uploads\/2025\/05\/cha-de-gengibre_1746901280255-1140x641.jpg 1140w, https:\/\/www.correiobraziliense.com.br\/cbradar\/wp-content\/uploads\/2025\/05\/cha-de-gengibre_1746901280255.jpg 1280w\" sizes=\"(max-width: 1024px) 100vw, 1024px\" \/><figcaption class=\"wp-element-caption\">ch\u00e1 de gengibre  Cr\u00e9ditos: depositphotos.com \/ VadimVasenin\n<\/figcaption><\/figure>\n\n\n\n<p>O uso do gengibre n\u00e3o se limita apenas ao al\u00edvio digestivo; ele tamb\u00e9m \u00e9 eficaz para problemas de garganta. Suas propriedades anti-inflamat\u00f3rias ajudam a aliviar dores e irrita\u00e7\u00f5es, comum em inflama\u00e7\u00f5es e resfriados. Ch\u00e1s feitos com gengibre s\u00e3o frequentemente consumidos para acalmar a garganta, proporcionando uma sensa\u00e7\u00e3o de al\u00edvio enquanto elevam a imunidade.<\/p>\n\n\n\n<h2 class=\"wp-block-heading\">Quais s\u00e3o as formas mais pr\u00e1ticas de consumo do Gengibre?<\/h2>\n\n\n\n<p>Integrar o gengibre \u00e0 alimenta\u00e7\u00e3o di\u00e1ria pode ser feito de v\u00e1rias maneiras simples e eficazes. Seja fresco, ralado em pratos e bebidas ou em p\u00f3 em sopas e ch\u00e1s, ele traz um toque picante e saboroso \u00e0s receitas. Algumas ideias incluem:<\/p>\n\n\n\n<ul class=\"wp-block-list\">\n<li>Incorporar gengibre ralado a sucos frescos e saladas.<\/li>\n\n\n\n<li>Adicion\u00e1-lo em p\u00f3 a infus\u00f5es de ch\u00e1 e caldos.<\/li>\n\n\n\n<li>Preparar ch\u00e1s calmantes com fatias de gengibre, lim\u00e3o e uma colher de mel.<\/li>\n\n\n\n<li>Consumir pequenas fatias cruas antes das refei\u00e7\u00f5es para agu\u00e7ar o paladar.<\/li>\n<\/ul>\n\n\n\n<h2 class=\"wp-block-heading\">Que cuidados devem ser observados ao consumir Gengibre?<\/h2>\n\n\n\n<p>Apesar de seus vastos benef\u00edcios, o gengibre deve ser consumido com cautela. Ingerir grandes quantidades pode resultar em efeitos indesej\u00e1veis, como azia. Por isso, recomenda-se consumir entre 1 e 2 gramas por dia. Quem toma medicamentos regularmente ou possui condi\u00e7\u00f5es m\u00e9dicas espec\u00edficas deve consultar um m\u00e9dico antes de aumentar o uso de gengibre, garantindo n\u00e3o haver complica\u00e7\u00f5es ou intera\u00e7\u00f5es indesejadas.<\/p>\n\n\n\n<p>Considerando suas propriedades ben\u00e9ficas, o gengibre continua a ser uma escolha popular para aqueles que buscam m\u00e9todos naturais para melhorar a sa\u00fade digestiva e al\u00edvio de desconfortos na garganta. O seu uso moderado \u00e9 capaz de proporcionar melhorias not\u00e1veis no bem-estar di\u00e1rio.<\/p>\n\n\n<a href=\"https:\/\/www.instagram.com\/dra.annaluisabf\/\" target=\"_blank\" rel=\"noopener\" style=\"text-decoration: none; color: inherit;\">\n    <span style=\"display: inline-block; border: 1px solid #ccc; border-radius: 10px; padding: 15px; max-width: 550px; font-family: sans-serif; box-shadow: 0 2px 5px rgba(0,0,0,0.1); width: 100%;\">\n\n      <!-- T\u00edtulo -->\n      <span style=\"display: block; margin: 0 0 15px 0; font-weight: bold; color: #2c3e50; text-align: center;\">\n        Entre em contato:\n      <\/span>\n\n      <!-- Linha do perfil -->\n      <span style=\"display: flex; align-items: center; gap: 15px;\">\n        <img decoding=\"async\"\n          src=\"https:\/\/www.correiobraziliense.com.br\/cbradar\/wp-content\/uploads\/2025\/08\/dra_anna_luisa.jpeg\"\n          alt=\"Foto da Dra. Anna Lu\u00edsa\"\n          style=\"border-radius: 50%; width: 80px; height: 80px; object-fit: cover;\"\n        \/>\n        <span style=\"display: flex; flex-direction: column;\">\n          <span style=\"font-size: 18px; font-weight: 700; color: #2c3e50;\">Dra. Anna Lu\u00edsa Barbosa Fernandes<\/span>\n          <span style=\"color: #555;\">CRM-GO 33.271<\/span>\n        <\/span>\n      <\/span>\n\n      <!-- Redes -->\n      <span style=\"display: flex; align-items: center; gap: 10px; margin-top: 12px;\">\n        <img decoding=\"async\" src=\"https:\/\/cdn-icons-png.flaticon.com\/24\/1384\/1384063.png\" alt=\"Instagram\" width=\"24\" height=\"24\" \/>\n        <span style=\"text-decoration: underline; color: #2c3e50;\">@dra.annaluisabf<\/span>\n      <\/span>\n\n    <\/span>\n  <\/a>","protected":false},"excerpt":{"rendered":"<p>O Gengibre, uma raiz de origem asi\u00e1tica, tem sido altamente valorizado tanto na culin\u00e1ria quanto na medicina tradicional e moderna. Este rizoma \u00e9 bastante conhecido por sua capacidade de melhorar a sa\u00fade humana atrav\u00e9s de seus compostos antioxidantes e anti-inflamat\u00f3rios. Os comp\u00f3sitos presentes na raiz, como o gingerol, oferecem uma s\u00e9rie de propriedades ben\u00e9ficas para [&hellip;]<\/p>\n","protected":false},"author":14,"featured_media":140170,"comment_status":"open","ping_status":"open","sticky":false,"template":"","format":"standard","meta":{"_yoast_wpseo_focuskw":"Gengibres","_yoast_wpseo_title":"","_yoast_wpseo_metadesc":"O gengibre tem efeitos impressionantes no sistema digestivo e imunidade. Veja como consumi-lo corretamente para aproveitar seus benef\u00edcios.","jnews-multi-image_gallery":[],"jnews_single_post":{"format":"standard"},"jnews_primary_category":[],"jnews_social_meta":[],"jnews_override_counter":[],"footnotes":""},"categories":[4404],"post_tag":[281,1423,404,1318],"class_list":["post-141620","post","type-post","status-publish","format-standard","has-post-thumbnail","hentry","category-saude","tag-alimentacao","tag-alimentos","tag-psicologia","tag-saude-2"],"yoast_head":"<!-- This site is optimized with the Yoast SEO plugin v24.6 - https:\/\/yoast.com\/wordpress\/plugins\/seo\/ -->\n<title>Essa raiz \u00e9 ideal para reduzir a inflama\u00e7\u00e3o do est\u00f4mago e da garganta - Correio Braziliense - Radar<\/title>\n<meta name=\"description\" content=\"O gengibre tem efeitos impressionantes no sistema digestivo e imunidade. Veja como consumi-lo corretamente para aproveitar seus benef\u00edcios.\" \/>\n<meta name=\"robots\" content=\"index, follow, max-snippet:-1, max-image-preview:large, max-video-preview:-1\" \/>\n<link rel=\"canonical\" href=\"https:\/\/www.correiobraziliense.com.br\/cbradar\/essa-raiz-e-ideal-para-reduzir-a-inflamacao-do-estomago-e-da-garganta\/\" \/>\n<meta property=\"og:locale\" content=\"pt_BR\" \/>\n<meta property=\"og:type\" content=\"article\" \/>\n<meta property=\"og:title\" content=\"Essa raiz \u00e9 ideal para reduzir a inflama\u00e7\u00e3o do est\u00f4mago e da garganta - Correio Braziliense - Radar\" \/>\n<meta property=\"og:description\" content=\"O gengibre tem efeitos impressionantes no sistema digestivo e imunidade. Veja como consumi-lo corretamente para aproveitar seus benef\u00edcios.\" \/>\n<meta property=\"og:url\" content=\"https:\/\/www.correiobraziliense.com.br\/cbradar\/essa-raiz-e-ideal-para-reduzir-a-inflamacao-do-estomago-e-da-garganta\/\" \/>\n<meta property=\"og:site_name\" content=\"Correio Braziliense - Radar\" \/>\n<meta property=\"article:published_time\" content=\"2025-11-22T10:45:00+00:00\" \/>\n<meta property=\"og:image\" content=\"https:\/\/www.correiobraziliense.com.br\/cbradar\/wp-content\/uploads\/2025\/11\/Gengibre_1763511130824.jpg\" \/>\n\t<meta property=\"og:image:width\" content=\"1280\" \/>\n\t<meta property=\"og:image:height\" content=\"720\" \/>\n\t<meta property=\"og:image:type\" content=\"image\/jpeg\" \/>\n<meta name=\"author\" content=\"guilherme_saude\" \/>\n<meta name=\"twitter:card\" content=\"summary_large_image\" \/>\n<meta name=\"twitter:label1\" content=\"Escrito por\" \/>\n\t<meta name=\"twitter:data1\" content=\"guilherme_saude\" \/>\n\t<meta name=\"twitter:label2\" content=\"Est. tempo de leitura\" \/>\n\t<meta name=\"twitter:data2\" content=\"4 minutos\" \/>\n<!-- \/ Yoast SEO plugin. -->","yoast_head_json":{"title":"Essa raiz \u00e9 ideal para reduzir a inflama\u00e7\u00e3o do est\u00f4mago e da garganta - Correio Braziliense - Radar","description":"O gengibre tem efeitos impressionantes no sistema digestivo e imunidade. Veja como consumi-lo corretamente para aproveitar seus benef\u00edcios.","robots":{"index":"index","follow":"follow","max-snippet":"max-snippet:-1","max-image-preview":"max-image-preview:large","max-video-preview":"max-video-preview:-1"},"canonical":"https:\/\/www.correiobraziliense.com.br\/cbradar\/essa-raiz-e-ideal-para-reduzir-a-inflamacao-do-estomago-e-da-garganta\/","og_locale":"pt_BR","og_type":"article","og_title":"Essa raiz \u00e9 ideal para reduzir a inflama\u00e7\u00e3o do est\u00f4mago e da garganta - Correio Braziliense - Radar","og_description":"O gengibre tem efeitos impressionantes no sistema digestivo e imunidade. Veja como consumi-lo corretamente para aproveitar seus benef\u00edcios.","og_url":"https:\/\/www.correiobraziliense.com.br\/cbradar\/essa-raiz-e-ideal-para-reduzir-a-inflamacao-do-estomago-e-da-garganta\/","og_site_name":"Correio Braziliense - Radar","article_published_time":"2025-11-22T10:45:00+00:00","og_image":[{"width":1280,"height":720,"url":"https:\/\/www.correiobraziliense.com.br\/cbradar\/wp-content\/uploads\/2025\/11\/Gengibre_1763511130824.jpg","type":"image\/jpeg"}],"author":"guilherme_saude","twitter_card":"summary_large_image","twitter_misc":{"Escrito por":"guilherme_saude","Est. tempo de leitura":"4 minutos"},"schema":{"@context":"https:\/\/schema.org","@graph":[{"@type":"WebPage","@id":"https:\/\/www.correiobraziliense.com.br\/cbradar\/essa-raiz-e-ideal-para-reduzir-a-inflamacao-do-estomago-e-da-garganta\/","url":"https:\/\/www.correiobraziliense.com.br\/cbradar\/essa-raiz-e-ideal-para-reduzir-a-inflamacao-do-estomago-e-da-garganta\/","name":"Essa raiz \u00e9 ideal para reduzir a inflama\u00e7\u00e3o do est\u00f4mago e da garganta - Correio Braziliense - Radar","isPartOf":{"@id":"https:\/\/www.correiobraziliense.com.br\/cbradar\/#website"},"primaryImageOfPage":{"@id":"https:\/\/www.correiobraziliense.com.br\/cbradar\/essa-raiz-e-ideal-para-reduzir-a-inflamacao-do-estomago-e-da-garganta\/#primaryimage"},"image":{"@id":"https:\/\/www.correiobraziliense.com.br\/cbradar\/essa-raiz-e-ideal-para-reduzir-a-inflamacao-do-estomago-e-da-garganta\/#primaryimage"},"thumbnailUrl":"https:\/\/www.correiobraziliense.com.br\/cbradar\/wp-content\/uploads\/2025\/11\/Gengibre_1763511130824.jpg","datePublished":"2025-11-22T10:45:00+00:00","author":{"@id":"https:\/\/www.correiobraziliense.com.br\/cbradar\/#\/schema\/person\/5aa4bf3c8fa699c267933611de12978b"},"description":"O gengibre tem efeitos impressionantes no sistema digestivo e imunidade. Veja como consumi-lo corretamente para aproveitar seus benef\u00edcios.","breadcrumb":{"@id":"https:\/\/www.correiobraziliense.com.br\/cbradar\/essa-raiz-e-ideal-para-reduzir-a-inflamacao-do-estomago-e-da-garganta\/#breadcrumb"},"inLanguage":"pt-BR","potentialAction":[{"@type":"ReadAction","target":["https:\/\/www.correiobraziliense.com.br\/cbradar\/essa-raiz-e-ideal-para-reduzir-a-inflamacao-do-estomago-e-da-garganta\/"]}]},{"@type":"ImageObject","inLanguage":"pt-BR","@id":"https:\/\/www.correiobraziliense.com.br\/cbradar\/essa-raiz-e-ideal-para-reduzir-a-inflamacao-do-estomago-e-da-garganta\/#primaryimage","url":"https:\/\/www.correiobraziliense.com.br\/cbradar\/wp-content\/uploads\/2025\/11\/Gengibre_1763511130824.jpg","contentUrl":"https:\/\/www.correiobraziliense.com.br\/cbradar\/wp-content\/uploads\/2025\/11\/Gengibre_1763511130824.jpg","width":1280,"height":720,"caption":"Gengibre - Cr\u00e9ditos: depositphotos.com \/ tonwanniwat44"},{"@type":"BreadcrumbList","@id":"https:\/\/www.correiobraziliense.com.br\/cbradar\/essa-raiz-e-ideal-para-reduzir-a-inflamacao-do-estomago-e-da-garganta\/#breadcrumb","itemListElement":[{"@type":"ListItem","position":1,"name":"In\u00edcio","item":"https:\/\/www.correiobraziliense.com.br\/cbradar\/"},{"@type":"ListItem","position":2,"name":"Essa raiz \u00e9 ideal para reduzir a inflama\u00e7\u00e3o do est\u00f4mago e da garganta"}]},{"@type":"WebSite","@id":"https:\/\/www.correiobraziliense.com.br\/cbradar\/#website","url":"https:\/\/www.correiobraziliense.com.br\/cbradar\/","name":"Correio Braziliense - Radar","description":"Acompanhe as \u00faltimas not\u00edcias e fique bem informado sobre tudo o que acontece no Brasil e no mundo.","potentialAction":[{"@type":"SearchAction","target":{"@type":"EntryPoint","urlTemplate":"https:\/\/www.correiobraziliense.com.br\/cbradar\/?s={search_term_string}"},"query-input":{"@type":"PropertyValueSpecification","valueRequired":true,"valueName":"search_term_string"}}],"inLanguage":"pt-BR"},{"@type":"Person","@id":"https:\/\/www.correiobraziliense.com.br\/cbradar\/#\/schema\/person\/5aa4bf3c8fa699c267933611de12978b","name":"guilherme_saude","image":{"@type":"ImageObject","inLanguage":"pt-BR","@id":"https:\/\/www.correiobraziliense.com.br\/cbradar\/#\/schema\/person\/image\/","url":"https:\/\/secure.gravatar.com\/avatar\/df9adfb835d344bc0af109d41756253f?s=96&d=mm&r=g","contentUrl":"https:\/\/secure.gravatar.com\/avatar\/df9adfb835d344bc0af109d41756253f?s=96&d=mm&r=g","caption":"guilherme_saude"},"url":"https:\/\/www.correiobraziliense.com.br\/cbradar\/author\/guilherme_saude\/"}]}},"_links":{"self":[{"href":"https:\/\/www.correiobraziliense.com.br\/cbradar\/wp-json\/wp\/v2\/posts\/141620","targetHints":{"allow":["GET"]}}],"collection":[{"href":"https:\/\/www.correiobraziliense.com.br\/cbradar\/wp-json\/wp\/v2\/posts"}],"about":[{"href":"https:\/\/www.correiobraziliense.com.br\/cbradar\/wp-json\/wp\/v2\/types\/post"}],"author":[{"embeddable":true,"href":"https:\/\/www.correiobraziliense.com.br\/cbradar\/wp-json\/wp\/v2\/users\/14"}],"replies":[{"embeddable":true,"href":"https:\/\/www.correiobraziliense.com.br\/cbradar\/wp-json\/wp\/v2\/comments?post=141620"}],"version-history":[{"count":1,"href":"https:\/\/www.correiobraziliense.com.br\/cbradar\/wp-json\/wp\/v2\/posts\/141620\/revisions"}],"predecessor-version":[{"id":141623,"href":"https:\/\/www.correiobraziliense.com.br\/cbradar\/wp-json\/wp\/v2\/posts\/141620\/revisions\/141623"}],"wp:featuredmedia":[{"embeddable":true,"href":"https:\/\/www.correiobraziliense.com.br\/cbradar\/wp-json\/wp\/v2\/media\/140170"}],"wp:attachment":[{"href":"https:\/\/www.correiobraziliense.com.br\/cbradar\/wp-json\/wp\/v2\/media?parent=141620"}],"wp:term":[{"taxonomy":"category","embeddable":true,"href":"https:\/\/www.correiobraziliense.com.br\/cbradar\/wp-json\/wp\/v2\/categories?post=141620"},{"taxonomy":"post_tag","embeddable":true,"href":"https:\/\/www.correiobraziliense.com.br\/cbradar\/wp-json\/wp\/v2\/post_tag?post=141620"}],"curies":[{"name":"wp","href":"https:\/\/api.w.org\/{rel}","templated":true}]}}