{"id":141625,"date":"2025-11-22T12:05:00","date_gmt":"2025-11-22T15:05:00","guid":{"rendered":"https:\/\/www.correiobraziliense.com.br\/cbradar\/?p=141625"},"modified":"2025-11-20T20:32:08","modified_gmt":"2025-11-20T23:32:08","slug":"a-planta-que-promete-acabar-com-as-dores-renais-de-uma-vez","status":"publish","type":"post","link":"https:\/\/www.correiobraziliense.com.br\/cbradar\/a-planta-que-promete-acabar-com-as-dores-renais-de-uma-vez\/","title":{"rendered":"A planta que promete acabar com as dores renais de uma vez"},"content":{"rendered":"\n<p>A <strong>Urtiga<\/strong>, cientificamente conhecida como\u00a0<em>Urtica dioica<\/em>, \u00e9 uma planta amplamente reconhecida por suas propriedades medicinais e usos na fitoterapia, tanto tradicional quanto moderna. Com uma variedade de compostos bioativos, como flavonoides, lignanas e minerais, a urtiga \u00e9 frequentemente utilizada para tratar inflama\u00e7\u00f5es, regular o metabolismo e promover a sa\u00fade urin\u00e1ria. Embora seja mais conhecida por causar irrita\u00e7\u00e3o quando tocada, a planta possui uma s\u00e9rie de benef\u00edcios para a sa\u00fade que t\u00eam sido explorados por pesquisadores ao longo dos anos.<\/p>\n\n\n\n<p>Os extratos de urtiga cont\u00eam uma poderosa atividade anti-inflamat\u00f3ria, atribu\u00edda aos compostos fen\u00f3licos e \u00e1cidos org\u00e2nicos presentes na planta. Estes componentes s\u00e3o capazes de modular a resposta imunol\u00f3gica, reduzindo a produ\u00e7\u00e3o de citocinas inflamat\u00f3rias e prostaglandinas, subst\u00e2ncias diretamente associadas ao processo inflamat\u00f3rio. Este efeito \u00e9 particularmente ben\u00e9fico para o al\u00edvio das dores articulares e condi\u00e7\u00f5es como o reumatismo, fazendo da urtiga uma op\u00e7\u00e3o natural para controlar essas afec\u00e7\u00f5es.<\/p>\n\n\n\n<h2 class=\"wp-block-heading\">Como a urtiga auxilia no controle do metabolismo?<\/h2>\n\n\n\n<p>A urtiga desempenha um papel significativo na regula\u00e7\u00e3o metab\u00f3lica, especialmente no controle dos n\u00edveis de glicose no sangue. Estudos t\u00eam mostrado que seus polissacar\u00eddeos e compostos antioxidantes podem melhorar a sensibilidade \u00e0 insulina e o metabolismo lip\u00eddico, caracter\u00edsticas desej\u00e1veis no manejo da diabetes tipo 2. A suplementa\u00e7\u00e3o com extratos de urtiga pode, portanto, ser uma estrat\u00e9gia eficaz para auxiliar indiv\u00edduos com resist\u00eancia \u00e0 insulina, promovendo uma redu\u00e7\u00e3o consider\u00e1vel nos n\u00edveis de glicose no sangue.<\/p>\n\n\n<div class=\"wp-block-image\">\n<figure class=\"aligncenter size-large\"><img decoding=\"async\" width=\"1024\" height=\"576\" src=\"https:\/\/www.correiobraziliense.com.br\/cbradar\/wp-content\/uploads\/2025\/08\/Urtiga_1755278555764-1024x576.jpg\" alt=\"\" class=\"wp-image-87124\" srcset=\"https:\/\/www.correiobraziliense.com.br\/cbradar\/wp-content\/uploads\/2025\/08\/Urtiga_1755278555764-1024x576.jpg 1024w, https:\/\/www.correiobraziliense.com.br\/cbradar\/wp-content\/uploads\/2025\/08\/Urtiga_1755278555764-300x169.jpg 300w, https:\/\/www.correiobraziliense.com.br\/cbradar\/wp-content\/uploads\/2025\/08\/Urtiga_1755278555764-768x432.jpg 768w, https:\/\/www.correiobraziliense.com.br\/cbradar\/wp-content\/uploads\/2025\/08\/Urtiga_1755278555764-750x422.jpg 750w, https:\/\/www.correiobraziliense.com.br\/cbradar\/wp-content\/uploads\/2025\/08\/Urtiga_1755278555764-1140x641.jpg 1140w, https:\/\/www.correiobraziliense.com.br\/cbradar\/wp-content\/uploads\/2025\/08\/Urtiga_1755278555764.jpg 1280w\" sizes=\"(max-width: 1024px) 100vw, 1024px\" \/><figcaption class=\"wp-element-caption\">Urtiga &#8211; Cr\u00e9ditos: depositphotos.com \/ AntonMatyukha<\/figcaption><\/figure><\/div>\n\n\n<h2 class=\"wp-block-heading\">A urtiga \u00e9 eficaz no tratamento de problemas urin\u00e1rios?<\/h2>\n\n\n\n<p>O extrato de urtiga \u00e9 amplamente utilizado na Europa para o tratamento de condi\u00e7\u00f5es como a hiperplasia prost\u00e1tica benigna e dist\u00farbios urin\u00e1rios. Com componentes como fitoester\u00f3is e lignanas, a planta atua na modula\u00e7\u00e3o hormonal e no relaxamento da musculatura da bexiga, facilitando o fluxo urin\u00e1rio e reduzindo a frequ\u00eancia de mic\u00e7\u00f5es noturnas. Este uso \u00e9 respaldado por diversos estudos que evidenciam sua efic\u00e1cia cl\u00ednica, destacando a planta como um recurso valioso no tratamento de sintomas urin\u00e1rios associados a esta condi\u00e7\u00e3o.<\/p>\n\n\n\n<h2 class=\"wp-block-heading\">Quais s\u00e3o os benef\u00edcios comprovados da urtiga para a sa\u00fade?<\/h2>\n\n\n\n<p>A urtiga possui uma lista impressionante de benef\u00edcios \u00e0 sa\u00fade, muitos deles respaldados por evid\u00eancias cient\u00edficas. Entre os principais efeitos destaca-se a redu\u00e7\u00e3o de processos inflamat\u00f3rios e dores articulares, o suporte no controle glic\u00eamico e na melhora da sensibilidade \u00e0 insulina, al\u00e9m de favorecer a fun\u00e7\u00e3o urin\u00e1ria e prost\u00e1tica. Estes benef\u00edcios fazem da urtiga uma op\u00e7\u00e3o segura e eficaz, validada pela ci\u00eancia, para incorporar \u00e0 rotina de cuidados com a sa\u00fade.<\/p>\n\n\n\n<p>Inclui-se a urtiga sob diferentes formas, como em ch\u00e1s, c\u00e1psulas ou extratos padronizados, o que possibilita sua utiliza\u00e7\u00e3o de maneira pr\u00e1tica e acess\u00edvel. A popularidade crescente da urtiga como um suplemento natural \u00e9 um reflexo de sua efic\u00e1cia comprovada e de sua capacidade de promover o bem-estar de forma equilibrada, sem os efeitos colaterais associados a muitas terapias convencionais. Assim, a urtiga continua a se destacar como uma planta medicinal poderosa, fomentando uma abordagem natural e hol\u00edstica para a sa\u00fade.<\/p>\n\n\n<a href=\"https:\/\/www.instagram.com\/dra.annaluisabf\/\" target=\"_blank\" rel=\"noopener\" style=\"text-decoration: none; color: inherit;\">\n    <span style=\"display: inline-block; border: 1px solid #ccc; border-radius: 10px; padding: 15px; max-width: 550px; font-family: sans-serif; box-shadow: 0 2px 5px rgba(0,0,0,0.1); width: 100%;\">\n\n      <!-- T\u00edtulo -->\n      <span style=\"display: block; margin: 0 0 15px 0; font-weight: bold; color: #2c3e50; text-align: center;\">\n        Entre em contato:\n      <\/span>\n\n      <!-- Linha do perfil -->\n      <span style=\"display: flex; align-items: center; gap: 15px;\">\n        <img decoding=\"async\"\n          src=\"https:\/\/www.correiobraziliense.com.br\/cbradar\/wp-content\/uploads\/2025\/08\/dra_anna_luisa.jpeg\"\n          alt=\"Foto da Dra. Anna Lu\u00edsa\"\n          style=\"border-radius: 50%; width: 80px; height: 80px; object-fit: cover;\"\n        \/>\n        <span style=\"display: flex; flex-direction: column;\">\n          <span style=\"font-size: 18px; font-weight: 700; color: #2c3e50;\">Dra. Anna Lu\u00edsa Barbosa Fernandes<\/span>\n          <span style=\"color: #555;\">CRM-GO 33.271<\/span>\n        <\/span>\n      <\/span>\n\n      <!-- Redes -->\n      <span style=\"display: flex; align-items: center; gap: 10px; margin-top: 12px;\">\n        <img decoding=\"async\" src=\"https:\/\/cdn-icons-png.flaticon.com\/24\/1384\/1384063.png\" alt=\"Instagram\" width=\"24\" height=\"24\" \/>\n        <span style=\"text-decoration: underline; color: #2c3e50;\">@dra.annaluisabf<\/span>\n      <\/span>\n\n    <\/span>\n  <\/a>","protected":false},"excerpt":{"rendered":"<p>A Urtiga, cientificamente conhecida como\u00a0Urtica dioica, \u00e9 uma planta amplamente reconhecida por suas propriedades medicinais e usos na fitoterapia, tanto tradicional quanto moderna. Com uma variedade de compostos bioativos, como flavonoides, lignanas e minerais, a urtiga \u00e9 frequentemente utilizada para tratar inflama\u00e7\u00f5es, regular o metabolismo e promover a sa\u00fade urin\u00e1ria. Embora seja mais conhecida por [&hellip;]<\/p>\n","protected":false},"author":14,"featured_media":87123,"comment_status":"open","ping_status":"open","sticky":false,"template":"","format":"standard","meta":{"_yoast_wpseo_focuskw":"Urtiga","_yoast_wpseo_title":"","_yoast_wpseo_metadesc":"A urtiga surpreende pela for\u00e7a no controle da inflama\u00e7\u00e3o, glicose e sa\u00fade urin\u00e1ria. Veja por que ela ganhou destaque na fitoterapia moderna.","jnews-multi-image_gallery":[],"jnews_single_post":{"format":"standard"},"jnews_primary_category":[],"jnews_social_meta":[],"jnews_override_counter":[],"footnotes":""},"categories":[4404],"post_tag":[281,120,1318],"class_list":["post-141625","post","type-post","status-publish","format-standard","has-post-thumbnail","hentry","category-saude","tag-alimentacao","tag-bem-estar","tag-saude-2"],"yoast_head":"<!-- This site is optimized with the Yoast SEO plugin v24.6 - https:\/\/yoast.com\/wordpress\/plugins\/seo\/ -->\n<title>A planta que promete acabar com as dores renais de uma vez - Correio Braziliense - Radar<\/title>\n<meta name=\"description\" content=\"A urtiga surpreende pela for\u00e7a no controle da inflama\u00e7\u00e3o, glicose e sa\u00fade urin\u00e1ria. Veja por que ela ganhou destaque na fitoterapia moderna.\" \/>\n<meta name=\"robots\" content=\"index, follow, max-snippet:-1, max-image-preview:large, max-video-preview:-1\" \/>\n<link rel=\"canonical\" href=\"https:\/\/www.correiobraziliense.com.br\/cbradar\/a-planta-que-promete-acabar-com-as-dores-renais-de-uma-vez\/\" \/>\n<meta property=\"og:locale\" content=\"pt_BR\" \/>\n<meta property=\"og:type\" content=\"article\" \/>\n<meta property=\"og:title\" content=\"A planta que promete acabar com as dores renais de uma vez - Correio Braziliense - Radar\" \/>\n<meta property=\"og:description\" content=\"A urtiga surpreende pela for\u00e7a no controle da inflama\u00e7\u00e3o, glicose e sa\u00fade urin\u00e1ria. Veja por que ela ganhou destaque na fitoterapia moderna.\" \/>\n<meta property=\"og:url\" content=\"https:\/\/www.correiobraziliense.com.br\/cbradar\/a-planta-que-promete-acabar-com-as-dores-renais-de-uma-vez\/\" \/>\n<meta property=\"og:site_name\" content=\"Correio Braziliense - Radar\" \/>\n<meta property=\"article:published_time\" content=\"2025-11-22T15:05:00+00:00\" \/>\n<meta property=\"og:image\" content=\"https:\/\/www.correiobraziliense.com.br\/cbradar\/wp-content\/uploads\/2025\/08\/Urtiga_1755278524565.jpg\" \/>\n\t<meta property=\"og:image:width\" content=\"1280\" \/>\n\t<meta property=\"og:image:height\" content=\"720\" \/>\n\t<meta property=\"og:image:type\" content=\"image\/jpeg\" \/>\n<meta name=\"author\" content=\"guilherme_saude\" \/>\n<meta name=\"twitter:card\" content=\"summary_large_image\" \/>\n<meta name=\"twitter:label1\" content=\"Escrito por\" \/>\n\t<meta name=\"twitter:data1\" content=\"guilherme_saude\" \/>\n\t<meta name=\"twitter:label2\" content=\"Est. tempo de leitura\" \/>\n\t<meta name=\"twitter:data2\" content=\"4 minutos\" \/>\n<!-- \/ Yoast SEO plugin. -->","yoast_head_json":{"title":"A planta que promete acabar com as dores renais de uma vez - Correio Braziliense - Radar","description":"A urtiga surpreende pela for\u00e7a no controle da inflama\u00e7\u00e3o, glicose e sa\u00fade urin\u00e1ria. Veja por que ela ganhou destaque na fitoterapia moderna.","robots":{"index":"index","follow":"follow","max-snippet":"max-snippet:-1","max-image-preview":"max-image-preview:large","max-video-preview":"max-video-preview:-1"},"canonical":"https:\/\/www.correiobraziliense.com.br\/cbradar\/a-planta-que-promete-acabar-com-as-dores-renais-de-uma-vez\/","og_locale":"pt_BR","og_type":"article","og_title":"A planta que promete acabar com as dores renais de uma vez - Correio Braziliense - Radar","og_description":"A urtiga surpreende pela for\u00e7a no controle da inflama\u00e7\u00e3o, glicose e sa\u00fade urin\u00e1ria. Veja por que ela ganhou destaque na fitoterapia moderna.","og_url":"https:\/\/www.correiobraziliense.com.br\/cbradar\/a-planta-que-promete-acabar-com-as-dores-renais-de-uma-vez\/","og_site_name":"Correio Braziliense - Radar","article_published_time":"2025-11-22T15:05:00+00:00","og_image":[{"width":1280,"height":720,"url":"https:\/\/www.correiobraziliense.com.br\/cbradar\/wp-content\/uploads\/2025\/08\/Urtiga_1755278524565.jpg","type":"image\/jpeg"}],"author":"guilherme_saude","twitter_card":"summary_large_image","twitter_misc":{"Escrito por":"guilherme_saude","Est. tempo de leitura":"4 minutos"},"schema":{"@context":"https:\/\/schema.org","@graph":[{"@type":"WebPage","@id":"https:\/\/www.correiobraziliense.com.br\/cbradar\/a-planta-que-promete-acabar-com-as-dores-renais-de-uma-vez\/","url":"https:\/\/www.correiobraziliense.com.br\/cbradar\/a-planta-que-promete-acabar-com-as-dores-renais-de-uma-vez\/","name":"A planta que promete acabar com as dores renais de uma vez - Correio Braziliense - Radar","isPartOf":{"@id":"https:\/\/www.correiobraziliense.com.br\/cbradar\/#website"},"primaryImageOfPage":{"@id":"https:\/\/www.correiobraziliense.com.br\/cbradar\/a-planta-que-promete-acabar-com-as-dores-renais-de-uma-vez\/#primaryimage"},"image":{"@id":"https:\/\/www.correiobraziliense.com.br\/cbradar\/a-planta-que-promete-acabar-com-as-dores-renais-de-uma-vez\/#primaryimage"},"thumbnailUrl":"https:\/\/www.correiobraziliense.com.br\/cbradar\/wp-content\/uploads\/2025\/08\/Urtiga_1755278524565.jpg","datePublished":"2025-11-22T15:05:00+00:00","author":{"@id":"https:\/\/www.correiobraziliense.com.br\/cbradar\/#\/schema\/person\/5aa4bf3c8fa699c267933611de12978b"},"description":"A urtiga surpreende pela for\u00e7a no controle da inflama\u00e7\u00e3o, glicose e sa\u00fade urin\u00e1ria. Veja por que ela ganhou destaque na fitoterapia moderna.","breadcrumb":{"@id":"https:\/\/www.correiobraziliense.com.br\/cbradar\/a-planta-que-promete-acabar-com-as-dores-renais-de-uma-vez\/#breadcrumb"},"inLanguage":"pt-BR","potentialAction":[{"@type":"ReadAction","target":["https:\/\/www.correiobraziliense.com.br\/cbradar\/a-planta-que-promete-acabar-com-as-dores-renais-de-uma-vez\/"]}]},{"@type":"ImageObject","inLanguage":"pt-BR","@id":"https:\/\/www.correiobraziliense.com.br\/cbradar\/a-planta-que-promete-acabar-com-as-dores-renais-de-uma-vez\/#primaryimage","url":"https:\/\/www.correiobraziliense.com.br\/cbradar\/wp-content\/uploads\/2025\/08\/Urtiga_1755278524565.jpg","contentUrl":"https:\/\/www.correiobraziliense.com.br\/cbradar\/wp-content\/uploads\/2025\/08\/Urtiga_1755278524565.jpg","width":1280,"height":720,"caption":"Urtiga - Cr\u00e9ditos: depositphotos.com \/ KostyaKlimenko"},{"@type":"BreadcrumbList","@id":"https:\/\/www.correiobraziliense.com.br\/cbradar\/a-planta-que-promete-acabar-com-as-dores-renais-de-uma-vez\/#breadcrumb","itemListElement":[{"@type":"ListItem","position":1,"name":"In\u00edcio","item":"https:\/\/www.correiobraziliense.com.br\/cbradar\/"},{"@type":"ListItem","position":2,"name":"A planta que promete acabar com as dores renais de uma vez"}]},{"@type":"WebSite","@id":"https:\/\/www.correiobraziliense.com.br\/cbradar\/#website","url":"https:\/\/www.correiobraziliense.com.br\/cbradar\/","name":"Correio Braziliense - Radar","description":"Acompanhe as \u00faltimas not\u00edcias e fique bem informado sobre tudo o que acontece no Brasil e no mundo.","potentialAction":[{"@type":"SearchAction","target":{"@type":"EntryPoint","urlTemplate":"https:\/\/www.correiobraziliense.com.br\/cbradar\/?s={search_term_string}"},"query-input":{"@type":"PropertyValueSpecification","valueRequired":true,"valueName":"search_term_string"}}],"inLanguage":"pt-BR"},{"@type":"Person","@id":"https:\/\/www.correiobraziliense.com.br\/cbradar\/#\/schema\/person\/5aa4bf3c8fa699c267933611de12978b","name":"guilherme_saude","image":{"@type":"ImageObject","inLanguage":"pt-BR","@id":"https:\/\/www.correiobraziliense.com.br\/cbradar\/#\/schema\/person\/image\/","url":"https:\/\/secure.gravatar.com\/avatar\/df9adfb835d344bc0af109d41756253f?s=96&d=mm&r=g","contentUrl":"https:\/\/secure.gravatar.com\/avatar\/df9adfb835d344bc0af109d41756253f?s=96&d=mm&r=g","caption":"guilherme_saude"},"url":"https:\/\/www.correiobraziliense.com.br\/cbradar\/author\/guilherme_saude\/"}]}},"_links":{"self":[{"href":"https:\/\/www.correiobraziliense.com.br\/cbradar\/wp-json\/wp\/v2\/posts\/141625","targetHints":{"allow":["GET"]}}],"collection":[{"href":"https:\/\/www.correiobraziliense.com.br\/cbradar\/wp-json\/wp\/v2\/posts"}],"about":[{"href":"https:\/\/www.correiobraziliense.com.br\/cbradar\/wp-json\/wp\/v2\/types\/post"}],"author":[{"embeddable":true,"href":"https:\/\/www.correiobraziliense.com.br\/cbradar\/wp-json\/wp\/v2\/users\/14"}],"replies":[{"embeddable":true,"href":"https:\/\/www.correiobraziliense.com.br\/cbradar\/wp-json\/wp\/v2\/comments?post=141625"}],"version-history":[{"count":1,"href":"https:\/\/www.correiobraziliense.com.br\/cbradar\/wp-json\/wp\/v2\/posts\/141625\/revisions"}],"predecessor-version":[{"id":141628,"href":"https:\/\/www.correiobraziliense.com.br\/cbradar\/wp-json\/wp\/v2\/posts\/141625\/revisions\/141628"}],"wp:featuredmedia":[{"embeddable":true,"href":"https:\/\/www.correiobraziliense.com.br\/cbradar\/wp-json\/wp\/v2\/media\/87123"}],"wp:attachment":[{"href":"https:\/\/www.correiobraziliense.com.br\/cbradar\/wp-json\/wp\/v2\/media?parent=141625"}],"wp:term":[{"taxonomy":"category","embeddable":true,"href":"https:\/\/www.correiobraziliense.com.br\/cbradar\/wp-json\/wp\/v2\/categories?post=141625"},{"taxonomy":"post_tag","embeddable":true,"href":"https:\/\/www.correiobraziliense.com.br\/cbradar\/wp-json\/wp\/v2\/post_tag?post=141625"}],"curies":[{"name":"wp","href":"https:\/\/api.w.org\/{rel}","templated":true}]}}