{"id":141634,"date":"2025-11-21T20:35:00","date_gmt":"2025-11-21T23:35:00","guid":{"rendered":"https:\/\/www.correiobraziliense.com.br\/cbradar\/?p=141634"},"modified":"2025-11-21T19:04:18","modified_gmt":"2025-11-21T22:04:18","slug":"os-incriveis-beneficios-de-adotar-um-cao-adulto-segundo-especialistas","status":"publish","type":"post","link":"https:\/\/www.correiobraziliense.com.br\/cbradar\/os-incriveis-beneficios-de-adotar-um-cao-adulto-segundo-especialistas\/","title":{"rendered":"Os incr\u00edveis benef\u00edcios de adotar um c\u00e3o adulto, segundo especialistas"},"content":{"rendered":"\n<p>A ado\u00e7\u00e3o de c\u00e3es adultos, especialmente aqueles com mais de sete anos, destaca-se <strong>pelos numerosos benef\u00edcios \u00e0 sa\u00fade emocional e f\u00edsica<\/strong> de quem os adota. Apesar disso, muitos desses animais permanecem muito tempo aguardando um lar definitivo e acabam n\u00e3o sendo adotados, mesmo podendo proporcionar profunda alegria e impacto positivo na vida de seus tutores.<\/p>\n\n\n\n<h2 class=\"wp-block-heading\">Quais s\u00e3o os benef\u00edcios emocionais de adotar um c\u00e3o adulto?<\/h2>\n\n\n\n<p><strong>C\u00e3es mais velhos buscam companhia e afeto<\/strong>, podendo contribuir amplamente para o bem-estar emocional dos tutores. Eles oferecem apoio emocional valioso, formando la\u00e7os profundos e duradouros com a fam\u00edlia, o que reduz a solid\u00e3o e aumenta o sentimento de pertencimento.<\/p>\n\n\n\n<p>De acordo com especialistas, essa conex\u00e3o promove uma <strong>sensa\u00e7\u00e3o de bem-estar geral<\/strong> no ambiente familiar, tornando a ado\u00e7\u00e3o uma experi\u00eancia transformadora tanto para o c\u00e3o quanto para os membros da casa. Al\u00e9m disso, estudos recentes apontam que o conv\u00edvio com c\u00e3es adultos pode ajudar a reduzir sintomas de ansiedade e depress\u00e3o, beneficiando ainda mais a sa\u00fade mental dos tutores.<\/p>\n\n\n\n<p>O perfil @cacauoshihtzu aponta os benef\u00edcios de adotar um cachorro adulto:<\/p>\n\n\n\n<blockquote class=\"tiktok-embed\" cite=\"https:\/\/www.tiktok.com\/@cacauoshihtzu\/video\/7397997548830690565\" data-video-id=\"7397997548830690565\" style=\"max-width: 605px;min-width: 325px;\" > <section> <a target=\"_blank\" title=\"@cacauoshihtzu\" href=\"https:\/\/www.tiktok.com\/@cacauoshihtzu?refer=embed\">@cacauoshihtzu<\/a> 5 benef\u00edcios de adotar um c\u00e3o adulto \u2764\ufe0f Gostou? Curta e compartilhe \u2728 . . . . \ud83c\udff7\ufe0f: <a title=\"shihtzu\" target=\"_blank\" href=\"https:\/\/www.tiktok.com\/tag\/shihtzu?refer=embed\">#shihtzu<\/a> <a title=\"cute\" target=\"_blank\" href=\"https:\/\/www.tiktok.com\/tag\/cute?refer=embed\">#cute<\/a> <a title=\"pet\" target=\"_blank\" href=\"https:\/\/www.tiktok.com\/tag\/pet?refer=embed\">#pet<\/a> <a title=\"viral\" target=\"_blank\" href=\"https:\/\/www.tiktok.com\/tag\/viral?refer=embed\">#viral<\/a> <a title=\"fyp\" target=\"_blank\" href=\"https:\/\/www.tiktok.com\/tag\/fyp?refer=embed\">#fyp<\/a> <a title=\"foryoupage\" target=\"_blank\" href=\"https:\/\/www.tiktok.com\/tag\/foryoupage?refer=embed\">#foryoupage<\/a> <a title=\"cachorro\" target=\"_blank\" href=\"https:\/\/www.tiktok.com\/tag\/cachorro?refer=embed\">#cachorro<\/a> <a title=\"dog\" target=\"_blank\" href=\"https:\/\/www.tiktok.com\/tag\/dog?refer=embed\">#dog<\/a> <a title=\"dogs\" target=\"_blank\" href=\"https:\/\/www.tiktok.com\/tag\/dogs?refer=embed\">#dogs<\/a> <a title=\"dogsoftiktok\" target=\"_blank\" href=\"https:\/\/www.tiktok.com\/tag\/dogsoftiktok?refer=embed\">#dogsoftiktok<\/a> <a target=\"_blank\" title=\"\u266c som original - Cacau, o Shihtzu \ud83d\udc36\" href=\"https:\/\/www.tiktok.com\/music\/som-original-7397997567922998022?refer=embed\">\u266c som original &#8211; Cacau, o Shihtzu \ud83d\udc36<\/a> <\/section> <\/blockquote> <script async src=\"https:\/\/www.tiktok.com\/embed.js\"><\/script>\n\n\n\n<h2 class=\"wp-block-heading\">C\u00e3es adultos s\u00e3o mais f\u00e1ceis de adaptar ao novo lar?<\/h2>\n\n\n\n<p>Os <strong>c\u00e3es adultos, em sua maioria, j\u00e1 t\u00eam algum tipo de treinamento<\/strong> e costumam se adaptar mais rapidamente \u00e0s novas rotinas familiares. Essa facilidade ocorre porque eles geralmente est\u00e3o acostumados a conviver com humanos e outros animais, tornando a transi\u00e7\u00e3o para um novo lar mais tranquila.<\/p>\n\n\n\n<p>Antes de adotar, \u00e9 \u00fatil saber que a necessidade de treinamento tende a ser m\u00ednima, permitindo que o tutor foque em fortalecer o v\u00ednculo afetivo. Assim, h\u00e1 mais tempo para criar mem\u00f3rias felizes e duradouras.<\/p>\n\n\n\n<ul class=\"wp-block-list\">\n<li>Maior adapta\u00e7\u00e3o a novos ambientes e rotinas dom\u00e9sticas.<\/li>\n\n\n\n<li>Redu\u00e7\u00e3o do tempo gasto em treinamentos b\u00e1sicos.<\/li>\n\n\n\n<li>Possibilidade de conv\u00edvio harmonioso com outros animais e crian\u00e7as.<\/li>\n<\/ul>\n\n\n\n<h2 class=\"wp-block-heading\">Como a personalidade dos c\u00e3es idosos pode influenciar a conviv\u00eancia?<\/h2>\n\n\n\n<p>Com personalidades j\u00e1 definidas, os <strong>c\u00e3es mais velhos s\u00e3o reconhecidos por sua calma e paci\u00eancia<\/strong>. Essas caracter\u00edsticas s\u00e3o ideais para fam\u00edlias com crian\u00e7as pequenas, promovendo uma conviv\u00eancia mais previs\u00edvel e equilibrada.<\/p>\n\n\n\n<p>A maturidade emocional desses c\u00e3es <strong>reduz o estresse<\/strong> comum em per\u00edodos de adapta\u00e7\u00e3o, tornando o processo menos desgastante se comparado \u00e0 ado\u00e7\u00e3o de filhotes ou animais muito jovens. Al\u00e9m disso, tutores relatam que a conviv\u00eancia com c\u00e3es idosos estimula h\u00e1bitos mais tranquilos e acolhedores no lar, incentivando atividades como caminhadas leves e momentos de relaxamento conjunto.<\/p>\n\n\n\n<figure class=\"wp-block-image size-large\"><img decoding=\"async\" width=\"1024\" height=\"576\" src=\"https:\/\/www.correiobraziliense.com.br\/cbradar\/wp-content\/uploads\/2025\/11\/mosaico_1763682525176-1024x576.jpg\" alt=\"Os incr\u00edveis benef\u00edcios de adotar um c\u00e3o adulto, segundo especialistas\" class=\"wp-image-141636\" srcset=\"https:\/\/www.correiobraziliense.com.br\/cbradar\/wp-content\/uploads\/2025\/11\/mosaico_1763682525176-1024x576.jpg 1024w, https:\/\/www.correiobraziliense.com.br\/cbradar\/wp-content\/uploads\/2025\/11\/mosaico_1763682525176-300x169.jpg 300w, https:\/\/www.correiobraziliense.com.br\/cbradar\/wp-content\/uploads\/2025\/11\/mosaico_1763682525176-768x432.jpg 768w, https:\/\/www.correiobraziliense.com.br\/cbradar\/wp-content\/uploads\/2025\/11\/mosaico_1763682525176-750x422.jpg 750w, https:\/\/www.correiobraziliense.com.br\/cbradar\/wp-content\/uploads\/2025\/11\/mosaico_1763682525176-1140x641.jpg 1140w, https:\/\/www.correiobraziliense.com.br\/cbradar\/wp-content\/uploads\/2025\/11\/mosaico_1763682525176.jpg 1280w\" sizes=\"(max-width: 1024px) 100vw, 1024px\" \/><figcaption class=\"wp-element-caption\">Exerc\u00edcios leves e cuidados veterin\u00e1rios regulares s\u00e3o essenciais para a sa\u00fade dos c\u00e3es idosos adotados. Cr\u00e9ditos: depositphotos.com \/ MicEnin e Cr\u00e9ditos: depositphotos.com \/ AllaSerebrina<\/figcaption><\/figure>\n\n\n\n<h2 class=\"wp-block-heading\">O que \u00e9 importante saber antes de adotar um c\u00e3o mais velho?<\/h2>\n\n\n\n<p>Adotar um c\u00e3o idoso \u00e9 um gesto nobre, mas envolve <strong>algumas responsabilidades adicionais<\/strong>. Por terem expectativa de vida menor e poss\u00edveis necessidades especiais, futuros tutores precisam estar preparados para cuidar desses aspectos.<\/p>\n\n\n\n<p>\u00c9 fundamental compreender os principais cuidados necess\u00e1rios. Veja abaixo algumas considera\u00e7\u00f5es importantes:<\/p>\n\n\n\n<ul class=\"wp-block-list\">\n<li>Visitas frequentes ao veterin\u00e1rio para monitoramento da sa\u00fade do animal.<\/li>\n\n\n\n<li>Alimenta\u00e7\u00e3o adaptada para garantir a nutri\u00e7\u00e3o adequada \u00e0 idade.<\/li>\n\n\n\n<li>Adapta\u00e7\u00f5es no espa\u00e7o dom\u00e9stico para acomodar limita\u00e7\u00f5es f\u00edsicas.<\/li>\n\n\n\n<li>Paci\u00eancia com poss\u00edveis epis\u00f3dios de incontin\u00eancia urin\u00e1ria.<\/li>\n<\/ul>\n\n\n\n<h2 class=\"wp-block-heading\">Por que a ado\u00e7\u00e3o de c\u00e3es idosos faz diferen\u00e7a na sociedade?<\/h2>\n\n\n\n<p>A <strong>longevidade e o cuidado desses animais no fim da vida<\/strong> s\u00e3o essenciais no processo de ado\u00e7\u00e3o. Proporcionar um lar amoroso demonstra empatia, reduz a superlota\u00e7\u00e3o em abrigos e inspira mais pessoas a considerarem essa atitude.<\/p>\n\n\n\n<p>Oferecer amor, dignidade e conforto nos \u00faltimos anos de vida desses c\u00e3es <strong>impacta positivamente todas as partes envolvidas<\/strong>, promovendo uma sociedade mais solid\u00e1ria e consciente da import\u00e2ncia de acolher animais s\u00eaniores. A\u00e7\u00f5es de ado\u00e7\u00e3o tamb\u00e9m contribuem para a educa\u00e7\u00e3o da comunidade, promovendo o respeito aos animais e estimulando futuras gera\u00e7\u00f5es a valorizarem a vida em todas as suas fases.<\/p>\n","protected":false},"excerpt":{"rendered":"<p>Adote um c\u00e3o mais velho e transforme sua vida: descubra como c\u00e3es adultos, acima de 7 anos, oferecem grandes benef\u00edcios emocionais e f\u00edsicos.<\/p>\n","protected":false},"author":3,"featured_media":142297,"comment_status":"open","ping_status":"open","sticky":false,"template":"","format":"standard","meta":{"_yoast_wpseo_focuskw":"benef\u00edcios adotar c\u00e3o adulto","_yoast_wpseo_title":"%%title%%","_yoast_wpseo_metadesc":"Adote um c\u00e3o mais velho e transforme sua vida: descubra como c\u00e3es adultos, acima de 7 anos, oferecem grandes benef\u00edcios emocionais e f\u00edsicos.","jnews-multi-image_gallery":[],"jnews_single_post":{"format":"standard"},"jnews_primary_category":[],"jnews_social_meta":[],"jnews_override_counter":[],"footnotes":""},"categories":[112],"post_tag":[230,1977,378,144,1008],"class_list":["post-141634","post","type-post","status-publish","format-standard","has-post-thumbnail","hentry","category-curiosidades","tag-animais","tag-animais-de-estimacao","tag-cachorro","tag-curiosidades","tag-pets"],"yoast_head":"<!-- This site is optimized with the Yoast SEO plugin v24.6 - https:\/\/yoast.com\/wordpress\/plugins\/seo\/ -->\n<title>Os incr\u00edveis benef\u00edcios de adotar um c\u00e3o adulto, segundo especialistas<\/title>\n<meta name=\"description\" content=\"Adote um c\u00e3o mais velho e transforme sua vida: descubra como c\u00e3es adultos, acima de 7 anos, oferecem grandes benef\u00edcios emocionais e f\u00edsicos.\" \/>\n<meta name=\"robots\" content=\"index, follow, max-snippet:-1, max-image-preview:large, max-video-preview:-1\" \/>\n<link rel=\"canonical\" href=\"https:\/\/www.correiobraziliense.com.br\/cbradar\/os-incriveis-beneficios-de-adotar-um-cao-adulto-segundo-especialistas\/\" \/>\n<meta property=\"og:locale\" content=\"pt_BR\" \/>\n<meta property=\"og:type\" content=\"article\" \/>\n<meta property=\"og:title\" content=\"Os incr\u00edveis benef\u00edcios de adotar um c\u00e3o adulto, segundo especialistas\" \/>\n<meta property=\"og:description\" content=\"Adote um c\u00e3o mais velho e transforme sua vida: descubra como c\u00e3es adultos, acima de 7 anos, oferecem grandes benef\u00edcios emocionais e f\u00edsicos.\" \/>\n<meta property=\"og:url\" content=\"https:\/\/www.correiobraziliense.com.br\/cbradar\/os-incriveis-beneficios-de-adotar-um-cao-adulto-segundo-especialistas\/\" \/>\n<meta property=\"og:site_name\" content=\"Correio Braziliense - Radar\" \/>\n<meta property=\"article:published_time\" content=\"2025-11-21T23:35:00+00:00\" \/>\n<meta property=\"og:image\" content=\"https:\/\/www.correiobraziliense.com.br\/cbradar\/wp-content\/uploads\/2025\/11\/Adotar-Cao-Adulto-1280x720-1.png\" \/>\n\t<meta property=\"og:image:width\" content=\"1280\" \/>\n\t<meta property=\"og:image:height\" content=\"720\" \/>\n\t<meta property=\"og:image:type\" content=\"image\/png\" \/>\n<meta name=\"author\" content=\"Larissa Carvalho\" \/>\n<meta name=\"twitter:card\" content=\"summary_large_image\" \/>\n<meta name=\"twitter:label1\" content=\"Escrito por\" \/>\n\t<meta name=\"twitter:data1\" content=\"Larissa Carvalho\" \/>\n\t<meta name=\"twitter:label2\" content=\"Est. tempo de leitura\" \/>\n\t<meta name=\"twitter:data2\" content=\"4 minutos\" \/>\n<!-- \/ Yoast SEO plugin. -->","yoast_head_json":{"title":"Os incr\u00edveis benef\u00edcios de adotar um c\u00e3o adulto, segundo especialistas","description":"Adote um c\u00e3o mais velho e transforme sua vida: descubra como c\u00e3es adultos, acima de 7 anos, oferecem grandes benef\u00edcios emocionais e f\u00edsicos.","robots":{"index":"index","follow":"follow","max-snippet":"max-snippet:-1","max-image-preview":"max-image-preview:large","max-video-preview":"max-video-preview:-1"},"canonical":"https:\/\/www.correiobraziliense.com.br\/cbradar\/os-incriveis-beneficios-de-adotar-um-cao-adulto-segundo-especialistas\/","og_locale":"pt_BR","og_type":"article","og_title":"Os incr\u00edveis benef\u00edcios de adotar um c\u00e3o adulto, segundo especialistas","og_description":"Adote um c\u00e3o mais velho e transforme sua vida: descubra como c\u00e3es adultos, acima de 7 anos, oferecem grandes benef\u00edcios emocionais e f\u00edsicos.","og_url":"https:\/\/www.correiobraziliense.com.br\/cbradar\/os-incriveis-beneficios-de-adotar-um-cao-adulto-segundo-especialistas\/","og_site_name":"Correio Braziliense - Radar","article_published_time":"2025-11-21T23:35:00+00:00","og_image":[{"width":1280,"height":720,"url":"https:\/\/www.correiobraziliense.com.br\/cbradar\/wp-content\/uploads\/2025\/11\/Adotar-Cao-Adulto-1280x720-1.png","type":"image\/png"}],"author":"Larissa Carvalho","twitter_card":"summary_large_image","twitter_misc":{"Escrito por":"Larissa Carvalho","Est. tempo de leitura":"4 minutos"},"schema":{"@context":"https:\/\/schema.org","@graph":[{"@type":"WebPage","@id":"https:\/\/www.correiobraziliense.com.br\/cbradar\/os-incriveis-beneficios-de-adotar-um-cao-adulto-segundo-especialistas\/","url":"https:\/\/www.correiobraziliense.com.br\/cbradar\/os-incriveis-beneficios-de-adotar-um-cao-adulto-segundo-especialistas\/","name":"Os incr\u00edveis benef\u00edcios de adotar um c\u00e3o adulto, segundo especialistas","isPartOf":{"@id":"https:\/\/www.correiobraziliense.com.br\/cbradar\/#website"},"primaryImageOfPage":{"@id":"https:\/\/www.correiobraziliense.com.br\/cbradar\/os-incriveis-beneficios-de-adotar-um-cao-adulto-segundo-especialistas\/#primaryimage"},"image":{"@id":"https:\/\/www.correiobraziliense.com.br\/cbradar\/os-incriveis-beneficios-de-adotar-um-cao-adulto-segundo-especialistas\/#primaryimage"},"thumbnailUrl":"https:\/\/www.correiobraziliense.com.br\/cbradar\/wp-content\/uploads\/2025\/11\/Adotar-Cao-Adulto-1280x720-1.png","datePublished":"2025-11-21T23:35:00+00:00","author":{"@id":"https:\/\/www.correiobraziliense.com.br\/cbradar\/#\/schema\/person\/58422787644df994b53a19d3e56c1513"},"description":"Adote um c\u00e3o mais velho e transforme sua vida: descubra como c\u00e3es adultos, acima de 7 anos, oferecem grandes benef\u00edcios emocionais e f\u00edsicos.","breadcrumb":{"@id":"https:\/\/www.correiobraziliense.com.br\/cbradar\/os-incriveis-beneficios-de-adotar-um-cao-adulto-segundo-especialistas\/#breadcrumb"},"inLanguage":"pt-BR","potentialAction":[{"@type":"ReadAction","target":["https:\/\/www.correiobraziliense.com.br\/cbradar\/os-incriveis-beneficios-de-adotar-um-cao-adulto-segundo-especialistas\/"]}]},{"@type":"ImageObject","inLanguage":"pt-BR","@id":"https:\/\/www.correiobraziliense.com.br\/cbradar\/os-incriveis-beneficios-de-adotar-um-cao-adulto-segundo-especialistas\/#primaryimage","url":"https:\/\/www.correiobraziliense.com.br\/cbradar\/wp-content\/uploads\/2025\/11\/Adotar-Cao-Adulto-1280x720-1.png","contentUrl":"https:\/\/www.correiobraziliense.com.br\/cbradar\/wp-content\/uploads\/2025\/11\/Adotar-Cao-Adulto-1280x720-1.png","width":1280,"height":720,"caption":"C\u00e3es com mais de sete anos precisam de cuidados veterin\u00e1rios regulares e exerc\u00edcios leves."},{"@type":"BreadcrumbList","@id":"https:\/\/www.correiobraziliense.com.br\/cbradar\/os-incriveis-beneficios-de-adotar-um-cao-adulto-segundo-especialistas\/#breadcrumb","itemListElement":[{"@type":"ListItem","position":1,"name":"In\u00edcio","item":"https:\/\/www.correiobraziliense.com.br\/cbradar\/"},{"@type":"ListItem","position":2,"name":"Os incr\u00edveis benef\u00edcios de adotar um c\u00e3o adulto, segundo especialistas"}]},{"@type":"WebSite","@id":"https:\/\/www.correiobraziliense.com.br\/cbradar\/#website","url":"https:\/\/www.correiobraziliense.com.br\/cbradar\/","name":"Correio Braziliense - Radar","description":"Acompanhe as \u00faltimas not\u00edcias e fique bem informado sobre tudo o que acontece no Brasil e no mundo.","potentialAction":[{"@type":"SearchAction","target":{"@type":"EntryPoint","urlTemplate":"https:\/\/www.correiobraziliense.com.br\/cbradar\/?s={search_term_string}"},"query-input":{"@type":"PropertyValueSpecification","valueRequired":true,"valueName":"search_term_string"}}],"inLanguage":"pt-BR"},{"@type":"Person","@id":"https:\/\/www.correiobraziliense.com.br\/cbradar\/#\/schema\/person\/58422787644df994b53a19d3e56c1513","name":"Larissa Carvalho","image":{"@type":"ImageObject","inLanguage":"pt-BR","@id":"https:\/\/www.correiobraziliense.com.br\/cbradar\/#\/schema\/person\/image\/","url":"https:\/\/secure.gravatar.com\/avatar\/fe4f91a0de32b52a838d0d612abdc1aa?s=96&d=mm&r=g","contentUrl":"https:\/\/secure.gravatar.com\/avatar\/fe4f91a0de32b52a838d0d612abdc1aa?s=96&d=mm&r=g","caption":"Larissa Carvalho"},"url":"https:\/\/www.correiobraziliense.com.br\/cbradar\/author\/larissamyth\/"}]}},"_links":{"self":[{"href":"https:\/\/www.correiobraziliense.com.br\/cbradar\/wp-json\/wp\/v2\/posts\/141634","targetHints":{"allow":["GET"]}}],"collection":[{"href":"https:\/\/www.correiobraziliense.com.br\/cbradar\/wp-json\/wp\/v2\/posts"}],"about":[{"href":"https:\/\/www.correiobraziliense.com.br\/cbradar\/wp-json\/wp\/v2\/types\/post"}],"author":[{"embeddable":true,"href":"https:\/\/www.correiobraziliense.com.br\/cbradar\/wp-json\/wp\/v2\/users\/3"}],"replies":[{"embeddable":true,"href":"https:\/\/www.correiobraziliense.com.br\/cbradar\/wp-json\/wp\/v2\/comments?post=141634"}],"version-history":[{"count":2,"href":"https:\/\/www.correiobraziliense.com.br\/cbradar\/wp-json\/wp\/v2\/posts\/141634\/revisions"}],"predecessor-version":[{"id":141637,"href":"https:\/\/www.correiobraziliense.com.br\/cbradar\/wp-json\/wp\/v2\/posts\/141634\/revisions\/141637"}],"wp:featuredmedia":[{"embeddable":true,"href":"https:\/\/www.correiobraziliense.com.br\/cbradar\/wp-json\/wp\/v2\/media\/142297"}],"wp:attachment":[{"href":"https:\/\/www.correiobraziliense.com.br\/cbradar\/wp-json\/wp\/v2\/media?parent=141634"}],"wp:term":[{"taxonomy":"category","embeddable":true,"href":"https:\/\/www.correiobraziliense.com.br\/cbradar\/wp-json\/wp\/v2\/categories?post=141634"},{"taxonomy":"post_tag","embeddable":true,"href":"https:\/\/www.correiobraziliense.com.br\/cbradar\/wp-json\/wp\/v2\/post_tag?post=141634"}],"curies":[{"name":"wp","href":"https:\/\/api.w.org\/{rel}","templated":true}]}}