{"id":141638,"date":"2025-11-21T21:25:00","date_gmt":"2025-11-22T00:25:00","guid":{"rendered":"https:\/\/www.correiobraziliense.com.br\/cbradar\/?p=141638"},"modified":"2025-11-21T19:06:13","modified_gmt":"2025-11-21T22:06:13","slug":"existem-uma-estrategia-simples-para-reduzir-a-ingestao-de-alcool-dizem-os-especialistas-e-funciona","status":"publish","type":"post","link":"https:\/\/www.correiobraziliense.com.br\/cbradar\/existem-uma-estrategia-simples-para-reduzir-a-ingestao-de-alcool-dizem-os-especialistas-e-funciona\/","title":{"rendered":"Existem uma estrat\u00e9gia simples para reduzir a ingest\u00e3o de \u00e1lcool, dizem os especialistas, e funciona"},"content":{"rendered":"\n<p>Os riscos associados ao consumo de \u00e1lcool s\u00e3o in\u00fameros, principalmente devido \u00e0 rela\u00e7\u00e3o entre o \u00e1lcool e o aumento do risco de c\u00e2ncer. Descobertas cient\u00edficas recentes mostram que a conscientiza\u00e7\u00e3o sobre o fato do \u00e1lcool ser um carcin\u00f3geno pode ser importante para incentivar a redu\u00e7\u00e3o no consumo. Al\u00e9m de informar sobre os riscos, \u00e9 fundamental oferecer estrat\u00e9gias pr\u00e1ticas para ajudar as pessoas a mitigar tais riscos em seu dia a dia.<\/p>\n\n\n\n<h2 class=\"wp-block-heading\">Estrat\u00e9gias eficazes ajudam a reduzir o consumo de \u00e1lcool<\/h2>\n\n\n\n<p>Estudos com quase 8.000 participantes mostram que a combina\u00e7\u00e3o de mensagens sobre as consequ\u00eancias do \u00e1lcool e dicas pr\u00e1ticas para reduzir o consumo \u00e9 mais eficiente. Pesquisadores notaram que an\u00fancios relacionando \u00e1lcool e c\u00e2ncer, aliados \u00e0 contagem de bebidas, se mostram especialmente eficazes para mudar comportamentos.<\/p>\n\n\n\n<p>Entre as <strong>abordagens recomendadas<\/strong> nos estudos para diminuir o consumo est\u00e3o focar naquilo que pode ser controlado no cotidiano. Veja exemplos pr\u00e1ticos:<\/p>\n\n\n\n<ul class=\"wp-block-list\">\n<li><strong>Contar o n\u00famero de bebidas alco\u00f3licas<\/strong> em cada ocasi\u00e3o<\/li>\n\n\n\n<li>Escolher bebidas com menor teor alco\u00f3lico<\/li>\n\n\n\n<li>Alternar o \u00e1lcool com \u00e1gua ou outras bebidas n\u00e3o alco\u00f3licas<\/li>\n\n\n\n<li>Definir previamente um limite pessoal para o consumo<\/li>\n<\/ul>\n\n\n\n<p>O perfil @sossobriedadecortes traz algumas digas de redu\u00e7\u00e3o:<\/p>\n\n\n\n<blockquote class=\"tiktok-embed\" cite=\"https:\/\/www.tiktok.com\/@sossobriedadecortes\/video\/7366378466960248070\" data-video-id=\"7366378466960248070\" style=\"max-width: 605px;min-width: 325px;\" > <section> <a target=\"_blank\" title=\"@sossobriedadecortes\" href=\"https:\/\/www.tiktok.com\/@sossobriedadecortes?refer=embed\">@sossobriedadecortes<\/a> COMO REDUZIR O CONSUMO DE \u00c1LCOOL? <a title=\"sossobriedade\" target=\"_blank\" href=\"https:\/\/www.tiktok.com\/tag\/sossobriedade?refer=embed\">#sossobriedade<\/a> <a title=\"v\u00edcios\" target=\"_blank\" href=\"https:\/\/www.tiktok.com\/tag\/v%C3%ADcios?refer=embed\">#v\u00edcios<\/a> <a title=\"abstin\u00eancia\" target=\"_blank\" href=\"https:\/\/www.tiktok.com\/tag\/abstin%C3%AAncia?refer=embed\">#abstin\u00eancia<\/a> <a title=\"alcoolismo\" target=\"_blank\" href=\"https:\/\/www.tiktok.com\/tag\/alcoolismo?refer=embed\">#alcoolismo<\/a> <a title=\"abstin\u00eanciaalco\u00f3lica\" target=\"_blank\" href=\"https:\/\/www.tiktok.com\/tag\/abstin%C3%AAnciaalco%C3%B3lica?refer=embed\">#abstin\u00eanciaalco\u00f3lica<\/a> <a title=\"parardebeber\" target=\"_blank\" href=\"https:\/\/www.tiktok.com\/tag\/parardebeber?refer=embed\">#parardebeber<\/a> <a title=\"redu\u00e7\u00e3odedanos\" target=\"_blank\" href=\"https:\/\/www.tiktok.com\/tag\/redu%C3%A7%C3%A3odedanos?refer=embed\">#redu\u00e7\u00e3odedanos<\/a> <a title=\"saude\" target=\"_blank\" href=\"https:\/\/www.tiktok.com\/tag\/saude?refer=embed\">#saude<\/a> <a title=\"saudemental\" target=\"_blank\" href=\"https:\/\/www.tiktok.com\/tag\/saudemental?refer=embed\">#saudemental<\/a> <a title=\"sobertiktok\" target=\"_blank\" href=\"https:\/\/www.tiktok.com\/tag\/sobertiktok?refer=embed\">#sobertiktok<\/a> <a target=\"_blank\" title=\"\u266c som original - sossobriedadecortes\" href=\"https:\/\/www.tiktok.com\/music\/som-original-7366378481393945350?refer=embed\">\u266c som original &#8211; sossobriedadecortes<\/a> <\/section> <\/blockquote> <script async src=\"https:\/\/www.tiktok.com\/embed.js\"><\/script>\n\n\n\n<h2 class=\"wp-block-heading\">Contar as bebidas realmente faz diferen\u00e7a?<\/h2>\n\n\n\n<p>Contar as bebidas \u00e9 um m\u00e9todo simples e eficaz para gerar <strong>consci\u00eancia sobre o consumo de \u00e1lcool<\/strong>. Ao registrar cada dose, os indiv\u00edduos conseguem se manter dentro de limites mais seguros.<\/p>\n\n\n\n<p><a href=\"https:\/\/www.hhs.gov\/sites\/default\/files\/oash-alcohol-cancer-risk.pdf\" target=\"_blank\" rel=\"noreferrer noopener\">Pesquisas cl\u00ednicas demonstram que essa pr\u00e1tica resulta em redu\u00e7\u00e3o real do consumo j\u00e1 nas primeiras semanas<\/a>. A a\u00e7\u00e3o \u00e9 facilmente adapt\u00e1vel ao dia a dia e n\u00e3o exige recursos adicionais.<\/p>\n\n\n\n<h2 class=\"wp-block-heading\">O consumo excessivo de \u00e1lcool afeta a sa\u00fade globalmente<\/h2>\n\n\n\n<p>O consumo exagerado de \u00e1lcool \u00e9 um fator de risco que preocupa a <strong>sa\u00fade p\u00fablica mundial<\/strong>. Segundo a Organiza\u00e7\u00e3o Mundial da Sa\u00fade, cerca de 7% das mortes prematuras no mundo t\u00eam liga\u00e7\u00e3o direta com o \u00e1lcool.<\/p>\n\n\n\n<p>Al\u00e9m do c\u00e2ncer, o consumo elevado agrava doen\u00e7as card\u00edacas, problemas digestivos e aumenta o risco de desenvolver dem\u00eancia e outras condi\u00e7\u00f5es cr\u00f4nicas.<\/p>\n\n\n\n<figure class=\"wp-block-image size-large\"><img decoding=\"async\" width=\"1024\" height=\"576\" src=\"https:\/\/www.correiobraziliense.com.br\/cbradar\/wp-content\/uploads\/2025\/11\/pessoa-bebendo-cerveja_1763682929635-1024x576.jpg\" alt=\"Existem uma estrat\u00e9gia simples para reduzir a ingest\u00e3o de \u00e1lcool, dizem os especialistas, e funciona\" class=\"wp-image-141640\" srcset=\"https:\/\/www.correiobraziliense.com.br\/cbradar\/wp-content\/uploads\/2025\/11\/pessoa-bebendo-cerveja_1763682929635-1024x576.jpg 1024w, https:\/\/www.correiobraziliense.com.br\/cbradar\/wp-content\/uploads\/2025\/11\/pessoa-bebendo-cerveja_1763682929635-300x169.jpg 300w, https:\/\/www.correiobraziliense.com.br\/cbradar\/wp-content\/uploads\/2025\/11\/pessoa-bebendo-cerveja_1763682929635-768x432.jpg 768w, https:\/\/www.correiobraziliense.com.br\/cbradar\/wp-content\/uploads\/2025\/11\/pessoa-bebendo-cerveja_1763682929635-750x422.jpg 750w, https:\/\/www.correiobraziliense.com.br\/cbradar\/wp-content\/uploads\/2025\/11\/pessoa-bebendo-cerveja_1763682929635-1140x641.jpg 1140w, https:\/\/www.correiobraziliense.com.br\/cbradar\/wp-content\/uploads\/2025\/11\/pessoa-bebendo-cerveja_1763682929635.jpg 1280w\" sizes=\"(max-width: 1024px) 100vw, 1024px\" \/><figcaption class=\"wp-element-caption\">O \u00e1lcool \u00e9 um carcin\u00f3geno comprovado, aumentando o risco de diversos tipos de c\u00e2ncer. Cr\u00e9ditos: depositphotos.com \/ serezniy<\/figcaption><\/figure>\n\n\n\n<h2 class=\"wp-block-heading\">Campanhas de conscientiza\u00e7\u00e3o sobre \u00e1lcool s\u00e3o mais eficazes quando personalizadas<\/h2>\n\n\n\n<p>Para obter melhores resultados em campanhas de redu\u00e7\u00e3o de danos, \u00e9 fundamental identificar quais <strong>mensagens funcionam melhor com cada p\u00fablico<\/strong>. Assim, \u00e9 poss\u00edvel adaptar estrat\u00e9gias \u00e0s diferen\u00e7as demogr\u00e1ficas e culturais.<\/p>\n\n\n\n<p>O estudo refor\u00e7a que unir informa\u00e7\u00f5es claras sobre os riscos do \u00e1lcool, indica\u00e7\u00f5es pr\u00e1ticas e campanhas estrat\u00e9gicas pode gerar um impacto real na sa\u00fade p\u00fablica, ajudando a enfrentar o problema do alcoolismo e suas consequ\u00eancias de forma mais eficiente.<\/p>\n","protected":false},"excerpt":{"rendered":"<p>Reduza o consumo de \u00e1lcool e diminua o risco de c\u00e2ncer! Descubra m\u00e9todos comprovados que combinam conscientiza\u00e7\u00e3o com a\u00e7\u00f5es pr\u00e1ticas.<\/p>\n","protected":false},"author":3,"featured_media":142298,"comment_status":"open","ping_status":"open","sticky":false,"template":"","format":"standard","meta":{"_yoast_wpseo_focuskw":"estrat\u00e9gia reduzir ingest\u00e3o de \u00e1lcool","_yoast_wpseo_title":"%%title%%","_yoast_wpseo_metadesc":"Reduza o consumo de \u00e1lcool e diminua o risco de c\u00e2ncer! Descubra m\u00e9todos comprovados que combinam conscientiza\u00e7\u00e3o com a\u00e7\u00f5es pr\u00e1ticas.","jnews-multi-image_gallery":[],"jnews_single_post":{"format":"standard"},"jnews_primary_category":[],"jnews_social_meta":[],"jnews_override_counter":[],"footnotes":""},"categories":[112],"post_tag":[2299,3559,144,565],"class_list":["post-141638","post","type-post","status-publish","format-standard","has-post-thumbnail","hentry","category-curiosidades","tag-alcool","tag-corpo-humano","tag-curiosidades","tag-saude"],"yoast_head":"<!-- This site is optimized with the Yoast SEO plugin v24.6 - https:\/\/yoast.com\/wordpress\/plugins\/seo\/ -->\n<title>Existem uma estrat\u00e9gia simples para reduzir a ingest\u00e3o de \u00e1lcool, dizem os especialistas, e funciona<\/title>\n<meta name=\"description\" content=\"Reduza o consumo de \u00e1lcool e diminua o risco de c\u00e2ncer! Descubra m\u00e9todos comprovados que combinam conscientiza\u00e7\u00e3o com a\u00e7\u00f5es pr\u00e1ticas.\" \/>\n<meta name=\"robots\" content=\"index, follow, max-snippet:-1, max-image-preview:large, max-video-preview:-1\" \/>\n<link rel=\"canonical\" href=\"https:\/\/www.correiobraziliense.com.br\/cbradar\/existem-uma-estrategia-simples-para-reduzir-a-ingestao-de-alcool-dizem-os-especialistas-e-funciona\/\" \/>\n<meta property=\"og:locale\" content=\"pt_BR\" \/>\n<meta property=\"og:type\" content=\"article\" \/>\n<meta property=\"og:title\" content=\"Existem uma estrat\u00e9gia simples para reduzir a ingest\u00e3o de \u00e1lcool, dizem os especialistas, e funciona\" \/>\n<meta property=\"og:description\" content=\"Reduza o consumo de \u00e1lcool e diminua o risco de c\u00e2ncer! Descubra m\u00e9todos comprovados que combinam conscientiza\u00e7\u00e3o com a\u00e7\u00f5es pr\u00e1ticas.\" \/>\n<meta property=\"og:url\" content=\"https:\/\/www.correiobraziliense.com.br\/cbradar\/existem-uma-estrategia-simples-para-reduzir-a-ingestao-de-alcool-dizem-os-especialistas-e-funciona\/\" \/>\n<meta property=\"og:site_name\" content=\"Correio Braziliense - Radar\" \/>\n<meta property=\"article:published_time\" content=\"2025-11-22T00:25:00+00:00\" \/>\n<meta property=\"og:image\" content=\"https:\/\/www.correiobraziliense.com.br\/cbradar\/wp-content\/uploads\/2025\/11\/Estrategia-Reduzir-Alcool-Google-Discover.png\" \/>\n\t<meta property=\"og:image:width\" content=\"1280\" \/>\n\t<meta property=\"og:image:height\" content=\"720\" \/>\n\t<meta property=\"og:image:type\" content=\"image\/png\" \/>\n<meta name=\"author\" content=\"Larissa Carvalho\" \/>\n<meta name=\"twitter:card\" content=\"summary_large_image\" \/>\n<meta name=\"twitter:label1\" content=\"Escrito por\" \/>\n\t<meta name=\"twitter:data1\" content=\"Larissa Carvalho\" \/>\n\t<meta name=\"twitter:label2\" content=\"Est. tempo de leitura\" \/>\n\t<meta name=\"twitter:data2\" content=\"3 minutos\" \/>\n<!-- \/ Yoast SEO plugin. -->","yoast_head_json":{"title":"Existem uma estrat\u00e9gia simples para reduzir a ingest\u00e3o de \u00e1lcool, dizem os especialistas, e funciona","description":"Reduza o consumo de \u00e1lcool e diminua o risco de c\u00e2ncer! Descubra m\u00e9todos comprovados que combinam conscientiza\u00e7\u00e3o com a\u00e7\u00f5es pr\u00e1ticas.","robots":{"index":"index","follow":"follow","max-snippet":"max-snippet:-1","max-image-preview":"max-image-preview:large","max-video-preview":"max-video-preview:-1"},"canonical":"https:\/\/www.correiobraziliense.com.br\/cbradar\/existem-uma-estrategia-simples-para-reduzir-a-ingestao-de-alcool-dizem-os-especialistas-e-funciona\/","og_locale":"pt_BR","og_type":"article","og_title":"Existem uma estrat\u00e9gia simples para reduzir a ingest\u00e3o de \u00e1lcool, dizem os especialistas, e funciona","og_description":"Reduza o consumo de \u00e1lcool e diminua o risco de c\u00e2ncer! Descubra m\u00e9todos comprovados que combinam conscientiza\u00e7\u00e3o com a\u00e7\u00f5es pr\u00e1ticas.","og_url":"https:\/\/www.correiobraziliense.com.br\/cbradar\/existem-uma-estrategia-simples-para-reduzir-a-ingestao-de-alcool-dizem-os-especialistas-e-funciona\/","og_site_name":"Correio Braziliense - Radar","article_published_time":"2025-11-22T00:25:00+00:00","og_image":[{"width":1280,"height":720,"url":"https:\/\/www.correiobraziliense.com.br\/cbradar\/wp-content\/uploads\/2025\/11\/Estrategia-Reduzir-Alcool-Google-Discover.png","type":"image\/png"}],"author":"Larissa Carvalho","twitter_card":"summary_large_image","twitter_misc":{"Escrito por":"Larissa Carvalho","Est. tempo de leitura":"3 minutos"},"schema":{"@context":"https:\/\/schema.org","@graph":[{"@type":"WebPage","@id":"https:\/\/www.correiobraziliense.com.br\/cbradar\/existem-uma-estrategia-simples-para-reduzir-a-ingestao-de-alcool-dizem-os-especialistas-e-funciona\/","url":"https:\/\/www.correiobraziliense.com.br\/cbradar\/existem-uma-estrategia-simples-para-reduzir-a-ingestao-de-alcool-dizem-os-especialistas-e-funciona\/","name":"Existem uma estrat\u00e9gia simples para reduzir a ingest\u00e3o de \u00e1lcool, dizem os especialistas, e funciona","isPartOf":{"@id":"https:\/\/www.correiobraziliense.com.br\/cbradar\/#website"},"primaryImageOfPage":{"@id":"https:\/\/www.correiobraziliense.com.br\/cbradar\/existem-uma-estrategia-simples-para-reduzir-a-ingestao-de-alcool-dizem-os-especialistas-e-funciona\/#primaryimage"},"image":{"@id":"https:\/\/www.correiobraziliense.com.br\/cbradar\/existem-uma-estrategia-simples-para-reduzir-a-ingestao-de-alcool-dizem-os-especialistas-e-funciona\/#primaryimage"},"thumbnailUrl":"https:\/\/www.correiobraziliense.com.br\/cbradar\/wp-content\/uploads\/2025\/11\/Estrategia-Reduzir-Alcool-Google-Discover.png","datePublished":"2025-11-22T00:25:00+00:00","author":{"@id":"https:\/\/www.correiobraziliense.com.br\/cbradar\/#\/schema\/person\/58422787644df994b53a19d3e56c1513"},"description":"Reduza o consumo de \u00e1lcool e diminua o risco de c\u00e2ncer! Descubra m\u00e9todos comprovados que combinam conscientiza\u00e7\u00e3o com a\u00e7\u00f5es pr\u00e1ticas.","breadcrumb":{"@id":"https:\/\/www.correiobraziliense.com.br\/cbradar\/existem-uma-estrategia-simples-para-reduzir-a-ingestao-de-alcool-dizem-os-especialistas-e-funciona\/#breadcrumb"},"inLanguage":"pt-BR","potentialAction":[{"@type":"ReadAction","target":["https:\/\/www.correiobraziliense.com.br\/cbradar\/existem-uma-estrategia-simples-para-reduzir-a-ingestao-de-alcool-dizem-os-especialistas-e-funciona\/"]}]},{"@type":"ImageObject","inLanguage":"pt-BR","@id":"https:\/\/www.correiobraziliense.com.br\/cbradar\/existem-uma-estrategia-simples-para-reduzir-a-ingestao-de-alcool-dizem-os-especialistas-e-funciona\/#primaryimage","url":"https:\/\/www.correiobraziliense.com.br\/cbradar\/wp-content\/uploads\/2025\/11\/Estrategia-Reduzir-Alcool-Google-Discover.png","contentUrl":"https:\/\/www.correiobraziliense.com.br\/cbradar\/wp-content\/uploads\/2025\/11\/Estrategia-Reduzir-Alcool-Google-Discover.png","width":1280,"height":720,"caption":"Beber qualquer tipo de \u00e1lcool traz riscos invis\u00edveis, incluindo aumento do risco de c\u00e2ncer de mama, f\u00edgado, es\u00f4fago e outros."},{"@type":"BreadcrumbList","@id":"https:\/\/www.correiobraziliense.com.br\/cbradar\/existem-uma-estrategia-simples-para-reduzir-a-ingestao-de-alcool-dizem-os-especialistas-e-funciona\/#breadcrumb","itemListElement":[{"@type":"ListItem","position":1,"name":"In\u00edcio","item":"https:\/\/www.correiobraziliense.com.br\/cbradar\/"},{"@type":"ListItem","position":2,"name":"Existem uma estrat\u00e9gia simples para reduzir a ingest\u00e3o de \u00e1lcool, dizem os especialistas, e funciona"}]},{"@type":"WebSite","@id":"https:\/\/www.correiobraziliense.com.br\/cbradar\/#website","url":"https:\/\/www.correiobraziliense.com.br\/cbradar\/","name":"Correio Braziliense - Radar","description":"Acompanhe as \u00faltimas not\u00edcias e fique bem informado sobre tudo o que acontece no Brasil e no mundo.","potentialAction":[{"@type":"SearchAction","target":{"@type":"EntryPoint","urlTemplate":"https:\/\/www.correiobraziliense.com.br\/cbradar\/?s={search_term_string}"},"query-input":{"@type":"PropertyValueSpecification","valueRequired":true,"valueName":"search_term_string"}}],"inLanguage":"pt-BR"},{"@type":"Person","@id":"https:\/\/www.correiobraziliense.com.br\/cbradar\/#\/schema\/person\/58422787644df994b53a19d3e56c1513","name":"Larissa Carvalho","image":{"@type":"ImageObject","inLanguage":"pt-BR","@id":"https:\/\/www.correiobraziliense.com.br\/cbradar\/#\/schema\/person\/image\/","url":"https:\/\/secure.gravatar.com\/avatar\/fe4f91a0de32b52a838d0d612abdc1aa?s=96&d=mm&r=g","contentUrl":"https:\/\/secure.gravatar.com\/avatar\/fe4f91a0de32b52a838d0d612abdc1aa?s=96&d=mm&r=g","caption":"Larissa Carvalho"},"url":"https:\/\/www.correiobraziliense.com.br\/cbradar\/author\/larissamyth\/"}]}},"_links":{"self":[{"href":"https:\/\/www.correiobraziliense.com.br\/cbradar\/wp-json\/wp\/v2\/posts\/141638","targetHints":{"allow":["GET"]}}],"collection":[{"href":"https:\/\/www.correiobraziliense.com.br\/cbradar\/wp-json\/wp\/v2\/posts"}],"about":[{"href":"https:\/\/www.correiobraziliense.com.br\/cbradar\/wp-json\/wp\/v2\/types\/post"}],"author":[{"embeddable":true,"href":"https:\/\/www.correiobraziliense.com.br\/cbradar\/wp-json\/wp\/v2\/users\/3"}],"replies":[{"embeddable":true,"href":"https:\/\/www.correiobraziliense.com.br\/cbradar\/wp-json\/wp\/v2\/comments?post=141638"}],"version-history":[{"count":2,"href":"https:\/\/www.correiobraziliense.com.br\/cbradar\/wp-json\/wp\/v2\/posts\/141638\/revisions"}],"predecessor-version":[{"id":141641,"href":"https:\/\/www.correiobraziliense.com.br\/cbradar\/wp-json\/wp\/v2\/posts\/141638\/revisions\/141641"}],"wp:featuredmedia":[{"embeddable":true,"href":"https:\/\/www.correiobraziliense.com.br\/cbradar\/wp-json\/wp\/v2\/media\/142298"}],"wp:attachment":[{"href":"https:\/\/www.correiobraziliense.com.br\/cbradar\/wp-json\/wp\/v2\/media?parent=141638"}],"wp:term":[{"taxonomy":"category","embeddable":true,"href":"https:\/\/www.correiobraziliense.com.br\/cbradar\/wp-json\/wp\/v2\/categories?post=141638"},{"taxonomy":"post_tag","embeddable":true,"href":"https:\/\/www.correiobraziliense.com.br\/cbradar\/wp-json\/wp\/v2\/post_tag?post=141638"}],"curies":[{"name":"wp","href":"https:\/\/api.w.org\/{rel}","templated":true}]}}