{"id":141665,"date":"2025-11-23T08:25:00","date_gmt":"2025-11-23T11:25:00","guid":{"rendered":"https:\/\/www.correiobraziliense.com.br\/cbradar\/?p=141665"},"modified":"2025-11-22T03:00:14","modified_gmt":"2025-11-22T06:00:14","slug":"a-suica-brasileira-com-clima-europeu-e-arquitetura-encantadora-que-surpreende-turistas","status":"publish","type":"post","link":"https:\/\/www.correiobraziliense.com.br\/cbradar\/a-suica-brasileira-com-clima-europeu-e-arquitetura-encantadora-que-surpreende-turistas\/","title":{"rendered":"A Su\u00ed\u00e7a brasileira com clima europeu e arquitetura encantadora que surpreende turistas"},"content":{"rendered":"\n<p><strong>Campos do Jord\u00e3o<\/strong> \u00e9 um encantador munic\u00edpio localizado na <strong>Serra da Mantiqueira<\/strong>, no interior de <strong>S\u00e3o Paulo<\/strong>, a 173 quil\u00f4metros da capital paulista. Pr\u00f3xima a cidades como <strong>S\u00e3o Bento do Sapuca\u00ed<\/strong> e <strong>Santo Ant\u00f4nio do Pinhal<\/strong>, \u00e9 conhecida como a \u201c<strong>Su\u00ed\u00e7a Brasileira<\/strong>\u201d por sua arquitetura europeia, clima de montanha e atmosfera acolhedora. Venha conhecer o munic\u00edpio mais alto do Brasil e vivenciar experi\u00eancias inesquec\u00edveis entre paisagens exuberantes, gastronomia sofisticada e rica vida cultural, seja para morar em <strong>Campos do Jord\u00e3o<\/strong> ou aproveitar o turismo em <strong>Campos do Jord\u00e3o<\/strong>.<\/p>\n\n\n\n<h2 class=\"wp-block-heading\">Por que morar em Campos do Jord\u00e3o?<\/h2>\n\n\n\n<p><strong>Campos do Jord\u00e3o<\/strong> oferece qualidade de vida excepcional para seus moradores. A cidade apresenta <strong>IDH de 0,749<\/strong>, um dos melhores \u00edndices de desenvolvimento humano do interior paulista, com popula\u00e7\u00e3o de <strong>46.974 habitantes <\/strong><a href=\"https:\/\/www.ibge.gov.br\/cidades-e-estados\/sp\/campos-do-jordao.html\" target=\"_blank\" rel=\"noreferrer noopener\"><strong>segundo o<\/strong> <strong>IBGE<\/strong><\/a>, estimada em <strong>47.956 habitantes<\/strong> para 2025. A economia local \u00e9 diversificada, baseada no turismo, agroneg\u00f3cios e pequenas ind\u00fastrias, com mercado imobili\u00e1rio aquecido e valoriza\u00e7\u00e3o constante das propriedades.<\/p>\n\n\n\n<p>O clima de montanha garante temperaturas amenas durante todo o ano, com ar puro e contato constante com a natureza. A seguran\u00e7a \u00e9 um ponto forte, com baixos \u00edndices de criminalidade e policiamento eficiente. A infraestrutura de sa\u00fade conta com o <strong>Hospital Santa Casa de Miseric\u00f3rdia<\/strong> e diversas cl\u00ednicas especializadas, enquanto a educa\u00e7\u00e3o se destaca com a <strong>Universidade Anhembi Morumbi \u2014 Campus Campos do Jord\u00e3o<\/strong> e escolas particulares renomadas, oferecendo ensino de excel\u00eancia desde a educa\u00e7\u00e3o infantil.<\/p>\n\n\n<div class=\"wp-block-image\">\n<figure class=\"aligncenter size-large\"><img decoding=\"async\" width=\"1024\" height=\"576\" src=\"https:\/\/www.correiobraziliense.com.br\/cbradar\/wp-content\/uploads\/2025\/05\/Campos-do-Jordao_1748552123588-1024x576.jpg\" alt=\"A Su\u00ed\u00e7a brasileira com clima europeu e arquitetura encantadora que surpreende turistas\" class=\"wp-image-45075\" srcset=\"https:\/\/www.correiobraziliense.com.br\/cbradar\/wp-content\/uploads\/2025\/05\/Campos-do-Jordao_1748552123588-1024x576.jpg 1024w, https:\/\/www.correiobraziliense.com.br\/cbradar\/wp-content\/uploads\/2025\/05\/Campos-do-Jordao_1748552123588-300x169.jpg 300w, https:\/\/www.correiobraziliense.com.br\/cbradar\/wp-content\/uploads\/2025\/05\/Campos-do-Jordao_1748552123588-768x432.jpg 768w, https:\/\/www.correiobraziliense.com.br\/cbradar\/wp-content\/uploads\/2025\/05\/Campos-do-Jordao_1748552123588-750x422.jpg 750w, https:\/\/www.correiobraziliense.com.br\/cbradar\/wp-content\/uploads\/2025\/05\/Campos-do-Jordao_1748552123588-1140x641.jpg 1140w, https:\/\/www.correiobraziliense.com.br\/cbradar\/wp-content\/uploads\/2025\/05\/Campos-do-Jordao_1748552123588.jpg 1280w\" sizes=\"(max-width: 1024px) 100vw, 1024px\" \/><figcaption class=\"wp-element-caption\">Campos do Jord\u00e3o, a \u201cSu\u00ed\u00e7a Brasileira\u201d, encanta com clima frio, arquitetura alpina e paisagens \u00fanicas. \/\/ Cr\u00e9ditos: depositphotos.com \/ murilomazzo<\/figcaption><\/figure><\/div>\n\n\n<h2 class=\"wp-block-heading\">Quais s\u00e3o os melhores bairros para morar em Campos do Jord\u00e3o?<\/h2>\n\n\n\n<p>Veja abaixo os bairros mais procurados e suas caracter\u00edsticas:<\/p>\n\n\n\n<ul class=\"wp-block-list\">\n<li><strong>Vila Capivari<\/strong>: Cora\u00e7\u00e3o tur\u00edstico da cidade, com arquitetura europeia, restaurantes sofisticados, lojas especializadas e intensa vida noturna, ideal para quem busca proximidade com com\u00e9rcio e cultura.<\/li>\n\n\n\n<li><strong>Alto da Boa Vista<\/strong>: Bairro residencial nobre com excelente infraestrutura, ruas arborizadas e proximidade ao <strong>Audit\u00f3rio Claudio Santoro<\/strong>, perfeito para quem valoriza tranquilidade e qualidade de vida.<\/li>\n\n\n\n<li><strong>Vila Inglesa<\/strong>: Regi\u00e3o residencial com caracter\u00edsticas buc\u00f3licas, constru\u00e7\u00f5es em estilo ingl\u00eas e acesso facilitado ao <strong>Horto Florestal<\/strong>, ideal para fam\u00edlias que buscam sossego e contato com a natureza.<\/li>\n\n\n\n<li><strong>Abern\u00e9ssia<\/strong>: Bairro hist\u00f3rico com boa infraestrutura comercial, escolas e servi\u00e7os p\u00fablicos, oferecendo custo de vida mais acess\u00edvel sem perder a qualidade jordanense.<\/li>\n\n\n\n<li><strong>Jardim Belvedere<\/strong>: \u00c1rea residencial com terrenos amplos, vista privilegiada das montanhas e proximidade \u00e0 \u00e1rea central, atraindo quem busca espa\u00e7o e privacidade.<\/li>\n<\/ul>\n\n\n\n<figure class=\"wp-block-embed aligncenter is-type-video is-provider-youtube wp-block-embed-youtube wp-embed-aspect-16-9 wp-has-aspect-ratio\"><div class=\"wp-block-embed__wrapper\">\n<div class=\"jeg_video_container jeg_video_content\"><iframe loading=\"lazy\" title=\"Campos do Jord\u00e3o (com PRE\u00c7OS) - Roteiro completo, melhores passeios, o q fazer e onde se hospedar\" width=\"500\" height=\"281\" src=\"https:\/\/www.youtube.com\/embed\/hW0iecN4Log?feature=oembed\" frameborder=\"0\" allow=\"accelerometer; autoplay; clipboard-write; encrypted-media; gyroscope; picture-in-picture; web-share\" referrerpolicy=\"strict-origin-when-cross-origin\" allowfullscreen><\/iframe><\/div>\n<\/div><\/figure>\n\n\n\n<h2 class=\"wp-block-heading\">Por que Campos do Jord\u00e3o \u00e9 refer\u00eancia em turismo de inverno?<\/h2>\n\n\n\n<p><strong>Campos do Jord\u00e3o<\/strong> se consolidou como o principal destino de inverno do Brasil a partir da d\u00e9cada de 1950. Localizada a 1.628 metros de altitude, \u00e9 o munic\u00edpio com a sede administrativa mais elevada do pa\u00eds. A cidade recebe mais de <strong>4,5 milh\u00f5es de turistas anualmente<\/strong>, sendo <strong>1,5 milh\u00e3o<\/strong> apenas durante o inverno, segundo dados oficiais da <strong>Secretaria de Turismo do Estado de S\u00e3o Paulo<\/strong>.<\/p>\n\n\n\n<p>O <strong>Festival Internacional de Inverno de Campos do Jord\u00e3o Dr. Lu\u00eds Arrobas Martins<\/strong>, criado em 1970, \u00e9 considerado o maior evento de m\u00fasica cl\u00e1ssica da Am\u00e9rica Latina. Realizado anualmente em julho, o festival oferece mais de 75 concertos gratuitos no <strong>Audit\u00f3rio Claudio Santoro<\/strong>, <strong>Pal\u00e1cio Boa Vista<\/strong> e outros espa\u00e7os culturais, atraindo renomados m\u00fasicos nacionais e internacionais. O clima europeu, combinado com a gastronomia de altitude e a hospitalidade local, tornam a experi\u00eancia \u00fanica e inesquec\u00edvel.<\/p>\n\n\n\n<h2 class=\"wp-block-heading\">Como \u00e9 a vida cultural em Campos do Jord\u00e3o?<\/h2>\n\n\n\n<p>A vida cultural jordanense \u00e9 vibrante e sofisticada durante todo o ano. O <strong>Festival de Inverno<\/strong> movimenta toda a economia local e consolida <strong>Campos do Jord\u00e3o<\/strong> como capital cultural de inverno, oferecendo concertos, recitais e apresenta\u00e7\u00f5es de dan\u00e7a. A <strong>Festa da Cerejeira em Flor<\/strong>, realizada em julho e agosto no <strong>Parque da Cerejeira<\/strong>, celebra a cultura japonesa com apresenta\u00e7\u00f5es de dan\u00e7a, m\u00fasica e gastronomia t\u00edpica, atraindo visitantes de todo o pa\u00eds.<\/p>\n\n\n\n<p>A gastronomia jordanense mescla influ\u00eancias europeias com ingredientes locais, destacando-se pela produ\u00e7\u00e3o artesanal de cervejas, vinhos e queijos. A <strong>Cervejaria Baden Baden<\/strong>, instalada na cidade, oferece degusta\u00e7\u00e3o e tours pela f\u00e1brica. Restaurantes especializados em fondue, truta e pratos de montanha concentram-se na <strong>Vila Capivari<\/strong>, proporcionando experi\u00eancias gastron\u00f4micas memor\u00e1veis. A <strong>Casa da Xilogravura<\/strong> e o <strong>Museu Fel\u00edcia Leirner<\/strong> preservam t\u00e9cnicas art\u00edsticas tradicionais e oferecem exposi\u00e7\u00f5es de esculturas a c\u00e9u aberto.<\/p>\n\n\n<div class=\"wp-block-image\">\n<figure class=\"aligncenter size-large\"><img decoding=\"async\" width=\"1024\" height=\"576\" src=\"https:\/\/www.correiobraziliense.com.br\/cbradar\/wp-content\/uploads\/2025\/02\/Campos-do-Jordao_1739997610533-1024x576.jpg\" alt=\"A Su\u00ed\u00e7a brasileira com clima europeu e arquitetura encantadora que surpreende turistas\" class=\"wp-image-4053\" srcset=\"https:\/\/www.correiobraziliense.com.br\/cbradar\/wp-content\/uploads\/2025\/02\/Campos-do-Jordao_1739997610533-1024x576.jpg 1024w, https:\/\/www.correiobraziliense.com.br\/cbradar\/wp-content\/uploads\/2025\/02\/Campos-do-Jordao_1739997610533-300x169.jpg 300w, https:\/\/www.correiobraziliense.com.br\/cbradar\/wp-content\/uploads\/2025\/02\/Campos-do-Jordao_1739997610533-768x432.jpg 768w, https:\/\/www.correiobraziliense.com.br\/cbradar\/wp-content\/uploads\/2025\/02\/Campos-do-Jordao_1739997610533-750x422.jpg 750w, https:\/\/www.correiobraziliense.com.br\/cbradar\/wp-content\/uploads\/2025\/02\/Campos-do-Jordao_1739997610533-1140x641.jpg 1140w, https:\/\/www.correiobraziliense.com.br\/cbradar\/wp-content\/uploads\/2025\/02\/Campos-do-Jordao_1739997610533.jpg 1280w\" sizes=\"(max-width: 1024px) 100vw, 1024px\" \/><figcaption class=\"wp-element-caption\">Relaxe entre montanhas, chocolates artesanais e trilhas em Campos do Jord\u00e3o, perfeita para todas as idades. \/\/ Cr\u00e9ditos: depositphotos.com \/ celsopupo<\/figcaption><\/figure><\/div>\n\n\n<h2 class=\"wp-block-heading\">Por que Campos do Jord\u00e3o \u00e9 chamada de &#8220;Su\u00ed\u00e7a Brasileira&#8221;?<\/h2>\n\n\n\n<p><strong>Campos do Jord\u00e3o<\/strong> recebeu o t\u00edtulo de &#8220;<strong>Su\u00ed\u00e7a Brasileira<\/strong>&#8221; devido \u00e0 combina\u00e7\u00e3o \u00fanica de clima frio, arquitetura alpina e paisagens montanhosas. A influ\u00eancia europeia est\u00e1 presente nas constru\u00e7\u00f5es em estilo su\u00ed\u00e7o e alem\u00e3o, com fachadas que lembram os vilarejos dos Alpes. O <strong>Boulevard Gen\u00e8ve<\/strong>, na <strong>Vila Capivari<\/strong>, \u00e9 um cart\u00e3o-postal com sua travessa coberta de guarda-chuvas transparentes iluminados e in\u00fameras lojinhas charmosas.<\/p>\n\n\n\n<p>O clima de montanha foi classificado como um dos melhores do mundo no <strong>Congresso de Climatologia de Paris<\/strong> em 1957, segundo registros hist\u00f3ricos municipais. A altitude elevada proporciona ar puro e temperaturas amenas, caracter\u00edsticas que atra\u00edram pacientes com tuberculose no in\u00edcio do s\u00e9culo XX e, posteriormente, impulsionaram o desenvolvimento tur\u00edstico. A cidade preserva essa identidade europeia em cada detalhe, das constru\u00e7\u00f5es aos eventos culturais.<\/p>\n\n\n\n<h2 class=\"wp-block-heading\">A origem hist\u00f3rica de Campos do Jord\u00e3o<\/h2>\n\n\n\n<p>A hist\u00f3ria de <strong>Campos do Jord\u00e3o<\/strong> remonta ao final do s\u00e9culo XVIII, quando <strong>In\u00e1cio Caetano Vieira de Carvalho<\/strong> chegou \u00e0 <strong>Serra da Mantiqueira<\/strong> em 1790. As terras foram posteriormente adquiridas pelo <strong>Brigadeiro Jord\u00e3o<\/strong>, que deu origem ao nome da regi\u00e3o. Em 29 de abril de 1874, <strong>Mateus da Costa Pinto<\/strong>, considerado o fundador da cidade, adquiriu terras \u00e0s margens do <strong>Rio Imbiri<\/strong> e iniciou as primeiras constru\u00e7\u00f5es, fundando o povoado <strong>S\u00e3o Matheus do Imbiri<\/strong>.<\/p>\n\n\n\n<p>O munic\u00edpio emancipou-se de <strong>S\u00e3o Bento do Sapuca\u00ed<\/strong> em 19 de junho de 1934. A partir da d\u00e9cada de 1920, <strong>Campos do Jord\u00e3o<\/strong> tornou-se refer\u00eancia no tratamento de doen\u00e7as pulmonares, com a constru\u00e7\u00e3o de diversos sanat\u00f3rios. Com o avan\u00e7o da medicina e o desenvolvimento da penicilina nos anos 1950, a cidade redirecionou sua voca\u00e7\u00e3o para o turismo, consolidando-se como o principal destino de inverno brasileiro.<\/p>\n\n\n<div class=\"wp-block-image\">\n<figure class=\"aligncenter size-large\"><img decoding=\"async\" width=\"1024\" height=\"576\" src=\"https:\/\/www.correiobraziliense.com.br\/cbradar\/wp-content\/uploads\/2025\/02\/Campos-do-Jordao_1739997599517-1024x576.jpg\" alt=\"A Su\u00ed\u00e7a brasileira com clima europeu e arquitetura encantadora que surpreende turistas\" class=\"wp-image-4050\" srcset=\"https:\/\/www.correiobraziliense.com.br\/cbradar\/wp-content\/uploads\/2025\/02\/Campos-do-Jordao_1739997599517-1024x576.jpg 1024w, https:\/\/www.correiobraziliense.com.br\/cbradar\/wp-content\/uploads\/2025\/02\/Campos-do-Jordao_1739997599517-300x169.jpg 300w, https:\/\/www.correiobraziliense.com.br\/cbradar\/wp-content\/uploads\/2025\/02\/Campos-do-Jordao_1739997599517-768x432.jpg 768w, https:\/\/www.correiobraziliense.com.br\/cbradar\/wp-content\/uploads\/2025\/02\/Campos-do-Jordao_1739997599517-750x422.jpg 750w, https:\/\/www.correiobraziliense.com.br\/cbradar\/wp-content\/uploads\/2025\/02\/Campos-do-Jordao_1739997599517-1140x641.jpg 1140w, https:\/\/www.correiobraziliense.com.br\/cbradar\/wp-content\/uploads\/2025\/02\/Campos-do-Jordao_1739997599517.jpg 1280w\" sizes=\"(max-width: 1024px) 100vw, 1024px\" \/><figcaption class=\"wp-element-caption\">Campos do Jord\u00e3o \u00e9 refer\u00eancia nacional em turismo de inverno, com eventos culturais vibrantes e natureza preservada. \/\/ Cr\u00e9ditos: depositphotos.com \/ casadaphoto<\/figcaption><\/figure><\/div>\n\n\n<h2 class=\"wp-block-heading\">Melhor \u00e9poca para visitar Campos do Jord\u00e3o?<\/h2>\n\n\n\n<p>A melhor \u00e9poca para visitar <strong>Campos do Jord\u00e3o<\/strong> depende da experi\u00eancia que voc\u00ea busca. O inverno, especialmente julho, \u00e9 a alta temporada, com temperaturas que frequentemente ficam abaixo de 5\u202f\u00b0C e o tradicional <strong>Festival de Inverno<\/strong>. Para quem prefere clima agrad\u00e1vel com menos movimento, abril, maio, setembro e outubro s\u00e3o ideais, oferecendo temperaturas amenas e pre\u00e7os mais acess\u00edveis.<\/p>\n\n\n\n<p><strong><a href=\"https:\/\/www.climatempo.com.br\/previsao-do-tempo\/cidade\/420\/camposdojordao-sp\" target=\"_blank\" rel=\"noreferrer noopener\">Conforme o Climatempo<\/a><\/strong>, o clima em <strong>Campos do Jord\u00e3o<\/strong> \u00e9 tropical de altitude, com temperaturas m\u00e9dias que variam entre 7\u202f\u00b0C e 24\u202f\u00b0C ao longo do ano. O inverno \u00e9 frio e seco, enquanto o ver\u00e3o \u00e9 ameno com precipita\u00e7\u00e3o. Veja abaixo o resumo das esta\u00e7\u00f5es e atividades recomendadas:<\/p>\n\n\n\n<figure class=\"wp-block-table\"><table class=\"has-fixed-layout\"><thead><tr><th>Per\u00edodo<\/th><th>Temperatura m\u00e9dia<\/th><th>Clima<\/th><th>Atividades recomendadas<\/th><\/tr><\/thead><tbody><tr><td>Ver\u00e3o (dez-mar)<\/td><td>13\u00b0C a 24\u00b0C<\/td><td>Ameno com chuvas<\/td><td>Trilhas ecol\u00f3gicas, parques, gastronomia ao ar livre<\/td><\/tr><tr><td>Outono (abr-mai)<\/td><td>8\u00b0C a 21\u00b0C<\/td><td>Fresco e seco<\/td><td>Passeios culturais, compras, festivais gastron\u00f4micos<\/td><\/tr><tr><td>Inverno (jun-ago)<\/td><td>5\u00b0C a 18\u00b0C<\/td><td>Frio e seco<\/td><td>Festival de Inverno, fondue, lareiras, telef\u00e9rico<\/td><\/tr><tr><td>Primavera (set-nov)<\/td><td>10\u00b0C a 22\u00b0C<\/td><td>Ameno com flora\u00e7\u00e3o<\/td><td>Jardins floridos, trilhas, Oktoberfest<\/td><\/tr><\/tbody><\/table><\/figure>\n\n\n\n<p><strong>Leia tamb\u00e9m: <a href=\"https:\/\/www.correiobraziliense.com.br\/cbradar\/essa-cidade-do-rio-de-janeiro-e-uma-verdadeira-reliquia-colonial-cheia-de-tranquilidade\/\" target=\"_blank\" rel=\"noreferrer noopener\">Essa cidade do Rio de Janeiro \u00e9 uma verdadeira rel\u00edquia colonial cheia de tranquilidade.<\/a><\/strong><\/p>\n\n\n\n<figure class=\"wp-block-image aligncenter size-large\"><img decoding=\"async\" width=\"1024\" height=\"576\" src=\"https:\/\/www.correiobraziliense.com.br\/cbradar\/wp-content\/uploads\/2025\/07\/Edicoes-30-1-1024x576.png\" alt=\"A Su\u00ed\u00e7a brasileira com clima europeu e arquitetura encantadora que surpreende turistas\" class=\"wp-image-64709\" srcset=\"https:\/\/www.correiobraziliense.com.br\/cbradar\/wp-content\/uploads\/2025\/07\/Edicoes-30-1-1024x576.png 1024w, https:\/\/www.correiobraziliense.com.br\/cbradar\/wp-content\/uploads\/2025\/07\/Edicoes-30-1-300x169.png 300w, https:\/\/www.correiobraziliense.com.br\/cbradar\/wp-content\/uploads\/2025\/07\/Edicoes-30-1-768x432.png 768w, https:\/\/www.correiobraziliense.com.br\/cbradar\/wp-content\/uploads\/2025\/07\/Edicoes-30-1-750x422.png 750w, https:\/\/www.correiobraziliense.com.br\/cbradar\/wp-content\/uploads\/2025\/07\/Edicoes-30-1-1140x641.png 1140w, https:\/\/www.correiobraziliense.com.br\/cbradar\/wp-content\/uploads\/2025\/07\/Edicoes-30-1.png 1280w\" sizes=\"(max-width: 1024px) 100vw, 1024px\" \/><figcaption class=\"wp-element-caption\"> Viva momentos inesquec\u00edveis nos charmosos caf\u00e9s e jardins de Campos do Jord\u00e3o, destino rom\u00e2ntico da Serra da Mantiqueira. \/\/ Cr\u00e9ditos: YouTube @ArrudaFelipe\n<\/figcaption><\/figure>\n\n\n\n<h2 class=\"wp-block-heading\">Vivencie Campos do Jord\u00e3o<\/h2>\n\n\n\n<p><strong>Campos do Jord\u00e3o<\/strong> \u00e9 um destino completo que une charme europeu, qualidade de vida excepcional e belezas naturais incompar\u00e1veis. Seja para morar ou visitar, a cidade oferece experi\u00eancias memor\u00e1veis em todas as esta\u00e7\u00f5es do ano. O munic\u00edpio mais alto do Brasil encanta com sua arquitetura alpina, gastronomia sofisticada e rica programa\u00e7\u00e3o cultural.<\/p>\n\n\n\n<p>Venha descobrir por que <strong>Campos do Jord\u00e3o<\/strong> \u00e9 considerada a \u201c<strong>Su\u00ed\u00e7a Brasileira<\/strong>\u201d e aproveite o melhor do turismo de montanha nacional. Principais atrativos:<\/p>\n\n\n\n<ul class=\"wp-block-list\">\n<li><strong>Qualidade de vida<\/strong>: IDH elevado, seguran\u00e7a, infraestrutura completa de sa\u00fade e educa\u00e7\u00e3o, clima de montanha com ar puro<\/li>\n\n\n\n<li><strong>Cultura vibrante<\/strong>: Festival de Inverno com m\u00fasica cl\u00e1ssica, Festa da Cerejeira, museus, gastronomia artesanal premiada<\/li>\n\n\n\n<li><strong>Turismo de excel\u00eancia<\/strong>: Mais de 4,5 milh\u00f5es de visitantes anuais, atra\u00e7\u00f5es naturais e hist\u00f3ricas, arquitetura europeia encantadora<\/li>\n<\/ul>\n","protected":false},"excerpt":{"rendered":"<p>Campos do Jord\u00e3o \u00e9 um encantador munic\u00edpio localizado na Serra da Mantiqueira, no interior de S\u00e3o Paulo, a 173 quil\u00f4metros da capital paulista. Pr\u00f3xima a cidades como S\u00e3o Bento do Sapuca\u00ed e Santo Ant\u00f4nio do Pinhal, \u00e9 conhecida como a \u201cSu\u00ed\u00e7a Brasileira\u201d por sua arquitetura europeia, clima de montanha e atmosfera acolhedora. Venha conhecer o [&hellip;]<\/p>\n","protected":false},"author":8,"featured_media":142405,"comment_status":"open","ping_status":"open","sticky":false,"template":"","format":"standard","meta":{"_yoast_wpseo_focuskw":"Campos do Jord\u00e3o","_yoast_wpseo_title":"","_yoast_wpseo_metadesc":"A Su\u00ed\u00e7a brasileira encanta visitantes com seu clima europeu, arquitetura charmosa e paisagens que parecem sa\u00eddas da Europa.","jnews-multi-image_gallery":[],"jnews_single_post":{"format":"standard"},"jnews_primary_category":[],"jnews_social_meta":[],"jnews_override_counter":[],"footnotes":""},"categories":[108,111],"post_tag":[1229,278,4129],"class_list":["post-141665","post","type-post","status-publish","format-standard","has-post-thumbnail","hentry","category-cidades","category-turismo","tag-campos-do-jordao","tag-sao-paulo","tag-suica-brasileira"],"yoast_head":"<!-- This site is optimized with the Yoast SEO plugin v24.6 - https:\/\/yoast.com\/wordpress\/plugins\/seo\/ -->\n<title>A Su\u00ed\u00e7a brasileira com clima europeu e arquitetura encantadora que surpreende turistas - Correio Braziliense - Radar<\/title>\n<meta name=\"description\" content=\"A Su\u00ed\u00e7a brasileira encanta visitantes com seu clima europeu, arquitetura charmosa e paisagens que parecem sa\u00eddas da Europa.\" \/>\n<meta name=\"robots\" content=\"index, follow, max-snippet:-1, max-image-preview:large, max-video-preview:-1\" \/>\n<link rel=\"canonical\" href=\"https:\/\/www.correiobraziliense.com.br\/cbradar\/a-suica-brasileira-com-clima-europeu-e-arquitetura-encantadora-que-surpreende-turistas\/\" \/>\n<meta property=\"og:locale\" content=\"pt_BR\" \/>\n<meta property=\"og:type\" content=\"article\" \/>\n<meta property=\"og:title\" content=\"A Su\u00ed\u00e7a brasileira com clima europeu e arquitetura encantadora que surpreende turistas - Correio Braziliense - Radar\" \/>\n<meta property=\"og:description\" content=\"A Su\u00ed\u00e7a brasileira encanta visitantes com seu clima europeu, arquitetura charmosa e paisagens que parecem sa\u00eddas da Europa.\" \/>\n<meta property=\"og:url\" content=\"https:\/\/www.correiobraziliense.com.br\/cbradar\/a-suica-brasileira-com-clima-europeu-e-arquitetura-encantadora-que-surpreende-turistas\/\" \/>\n<meta property=\"og:site_name\" content=\"Correio Braziliense - Radar\" \/>\n<meta property=\"article:published_time\" content=\"2025-11-23T11:25:00+00:00\" \/>\n<meta property=\"og:image\" content=\"https:\/\/www.correiobraziliense.com.br\/cbradar\/wp-content\/uploads\/2025\/11\/Design-sem-nome-59-1.png\" \/>\n\t<meta property=\"og:image:width\" content=\"1280\" \/>\n\t<meta property=\"og:image:height\" content=\"720\" \/>\n\t<meta property=\"og:image:type\" content=\"image\/png\" \/>\n<meta name=\"author\" content=\"Maura Pereira\" \/>\n<meta name=\"twitter:card\" content=\"summary_large_image\" \/>\n<meta name=\"twitter:label1\" content=\"Escrito por\" \/>\n\t<meta name=\"twitter:data1\" content=\"Maura Pereira\" \/>\n\t<meta name=\"twitter:label2\" content=\"Est. tempo de leitura\" \/>\n\t<meta name=\"twitter:data2\" content=\"9 minutos\" \/>\n<!-- \/ Yoast SEO plugin. -->","yoast_head_json":{"title":"A Su\u00ed\u00e7a brasileira com clima europeu e arquitetura encantadora que surpreende turistas - Correio Braziliense - Radar","description":"A Su\u00ed\u00e7a brasileira encanta visitantes com seu clima europeu, arquitetura charmosa e paisagens que parecem sa\u00eddas da Europa.","robots":{"index":"index","follow":"follow","max-snippet":"max-snippet:-1","max-image-preview":"max-image-preview:large","max-video-preview":"max-video-preview:-1"},"canonical":"https:\/\/www.correiobraziliense.com.br\/cbradar\/a-suica-brasileira-com-clima-europeu-e-arquitetura-encantadora-que-surpreende-turistas\/","og_locale":"pt_BR","og_type":"article","og_title":"A Su\u00ed\u00e7a brasileira com clima europeu e arquitetura encantadora que surpreende turistas - Correio Braziliense - Radar","og_description":"A Su\u00ed\u00e7a brasileira encanta visitantes com seu clima europeu, arquitetura charmosa e paisagens que parecem sa\u00eddas da Europa.","og_url":"https:\/\/www.correiobraziliense.com.br\/cbradar\/a-suica-brasileira-com-clima-europeu-e-arquitetura-encantadora-que-surpreende-turistas\/","og_site_name":"Correio Braziliense - Radar","article_published_time":"2025-11-23T11:25:00+00:00","og_image":[{"width":1280,"height":720,"url":"https:\/\/www.correiobraziliense.com.br\/cbradar\/wp-content\/uploads\/2025\/11\/Design-sem-nome-59-1.png","type":"image\/png"}],"author":"Maura Pereira","twitter_card":"summary_large_image","twitter_misc":{"Escrito por":"Maura Pereira","Est. tempo de leitura":"9 minutos"},"schema":{"@context":"https:\/\/schema.org","@graph":[{"@type":"WebPage","@id":"https:\/\/www.correiobraziliense.com.br\/cbradar\/a-suica-brasileira-com-clima-europeu-e-arquitetura-encantadora-que-surpreende-turistas\/","url":"https:\/\/www.correiobraziliense.com.br\/cbradar\/a-suica-brasileira-com-clima-europeu-e-arquitetura-encantadora-que-surpreende-turistas\/","name":"A Su\u00ed\u00e7a brasileira com clima europeu e arquitetura encantadora que surpreende turistas - Correio Braziliense - Radar","isPartOf":{"@id":"https:\/\/www.correiobraziliense.com.br\/cbradar\/#website"},"primaryImageOfPage":{"@id":"https:\/\/www.correiobraziliense.com.br\/cbradar\/a-suica-brasileira-com-clima-europeu-e-arquitetura-encantadora-que-surpreende-turistas\/#primaryimage"},"image":{"@id":"https:\/\/www.correiobraziliense.com.br\/cbradar\/a-suica-brasileira-com-clima-europeu-e-arquitetura-encantadora-que-surpreende-turistas\/#primaryimage"},"thumbnailUrl":"https:\/\/www.correiobraziliense.com.br\/cbradar\/wp-content\/uploads\/2025\/11\/Design-sem-nome-59-1.png","datePublished":"2025-11-23T11:25:00+00:00","author":{"@id":"https:\/\/www.correiobraziliense.com.br\/cbradar\/#\/schema\/person\/4053c651a9bfc785afc6f4cbc9032fd3"},"description":"A Su\u00ed\u00e7a brasileira encanta visitantes com seu clima europeu, arquitetura charmosa e paisagens que parecem sa\u00eddas da Europa.","breadcrumb":{"@id":"https:\/\/www.correiobraziliense.com.br\/cbradar\/a-suica-brasileira-com-clima-europeu-e-arquitetura-encantadora-que-surpreende-turistas\/#breadcrumb"},"inLanguage":"pt-BR","potentialAction":[{"@type":"ReadAction","target":["https:\/\/www.correiobraziliense.com.br\/cbradar\/a-suica-brasileira-com-clima-europeu-e-arquitetura-encantadora-que-surpreende-turistas\/"]}]},{"@type":"ImageObject","inLanguage":"pt-BR","@id":"https:\/\/www.correiobraziliense.com.br\/cbradar\/a-suica-brasileira-com-clima-europeu-e-arquitetura-encantadora-que-surpreende-turistas\/#primaryimage","url":"https:\/\/www.correiobraziliense.com.br\/cbradar\/wp-content\/uploads\/2025\/11\/Design-sem-nome-59-1.png","contentUrl":"https:\/\/www.correiobraziliense.com.br\/cbradar\/wp-content\/uploads\/2025\/11\/Design-sem-nome-59-1.png","width":1280,"height":720,"caption":"Campos do Jord\u00e3o \u00e9 uma cidade na Serra da Mantiqueira, famosa pelo clima frio e arquitetura europeia. \/ Imagem ilustrativa"},{"@type":"BreadcrumbList","@id":"https:\/\/www.correiobraziliense.com.br\/cbradar\/a-suica-brasileira-com-clima-europeu-e-arquitetura-encantadora-que-surpreende-turistas\/#breadcrumb","itemListElement":[{"@type":"ListItem","position":1,"name":"In\u00edcio","item":"https:\/\/www.correiobraziliense.com.br\/cbradar\/"},{"@type":"ListItem","position":2,"name":"A Su\u00ed\u00e7a brasileira com clima europeu e arquitetura encantadora que surpreende turistas"}]},{"@type":"WebSite","@id":"https:\/\/www.correiobraziliense.com.br\/cbradar\/#website","url":"https:\/\/www.correiobraziliense.com.br\/cbradar\/","name":"Correio Braziliense - Radar","description":"Acompanhe as \u00faltimas not\u00edcias e fique bem informado sobre tudo o que acontece no Brasil e no mundo.","potentialAction":[{"@type":"SearchAction","target":{"@type":"EntryPoint","urlTemplate":"https:\/\/www.correiobraziliense.com.br\/cbradar\/?s={search_term_string}"},"query-input":{"@type":"PropertyValueSpecification","valueRequired":true,"valueName":"search_term_string"}}],"inLanguage":"pt-BR"},{"@type":"Person","@id":"https:\/\/www.correiobraziliense.com.br\/cbradar\/#\/schema\/person\/4053c651a9bfc785afc6f4cbc9032fd3","name":"Maura Pereira","image":{"@type":"ImageObject","inLanguage":"pt-BR","@id":"https:\/\/www.correiobraziliense.com.br\/cbradar\/#\/schema\/person\/image\/","url":"https:\/\/secure.gravatar.com\/avatar\/3effd6bdadfa447f15089c7f7144eaa6?s=96&d=mm&r=g","contentUrl":"https:\/\/secure.gravatar.com\/avatar\/3effd6bdadfa447f15089c7f7144eaa6?s=96&d=mm&r=g","caption":"Maura Pereira"},"sameAs":["https:\/\/www.correiobraziliense.com.br\/"],"url":"https:\/\/www.correiobraziliense.com.br\/cbradar\/author\/mauramyth\/"}]}},"_links":{"self":[{"href":"https:\/\/www.correiobraziliense.com.br\/cbradar\/wp-json\/wp\/v2\/posts\/141665","targetHints":{"allow":["GET"]}}],"collection":[{"href":"https:\/\/www.correiobraziliense.com.br\/cbradar\/wp-json\/wp\/v2\/posts"}],"about":[{"href":"https:\/\/www.correiobraziliense.com.br\/cbradar\/wp-json\/wp\/v2\/types\/post"}],"author":[{"embeddable":true,"href":"https:\/\/www.correiobraziliense.com.br\/cbradar\/wp-json\/wp\/v2\/users\/8"}],"replies":[{"embeddable":true,"href":"https:\/\/www.correiobraziliense.com.br\/cbradar\/wp-json\/wp\/v2\/comments?post=141665"}],"version-history":[{"count":27,"href":"https:\/\/www.correiobraziliense.com.br\/cbradar\/wp-json\/wp\/v2\/posts\/141665\/revisions"}],"predecessor-version":[{"id":143151,"href":"https:\/\/www.correiobraziliense.com.br\/cbradar\/wp-json\/wp\/v2\/posts\/141665\/revisions\/143151"}],"wp:featuredmedia":[{"embeddable":true,"href":"https:\/\/www.correiobraziliense.com.br\/cbradar\/wp-json\/wp\/v2\/media\/142405"}],"wp:attachment":[{"href":"https:\/\/www.correiobraziliense.com.br\/cbradar\/wp-json\/wp\/v2\/media?parent=141665"}],"wp:term":[{"taxonomy":"category","embeddable":true,"href":"https:\/\/www.correiobraziliense.com.br\/cbradar\/wp-json\/wp\/v2\/categories?post=141665"},{"taxonomy":"post_tag","embeddable":true,"href":"https:\/\/www.correiobraziliense.com.br\/cbradar\/wp-json\/wp\/v2\/post_tag?post=141665"}],"curies":[{"name":"wp","href":"https:\/\/api.w.org\/{rel}","templated":true}]}}