{"id":141674,"date":"2025-11-22T15:25:00","date_gmt":"2025-11-22T18:25:00","guid":{"rendered":"https:\/\/www.correiobraziliense.com.br\/cbradar\/?p=141674"},"modified":"2025-11-21T21:28:23","modified_gmt":"2025-11-22T00:28:23","slug":"a-cidade-escondida-do-nordeste-onde-o-encontro-da-agua-doce-com-o-mar-deixa-tudo-surreal","status":"publish","type":"post","link":"https:\/\/www.correiobraziliense.com.br\/cbradar\/a-cidade-escondida-do-nordeste-onde-o-encontro-da-agua-doce-com-o-mar-deixa-tudo-surreal\/","title":{"rendered":"A cidade escondida do Nordeste onde o encontro da \u00e1gua doce com o mar deixa tudo surreal"},"content":{"rendered":"\n<p><strong>Parna\u00edba<\/strong> \u00e9 a segunda maior cidade do <strong>Piau\u00ed<\/strong> e um dos principais destinos tur\u00edsticos do <strong>Nordeste brasileiro<\/strong>. Localizada no litoral norte do estado, a aproximadamente 340 km de <strong>Teresina<\/strong>, a cidade \u00e9 conhecida como o \u201cPortal do Delta\u201d e encanta visitantes com suas belezas naturais \u00fanicas. Venha descobrir as maravilhas de <strong>Parna\u00edba<\/strong> e vivenciar experi\u00eancias inesquec\u00edveis entre dunas, mangues e o impressionante <strong>Delta do Parna\u00edba<\/strong>, um local m\u00e1gico onde a \u00e1gua doce se encontra com a \u00e1gua salgada.<\/p>\n\n\n\n<h2 class=\"wp-block-heading\">Por que a Parna\u00edba \u00e9 um destino tur\u00edstico atrativo?<\/h2>\n\n\n\n<p><strong>Parna\u00edba<\/strong> se destaca como porta de entrada para o <strong>Delta do Parna\u00edba<\/strong>, o \u00fanico delta em mar aberto das Am\u00e9ricas, formando um cen\u00e1rio de rara beleza com 73 ilhas, dunas, manguezais e igarap\u00e9s. A cidade preserva um centro hist\u00f3rico rico, com constru\u00e7\u00f5es coloniais e art d\u00e9co que contam a hist\u00f3ria do ciclo da carne de charque e do porto que movimentou a economia piauiense por d\u00e9cadas.<\/p>\n\n\n\n<p>Al\u00e9m das belezas naturais, <strong>Parna\u00edba<\/strong> oferece gastronomia diversificada baseada em frutos-do-mar frescos, infraestrutura tur\u00edstica crescente e proximidade com outras atra\u00e7\u00f5es da Rota das Emo\u00e7\u00f5es. A cidade combina tranquilidade, cultura e aventura, tornando-se destino ideal para quem busca turismo de natureza, hist\u00f3ria e experi\u00eancias aut\u00eanticas no litoral piauiense.<\/p>\n\n\n<div class=\"wp-block-image\">\n<figure class=\"aligncenter size-large\"><img decoding=\"async\" width=\"1024\" height=\"576\" src=\"https:\/\/www.correiobraziliense.com.br\/cbradar\/wp-content\/uploads\/2025\/05\/Edicoes-19-1024x576.png\" alt=\"O litoral brasileiro que encanta com um destino \u00fanico nas Am\u00e9ricas\" class=\"wp-image-40602\" srcset=\"https:\/\/www.correiobraziliense.com.br\/cbradar\/wp-content\/uploads\/2025\/05\/Edicoes-19-1024x576.png 1024w, https:\/\/www.correiobraziliense.com.br\/cbradar\/wp-content\/uploads\/2025\/05\/Edicoes-19-300x169.png 300w, https:\/\/www.correiobraziliense.com.br\/cbradar\/wp-content\/uploads\/2025\/05\/Edicoes-19-768x432.png 768w, https:\/\/www.correiobraziliense.com.br\/cbradar\/wp-content\/uploads\/2025\/05\/Edicoes-19-750x422.png 750w, https:\/\/www.correiobraziliense.com.br\/cbradar\/wp-content\/uploads\/2025\/05\/Edicoes-19-1140x641.png 1140w, https:\/\/www.correiobraziliense.com.br\/cbradar\/wp-content\/uploads\/2025\/05\/Edicoes-19.png 1280w\" sizes=\"(max-width: 1024px) 100vw, 1024px\" \/><figcaption class=\"wp-element-caption\">Descubra a beleza \u00fanica do Delta do Parna\u00edba, um para\u00edso natural no litoral do Piau\u00ed. \/\/ Reprodu\u00e7\u00e3o: Wikip\u00e9dia<\/figcaption><\/figure><\/div>\n\n\n<h2 class=\"wp-block-heading\">Quais s\u00e3o as principais atra\u00e7\u00f5es tur\u00edsticas de Parna\u00edba?<\/h2>\n\n\n\n<p>Confira a seguir as atra\u00e7\u00f5es imperd\u00edveis de <strong>Parna\u00edba<\/strong>:<\/p>\n\n\n\n<ul class=\"wp-block-list\">\n<li><strong>Delta do Parna\u00edba<\/strong>: O terceiro maior delta do mundo e \u00fanico em mar aberto das Am\u00e9ricas, com passeios de barco pelos igarap\u00e9s, visitas \u00e0s ilhas, observa\u00e7\u00e3o de guar\u00e1s e mergulho em \u00e1guas tranquilas entre mangues e dunas.<\/li>\n\n\n\n<li><strong>Porto das Barcas<\/strong>: Complexo revitalizado no centro hist\u00f3rico com restaurantes, lojas de artesanato, centro cultural e vista privilegiada para o rio <strong>Igara\u00e7u<\/strong>, ideal para apreciar o p\u00f4r do sol e conhecer a hist\u00f3ria portu\u00e1ria da cidade.<\/li>\n\n\n\n<li><strong>Lagoa do Portinho<\/strong>: Lagoa de \u00e1guas cristalinas cercada por dunas, perfeita para banho, passeios de caiaque, pr\u00e1tica de stand-up paddle e contempla\u00e7\u00e3o da natureza em ambiente preservado a poucos quil\u00f4metros do centro.<\/li>\n\n\n\n<li><strong>Pedra do Sal<\/strong>: Praia urbana com forma\u00e7\u00f5es rochosas, piscinas naturais na mar\u00e9 baixa, quiosques e infraestrutura completa, sendo point dos moradores e turistas para banho de mar e pr\u00e1tica de esportes aqu\u00e1ticos.<\/li>\n\n\n\n<li><strong>Centro Hist\u00f3rico<\/strong>: Conjunto arquitet\u00f4nico com casar\u00f5es coloniais, constru\u00e7\u00f5es art d\u00e9co, igrejas centen\u00e1rias como a <strong>Igreja Nossa Senhora do Ros\u00e1rio<\/strong> e a <strong>Pra\u00e7a da Gra\u00e7a<\/strong>, que revelam a rica hist\u00f3ria comercial e cultural da cidade.<\/li>\n<\/ul>\n\n\n\n<p>Confira o v\u00eddeo abaixo da <strong>Hannah Reis<\/strong> (<strong>@hannahreis) <\/strong>no YouTube, apresentando as belezas desse para\u00edso escondido nordestino.<\/p>\n\n\n\n<figure class=\"wp-block-embed is-type-video is-provider-youtube wp-block-embed-youtube wp-embed-aspect-16-9 wp-has-aspect-ratio\"><div class=\"wp-block-embed__wrapper\">\n<div class=\"jeg_video_container jeg_video_content\"><iframe loading=\"lazy\" title=\"PARNAI\u0301BA - PIAUI\u0301 | PARAI\u0301SO ESCONDIDO NO NORDESTE - Roteiro completo com PRE\u00c7OS\" width=\"500\" height=\"281\" src=\"https:\/\/www.youtube.com\/embed\/I0gZB3xTeh8?feature=oembed\" frameborder=\"0\" allow=\"accelerometer; autoplay; clipboard-write; encrypted-media; gyroscope; picture-in-picture; web-share\" referrerpolicy=\"strict-origin-when-cross-origin\" allowfullscreen><\/iframe><\/div>\n<\/div><\/figure>\n\n\n\n<h2 class=\"wp-block-heading\">Como \u00e9 a vida cultural em Parna\u00edba?<\/h2>\n\n\n\n<p>A vida cultural de <strong>Parna\u00edba<\/strong> \u00e9 marcada por festividades tradicionais, gastronomia singular e manifesta\u00e7\u00f5es art\u00edsticas que preservam a identidade local. O <strong>Carnaporto<\/strong>, carnaval de rua realizado no <strong>Porto das Barcas<\/strong>, atrai milhares de foli\u00f5es com blocos tradicionais, m\u00fasica ao vivo e anima\u00e7\u00e3o em cen\u00e1rio hist\u00f3rico revitalizado que ganhou vida nova nos \u00faltimos anos.<\/p>\n\n\n\n<p>A gastronomia parnaibana \u00e9 destaque nacional, pela especialmente caranguejada e pratos com frutos-do-mar capturados diariamente no delta e no litoral. Restaurantes \u00e0 beira-rio servem especialidades como peixada, camar\u00e3o ao alho e \u00f3leo, e a tradicional maria-isabel, combinando carne de sol com arroz e temperos regionais que encantam paladares mais exigentes.<\/p>\n\n\n\n<h2 class=\"wp-block-heading\">Por que Parna\u00edba \u00e9 refer\u00eancia em turismo de natureza?<\/h2>\n\n\n\n<p><strong>Parna\u00edba<\/strong> se consolidou como refer\u00eancia em turismo de natureza por abrigar ecossistemas \u00fanicos e raros no litoral brasileiro. O <strong>Delta do Parna\u00edba<\/strong>, com 2.700 km\u00b2 de \u00e1rea, forma o terceiro maior delta do mundo e oferece experi\u00eancias imersivas em manguezais, dunas, praias desertas e ilhas com fauna e flora diversificadas, incluindo o espet\u00e1culo do voo dos guar\u00e1s ao entardecer.<\/p>\n\n\n\n<p>A cidade integra a <strong>Rota das Emo\u00e7\u00f5es<\/strong>, roteiro tur\u00edstico que conecta <strong>Parna\u00edba<\/strong> aos <strong>Len\u00e7\u00f3is Maranhenses<\/strong> e <strong>Jericoacoara<\/strong>, consolidando a regi\u00e3o como polo de ecoturismo reconhecido internacionalmente. Segundo o <strong>IBGE<\/strong>, o turismo representa fonte crescente de renda para <strong>Parna\u00edba<\/strong>, impulsionando desenvolvimento sustent\u00e1vel e conserva\u00e7\u00e3o ambiental atrav\u00e9s de passeios guiados, pousadas ecol\u00f3gicas e projetos de educa\u00e7\u00e3o ambiental na regi\u00e3o deltaica.<\/p>\n\n\n\n<h2 class=\"wp-block-heading\">O legado da arquitetura colonial e art d\u00e9co<\/h2>\n\n\n\n<p><strong>Parna\u00edba<\/strong> preserva acervo arquitet\u00f4nico singular que une estilos colonial e art d\u00e9co, testemunhos dos ciclos econ\u00f4micos que movimentaram a cidade entre os s\u00e9culos XVIII e XX. Casar\u00f5es comerciais, sobrados residenciais e pr\u00e9dios p\u00fablicos no centro hist\u00f3rico exibem elementos decorativos refinados, fachadas coloridas e t\u00e9cnicas construtivas que refletem prosperidade dos per\u00edodos da carne de charque e do com\u00e9rcio portu\u00e1rio internacional.<\/p>\n\n\n\n<p>O processo de revitaliza\u00e7\u00e3o iniciado na d\u00e9cada de 2010 recuperou importantes patrim\u00f4nios como o <strong>Porto das Barcas<\/strong> e a <strong>Pra\u00e7a da Gra\u00e7a<\/strong>, transformando \u00e1reas antes degradadas em espa\u00e7os culturais vibrantes. Projetos de preserva\u00e7\u00e3o conduzidos pela prefeitura e apoiados pelo patrim\u00f4nio hist\u00f3rico estadual garantem que gera\u00e7\u00f5es futuras possam apreciar a riqueza arquitet\u00f4nica que conta a hist\u00f3ria de uma das cidades mais importantes do litoral piauiense.<\/p>\n\n\n<div class=\"wp-block-image\">\n<figure class=\"aligncenter size-large\"><img decoding=\"async\" width=\"1024\" height=\"576\" src=\"https:\/\/www.correiobraziliense.com.br\/cbradar\/wp-content\/uploads\/2025\/05\/Parnaiba_1747839033024-1024x576.jpg\" alt=\"O litoral brasileiro que encanta com um destino \u00fanico nas Am\u00e9ricas\" class=\"wp-image-40493\" srcset=\"https:\/\/www.correiobraziliense.com.br\/cbradar\/wp-content\/uploads\/2025\/05\/Parnaiba_1747839033024-1024x576.jpg 1024w, https:\/\/www.correiobraziliense.com.br\/cbradar\/wp-content\/uploads\/2025\/05\/Parnaiba_1747839033024-300x169.jpg 300w, https:\/\/www.correiobraziliense.com.br\/cbradar\/wp-content\/uploads\/2025\/05\/Parnaiba_1747839033024-768x432.jpg 768w, https:\/\/www.correiobraziliense.com.br\/cbradar\/wp-content\/uploads\/2025\/05\/Parnaiba_1747839033024-750x422.jpg 750w, https:\/\/www.correiobraziliense.com.br\/cbradar\/wp-content\/uploads\/2025\/05\/Parnaiba_1747839033024-1140x642.jpg 1140w, https:\/\/www.correiobraziliense.com.br\/cbradar\/wp-content\/uploads\/2025\/05\/Parnaiba_1747839033024.jpg 1279w\" sizes=\"(max-width: 1024px) 100vw, 1024px\" \/><figcaption class=\"wp-element-caption\">Parna\u00edba atrai turismo com o \u00fanico delta em mar aberto das Am\u00e9ricas e eventos culturais animados. \/\/ Cr\u00e9ditos: depositphotos.com \/ RudiErnst<\/figcaption><\/figure><\/div>\n\n\n<h2 class=\"wp-block-heading\">Melhor \u00e9poca para visitar Parna\u00edba?<\/h2>\n\n\n\n<p>A melhor \u00e9poca para visitar <strong>Parna\u00edba<\/strong> \u00e9 entre julho e dezembro, quando h\u00e1 menos chuvas e o clima favorece passeios pelo delta, praias e dunas.<strong> <\/strong><a href=\"https:\/\/www.ibge.gov.br\/cidades-e-estados\/pi\/parnaiba.html\" target=\"_blank\" rel=\"noreferrer noopener\"><strong>Segundo o<\/strong> <strong>Climatempo<\/strong><\/a>, a temperatura m\u00e9dia anual fica em torno de 28\u202f\u00b0C, com clima tropical quente predominante durante todo o ano, proporcionando sol abundante e condi\u00e7\u00f5es ideais para turismo de natureza e atividades aqu\u00e1ticas.<\/p>\n\n\n\n<p>Veja abaixo o resumo das esta\u00e7\u00f5es e atividades recomendadas:<\/p>\n\n\n\n<figure class=\"wp-block-table\"><table class=\"has-fixed-layout\"><thead><tr><th>Per\u00edodo (meses)<\/th><th>Temperatura m\u00e9dia<\/th><th>Clima<\/th><th>Atividades recomendadas<\/th><\/tr><\/thead><tbody><tr><td>Janeiro a Junho<\/td><td>27-29\u00b0C<\/td><td>Chuvoso, \u00famido<\/td><td>Passeios fluviais pelo delta, observa\u00e7\u00e3o de guar\u00e1s, visita ao centro hist\u00f3rico<\/td><\/tr><tr><td>Julho a Setembro<\/td><td>27-28\u00b0C<\/td><td>Seco, ensolarado<\/td><td>Praias, lagoas, passeios de buggy, esportes aqu\u00e1ticos<\/td><\/tr><tr><td>Outubro a Dezembro<\/td><td>28-30\u00b0C<\/td><td>Quente, pouca chuva<\/td><td>Delta, dunas, Rota das Emo\u00e7\u00f5es, festivais culturais<\/td><\/tr><\/tbody><\/table><\/figure>\n\n\n\n<p><strong>Leia tamb\u00e9m: <a href=\"https:\/\/www.correiobraziliense.com.br\/cbradar\/essa-cidade-do-rio-de-janeiro-e-uma-verdadeira-reliquia-colonial-cheia-de-tranquilidade\/\" target=\"_blank\" rel=\"noreferrer noopener\">Essa cidade do Rio de Janeiro \u00e9 uma verdadeira rel\u00edquia colonial cheia de tranquilidade.<\/a><\/strong><\/p>\n\n\n<div class=\"wp-block-image\">\n<figure class=\"aligncenter size-large\"><img decoding=\"async\" width=\"1024\" height=\"576\" src=\"https:\/\/www.correiobraziliense.com.br\/cbradar\/wp-content\/uploads\/2025\/05\/Edicoes-20-1024x576.png\" alt=\"A cidade litor\u00e2nea com condi\u00e7\u00f5es perfeitas para o Kitesurf o ano todo\" class=\"wp-image-40601\" srcset=\"https:\/\/www.correiobraziliense.com.br\/cbradar\/wp-content\/uploads\/2025\/05\/Edicoes-20-1024x576.png 1024w, https:\/\/www.correiobraziliense.com.br\/cbradar\/wp-content\/uploads\/2025\/05\/Edicoes-20-300x169.png 300w, https:\/\/www.correiobraziliense.com.br\/cbradar\/wp-content\/uploads\/2025\/05\/Edicoes-20-768x432.png 768w, https:\/\/www.correiobraziliense.com.br\/cbradar\/wp-content\/uploads\/2025\/05\/Edicoes-20-750x422.png 750w, https:\/\/www.correiobraziliense.com.br\/cbradar\/wp-content\/uploads\/2025\/05\/Edicoes-20-1140x641.png 1140w, https:\/\/www.correiobraziliense.com.br\/cbradar\/wp-content\/uploads\/2025\/05\/Edicoes-20.png 1280w\" sizes=\"(max-width: 1024px) 100vw, 1024px\" \/><figcaption class=\"wp-element-caption\">Explore o Delta do Parna\u00edba e conhe\u00e7a seu rico patrim\u00f4nio hist\u00f3rico e cultural. \/\/ Reprodu\u00e7\u00e3o: Wikip\u00e9dia<\/figcaption><\/figure><\/div>\n\n\n<h2 class=\"wp-block-heading\">Vivencie Parna\u00edba<\/h2>\n\n\n\n<p><strong>Parna\u00edba<\/strong> convida voc\u00ea a vivenciar experi\u00eancias aut\u00eanticas entre natureza exuberante, hist\u00f3ria preservada e hospitalidade nordestina. Seja para explorar o <strong>Delta do Parna\u00edba<\/strong> em passeios de barco, relaxar nas praias e lagoas cristalinas, ou saborear frutos-do-mar fresqu\u00edssimos em restaurantes \u00e0 beira-rio, a cidade oferece roteiros diversificados para todos os perfis de visitantes e moradores.<\/p>\n\n\n\n<p>Planeje sua viagem e descubra por que <strong>Parna\u00edba<\/strong> se tornou destino obrigat\u00f3rio na <strong>Rota das Emo\u00e7\u00f5es<\/strong> e refer\u00eancia em turismo sustent\u00e1vel no Nordeste brasileiro:<\/p>\n\n\n\n<ul class=\"wp-block-list\">\n<li><strong>Natureza \u00fanica<\/strong>: Delta em mar aberto, praias, lagoas, dunas e manguezais preservados<\/li>\n\n\n\n<li><strong>Cultura e hist\u00f3ria<\/strong>: Arquitetura colonial e art d\u00e9co, gastronomia regional e festividades tradicionais<\/li>\n\n\n\n<li><strong>Infraestrutura tur\u00edstica<\/strong>: Hot\u00e9is, pousadas, restaurantes e operadoras especializadas em ecoturismo<\/li>\n<\/ul>\n","protected":false},"excerpt":{"rendered":"<p>Parna\u00edba \u00e9 a segunda maior cidade do Piau\u00ed e um dos principais destinos tur\u00edsticos do Nordeste brasileiro. Localizada no litoral norte do estado, a aproximadamente 340 km de Teresina, a cidade \u00e9 conhecida como o \u201cPortal do Delta\u201d e encanta visitantes com suas belezas naturais \u00fanicas. Venha descobrir as maravilhas de Parna\u00edba e vivenciar experi\u00eancias [&hellip;]<\/p>\n","protected":false},"author":8,"featured_media":142400,"comment_status":"open","ping_status":"open","sticky":false,"template":"","format":"standard","meta":{"_yoast_wpseo_focuskw":"cidade do Nordeste","_yoast_wpseo_title":"","_yoast_wpseo_metadesc":"Esse destino escondido no Nordeste encanta no delta onde a \u00e1gua doce encontra o mar e revela paisagens impressionantes.","jnews-multi-image_gallery":[],"jnews_single_post":{"format":"standard"},"jnews_primary_category":[],"jnews_social_meta":[],"jnews_override_counter":[],"footnotes":""},"categories":[108,111],"post_tag":[632,11860,10184],"class_list":["post-141674","post","type-post","status-publish","format-standard","has-post-thumbnail","hentry","category-cidades","category-turismo","tag-nordeste","tag-parnaiba-2","tag-piaui-2"],"yoast_head":"<!-- This site is optimized with the Yoast SEO plugin v24.6 - https:\/\/yoast.com\/wordpress\/plugins\/seo\/ -->\n<title>A cidade escondida do Nordeste onde o encontro da \u00e1gua doce com o mar deixa tudo surreal - Correio Braziliense - Radar<\/title>\n<meta name=\"description\" content=\"Esse destino escondido no Nordeste encanta no delta onde a \u00e1gua doce encontra o mar e revela paisagens impressionantes.\" \/>\n<meta name=\"robots\" content=\"index, follow, max-snippet:-1, max-image-preview:large, max-video-preview:-1\" \/>\n<link rel=\"canonical\" href=\"https:\/\/www.correiobraziliense.com.br\/cbradar\/a-cidade-escondida-do-nordeste-onde-o-encontro-da-agua-doce-com-o-mar-deixa-tudo-surreal\/\" \/>\n<meta property=\"og:locale\" content=\"pt_BR\" \/>\n<meta property=\"og:type\" content=\"article\" \/>\n<meta property=\"og:title\" content=\"A cidade escondida do Nordeste onde o encontro da \u00e1gua doce com o mar deixa tudo surreal - Correio Braziliense - Radar\" \/>\n<meta property=\"og:description\" content=\"Esse destino escondido no Nordeste encanta no delta onde a \u00e1gua doce encontra o mar e revela paisagens impressionantes.\" \/>\n<meta property=\"og:url\" content=\"https:\/\/www.correiobraziliense.com.br\/cbradar\/a-cidade-escondida-do-nordeste-onde-o-encontro-da-agua-doce-com-o-mar-deixa-tudo-surreal\/\" \/>\n<meta property=\"og:site_name\" content=\"Correio Braziliense - Radar\" \/>\n<meta property=\"article:published_time\" content=\"2025-11-22T18:25:00+00:00\" \/>\n<meta property=\"og:image\" content=\"https:\/\/www.correiobraziliense.com.br\/cbradar\/wp-content\/uploads\/2025\/11\/Parnaiba-Delta-Surreal.png\" \/>\n\t<meta property=\"og:image:width\" content=\"1344\" \/>\n\t<meta property=\"og:image:height\" content=\"768\" \/>\n\t<meta property=\"og:image:type\" content=\"image\/png\" \/>\n<meta name=\"author\" content=\"Maura Pereira\" \/>\n<meta name=\"twitter:card\" content=\"summary_large_image\" \/>\n<meta name=\"twitter:label1\" content=\"Escrito por\" \/>\n\t<meta name=\"twitter:data1\" content=\"Maura Pereira\" \/>\n\t<meta name=\"twitter:label2\" content=\"Est. tempo de leitura\" \/>\n\t<meta name=\"twitter:data2\" content=\"7 minutos\" \/>\n<!-- \/ Yoast SEO plugin. -->","yoast_head_json":{"title":"A cidade escondida do Nordeste onde o encontro da \u00e1gua doce com o mar deixa tudo surreal - Correio Braziliense - Radar","description":"Esse destino escondido no Nordeste encanta no delta onde a \u00e1gua doce encontra o mar e revela paisagens impressionantes.","robots":{"index":"index","follow":"follow","max-snippet":"max-snippet:-1","max-image-preview":"max-image-preview:large","max-video-preview":"max-video-preview:-1"},"canonical":"https:\/\/www.correiobraziliense.com.br\/cbradar\/a-cidade-escondida-do-nordeste-onde-o-encontro-da-agua-doce-com-o-mar-deixa-tudo-surreal\/","og_locale":"pt_BR","og_type":"article","og_title":"A cidade escondida do Nordeste onde o encontro da \u00e1gua doce com o mar deixa tudo surreal - Correio Braziliense - Radar","og_description":"Esse destino escondido no Nordeste encanta no delta onde a \u00e1gua doce encontra o mar e revela paisagens impressionantes.","og_url":"https:\/\/www.correiobraziliense.com.br\/cbradar\/a-cidade-escondida-do-nordeste-onde-o-encontro-da-agua-doce-com-o-mar-deixa-tudo-surreal\/","og_site_name":"Correio Braziliense - Radar","article_published_time":"2025-11-22T18:25:00+00:00","og_image":[{"width":1344,"height":768,"url":"https:\/\/www.correiobraziliense.com.br\/cbradar\/wp-content\/uploads\/2025\/11\/Parnaiba-Delta-Surreal.png","type":"image\/png"}],"author":"Maura Pereira","twitter_card":"summary_large_image","twitter_misc":{"Escrito por":"Maura Pereira","Est. tempo de leitura":"7 minutos"},"schema":{"@context":"https:\/\/schema.org","@graph":[{"@type":"WebPage","@id":"https:\/\/www.correiobraziliense.com.br\/cbradar\/a-cidade-escondida-do-nordeste-onde-o-encontro-da-agua-doce-com-o-mar-deixa-tudo-surreal\/","url":"https:\/\/www.correiobraziliense.com.br\/cbradar\/a-cidade-escondida-do-nordeste-onde-o-encontro-da-agua-doce-com-o-mar-deixa-tudo-surreal\/","name":"A cidade escondida do Nordeste onde o encontro da \u00e1gua doce com o mar deixa tudo surreal - Correio Braziliense - Radar","isPartOf":{"@id":"https:\/\/www.correiobraziliense.com.br\/cbradar\/#website"},"primaryImageOfPage":{"@id":"https:\/\/www.correiobraziliense.com.br\/cbradar\/a-cidade-escondida-do-nordeste-onde-o-encontro-da-agua-doce-com-o-mar-deixa-tudo-surreal\/#primaryimage"},"image":{"@id":"https:\/\/www.correiobraziliense.com.br\/cbradar\/a-cidade-escondida-do-nordeste-onde-o-encontro-da-agua-doce-com-o-mar-deixa-tudo-surreal\/#primaryimage"},"thumbnailUrl":"https:\/\/www.correiobraziliense.com.br\/cbradar\/wp-content\/uploads\/2025\/11\/Parnaiba-Delta-Surreal.png","datePublished":"2025-11-22T18:25:00+00:00","author":{"@id":"https:\/\/www.correiobraziliense.com.br\/cbradar\/#\/schema\/person\/4053c651a9bfc785afc6f4cbc9032fd3"},"description":"Esse destino escondido no Nordeste encanta no delta onde a \u00e1gua doce encontra o mar e revela paisagens impressionantes.","breadcrumb":{"@id":"https:\/\/www.correiobraziliense.com.br\/cbradar\/a-cidade-escondida-do-nordeste-onde-o-encontro-da-agua-doce-com-o-mar-deixa-tudo-surreal\/#breadcrumb"},"inLanguage":"pt-BR","potentialAction":[{"@type":"ReadAction","target":["https:\/\/www.correiobraziliense.com.br\/cbradar\/a-cidade-escondida-do-nordeste-onde-o-encontro-da-agua-doce-com-o-mar-deixa-tudo-surreal\/"]}]},{"@type":"ImageObject","inLanguage":"pt-BR","@id":"https:\/\/www.correiobraziliense.com.br\/cbradar\/a-cidade-escondida-do-nordeste-onde-o-encontro-da-agua-doce-com-o-mar-deixa-tudo-surreal\/#primaryimage","url":"https:\/\/www.correiobraziliense.com.br\/cbradar\/wp-content\/uploads\/2025\/11\/Parnaiba-Delta-Surreal.png","contentUrl":"https:\/\/www.correiobraziliense.com.br\/cbradar\/wp-content\/uploads\/2025\/11\/Parnaiba-Delta-Surreal.png","width":1344,"height":768,"caption":"Parna\u00edba\ufeff \u00e9 a segunda maior cidade do Piau\u00ed, localizada no litoral norte do estado."},{"@type":"BreadcrumbList","@id":"https:\/\/www.correiobraziliense.com.br\/cbradar\/a-cidade-escondida-do-nordeste-onde-o-encontro-da-agua-doce-com-o-mar-deixa-tudo-surreal\/#breadcrumb","itemListElement":[{"@type":"ListItem","position":1,"name":"In\u00edcio","item":"https:\/\/www.correiobraziliense.com.br\/cbradar\/"},{"@type":"ListItem","position":2,"name":"A cidade escondida do Nordeste onde o encontro da \u00e1gua doce com o mar deixa tudo surreal"}]},{"@type":"WebSite","@id":"https:\/\/www.correiobraziliense.com.br\/cbradar\/#website","url":"https:\/\/www.correiobraziliense.com.br\/cbradar\/","name":"Correio Braziliense - Radar","description":"Acompanhe as \u00faltimas not\u00edcias e fique bem informado sobre tudo o que acontece no Brasil e no mundo.","potentialAction":[{"@type":"SearchAction","target":{"@type":"EntryPoint","urlTemplate":"https:\/\/www.correiobraziliense.com.br\/cbradar\/?s={search_term_string}"},"query-input":{"@type":"PropertyValueSpecification","valueRequired":true,"valueName":"search_term_string"}}],"inLanguage":"pt-BR"},{"@type":"Person","@id":"https:\/\/www.correiobraziliense.com.br\/cbradar\/#\/schema\/person\/4053c651a9bfc785afc6f4cbc9032fd3","name":"Maura Pereira","image":{"@type":"ImageObject","inLanguage":"pt-BR","@id":"https:\/\/www.correiobraziliense.com.br\/cbradar\/#\/schema\/person\/image\/","url":"https:\/\/secure.gravatar.com\/avatar\/3effd6bdadfa447f15089c7f7144eaa6?s=96&d=mm&r=g","contentUrl":"https:\/\/secure.gravatar.com\/avatar\/3effd6bdadfa447f15089c7f7144eaa6?s=96&d=mm&r=g","caption":"Maura Pereira"},"sameAs":["https:\/\/www.correiobraziliense.com.br\/"],"url":"https:\/\/www.correiobraziliense.com.br\/cbradar\/author\/mauramyth\/"}]}},"_links":{"self":[{"href":"https:\/\/www.correiobraziliense.com.br\/cbradar\/wp-json\/wp\/v2\/posts\/141674","targetHints":{"allow":["GET"]}}],"collection":[{"href":"https:\/\/www.correiobraziliense.com.br\/cbradar\/wp-json\/wp\/v2\/posts"}],"about":[{"href":"https:\/\/www.correiobraziliense.com.br\/cbradar\/wp-json\/wp\/v2\/types\/post"}],"author":[{"embeddable":true,"href":"https:\/\/www.correiobraziliense.com.br\/cbradar\/wp-json\/wp\/v2\/users\/8"}],"replies":[{"embeddable":true,"href":"https:\/\/www.correiobraziliense.com.br\/cbradar\/wp-json\/wp\/v2\/comments?post=141674"}],"version-history":[{"count":22,"href":"https:\/\/www.correiobraziliense.com.br\/cbradar\/wp-json\/wp\/v2\/posts\/141674\/revisions"}],"predecessor-version":[{"id":142516,"href":"https:\/\/www.correiobraziliense.com.br\/cbradar\/wp-json\/wp\/v2\/posts\/141674\/revisions\/142516"}],"wp:featuredmedia":[{"embeddable":true,"href":"https:\/\/www.correiobraziliense.com.br\/cbradar\/wp-json\/wp\/v2\/media\/142400"}],"wp:attachment":[{"href":"https:\/\/www.correiobraziliense.com.br\/cbradar\/wp-json\/wp\/v2\/media?parent=141674"}],"wp:term":[{"taxonomy":"category","embeddable":true,"href":"https:\/\/www.correiobraziliense.com.br\/cbradar\/wp-json\/wp\/v2\/categories?post=141674"},{"taxonomy":"post_tag","embeddable":true,"href":"https:\/\/www.correiobraziliense.com.br\/cbradar\/wp-json\/wp\/v2\/post_tag?post=141674"}],"curies":[{"name":"wp","href":"https:\/\/api.w.org\/{rel}","templated":true}]}}