{"id":14170,"date":"2025-03-21T07:30:00","date_gmt":"2025-03-21T10:30:00","guid":{"rendered":"https:\/\/www.correiobraziliense.com.br\/cbradar\/?p=14170"},"modified":"2025-03-20T19:08:54","modified_gmt":"2025-03-20T22:08:54","slug":"conheca-a-cidade-que-foi-enterrada-viva-e-esquecida-por-seculos","status":"publish","type":"post","link":"https:\/\/www.correiobraziliense.com.br\/cbradar\/conheca-a-cidade-que-foi-enterrada-viva-e-esquecida-por-seculos\/","title":{"rendered":"Conhe\u00e7a a cidade que foi enterrada viva e esquecida por s\u00e9culos"},"content":{"rendered":"\n<p>Quando falamos sobre cidades destru\u00eddas pelo <strong>Monte Ves\u00favio<\/strong>, a maioria das pessoas lembra de <strong>Pomp\u00e9ia<\/strong>. No entanto, outra cidade romana foi completamente soterrada e esquecida por s\u00e9culos: <strong>Herculano<\/strong>. Diferente de Pomp\u00e9ia, que foi coberto por cinzas vulc\u00e2nicas, <strong>Herculano foi sepultado por uma densa camada de lava e lama<\/strong>, o que preservou suas constru\u00e7\u00f5es de forma impressionante.<\/p>\n\n\n\n<h2 class=\"wp-block-heading\">Como Herculano foi destru\u00eddo?<\/h2>\n\n\n\n<p>No ano de <strong>79 dC<\/strong>, uma das erup\u00e7\u00f5es mais catastr\u00f3ficas da hist\u00f3ria ocorreu na <strong>Ba\u00eda de N\u00e1poles<\/strong>, na It\u00e1lia. O <strong>Monte Ves\u00favio<\/strong> entrou em soberania e liberou toneladas de cinzas e gases superaquecidos na atmosfera, soterrando cidades inteiras.<\/p>\n\n\n\n<p>Diferente de <strong>Pomp\u00e9ia<\/strong>, onde os habitantes foram descobertos por cinzas vulc\u00e2nicas, <strong>Herculano foi atingido por fluxos pirocl\u00e1sticos<\/strong>, uma mistura letal de <strong>lama, cinzas e gases extremamente quentes<\/strong>. Esses materiais cobriram a cidade em quest\u00e3o de horas, criando uma camada de mais de <strong>20 metros de profundidade<\/strong>, selando Herculano no tempo.<\/p>\n\n\n\n<figure class=\"wp-block-image size-large\"><img decoding=\"async\" width=\"1024\" height=\"576\" src=\"https:\/\/www.correiobraziliense.com.br\/cbradar\/wp-content\/uploads\/2025\/03\/Herculano_1742474437592-1024x576.jpg\" alt=\"Conhe\u00e7a a cidade que foi enterrada viva e esquecida por s\u00e9culos\" class=\"wp-image-14172\" srcset=\"https:\/\/www.correiobraziliense.com.br\/cbradar\/wp-content\/uploads\/2025\/03\/Herculano_1742474437592-1024x576.jpg 1024w, https:\/\/www.correiobraziliense.com.br\/cbradar\/wp-content\/uploads\/2025\/03\/Herculano_1742474437592-300x169.jpg 300w, https:\/\/www.correiobraziliense.com.br\/cbradar\/wp-content\/uploads\/2025\/03\/Herculano_1742474437592-768x432.jpg 768w, https:\/\/www.correiobraziliense.com.br\/cbradar\/wp-content\/uploads\/2025\/03\/Herculano_1742474437592-750x422.jpg 750w, https:\/\/www.correiobraziliense.com.br\/cbradar\/wp-content\/uploads\/2025\/03\/Herculano_1742474437592-1140x641.jpg 1140w, https:\/\/www.correiobraziliense.com.br\/cbradar\/wp-content\/uploads\/2025\/03\/Herculano_1742474437592.jpg 1280w\" sizes=\"(max-width: 1024px) 100vw, 1024px\" \/><figcaption class=\"wp-element-caption\">Herculano. Cr\u00e9ditos: depositphotos.com \/ edella<\/figcaption><\/figure>\n\n\n\n<h2 class=\"wp-block-heading\">Por que Herculano ficou esquecido por s\u00e9culos?<\/h2>\n\n\n\n<p>Enquanto Pomp\u00e9ia apareceu vis\u00edvel em algumas partes e foi redescoberta no s\u00e9culo XVI, <strong>Herculano ficou completamente do mapa<\/strong>, soterrada sob lava solidificada. A cidade s\u00f3 foi encontrada por acaso em <strong>1709<\/strong>, quando trabalhadores cavavam um po\u00e7o e encontravam ru\u00ednas subterr\u00e2neas.<\/p>\n\n\n\n<p>Desde ent\u00e3o, escava\u00e7\u00f5es revelaram que Herculano est\u00e1 <strong>muito mais bem preservado do que Pomp\u00e9ia<\/strong>, pois a lama vulc\u00e2nica protegeu suas constru\u00e7\u00f5es, pinturas e at\u00e9 mesmo objetos do dia a dia dos antigos romanos.<\/p>\n\n\n\n<h2 class=\"wp-block-heading\">O que foi encontrado em Herculano?<\/h2>\n\n\n\n<p>As escava\u00e7\u00f5es trouxeram tona descobertas impressionantes, como:<\/p>\n\n\n\n<ul class=\"wp-block-list\">\n<li><strong>Casas e edif\u00edcios com paredes e tetos intactos<\/strong>, algo raro em Pomp\u00e9ia.<\/li>\n\n\n\n<li><strong>Pinturas e mosaicos bem preservados<\/strong>, ainda com cores vibrantes.<\/li>\n\n\n\n<li><strong>Ruas completas<\/strong>, mostrando o estilo de vida dos romanos da \u00e9poca.<\/li>\n\n\n\n<li><strong>Corpos petrificados em fuga<\/strong>, encontrados na praia da cidade, onde tentavam escapar da soberania.<\/li>\n\n\n\n<li><strong>Itens de madeira e pergaminhos<\/strong>, preservados pela lama vulc\u00e2nica, algo quase imposs\u00edvel de encontrar em outros s\u00edtios arqueol\u00f3gicos romanos.<\/li>\n<\/ul>\n\n\n\n<h2 class=\"wp-block-heading\">Curiosidades sobre Herculano<\/h2>\n\n\n\n<ul class=\"wp-block-list\">\n<li><strong>A cidade era mais rica que Pomp\u00e9ia<\/strong>, abrigando muitas vilas luxuosas e mans\u00f5es romanas.<\/li>\n\n\n\n<li><strong>A heran\u00e7a do Ves\u00favio foi t\u00e3o quente que vaporizou instantaneamente os habitantes<\/strong>, deixando esqueletos intactos.<\/li>\n\n\n\n<li><strong>Herculano ficou t\u00e3o bem selado que muitos objetos foram encontrados exatamente como estavam no momento da trag\u00e9dia.<\/strong><\/li>\n\n\n\n<li><strong>Diferente de Pomp\u00e9ia, onde a destrui\u00e7\u00e3o foi gradual, Herculano foi soterrado em poucas horas.<\/strong><\/li>\n\n\n\n<li><strong>Os pergaminhos encontrados na &#8220;Villa dos Papiros&#8221; ainda est\u00e3o sendo treinados e podem revelar textos romanos perdidos.<\/strong><\/li>\n<\/ul>\n\n\n\n<p>Hoje, <strong>Herculano<\/strong> \u00e9 um dos s\u00edtios destru\u00eddos mais fascinantes da It\u00e1lia, oferecendo um olhar quase intacto sobre a vida dos romanos antes da trag\u00e9dia.<\/p>\n","protected":false},"excerpt":{"rendered":"<p>Uma cidade romana foi enterrada viva por uma combust\u00e3o e esquecida por s\u00e9culos. Descubra Herculano, a cidade soterrada pelo Ves\u00favio em 79 dC!<\/p>\n","protected":false},"author":3,"featured_media":14171,"comment_status":"open","ping_status":"open","sticky":false,"template":"","format":"standard","meta":{"_yoast_wpseo_focuskw":"cidade enterrada viva","_yoast_wpseo_title":"%%title%%","_yoast_wpseo_metadesc":"Uma cidade romana foi enterrada viva por uma combust\u00e3o e esquecida por s\u00e9culos. Descubra Herculano, a cidade soterrada pelo Ves\u00favio em 79 dC!","jnews-multi-image_gallery":[],"jnews_single_post":{"format":"standard"},"jnews_primary_category":[],"jnews_social_meta":[],"jnews_override_counter":[],"footnotes":""},"categories":[108],"tags":[109],"class_list":["post-14170","post","type-post","status-publish","format-standard","has-post-thumbnail","hentry","category-cidades","tag-cidades"],"yoast_head":"<!-- This site is optimized with the Yoast SEO plugin v24.6 - https:\/\/yoast.com\/wordpress\/plugins\/seo\/ -->\n<title>Conhe\u00e7a a cidade que foi enterrada viva e esquecida por s\u00e9culos<\/title>\n<meta name=\"description\" content=\"Uma cidade romana foi enterrada viva por uma combust\u00e3o e esquecida por s\u00e9culos. Descubra Herculano, a cidade soterrada pelo Ves\u00favio em 79 dC!\" \/>\n<meta name=\"robots\" content=\"index, follow, max-snippet:-1, max-image-preview:large, max-video-preview:-1\" \/>\n<link rel=\"canonical\" href=\"https:\/\/www.correiobraziliense.com.br\/cbradar\/conheca-a-cidade-que-foi-enterrada-viva-e-esquecida-por-seculos\/\" \/>\n<meta property=\"og:locale\" content=\"pt_BR\" \/>\n<meta property=\"og:type\" content=\"article\" \/>\n<meta property=\"og:title\" content=\"Conhe\u00e7a a cidade que foi enterrada viva e esquecida por s\u00e9culos\" \/>\n<meta property=\"og:description\" content=\"Uma cidade romana foi enterrada viva por uma combust\u00e3o e esquecida por s\u00e9culos. Descubra Herculano, a cidade soterrada pelo Ves\u00favio em 79 dC!\" \/>\n<meta property=\"og:url\" content=\"https:\/\/www.correiobraziliense.com.br\/cbradar\/conheca-a-cidade-que-foi-enterrada-viva-e-esquecida-por-seculos\/\" \/>\n<meta property=\"og:site_name\" content=\"Correio Braziliense - Radar\" \/>\n<meta property=\"article:published_time\" content=\"2025-03-21T10:30:00+00:00\" \/>\n<meta property=\"og:image\" content=\"https:\/\/www.correiobraziliense.com.br\/cbradar\/wp-content\/uploads\/2025\/03\/Herculano_1742474400255.jpg\" \/>\n\t<meta property=\"og:image:width\" content=\"1280\" \/>\n\t<meta property=\"og:image:height\" content=\"720\" \/>\n\t<meta property=\"og:image:type\" content=\"image\/jpeg\" \/>\n<meta name=\"author\" content=\"Larissa Carvalho\" \/>\n<meta name=\"twitter:card\" content=\"summary_large_image\" \/>\n<meta name=\"twitter:label1\" content=\"Escrito por\" \/>\n\t<meta name=\"twitter:data1\" content=\"Larissa Carvalho\" \/>\n\t<meta name=\"twitter:label2\" content=\"Est. tempo de leitura\" \/>\n\t<meta name=\"twitter:data2\" content=\"3 minutos\" \/>\n<!-- \/ Yoast SEO plugin. -->","yoast_head_json":{"title":"Conhe\u00e7a a cidade que foi enterrada viva e esquecida por s\u00e9culos","description":"Uma cidade romana foi enterrada viva por uma combust\u00e3o e esquecida por s\u00e9culos. Descubra Herculano, a cidade soterrada pelo Ves\u00favio em 79 dC!","robots":{"index":"index","follow":"follow","max-snippet":"max-snippet:-1","max-image-preview":"max-image-preview:large","max-video-preview":"max-video-preview:-1"},"canonical":"https:\/\/www.correiobraziliense.com.br\/cbradar\/conheca-a-cidade-que-foi-enterrada-viva-e-esquecida-por-seculos\/","og_locale":"pt_BR","og_type":"article","og_title":"Conhe\u00e7a a cidade que foi enterrada viva e esquecida por s\u00e9culos","og_description":"Uma cidade romana foi enterrada viva por uma combust\u00e3o e esquecida por s\u00e9culos. Descubra Herculano, a cidade soterrada pelo Ves\u00favio em 79 dC!","og_url":"https:\/\/www.correiobraziliense.com.br\/cbradar\/conheca-a-cidade-que-foi-enterrada-viva-e-esquecida-por-seculos\/","og_site_name":"Correio Braziliense - Radar","article_published_time":"2025-03-21T10:30:00+00:00","og_image":[{"width":1280,"height":720,"url":"https:\/\/www.correiobraziliense.com.br\/cbradar\/wp-content\/uploads\/2025\/03\/Herculano_1742474400255.jpg","type":"image\/jpeg"}],"author":"Larissa Carvalho","twitter_card":"summary_large_image","twitter_misc":{"Escrito por":"Larissa Carvalho","Est. tempo de leitura":"3 minutos"},"schema":{"@context":"https:\/\/schema.org","@graph":[{"@type":"WebPage","@id":"https:\/\/www.correiobraziliense.com.br\/cbradar\/conheca-a-cidade-que-foi-enterrada-viva-e-esquecida-por-seculos\/","url":"https:\/\/www.correiobraziliense.com.br\/cbradar\/conheca-a-cidade-que-foi-enterrada-viva-e-esquecida-por-seculos\/","name":"Conhe\u00e7a a cidade que foi enterrada viva e esquecida por s\u00e9culos","isPartOf":{"@id":"https:\/\/www.correiobraziliense.com.br\/cbradar\/#website"},"primaryImageOfPage":{"@id":"https:\/\/www.correiobraziliense.com.br\/cbradar\/conheca-a-cidade-que-foi-enterrada-viva-e-esquecida-por-seculos\/#primaryimage"},"image":{"@id":"https:\/\/www.correiobraziliense.com.br\/cbradar\/conheca-a-cidade-que-foi-enterrada-viva-e-esquecida-por-seculos\/#primaryimage"},"thumbnailUrl":"https:\/\/www.correiobraziliense.com.br\/cbradar\/wp-content\/uploads\/2025\/03\/Herculano_1742474400255.jpg","datePublished":"2025-03-21T10:30:00+00:00","author":{"@id":"https:\/\/www.correiobraziliense.com.br\/cbradar\/#\/schema\/person\/58422787644df994b53a19d3e56c1513"},"description":"Uma cidade romana foi enterrada viva por uma combust\u00e3o e esquecida por s\u00e9culos. Descubra Herculano, a cidade soterrada pelo Ves\u00favio em 79 dC!","breadcrumb":{"@id":"https:\/\/www.correiobraziliense.com.br\/cbradar\/conheca-a-cidade-que-foi-enterrada-viva-e-esquecida-por-seculos\/#breadcrumb"},"inLanguage":"pt-BR","potentialAction":[{"@type":"ReadAction","target":["https:\/\/www.correiobraziliense.com.br\/cbradar\/conheca-a-cidade-que-foi-enterrada-viva-e-esquecida-por-seculos\/"]}]},{"@type":"ImageObject","inLanguage":"pt-BR","@id":"https:\/\/www.correiobraziliense.com.br\/cbradar\/conheca-a-cidade-que-foi-enterrada-viva-e-esquecida-por-seculos\/#primaryimage","url":"https:\/\/www.correiobraziliense.com.br\/cbradar\/wp-content\/uploads\/2025\/03\/Herculano_1742474400255.jpg","contentUrl":"https:\/\/www.correiobraziliense.com.br\/cbradar\/wp-content\/uploads\/2025\/03\/Herculano_1742474400255.jpg","width":1280,"height":720,"caption":"Herculano. Cr\u00e9ditos: depositphotos.com \/ APHONUA"},{"@type":"BreadcrumbList","@id":"https:\/\/www.correiobraziliense.com.br\/cbradar\/conheca-a-cidade-que-foi-enterrada-viva-e-esquecida-por-seculos\/#breadcrumb","itemListElement":[{"@type":"ListItem","position":1,"name":"In\u00edcio","item":"https:\/\/www.correiobraziliense.com.br\/cbradar\/"},{"@type":"ListItem","position":2,"name":"Conhe\u00e7a a cidade que foi enterrada viva e esquecida por s\u00e9culos"}]},{"@type":"WebSite","@id":"https:\/\/www.correiobraziliense.com.br\/cbradar\/#website","url":"https:\/\/www.correiobraziliense.com.br\/cbradar\/","name":"Correio Braziliense - Radar","description":"Acompanhe as \u00faltimas not\u00edcias e fique bem informado sobre tudo o que acontece no Brasil e no mundo.","potentialAction":[{"@type":"SearchAction","target":{"@type":"EntryPoint","urlTemplate":"https:\/\/www.correiobraziliense.com.br\/cbradar\/?s={search_term_string}"},"query-input":{"@type":"PropertyValueSpecification","valueRequired":true,"valueName":"search_term_string"}}],"inLanguage":"pt-BR"},{"@type":"Person","@id":"https:\/\/www.correiobraziliense.com.br\/cbradar\/#\/schema\/person\/58422787644df994b53a19d3e56c1513","name":"Larissa Carvalho","image":{"@type":"ImageObject","inLanguage":"pt-BR","@id":"https:\/\/www.correiobraziliense.com.br\/cbradar\/#\/schema\/person\/image\/","url":"https:\/\/secure.gravatar.com\/avatar\/fe4f91a0de32b52a838d0d612abdc1aa?s=96&d=mm&r=g","contentUrl":"https:\/\/secure.gravatar.com\/avatar\/fe4f91a0de32b52a838d0d612abdc1aa?s=96&d=mm&r=g","caption":"Larissa Carvalho"},"url":"https:\/\/www.correiobraziliense.com.br\/cbradar\/author\/larissamyth\/"}]}},"_links":{"self":[{"href":"https:\/\/www.correiobraziliense.com.br\/cbradar\/wp-json\/wp\/v2\/posts\/14170","targetHints":{"allow":["GET"]}}],"collection":[{"href":"https:\/\/www.correiobraziliense.com.br\/cbradar\/wp-json\/wp\/v2\/posts"}],"about":[{"href":"https:\/\/www.correiobraziliense.com.br\/cbradar\/wp-json\/wp\/v2\/types\/post"}],"author":[{"embeddable":true,"href":"https:\/\/www.correiobraziliense.com.br\/cbradar\/wp-json\/wp\/v2\/users\/3"}],"replies":[{"embeddable":true,"href":"https:\/\/www.correiobraziliense.com.br\/cbradar\/wp-json\/wp\/v2\/comments?post=14170"}],"version-history":[{"count":1,"href":"https:\/\/www.correiobraziliense.com.br\/cbradar\/wp-json\/wp\/v2\/posts\/14170\/revisions"}],"predecessor-version":[{"id":14173,"href":"https:\/\/www.correiobraziliense.com.br\/cbradar\/wp-json\/wp\/v2\/posts\/14170\/revisions\/14173"}],"wp:featuredmedia":[{"embeddable":true,"href":"https:\/\/www.correiobraziliense.com.br\/cbradar\/wp-json\/wp\/v2\/media\/14171"}],"wp:attachment":[{"href":"https:\/\/www.correiobraziliense.com.br\/cbradar\/wp-json\/wp\/v2\/media?parent=14170"}],"wp:term":[{"taxonomy":"category","embeddable":true,"href":"https:\/\/www.correiobraziliense.com.br\/cbradar\/wp-json\/wp\/v2\/categories?post=14170"},{"taxonomy":"post_tag","embeddable":true,"href":"https:\/\/www.correiobraziliense.com.br\/cbradar\/wp-json\/wp\/v2\/tags?post=14170"}],"curies":[{"name":"wp","href":"https:\/\/api.w.org\/{rel}","templated":true}]}}