{"id":14174,"date":"2025-03-21T09:30:00","date_gmt":"2025-03-21T12:30:00","guid":{"rendered":"https:\/\/www.correiobraziliense.com.br\/cbradar\/?p=14174"},"modified":"2025-03-20T19:08:14","modified_gmt":"2025-03-20T22:08:14","slug":"conheca-a-cidade-onde-os-cachorros-tem-direitos-iguais-aos-humanos","status":"publish","type":"post","link":"https:\/\/www.correiobraziliense.com.br\/cbradar\/conheca-a-cidade-onde-os-cachorros-tem-direitos-iguais-aos-humanos\/","title":{"rendered":"Conhe\u00e7a a cidade onde os cachorros t\u00eam direitos iguais aos humanos"},"content":{"rendered":"\n<p>Em um pequeno vilarejo do <strong>Alasca<\/strong>, um fato curioso chamou a aten\u00e7\u00e3o do mundo: <strong>um gato governou a cidade por 20 anos<\/strong> e os <strong>cachorros s\u00e3o tratados como cidad\u00e3os<\/strong>. Esse lugar \u00e9 <strong>Talkeetna<\/strong>, uma comunidade que vive de forma descontra\u00edda e onde os animais t\u00eam um papel especial na sociedade.<\/p>\n\n\n\n<h2 class=\"wp-block-heading\">Por que Talkeetna trata os cachorros como cidad\u00e3os?<\/h2>\n\n\n\n<p>Talkeetna \u00e9 uma cidade de aproximadamente <strong>900 habitantes<\/strong>, famosa por seu esp\u00edrito independente e por n\u00e3o seguir regras convencionais. Sem governo formal, a cidade permite que seus moradores vivam de maneira mais comunit\u00e1ria e sem burocracias excessivas.<\/p>\n\n\n\n<p>Ao longo dos anos, os <strong>cachorros foram ganhando um status especial<\/strong>, sendo tratados como membros da sociedade. Eles podem circular livremente pelas ruas, entrar em estabelecimentos e at\u00e9 participar de eventos p\u00fablicos sem restri\u00e7\u00f5es.<\/p>\n\n\n\n<p>Al\u00e9m disso, Talkeetna ganhou fama mundial quando, em <strong>1997<\/strong>, os moradores &#8220;elegeram&#8221; um <strong>gato chamado Stubbs como prefeito honor\u00e1rio<\/strong>. O felino ocupou o cargo por <strong>20 anos<\/strong>, refor\u00e7ando ainda mais o car\u00e1ter \u00fanico e descontra\u00eddo da cidade.<\/p>\n\n\n\n<figure class=\"wp-block-image size-large\"><img decoding=\"async\" width=\"1024\" height=\"576\" src=\"https:\/\/www.correiobraziliense.com.br\/cbradar\/wp-content\/uploads\/2025\/03\/Talkeetna_1742474711544-1024x576.jpg\" alt=\"Conhe\u00e7a a cidade onde os cachorros t\u00eam direitos iguais aos humanos\" class=\"wp-image-14177\" srcset=\"https:\/\/www.correiobraziliense.com.br\/cbradar\/wp-content\/uploads\/2025\/03\/Talkeetna_1742474711544-1024x576.jpg 1024w, https:\/\/www.correiobraziliense.com.br\/cbradar\/wp-content\/uploads\/2025\/03\/Talkeetna_1742474711544-300x169.jpg 300w, https:\/\/www.correiobraziliense.com.br\/cbradar\/wp-content\/uploads\/2025\/03\/Talkeetna_1742474711544-768x432.jpg 768w, https:\/\/www.correiobraziliense.com.br\/cbradar\/wp-content\/uploads\/2025\/03\/Talkeetna_1742474711544-750x422.jpg 750w, https:\/\/www.correiobraziliense.com.br\/cbradar\/wp-content\/uploads\/2025\/03\/Talkeetna_1742474711544-1140x641.jpg 1140w, https:\/\/www.correiobraziliense.com.br\/cbradar\/wp-content\/uploads\/2025\/03\/Talkeetna_1742474711544.jpg 1280w\" sizes=\"(max-width: 1024px) 100vw, 1024px\" \/><figcaption class=\"wp-element-caption\">Talkeetna. Cr\u00e9ditos: depositphotos.com \/ mkopka<\/figcaption><\/figure>\n\n\n\n<h2 class=\"wp-block-heading\">Como funciona a vida dos cachorros em Talkeetna?<\/h2>\n\n\n\n<p>Em Talkeetna, os c\u00e3es s\u00e3o considerados parte essencial da comunidade e t\u00eam algumas &#8220;regalias&#8221; necess\u00e1rias, como:<\/p>\n\n\n\n<ul class=\"wp-block-list\">\n<li><strong>Acesso livre a restaurantes e lojas<\/strong>, onde s\u00e3o recebidos como qualquer outro cliente.<\/li>\n\n\n\n<li><strong>Aus\u00eancia de coleiras obrigat\u00f3rias<\/strong>, j\u00e1 que os moradores determinam o comportamento dos animais.<\/li>\n\n\n\n<li><strong>Respeito total dos habitantes<\/strong>, que tratam os c\u00e3es como cidad\u00e3os e at\u00e9 os incluem em eventos e celebra\u00e7\u00f5es locais.<\/li>\n<\/ul>\n\n\n\n<p>Os moradores acreditam que a conviv\u00eancia harmoniosa entre humanos e animais \u00e9 uma das raz\u00f5es para o ambiente tranquilo e acolhedor da cidade.<\/p>\n\n\n\n<h2 class=\"wp-block-heading\">Curiosidades sobre Talkeetna<\/h2>\n\n\n\n<ul class=\"wp-block-list\">\n<li><strong>O gato Stubbs foi prefeito de 1997 a 2017<\/strong>, recebendo turistas e participando de eventos oficiais.<\/li>\n\n\n\n<li><strong>A cidade serviu de inspira\u00e7\u00e3o para a fic\u00e7\u00e3o Cicely, da s\u00e9rie de TV \u201cNorthern Exposure\u201d (Doutor Fleischman).<\/strong><\/li>\n\n\n\n<li><strong>Talkeetna \u00e9 um ponto de partida para alpinistas que sobem o Monte Denali, o pico mais alto da Am\u00e9rica do Norte.<\/strong><\/li>\n\n\n\n<li><strong>Os moradores rejeitaram v\u00e1rias tentativas de tornar Talkeetna uma cidade oficialmente organizada, preferindo manter seu estilo de vida informal.<\/strong><\/li>\n\n\n\n<li><strong>C\u00e3es e gatos vivem em liberdade e s\u00e3o tratados como verdadeiros cidad\u00e3os, sem leis que regulam sua presen\u00e7a.<\/strong><\/li>\n<\/ul>\n\n\n\n<p>Talkeetna provou que, em algumas partes do mundo, os animais podem ser muito mais do que apenas companheiros \u2013 eles podem ser verdadeiros membros da sociedade!<\/p>\n","protected":false},"excerpt":{"rendered":"<p>Em uma cidade do Alasca, cachorros s\u00e3o tratados como cidad\u00e3os e at\u00e9 um gato j\u00e1 foi prefeito. Descubra Talkeetna, onde os animais t\u00eam direitos iguais!<\/p>\n","protected":false},"author":3,"featured_media":14176,"comment_status":"open","ping_status":"open","sticky":false,"template":"","format":"standard","meta":{"_yoast_wpseo_focuskw":"cidade cachorro direitos iguais","_yoast_wpseo_title":"%%title%%","_yoast_wpseo_metadesc":"Em uma cidade do Alasca, cachorros s\u00e3o tratados como cidad\u00e3os e at\u00e9 um gato j\u00e1 foi prefeito. Descubra Talkeetna, onde os animais t\u00eam direitos iguais!","jnews-multi-image_gallery":[],"jnews_single_post":{"format":"standard"},"jnews_primary_category":[],"jnews_social_meta":[],"jnews_override_counter":[],"footnotes":""},"categories":[108],"tags":[109],"class_list":["post-14174","post","type-post","status-publish","format-standard","has-post-thumbnail","hentry","category-cidades","tag-cidades"],"yoast_head":"<!-- This site is optimized with the Yoast SEO plugin v24.6 - https:\/\/yoast.com\/wordpress\/plugins\/seo\/ -->\n<title>Conhe\u00e7a a cidade onde os cachorros t\u00eam direitos iguais aos humanos<\/title>\n<meta name=\"description\" content=\"Em uma cidade do Alasca, cachorros s\u00e3o tratados como cidad\u00e3os e at\u00e9 um gato j\u00e1 foi prefeito. Descubra Talkeetna, onde os animais t\u00eam direitos iguais!\" \/>\n<meta name=\"robots\" content=\"index, follow, max-snippet:-1, max-image-preview:large, max-video-preview:-1\" \/>\n<link rel=\"canonical\" href=\"https:\/\/www.correiobraziliense.com.br\/cbradar\/conheca-a-cidade-onde-os-cachorros-tem-direitos-iguais-aos-humanos\/\" \/>\n<meta property=\"og:locale\" content=\"pt_BR\" \/>\n<meta property=\"og:type\" content=\"article\" \/>\n<meta property=\"og:title\" content=\"Conhe\u00e7a a cidade onde os cachorros t\u00eam direitos iguais aos humanos\" \/>\n<meta property=\"og:description\" content=\"Em uma cidade do Alasca, cachorros s\u00e3o tratados como cidad\u00e3os e at\u00e9 um gato j\u00e1 foi prefeito. Descubra Talkeetna, onde os animais t\u00eam direitos iguais!\" \/>\n<meta property=\"og:url\" content=\"https:\/\/www.correiobraziliense.com.br\/cbradar\/conheca-a-cidade-onde-os-cachorros-tem-direitos-iguais-aos-humanos\/\" \/>\n<meta property=\"og:site_name\" content=\"Correio Braziliense - Radar\" \/>\n<meta property=\"article:published_time\" content=\"2025-03-21T12:30:00+00:00\" \/>\n<meta property=\"og:image\" content=\"https:\/\/www.correiobraziliense.com.br\/cbradar\/wp-content\/uploads\/2025\/03\/Herculano_1742474437592-1.jpg\" \/>\n\t<meta property=\"og:image:width\" content=\"1280\" \/>\n\t<meta property=\"og:image:height\" content=\"720\" \/>\n\t<meta property=\"og:image:type\" content=\"image\/jpeg\" \/>\n<meta name=\"author\" content=\"Larissa Carvalho\" \/>\n<meta name=\"twitter:card\" content=\"summary_large_image\" \/>\n<meta name=\"twitter:label1\" content=\"Escrito por\" \/>\n\t<meta name=\"twitter:data1\" content=\"Larissa Carvalho\" \/>\n\t<meta name=\"twitter:label2\" content=\"Est. tempo de leitura\" \/>\n\t<meta name=\"twitter:data2\" content=\"3 minutos\" \/>\n<!-- \/ Yoast SEO plugin. -->","yoast_head_json":{"title":"Conhe\u00e7a a cidade onde os cachorros t\u00eam direitos iguais aos humanos","description":"Em uma cidade do Alasca, cachorros s\u00e3o tratados como cidad\u00e3os e at\u00e9 um gato j\u00e1 foi prefeito. Descubra Talkeetna, onde os animais t\u00eam direitos iguais!","robots":{"index":"index","follow":"follow","max-snippet":"max-snippet:-1","max-image-preview":"max-image-preview:large","max-video-preview":"max-video-preview:-1"},"canonical":"https:\/\/www.correiobraziliense.com.br\/cbradar\/conheca-a-cidade-onde-os-cachorros-tem-direitos-iguais-aos-humanos\/","og_locale":"pt_BR","og_type":"article","og_title":"Conhe\u00e7a a cidade onde os cachorros t\u00eam direitos iguais aos humanos","og_description":"Em uma cidade do Alasca, cachorros s\u00e3o tratados como cidad\u00e3os e at\u00e9 um gato j\u00e1 foi prefeito. Descubra Talkeetna, onde os animais t\u00eam direitos iguais!","og_url":"https:\/\/www.correiobraziliense.com.br\/cbradar\/conheca-a-cidade-onde-os-cachorros-tem-direitos-iguais-aos-humanos\/","og_site_name":"Correio Braziliense - Radar","article_published_time":"2025-03-21T12:30:00+00:00","og_image":[{"width":1280,"height":720,"url":"https:\/\/www.correiobraziliense.com.br\/cbradar\/wp-content\/uploads\/2025\/03\/Herculano_1742474437592-1.jpg","type":"image\/jpeg"}],"author":"Larissa Carvalho","twitter_card":"summary_large_image","twitter_misc":{"Escrito por":"Larissa Carvalho","Est. tempo de leitura":"3 minutos"},"schema":{"@context":"https:\/\/schema.org","@graph":[{"@type":"WebPage","@id":"https:\/\/www.correiobraziliense.com.br\/cbradar\/conheca-a-cidade-onde-os-cachorros-tem-direitos-iguais-aos-humanos\/","url":"https:\/\/www.correiobraziliense.com.br\/cbradar\/conheca-a-cidade-onde-os-cachorros-tem-direitos-iguais-aos-humanos\/","name":"Conhe\u00e7a a cidade onde os cachorros t\u00eam direitos iguais aos humanos","isPartOf":{"@id":"https:\/\/www.correiobraziliense.com.br\/cbradar\/#website"},"primaryImageOfPage":{"@id":"https:\/\/www.correiobraziliense.com.br\/cbradar\/conheca-a-cidade-onde-os-cachorros-tem-direitos-iguais-aos-humanos\/#primaryimage"},"image":{"@id":"https:\/\/www.correiobraziliense.com.br\/cbradar\/conheca-a-cidade-onde-os-cachorros-tem-direitos-iguais-aos-humanos\/#primaryimage"},"thumbnailUrl":"https:\/\/www.correiobraziliense.com.br\/cbradar\/wp-content\/uploads\/2025\/03\/Herculano_1742474437592-1.jpg","datePublished":"2025-03-21T12:30:00+00:00","author":{"@id":"https:\/\/www.correiobraziliense.com.br\/cbradar\/#\/schema\/person\/58422787644df994b53a19d3e56c1513"},"description":"Em uma cidade do Alasca, cachorros s\u00e3o tratados como cidad\u00e3os e at\u00e9 um gato j\u00e1 foi prefeito. Descubra Talkeetna, onde os animais t\u00eam direitos iguais!","breadcrumb":{"@id":"https:\/\/www.correiobraziliense.com.br\/cbradar\/conheca-a-cidade-onde-os-cachorros-tem-direitos-iguais-aos-humanos\/#breadcrumb"},"inLanguage":"pt-BR","potentialAction":[{"@type":"ReadAction","target":["https:\/\/www.correiobraziliense.com.br\/cbradar\/conheca-a-cidade-onde-os-cachorros-tem-direitos-iguais-aos-humanos\/"]}]},{"@type":"ImageObject","inLanguage":"pt-BR","@id":"https:\/\/www.correiobraziliense.com.br\/cbradar\/conheca-a-cidade-onde-os-cachorros-tem-direitos-iguais-aos-humanos\/#primaryimage","url":"https:\/\/www.correiobraziliense.com.br\/cbradar\/wp-content\/uploads\/2025\/03\/Herculano_1742474437592-1.jpg","contentUrl":"https:\/\/www.correiobraziliense.com.br\/cbradar\/wp-content\/uploads\/2025\/03\/Herculano_1742474437592-1.jpg","width":1280,"height":720,"caption":"Herculano. Cr\u00e9ditos: depositphotos.com \/ studio49ak"},{"@type":"BreadcrumbList","@id":"https:\/\/www.correiobraziliense.com.br\/cbradar\/conheca-a-cidade-onde-os-cachorros-tem-direitos-iguais-aos-humanos\/#breadcrumb","itemListElement":[{"@type":"ListItem","position":1,"name":"In\u00edcio","item":"https:\/\/www.correiobraziliense.com.br\/cbradar\/"},{"@type":"ListItem","position":2,"name":"Conhe\u00e7a a cidade onde os cachorros t\u00eam direitos iguais aos humanos"}]},{"@type":"WebSite","@id":"https:\/\/www.correiobraziliense.com.br\/cbradar\/#website","url":"https:\/\/www.correiobraziliense.com.br\/cbradar\/","name":"Correio Braziliense - Radar","description":"Acompanhe as \u00faltimas not\u00edcias e fique bem informado sobre tudo o que acontece no Brasil e no mundo.","potentialAction":[{"@type":"SearchAction","target":{"@type":"EntryPoint","urlTemplate":"https:\/\/www.correiobraziliense.com.br\/cbradar\/?s={search_term_string}"},"query-input":{"@type":"PropertyValueSpecification","valueRequired":true,"valueName":"search_term_string"}}],"inLanguage":"pt-BR"},{"@type":"Person","@id":"https:\/\/www.correiobraziliense.com.br\/cbradar\/#\/schema\/person\/58422787644df994b53a19d3e56c1513","name":"Larissa Carvalho","image":{"@type":"ImageObject","inLanguage":"pt-BR","@id":"https:\/\/www.correiobraziliense.com.br\/cbradar\/#\/schema\/person\/image\/","url":"https:\/\/secure.gravatar.com\/avatar\/fe4f91a0de32b52a838d0d612abdc1aa?s=96&d=mm&r=g","contentUrl":"https:\/\/secure.gravatar.com\/avatar\/fe4f91a0de32b52a838d0d612abdc1aa?s=96&d=mm&r=g","caption":"Larissa Carvalho"},"url":"https:\/\/www.correiobraziliense.com.br\/cbradar\/author\/larissamyth\/"}]}},"_links":{"self":[{"href":"https:\/\/www.correiobraziliense.com.br\/cbradar\/wp-json\/wp\/v2\/posts\/14174","targetHints":{"allow":["GET"]}}],"collection":[{"href":"https:\/\/www.correiobraziliense.com.br\/cbradar\/wp-json\/wp\/v2\/posts"}],"about":[{"href":"https:\/\/www.correiobraziliense.com.br\/cbradar\/wp-json\/wp\/v2\/types\/post"}],"author":[{"embeddable":true,"href":"https:\/\/www.correiobraziliense.com.br\/cbradar\/wp-json\/wp\/v2\/users\/3"}],"replies":[{"embeddable":true,"href":"https:\/\/www.correiobraziliense.com.br\/cbradar\/wp-json\/wp\/v2\/comments?post=14174"}],"version-history":[{"count":1,"href":"https:\/\/www.correiobraziliense.com.br\/cbradar\/wp-json\/wp\/v2\/posts\/14174\/revisions"}],"predecessor-version":[{"id":14178,"href":"https:\/\/www.correiobraziliense.com.br\/cbradar\/wp-json\/wp\/v2\/posts\/14174\/revisions\/14178"}],"wp:featuredmedia":[{"embeddable":true,"href":"https:\/\/www.correiobraziliense.com.br\/cbradar\/wp-json\/wp\/v2\/media\/14176"}],"wp:attachment":[{"href":"https:\/\/www.correiobraziliense.com.br\/cbradar\/wp-json\/wp\/v2\/media?parent=14174"}],"wp:term":[{"taxonomy":"category","embeddable":true,"href":"https:\/\/www.correiobraziliense.com.br\/cbradar\/wp-json\/wp\/v2\/categories?post=14174"},{"taxonomy":"post_tag","embeddable":true,"href":"https:\/\/www.correiobraziliense.com.br\/cbradar\/wp-json\/wp\/v2\/tags?post=14174"}],"curies":[{"name":"wp","href":"https:\/\/api.w.org\/{rel}","templated":true}]}}