{"id":141752,"date":"2025-11-22T22:35:44","date_gmt":"2025-11-23T01:35:44","guid":{"rendered":"https:\/\/www.correiobraziliense.com.br\/cbradar\/?p=141752"},"modified":"2025-11-21T19:41:31","modified_gmt":"2025-11-21T22:41:31","slug":"o-que-significa-esquecer-coisas-com-frequencia","status":"publish","type":"post","link":"https:\/\/www.correiobraziliense.com.br\/cbradar\/o-que-significa-esquecer-coisas-com-frequencia\/","title":{"rendered":"O que significa esquecer coisas com frequ\u00eancia"},"content":{"rendered":"\n<p>O <strong>esquecimento<\/strong> \u00e9 uma ocorr\u00eancia comum e natural na vida de qualquer pessoa, podendo envolver desde pequenos deslizes, como n\u00e3o recordar um nome, at\u00e9 falhas de mem\u00f3ria mais relevantes, como esquecer compromissos ou datas importantes. Apesar de fazer parte da experi\u00eancia humana, entender os motivos e saber lidar com esses epis\u00f3dios pode evitar problemas no <strong>dia a dia<\/strong>.<\/p>\n\n\n\n<h2 class=\"wp-block-heading\">Principais fatores que levam ao esquecimento<\/h2>\n\n\n\n<p>Diversos elementos contribuem para que a <strong>mem\u00f3ria<\/strong> falhe em momentos diversos. Uma das principais causas \u00e9 o excesso de <strong>informa\u00e7\u00f5es<\/strong> ao qual o c\u00e9rebro \u00e9 submetido, tornando dif\u00edcil absorver ou reter tudo com efici\u00eancia. Al\u00e9m disso, fatores como <strong>estresse<\/strong>, ansiedade e noites mal dormidas afetam o funcionamento cerebral, comprometendo a capacidade de lembrar dados e acontecimentos.<\/p>\n\n\n\n<p>Outras quest\u00f5es, como o uso de determinados <strong>medicamentos<\/strong>, ingest\u00e3o exagerada de \u00e1lcool e altera\u00e7\u00f5es hormonais, tamb\u00e9m favorecem lapsos de mem\u00f3ria. Por isso, \u00e9 importante identificar quais situa\u00e7\u00f5es ou h\u00e1bitos est\u00e3o associados ao <strong>esquecimento<\/strong> para agir preventivamente.<\/p>\n\n\n<div class=\"wp-block-image\">\n<figure class=\"aligncenter size-large\"><img decoding=\"async\" width=\"1024\" height=\"576\" src=\"https:\/\/www.correiobraziliense.com.br\/cbradar\/wp-content\/uploads\/2025\/07\/compras-esquecer_1753726803083-1024x576.jpg\" alt=\"\" class=\"wp-image-76898\" srcset=\"https:\/\/www.correiobraziliense.com.br\/cbradar\/wp-content\/uploads\/2025\/07\/compras-esquecer_1753726803083-1024x576.jpg 1024w, https:\/\/www.correiobraziliense.com.br\/cbradar\/wp-content\/uploads\/2025\/07\/compras-esquecer_1753726803083-300x169.jpg 300w, https:\/\/www.correiobraziliense.com.br\/cbradar\/wp-content\/uploads\/2025\/07\/compras-esquecer_1753726803083-768x432.jpg 768w, https:\/\/www.correiobraziliense.com.br\/cbradar\/wp-content\/uploads\/2025\/07\/compras-esquecer_1753726803083-750x422.jpg 750w, https:\/\/www.correiobraziliense.com.br\/cbradar\/wp-content\/uploads\/2025\/07\/compras-esquecer_1753726803083-1140x641.jpg 1140w, https:\/\/www.correiobraziliense.com.br\/cbradar\/wp-content\/uploads\/2025\/07\/compras-esquecer_1753726803083.jpg 1280w\" sizes=\"(max-width: 1024px) 100vw, 1024px\" \/><figcaption class=\"wp-element-caption\">O c\u00e9rebro filtra constantemente as informa\u00e7\u00f5es recebidas &#8211; Cr\u00e9ditos: depositphotos.com \/ Steklo_KRD<\/figcaption><\/figure><\/div>\n\n\n<p>Leia tamb\u00e9m:&nbsp;<a href=\"https:\/\/www.correiobraziliense.com.br\/cbradar\/o-que-significa-usar-bone-o-tempo-todo-e-nunca-tira-lo\/\" target=\"_blank\" rel=\"noopener\">O que significa usar bon\u00e9 o tempo todo e nunca tir\u00e1-lo?<\/a><\/p>\n\n\n\n<h2 class=\"wp-block-heading\">Consequ\u00eancias dos lapsos de mem\u00f3ria no cotidiano<\/h2>\n\n\n\n<p>Esquecer informa\u00e7\u00f5es pode ter repercuss\u00f5es variadas na vida pessoal e profissional. Situa\u00e7\u00f5es constrangedoras, perda de oportunidades ou dificuldades de <strong>comunica\u00e7\u00e3o<\/strong> s\u00e3o alguns exemplos. Epis\u00f3dios frequentes podem atrapalhar rela\u00e7\u00f5es interpessoais e abalar a <strong>confian\u00e7a<\/strong> em ambientes familiares ou no trabalho.<\/p>\n\n\n\n<p>Por isso, observar ind\u00edcios de esquecimentos recorrentes \u00e9 essencial. Entre eles, destacam-se:<\/p>\n\n\n\n<ul class=\"wp-block-list\">\n<li>Esquecer <strong>compromissos<\/strong>, datas e hor\u00e1rios importantes<\/li>\n\n\n\n<li>Repetir frases, perguntas ou hist\u00f3rias sem perceber<\/li>\n\n\n\n<li>Perder <strong>objetos pessoais<\/strong> com frequ\u00eancia<\/li>\n\n\n\n<li>Sentir queda de produtividade devido \u00e0 falta de mem\u00f3ria<\/li>\n<\/ul>\n\n\n\n<h2 class=\"wp-block-heading\">Dicas para diminuir o esquecimento no dia a dia<\/h2>\n\n\n\n<p>Embora n\u00e3o seja poss\u00edvel eliminar totalmente os <strong>lapsos<\/strong> de mem\u00f3ria, adotar pr\u00e1ticas saud\u00e1veis pode reduzir sua frequ\u00eancia. Utilizar listas, agendas e ferramentas de <strong>organiza\u00e7\u00e3o<\/strong> contribui para guardar informa\u00e7\u00f5es essenciais, liberando espa\u00e7o mental para outras tarefas.<\/p>\n\n\n\n<p>Al\u00e9m disso, priorizar boas noites de <strong>sono<\/strong>, alimentar-se de maneira equilibrada e praticar exerc\u00edcios f\u00edsicos auxiliam o funcionamento do c\u00e9rebro. Atividades que promovem o <strong>mindfulness<\/strong> e gerenciam o estresse s\u00e3o igualmente recomendadas, pois colaboram para manter a mente focada e saud\u00e1vel.<\/p>\n\n\n\n<p><strong>Confira o v\u00eddeo abaixo do <a href=\"https:\/\/www.youtube.com\/@drauziovarella\" target=\"_blank\" rel=\"noreferrer noopener\">Drauzio Varella<\/a> explicando sobre, \u00e9 desaten\u00e7\u00e3o ou esquecimento? Veja:<\/strong><\/p>\n\n\n\n<figure class=\"wp-block-embed is-type-video is-provider-youtube wp-block-embed-youtube wp-embed-aspect-16-9 wp-has-aspect-ratio\"><div class=\"wp-block-embed__wrapper\">\n<div class=\"jeg_video_container jeg_video_content\"><iframe loading=\"lazy\" title=\"Esquecimento ou desaten\u00e7\u00e3o? | Drauzio Comenta #72\" width=\"500\" height=\"281\" src=\"https:\/\/www.youtube.com\/embed\/8PprL6KW51Y?feature=oembed\" frameborder=\"0\" allow=\"accelerometer; autoplay; clipboard-write; encrypted-media; gyroscope; picture-in-picture; web-share\" referrerpolicy=\"strict-origin-when-cross-origin\" allowfullscreen><\/iframe><\/div>\n<\/div><\/figure>\n\n\n\n<h2 class=\"wp-block-heading\">Envelhecimento e mem\u00f3ria: o que muda com o passar do tempo<\/h2>\n\n\n\n<p>Com o <strong>envelhecimento<\/strong>, \u00e9 normal perceber um aumento nos esquecimentos do dia a dia, resultado de mudan\u00e7as naturais no c\u00e9rebro. Apesar disso, \u00e9 fundamental saber diferenciar o esquecimento ligado \u00e0 idade dos sinais de doen\u00e7as mais graves, como quadros <strong>demenciais<\/strong>.<\/p>\n\n\n\n<p>Para manter a capacidade cognitiva, recomenda-se estimular a <strong>mente<\/strong> com atividades intelectualmente desafiadoras, como:<\/p>\n\n\n\n<ul class=\"wp-block-list\">\n<li>Jogos de <strong>l\u00f3gica<\/strong> e quebra-cabe\u00e7as<\/li>\n\n\n\n<li>Leitura de <strong>livros<\/strong> ou not\u00edcias regularmente<\/li>\n\n\n\n<li>Aprender novas habilidades ou <strong>idiomas<\/strong><\/li>\n\n\n\n<li>Estar sempre em contato com familiares e amigos<\/li>\n<\/ul>\n\n\n\n<p>O <strong>esquecimento<\/strong> \u00e9 inerente \u00e0 vida, mas, com pequenas mudan\u00e7as nos h\u00e1bitos e maior organiza\u00e7\u00e3o, \u00e9 poss\u00edvel amenizar seus impactos e manter a <strong>mente ativa<\/strong>. Compreender os fatores envolvidos e cuidar do corpo e da mente s\u00e3o passos fundamentais para lidar melhor com essa quest\u00e3o, promovendo mais qualidade de vida e tranquilidade no dia a dia.<\/p>\n","protected":false},"excerpt":{"rendered":"<p>O esquecimento \u00e9 uma ocorr\u00eancia comum e natural na vida de qualquer pessoa, podendo envolver desde pequenos deslizes, como n\u00e3o recordar um nome, at\u00e9 falhas de mem\u00f3ria mais relevantes, como esquecer compromissos ou datas importantes. Apesar de fazer parte da experi\u00eancia humana, entender os motivos e saber lidar com esses epis\u00f3dios pode evitar problemas no [&hellip;]<\/p>\n","protected":false},"author":9,"featured_media":142340,"comment_status":"open","ping_status":"open","sticky":false,"template":"","format":"standard","meta":{"_yoast_wpseo_focuskw":"memoria fraca","_yoast_wpseo_title":"%%title%% %%page%%","_yoast_wpseo_metadesc":"O esquecimento \u00e9 comum, mas h\u00e1bitos saud\u00e1veis e organiza\u00e7\u00e3o ajudam a manter a mem\u00f3ria ativa e reduzir lapsos no dia a dia.","jnews-multi-image_gallery":[],"jnews_single_post":{"format":"standard"},"jnews_primary_category":[],"jnews_social_meta":[],"jnews_override_counter":[],"footnotes":""},"categories":[112],"tags":[11847,3273,11846],"class_list":["post-141752","post","type-post","status-publish","format-standard","has-post-thumbnail","hentry","category-curiosidades","tag-algo-importante","tag-esquecer","tag-importante"],"yoast_head":"<!-- This site is optimized with the Yoast SEO plugin v24.6 - https:\/\/yoast.com\/wordpress\/plugins\/seo\/ -->\n<title>O que significa esquecer coisas com frequ\u00eancia<\/title>\n<meta name=\"description\" content=\"O esquecimento \u00e9 comum, mas h\u00e1bitos saud\u00e1veis e organiza\u00e7\u00e3o ajudam a manter a mem\u00f3ria ativa e reduzir lapsos no dia a dia.\" \/>\n<meta name=\"robots\" content=\"index, follow, max-snippet:-1, max-image-preview:large, max-video-preview:-1\" \/>\n<link rel=\"canonical\" href=\"https:\/\/www.correiobraziliense.com.br\/cbradar\/o-que-significa-esquecer-coisas-com-frequencia\/\" \/>\n<meta property=\"og:locale\" content=\"pt_BR\" \/>\n<meta property=\"og:type\" content=\"article\" \/>\n<meta property=\"og:title\" content=\"O que significa esquecer coisas com frequ\u00eancia\" \/>\n<meta property=\"og:description\" content=\"O esquecimento \u00e9 comum, mas h\u00e1bitos saud\u00e1veis e organiza\u00e7\u00e3o ajudam a manter a mem\u00f3ria ativa e reduzir lapsos no dia a dia.\" \/>\n<meta property=\"og:url\" content=\"https:\/\/www.correiobraziliense.com.br\/cbradar\/o-que-significa-esquecer-coisas-com-frequencia\/\" \/>\n<meta property=\"og:site_name\" content=\"Correio Braziliense - Radar\" \/>\n<meta property=\"article:published_time\" content=\"2025-11-23T01:35:44+00:00\" \/>\n<meta property=\"og:image\" content=\"https:\/\/www.correiobraziliense.com.br\/cbradar\/wp-content\/uploads\/2025\/11\/Esquecimento-Frequente-Google-Discover.png\" \/>\n\t<meta property=\"og:image:width\" content=\"1280\" \/>\n\t<meta property=\"og:image:height\" content=\"720\" \/>\n\t<meta property=\"og:image:type\" content=\"image\/png\" \/>\n<meta name=\"author\" content=\"Daniely Cardoso\" \/>\n<meta name=\"twitter:card\" content=\"summary_large_image\" \/>\n<meta name=\"twitter:label1\" content=\"Escrito por\" \/>\n\t<meta name=\"twitter:data1\" content=\"Daniely Cardoso\" \/>\n\t<meta name=\"twitter:label2\" content=\"Est. tempo de leitura\" \/>\n\t<meta name=\"twitter:data2\" content=\"4 minutos\" \/>\n<!-- \/ Yoast SEO plugin. -->","yoast_head_json":{"title":"O que significa esquecer coisas com frequ\u00eancia","description":"O esquecimento \u00e9 comum, mas h\u00e1bitos saud\u00e1veis e organiza\u00e7\u00e3o ajudam a manter a mem\u00f3ria ativa e reduzir lapsos no dia a dia.","robots":{"index":"index","follow":"follow","max-snippet":"max-snippet:-1","max-image-preview":"max-image-preview:large","max-video-preview":"max-video-preview:-1"},"canonical":"https:\/\/www.correiobraziliense.com.br\/cbradar\/o-que-significa-esquecer-coisas-com-frequencia\/","og_locale":"pt_BR","og_type":"article","og_title":"O que significa esquecer coisas com frequ\u00eancia","og_description":"O esquecimento \u00e9 comum, mas h\u00e1bitos saud\u00e1veis e organiza\u00e7\u00e3o ajudam a manter a mem\u00f3ria ativa e reduzir lapsos no dia a dia.","og_url":"https:\/\/www.correiobraziliense.com.br\/cbradar\/o-que-significa-esquecer-coisas-com-frequencia\/","og_site_name":"Correio Braziliense - Radar","article_published_time":"2025-11-23T01:35:44+00:00","og_image":[{"width":1280,"height":720,"url":"https:\/\/www.correiobraziliense.com.br\/cbradar\/wp-content\/uploads\/2025\/11\/Esquecimento-Frequente-Google-Discover.png","type":"image\/png"}],"author":"Daniely Cardoso","twitter_card":"summary_large_image","twitter_misc":{"Escrito por":"Daniely Cardoso","Est. tempo de leitura":"4 minutos"},"schema":{"@context":"https:\/\/schema.org","@graph":[{"@type":"WebPage","@id":"https:\/\/www.correiobraziliense.com.br\/cbradar\/o-que-significa-esquecer-coisas-com-frequencia\/","url":"https:\/\/www.correiobraziliense.com.br\/cbradar\/o-que-significa-esquecer-coisas-com-frequencia\/","name":"O que significa esquecer coisas com frequ\u00eancia","isPartOf":{"@id":"https:\/\/www.correiobraziliense.com.br\/cbradar\/#website"},"primaryImageOfPage":{"@id":"https:\/\/www.correiobraziliense.com.br\/cbradar\/o-que-significa-esquecer-coisas-com-frequencia\/#primaryimage"},"image":{"@id":"https:\/\/www.correiobraziliense.com.br\/cbradar\/o-que-significa-esquecer-coisas-com-frequencia\/#primaryimage"},"thumbnailUrl":"https:\/\/www.correiobraziliense.com.br\/cbradar\/wp-content\/uploads\/2025\/11\/Esquecimento-Frequente-Google-Discover.png","datePublished":"2025-11-23T01:35:44+00:00","author":{"@id":"https:\/\/www.correiobraziliense.com.br\/cbradar\/#\/schema\/person\/7356666e12ec0ee53f348ee5db227032"},"description":"O esquecimento \u00e9 comum, mas h\u00e1bitos saud\u00e1veis e organiza\u00e7\u00e3o ajudam a manter a mem\u00f3ria ativa e reduzir lapsos no dia a dia.","breadcrumb":{"@id":"https:\/\/www.correiobraziliense.com.br\/cbradar\/o-que-significa-esquecer-coisas-com-frequencia\/#breadcrumb"},"inLanguage":"pt-BR","potentialAction":[{"@type":"ReadAction","target":["https:\/\/www.correiobraziliense.com.br\/cbradar\/o-que-significa-esquecer-coisas-com-frequencia\/"]}]},{"@type":"ImageObject","inLanguage":"pt-BR","@id":"https:\/\/www.correiobraziliense.com.br\/cbradar\/o-que-significa-esquecer-coisas-com-frequencia\/#primaryimage","url":"https:\/\/www.correiobraziliense.com.br\/cbradar\/wp-content\/uploads\/2025\/11\/Esquecimento-Frequente-Google-Discover.png","contentUrl":"https:\/\/www.correiobraziliense.com.br\/cbradar\/wp-content\/uploads\/2025\/11\/Esquecimento-Frequente-Google-Discover.png","width":1280,"height":720,"caption":"Entender esses motivos ajuda a lidar melhor com o esquecimento e prevenir impactos negativos no dia a dia."},{"@type":"BreadcrumbList","@id":"https:\/\/www.correiobraziliense.com.br\/cbradar\/o-que-significa-esquecer-coisas-com-frequencia\/#breadcrumb","itemListElement":[{"@type":"ListItem","position":1,"name":"In\u00edcio","item":"https:\/\/www.correiobraziliense.com.br\/cbradar\/"},{"@type":"ListItem","position":2,"name":"O que significa esquecer coisas com frequ\u00eancia"}]},{"@type":"WebSite","@id":"https:\/\/www.correiobraziliense.com.br\/cbradar\/#website","url":"https:\/\/www.correiobraziliense.com.br\/cbradar\/","name":"Correio Braziliense - Radar","description":"Acompanhe as \u00faltimas not\u00edcias e fique bem informado sobre tudo o que acontece no Brasil e no mundo.","potentialAction":[{"@type":"SearchAction","target":{"@type":"EntryPoint","urlTemplate":"https:\/\/www.correiobraziliense.com.br\/cbradar\/?s={search_term_string}"},"query-input":{"@type":"PropertyValueSpecification","valueRequired":true,"valueName":"search_term_string"}}],"inLanguage":"pt-BR"},{"@type":"Person","@id":"https:\/\/www.correiobraziliense.com.br\/cbradar\/#\/schema\/person\/7356666e12ec0ee53f348ee5db227032","name":"Daniely Cardoso","image":{"@type":"ImageObject","inLanguage":"pt-BR","@id":"https:\/\/www.correiobraziliense.com.br\/cbradar\/#\/schema\/person\/image\/","url":"https:\/\/secure.gravatar.com\/avatar\/4b80ddbd124d1f071b626d52d62e5dff?s=96&d=mm&r=g","contentUrl":"https:\/\/secure.gravatar.com\/avatar\/4b80ddbd124d1f071b626d52d62e5dff?s=96&d=mm&r=g","caption":"Daniely Cardoso"},"description":"Redatora nos portais CB Radar e EM Foco, formada pela Universidade Federal de Goi\u00e1s, em Goi\u00e2nia. Apaixonada por comunica\u00e7\u00e3o, arte, decora\u00e7\u00e3o e tend\u00eancias, atuo na produ\u00e7\u00e3o de conte\u00fados envolventes sobre curiosidades, moda, beleza e paisagismo, sempre com um olhar atento \u00e0s novidades do momento.","sameAs":["https:\/\/www.correiobraziliense.com.br\/cbradar"],"url":"https:\/\/www.correiobraziliense.com.br\/cbradar\/author\/danielymyth\/"}]}},"_links":{"self":[{"href":"https:\/\/www.correiobraziliense.com.br\/cbradar\/wp-json\/wp\/v2\/posts\/141752","targetHints":{"allow":["GET"]}}],"collection":[{"href":"https:\/\/www.correiobraziliense.com.br\/cbradar\/wp-json\/wp\/v2\/posts"}],"about":[{"href":"https:\/\/www.correiobraziliense.com.br\/cbradar\/wp-json\/wp\/v2\/types\/post"}],"author":[{"embeddable":true,"href":"https:\/\/www.correiobraziliense.com.br\/cbradar\/wp-json\/wp\/v2\/users\/9"}],"replies":[{"embeddable":true,"href":"https:\/\/www.correiobraziliense.com.br\/cbradar\/wp-json\/wp\/v2\/comments?post=141752"}],"version-history":[{"count":2,"href":"https:\/\/www.correiobraziliense.com.br\/cbradar\/wp-json\/wp\/v2\/posts\/141752\/revisions"}],"predecessor-version":[{"id":141780,"href":"https:\/\/www.correiobraziliense.com.br\/cbradar\/wp-json\/wp\/v2\/posts\/141752\/revisions\/141780"}],"wp:featuredmedia":[{"embeddable":true,"href":"https:\/\/www.correiobraziliense.com.br\/cbradar\/wp-json\/wp\/v2\/media\/142340"}],"wp:attachment":[{"href":"https:\/\/www.correiobraziliense.com.br\/cbradar\/wp-json\/wp\/v2\/media?parent=141752"}],"wp:term":[{"taxonomy":"category","embeddable":true,"href":"https:\/\/www.correiobraziliense.com.br\/cbradar\/wp-json\/wp\/v2\/categories?post=141752"},{"taxonomy":"post_tag","embeddable":true,"href":"https:\/\/www.correiobraziliense.com.br\/cbradar\/wp-json\/wp\/v2\/tags?post=141752"}],"curies":[{"name":"wp","href":"https:\/\/api.w.org\/{rel}","templated":true}]}}