{"id":141761,"date":"2025-11-22T12:25:00","date_gmt":"2025-11-22T15:25:00","guid":{"rendered":"https:\/\/www.correiobraziliense.com.br\/cbradar\/?p=141761"},"modified":"2025-11-21T16:19:01","modified_gmt":"2025-11-21T19:19:01","slug":"sintomas-de-que-seu-corpo-nao-esta-absorvendo-bem-as-vitaminas","status":"publish","type":"post","link":"https:\/\/www.correiobraziliense.com.br\/cbradar\/sintomas-de-que-seu-corpo-nao-esta-absorvendo-bem-as-vitaminas\/","title":{"rendered":"Sintomas de que seu corpo n\u00e3o est\u00e1 absorvendo bem as vitaminas"},"content":{"rendered":"\n<p>Consumir uma dieta saud\u00e1vel n\u00e3o garante nutri\u00e7\u00e3o ideal. A absor\u00e7\u00e3o (o ato de levar o nutriente para o sangue) pode estar comprometida por problemas intestinais, inflama\u00e7\u00e3o cr\u00f4nica ou falta de \u00e1cido estomacal. O corpo emite sinais sutis quando as vitaminas n\u00e3o est\u00e3o sendo aproveitadas de forma eficiente.<\/p>\n\n\n\n<h2 class=\"wp-block-heading\">A m\u00e1 absor\u00e7\u00e3o afeta a pele, unhas e cabelos?<\/h2>\n\n\n\n<p>Sim. Estes tecidos crescem rapidamente e precisam de um fluxo constante de vitaminas e prote\u00ednas. Defici\u00eancias de vitaminas A, C e do Complexo B se manifestam como queda de cabelo, pele seca e unhas quebradi\u00e7as.<\/p>\n\n\n\n<p>Falta de Vitamina C (essencial para col\u00e1geno) ou Zinco (reparo celular) leva \u00e0 m\u00e1 cicatriza\u00e7\u00e3o. Isso \u00e9 um sinal de que o corpo n\u00e3o tem os blocos de constru\u00e7\u00e3o necess\u00e1rios para o reparo e defesa.<\/p>\n\n\n\n<p>Leia tamb\u00e9m: <a href=\"https:\/\/www.correiobraziliense.com.br\/cbradar\/o-que-vai-mudar-na-sua-vida-se-voce-andar-pelo-menos-7-mil-passos-por-30-dias\" target=\"_blank\" rel=\"noreferrer noopener\">O que vai mudar na sua vida se voc\u00ea andar pelo menos 7 mil passos por 30 dias?<\/a><\/p>\n\n\n\n<h2 class=\"wp-block-heading\">Fadiga cr\u00f4nica e fraqueza muscular s\u00e3o sinais?<\/h2>\n\n\n\n<p>A exaust\u00e3o profunda \u00e9 o alerta mais comum. Vitaminas como a <strong>B12<\/strong> (energia neural) e o <strong>Ferro<\/strong> (transporte de oxig\u00eanio) dependem de absor\u00e7\u00e3o eficiente.<\/p>\n\n\n\n<p>Se o intestino n\u00e3o est\u00e1 absorvendo B12, o corpo fica sem combust\u00edvel essencial para a produ\u00e7\u00e3o de energia, resultando em fraqueza e fadiga que o sono n\u00e3o resolve. <a href=\"https:\/\/ods.od.nih.gov\/factsheets\/VitaminB12-HealthProfessional\" target=\"_blank\" rel=\"noreferrer noopener\">O <strong>NIH (EUA) <\/strong>destaca<\/a> que a m\u00e1 absor\u00e7\u00e3o de B12 \u00e9 uma causa crescente de neuropatia.<\/p>\n\n\n\n<p>No v\u00eddeo a seguir, a <strong><em>Nutricionista Camila Deperon<\/em><\/strong> explica como a falta de B12 pode te afetar:<\/p>\n\n\n\n<blockquote class=\"instagram-media\" data-instgrm-captioned data-instgrm-permalink=\"https:\/\/www.instagram.com\/reel\/C7zt87ytod-\/?utm_source=ig_embed&amp;utm_campaign=loading\" data-instgrm-version=\"14\" style=\" background:#FFF; border:0; border-radius:3px; box-shadow:0 0 1px 0 rgba(0,0,0,0.5),0 1px 10px 0 rgba(0,0,0,0.15); margin: 1px; max-width:540px; min-width:326px; padding:0; width:99.375%; width:-webkit-calc(100% - 2px); width:calc(100% - 2px);\"><div style=\"padding:16px;\"> <a href=\"https:\/\/www.instagram.com\/reel\/C7zt87ytod-\/?utm_source=ig_embed&amp;utm_campaign=loading\" style=\" background:#FFFFFF; line-height:0; padding:0 0; text-align:center; text-decoration:none; width:100%;\" target=\"_blank\"> <div style=\" display: flex; flex-direction: row; align-items: center;\"> <div style=\"background-color: #F4F4F4; border-radius: 50%; flex-grow: 0; height: 40px; margin-right: 14px; width: 40px;\"><\/div> <div style=\"display: flex; flex-direction: column; flex-grow: 1; justify-content: center;\"> <div style=\" background-color: #F4F4F4; border-radius: 4px; flex-grow: 0; height: 14px; margin-bottom: 6px; width: 100px;\"><\/div> <div style=\" background-color: #F4F4F4; border-radius: 4px; flex-grow: 0; height: 14px; width: 60px;\"><\/div><\/div><\/div><div style=\"padding: 19% 0;\"><\/div> <div style=\"display:block; height:50px; margin:0 auto 12px; width:50px;\"><svg width=\"50px\" height=\"50px\" viewBox=\"0 0 60 60\" version=\"1.1\" xmlns=\"https:\/\/www.w3.org\/2000\/svg\" xmlns:xlink=\"https:\/\/www.w3.org\/1999\/xlink\"><g stroke=\"none\" stroke-width=\"1\" fill=\"none\" fill-rule=\"evenodd\"><g transform=\"translate(-511.000000, -20.000000)\" fill=\"#000000\"><g><path d=\"M556.869,30.41 C554.814,30.41 553.148,32.076 553.148,34.131 C553.148,36.186 554.814,37.852 556.869,37.852 C558.924,37.852 560.59,36.186 560.59,34.131 C560.59,32.076 558.924,30.41 556.869,30.41 M541,60.657 C535.114,60.657 530.342,55.887 530.342,50 C530.342,44.114 535.114,39.342 541,39.342 C546.887,39.342 551.658,44.114 551.658,50 C551.658,55.887 546.887,60.657 541,60.657 M541,33.886 C532.1,33.886 524.886,41.1 524.886,50 C524.886,58.899 532.1,66.113 541,66.113 C549.9,66.113 557.115,58.899 557.115,50 C557.115,41.1 549.9,33.886 541,33.886 M565.378,62.101 C565.244,65.022 564.756,66.606 564.346,67.663 C563.803,69.06 563.154,70.057 562.106,71.106 C561.058,72.155 560.06,72.803 558.662,73.347 C557.607,73.757 556.021,74.244 553.102,74.378 C549.944,74.521 548.997,74.552 541,74.552 C533.003,74.552 532.056,74.521 528.898,74.378 C525.979,74.244 524.393,73.757 523.338,73.347 C521.94,72.803 520.942,72.155 519.894,71.106 C518.846,70.057 518.197,69.06 517.654,67.663 C517.244,66.606 516.755,65.022 516.623,62.101 C516.479,58.943 516.448,57.996 516.448,50 C516.448,42.003 516.479,41.056 516.623,37.899 C516.755,34.978 517.244,33.391 517.654,32.338 C518.197,30.938 518.846,29.942 519.894,28.894 C520.942,27.846 521.94,27.196 523.338,26.654 C524.393,26.244 525.979,25.756 528.898,25.623 C532.057,25.479 533.004,25.448 541,25.448 C548.997,25.448 549.943,25.479 553.102,25.623 C556.021,25.756 557.607,26.244 558.662,26.654 C560.06,27.196 561.058,27.846 562.106,28.894 C563.154,29.942 563.803,30.938 564.346,32.338 C564.756,33.391 565.244,34.978 565.378,37.899 C565.522,41.056 565.552,42.003 565.552,50 C565.552,57.996 565.522,58.943 565.378,62.101 M570.82,37.631 C570.674,34.438 570.167,32.258 569.425,30.349 C568.659,28.377 567.633,26.702 565.965,25.035 C564.297,23.368 562.623,22.342 560.652,21.575 C558.743,20.834 556.562,20.326 553.369,20.18 C550.169,20.033 549.148,20 541,20 C532.853,20 531.831,20.033 528.631,20.18 C525.438,20.326 523.257,20.834 521.349,21.575 C519.376,22.342 517.703,23.368 516.035,25.035 C514.368,26.702 513.342,28.377 512.574,30.349 C511.834,32.258 511.326,34.438 511.181,37.631 C511.035,40.831 511,41.851 511,50 C511,58.147 511.035,59.17 511.181,62.369 C511.326,65.562 511.834,67.743 512.574,69.651 C513.342,71.625 514.368,73.296 516.035,74.965 C517.703,76.634 519.376,77.658 521.349,78.425 C523.257,79.167 525.438,79.673 528.631,79.82 C531.831,79.965 532.853,80.001 541,80.001 C549.148,80.001 550.169,79.965 553.369,79.82 C556.562,79.673 558.743,79.167 560.652,78.425 C562.623,77.658 564.297,76.634 565.965,74.965 C567.633,73.296 568.659,71.625 569.425,69.651 C570.167,67.743 570.674,65.562 570.82,62.369 C570.966,59.17 571,58.147 571,50 C571,41.851 570.966,40.831 570.82,37.631\"><\/path><\/g><\/g><\/g><\/svg><\/div><div style=\"padding-top: 8px;\"> <div style=\" color:#3897f0; font-family:Arial,sans-serif; font-size:14px; font-style:normal; font-weight:550; line-height:18px;\">View this post on Instagram<\/div><\/div><div style=\"padding: 12.5% 0;\"><\/div> <div style=\"display: flex; flex-direction: row; margin-bottom: 14px; align-items: center;\"><div> <div style=\"background-color: #F4F4F4; border-radius: 50%; height: 12.5px; width: 12.5px; transform: translateX(0px) translateY(7px);\"><\/div> <div style=\"background-color: #F4F4F4; height: 12.5px; transform: rotate(-45deg) translateX(3px) translateY(1px); width: 12.5px; flex-grow: 0; margin-right: 14px; margin-left: 2px;\"><\/div> <div style=\"background-color: #F4F4F4; border-radius: 50%; height: 12.5px; width: 12.5px; transform: translateX(9px) translateY(-18px);\"><\/div><\/div><div style=\"margin-left: 8px;\"> <div style=\" background-color: #F4F4F4; border-radius: 50%; flex-grow: 0; height: 20px; width: 20px;\"><\/div> <div style=\" width: 0; height: 0; border-top: 2px solid transparent; border-left: 6px solid #f4f4f4; border-bottom: 2px solid transparent; transform: translateX(16px) translateY(-4px) rotate(30deg)\"><\/div><\/div><div style=\"margin-left: auto;\"> <div style=\" width: 0px; border-top: 8px solid #F4F4F4; border-right: 8px solid transparent; transform: translateY(16px);\"><\/div> <div style=\" background-color: #F4F4F4; flex-grow: 0; height: 12px; width: 16px; transform: translateY(-4px);\"><\/div> <div style=\" width: 0; height: 0; border-top: 8px solid #F4F4F4; border-left: 8px solid transparent; transform: translateY(-4px) translateX(8px);\"><\/div><\/div><\/div> <div style=\"display: flex; flex-direction: column; flex-grow: 1; justify-content: center; margin-bottom: 24px;\"> <div style=\" background-color: #F4F4F4; border-radius: 4px; flex-grow: 0; height: 14px; margin-bottom: 6px; width: 224px;\"><\/div> <div style=\" background-color: #F4F4F4; border-radius: 4px; flex-grow: 0; height: 14px; width: 144px;\"><\/div><\/div><\/a><p style=\" color:#c9c8cd; font-family:Arial,sans-serif; font-size:14px; line-height:17px; margin-bottom:0; margin-top:8px; overflow:hidden; padding:8px 0 7px; text-align:center; text-overflow:ellipsis; white-space:nowrap;\"><a href=\"https:\/\/www.instagram.com\/reel\/C7zt87ytod-\/?utm_source=ig_embed&amp;utm_campaign=loading\" style=\" color:#c9c8cd; font-family:Arial,sans-serif; font-size:14px; font-style:normal; font-weight:normal; line-height:17px; text-decoration:none;\" target=\"_blank\">A post shared by Camila Deperon (@cadeperon_nutri)<\/a><\/p><\/div><\/blockquote>\n<script async src=\"\/\/www.instagram.com\/embed.js\"><\/script>\n\n\n\n<h2 class=\"wp-block-heading\">Como a sa\u00fade intestinal est\u00e1 ligada \u00e0 absor\u00e7\u00e3o?<\/h2>\n\n\n\n<p>O intestino delgado \u00e9 onde a maioria dos nutrientes (incluindo vitaminas) \u00e9 absorvida. Inflama\u00e7\u00e3o cr\u00f4nica (como na doen\u00e7a cel\u00edaca ou SII) danifica a parede intestinal.<\/p>\n\n\n\n<p>Essa parede danificada tem dificuldade em transportar vitaminas. A falta de \u00e1cido estomacal (comum com a idade) tamb\u00e9m impede a libera\u00e7\u00e3o de B12 dos alimentos, sendo uma das principais causas de defici\u00eancia em idosos.<\/p>\n\n\n\n<p>Leia tamb\u00e9m:<a href=\"https:\/\/www.correiobraziliense.com.br\/cbradar\/3-melhores-alimentos-para-incluir-na-dieta-para-o-emagrecimento\" target=\"_blank\" rel=\"noreferrer noopener\"> 3 melhores alimentos para incluir na dieta para o emagrecimento<\/a><\/p>\n\n\n\n<h2 class=\"wp-block-heading\">Quais s\u00e3o os sinais neurol\u00f3gicos da m\u00e1 absor\u00e7\u00e3o?<\/h2>\n\n\n\n<p>Defici\u00eancias de vitaminas lipossol\u00faveis (A, D, E, K) e B12 afetam diretamente o sistema nervoso. Sinais incluem &#8220;n\u00e9voa mental&#8221; (<em>brain fog<\/em>), dificuldade de concentra\u00e7\u00e3o e irritabilidade.<\/p>\n\n\n\n<p>Formigamento ou dorm\u00eancia nas extremidades (neuropatia perif\u00e9rica) s\u00e3o sinais graves e tardios de defici\u00eancia de <strong>Vitamina B12<\/strong> ou Magn\u00e9sio. A<strong> <a href=\"https:\/\/www.who.int\/news-room\/fact-sheets\/detail\/anaemia\" target=\"_blank\" rel=\"noreferrer noopener\">Organiza\u00e7\u00e3o Mundial da Sa\u00fade (OMS)<\/a><\/strong> destaca a defici\u00eancia de ferro\/B12 como um problema global.<\/p>\n\n\n\n<figure class=\"wp-block-image aligncenter size-large\"><img decoding=\"async\" width=\"1024\" height=\"576\" src=\"https:\/\/www.correiobraziliense.com.br\/cbradar\/wp-content\/uploads\/2025\/11\/mosaico_1763720424348-1024x576.jpg\" alt=\"Sintomas de que seu corpo n\u00e3o est\u00e1 absorvendo bem as vitaminas\" class=\"wp-image-141764\" srcset=\"https:\/\/www.correiobraziliense.com.br\/cbradar\/wp-content\/uploads\/2025\/11\/mosaico_1763720424348-1024x576.jpg 1024w, https:\/\/www.correiobraziliense.com.br\/cbradar\/wp-content\/uploads\/2025\/11\/mosaico_1763720424348-300x169.jpg 300w, https:\/\/www.correiobraziliense.com.br\/cbradar\/wp-content\/uploads\/2025\/11\/mosaico_1763720424348-768x432.jpg 768w, https:\/\/www.correiobraziliense.com.br\/cbradar\/wp-content\/uploads\/2025\/11\/mosaico_1763720424348-750x422.jpg 750w, https:\/\/www.correiobraziliense.com.br\/cbradar\/wp-content\/uploads\/2025\/11\/mosaico_1763720424348-1140x641.jpg 1140w, https:\/\/www.correiobraziliense.com.br\/cbradar\/wp-content\/uploads\/2025\/11\/mosaico_1763720424348.jpg 1280w\" sizes=\"(max-width: 1024px) 100vw, 1024px\" \/><figcaption class=\"wp-element-caption\">Ind\u00edcios de m\u00e1 absor\u00e7\u00e3o de vitaminas que podem afetar fun\u00e7\u00f5es essenciais do corpo &#8211; Cr\u00e9ditos: depositphotos.com \/ Remains &#8211; Cr\u00e9ditos: depositphotos.com \/ HayDmitriy\n<\/figcaption><\/figure>\n\n\n\n<h2 class=\"wp-block-heading\">Quais nutrientes s\u00e3o mais afetados e como melhorar a absor\u00e7\u00e3o?<\/h2>\n\n\n\n<p>A absor\u00e7\u00e3o de vitaminas lipossol\u00faveis (A, D, E, K) e B12 \u00e9 a mais vulner\u00e1vel \u00e0 sa\u00fade digestiva. O foco deve ser na otimiza\u00e7\u00e3o do ambiente intestinal.<\/p>\n\n\n\n<p>Para melhorar a efici\u00eancia da absor\u00e7\u00e3o e reverter defici\u00eancias causadas por problemas intestinais ou acidez baixa, adote estes h\u00e1bitos:<\/p>\n\n\n\n<ul class=\"wp-block-list\">\n<li><strong>Vitamina B12:<\/strong> Pode exigir formas sublinguais ou injet\u00e1veis (ignoram a falha do \u00e1cido estomacal).<\/li>\n\n\n\n<li><strong>Vitamina D\/A\/E\/K:<\/strong> Devem ser consumidas com uma pequena quantidade de <strong>gordura saud\u00e1vel<\/strong> (azeite, abacate).<\/li>\n\n\n\n<li><strong>Ferro:<\/strong> Deve ser consumido com <strong>Vitamina C<\/strong> (suco de laranja) para aumentar a absor\u00e7\u00e3o.<\/li>\n\n\n\n<li><strong>Melhore a sa\u00fade intestinal:<\/strong> Use probi\u00f3ticos (kefir) para fortalecer a parede do intestino.<\/li>\n<\/ul>\n","protected":false},"excerpt":{"rendered":"<p>Consumir uma dieta saud\u00e1vel n\u00e3o garante nutri\u00e7\u00e3o ideal. A absor\u00e7\u00e3o (o ato de levar o nutriente para o sangue) pode estar comprometida por problemas intestinais, inflama\u00e7\u00e3o cr\u00f4nica ou falta de \u00e1cido estomacal. O corpo emite sinais sutis quando as vitaminas n\u00e3o est\u00e3o sendo aproveitadas de forma eficiente. A m\u00e1 absor\u00e7\u00e3o afeta a pele, unhas e [&hellip;]<\/p>\n","protected":false},"author":11,"featured_media":133300,"comment_status":"open","ping_status":"open","sticky":false,"template":"","format":"standard","meta":{"_yoast_wpseo_focuskw":"absorver vitaminas","_yoast_wpseo_title":"","_yoast_wpseo_metadesc":"Sinais de que o organismo n\u00e3o est\u00e1 aproveitando bem as vitaminas, indicando poss\u00edveis desequil\u00edbrios que merecem aten\u00e7\u00e3o no dia a dia","jnews-multi-image_gallery":[],"jnews_single_post":{"format":"standard"},"jnews_primary_category":[],"jnews_social_meta":[],"jnews_override_counter":[],"footnotes":""},"categories":[119],"tags":[1318,4201,5485],"class_list":["post-141761","post","type-post","status-publish","format-standard","has-post-thumbnail","hentry","category-bem-estar","tag-saude-2","tag-sintomas","tag-vitaminas"],"yoast_head":"<!-- This site is optimized with the Yoast SEO plugin v24.6 - https:\/\/yoast.com\/wordpress\/plugins\/seo\/ -->\n<title>Sintomas de que seu corpo n\u00e3o est\u00e1 absorvendo bem as vitaminas - Correio Braziliense - Radar<\/title>\n<meta name=\"description\" content=\"Sinais de que o organismo n\u00e3o est\u00e1 aproveitando bem as vitaminas, indicando poss\u00edveis desequil\u00edbrios que merecem aten\u00e7\u00e3o no dia a dia\" \/>\n<meta name=\"robots\" content=\"index, follow, max-snippet:-1, max-image-preview:large, max-video-preview:-1\" \/>\n<link rel=\"canonical\" href=\"https:\/\/www.correiobraziliense.com.br\/cbradar\/sintomas-de-que-seu-corpo-nao-esta-absorvendo-bem-as-vitaminas\/\" \/>\n<meta property=\"og:locale\" content=\"pt_BR\" \/>\n<meta property=\"og:type\" content=\"article\" \/>\n<meta property=\"og:title\" content=\"Sintomas de que seu corpo n\u00e3o est\u00e1 absorvendo bem as vitaminas - Correio Braziliense - Radar\" \/>\n<meta property=\"og:description\" content=\"Sinais de que o organismo n\u00e3o est\u00e1 aproveitando bem as vitaminas, indicando poss\u00edveis desequil\u00edbrios que merecem aten\u00e7\u00e3o no dia a dia\" \/>\n<meta property=\"og:url\" content=\"https:\/\/www.correiobraziliense.com.br\/cbradar\/sintomas-de-que-seu-corpo-nao-esta-absorvendo-bem-as-vitaminas\/\" \/>\n<meta property=\"og:site_name\" content=\"Correio Braziliense - Radar\" \/>\n<meta property=\"article:published_time\" content=\"2025-11-22T15:25:00+00:00\" \/>\n<meta property=\"og:image\" content=\"https:\/\/www.correiobraziliense.com.br\/cbradar\/wp-content\/uploads\/2025\/11\/mosaico_1762544508039.jpg\" \/>\n\t<meta property=\"og:image:width\" content=\"1280\" \/>\n\t<meta property=\"og:image:height\" content=\"720\" \/>\n\t<meta property=\"og:image:type\" content=\"image\/jpeg\" \/>\n<meta name=\"author\" content=\"Paulo Custodio\" \/>\n<meta name=\"twitter:card\" content=\"summary_large_image\" \/>\n<meta name=\"twitter:label1\" content=\"Escrito por\" \/>\n\t<meta name=\"twitter:data1\" content=\"Paulo Custodio\" \/>\n\t<meta name=\"twitter:label2\" content=\"Est. tempo de leitura\" \/>\n\t<meta name=\"twitter:data2\" content=\"4 minutos\" \/>\n<!-- \/ Yoast SEO plugin. -->","yoast_head_json":{"title":"Sintomas de que seu corpo n\u00e3o est\u00e1 absorvendo bem as vitaminas - Correio Braziliense - Radar","description":"Sinais de que o organismo n\u00e3o est\u00e1 aproveitando bem as vitaminas, indicando poss\u00edveis desequil\u00edbrios que merecem aten\u00e7\u00e3o no dia a dia","robots":{"index":"index","follow":"follow","max-snippet":"max-snippet:-1","max-image-preview":"max-image-preview:large","max-video-preview":"max-video-preview:-1"},"canonical":"https:\/\/www.correiobraziliense.com.br\/cbradar\/sintomas-de-que-seu-corpo-nao-esta-absorvendo-bem-as-vitaminas\/","og_locale":"pt_BR","og_type":"article","og_title":"Sintomas de que seu corpo n\u00e3o est\u00e1 absorvendo bem as vitaminas - Correio Braziliense - Radar","og_description":"Sinais de que o organismo n\u00e3o est\u00e1 aproveitando bem as vitaminas, indicando poss\u00edveis desequil\u00edbrios que merecem aten\u00e7\u00e3o no dia a dia","og_url":"https:\/\/www.correiobraziliense.com.br\/cbradar\/sintomas-de-que-seu-corpo-nao-esta-absorvendo-bem-as-vitaminas\/","og_site_name":"Correio Braziliense - Radar","article_published_time":"2025-11-22T15:25:00+00:00","og_image":[{"width":1280,"height":720,"url":"https:\/\/www.correiobraziliense.com.br\/cbradar\/wp-content\/uploads\/2025\/11\/mosaico_1762544508039.jpg","type":"image\/jpeg"}],"author":"Paulo Custodio","twitter_card":"summary_large_image","twitter_misc":{"Escrito por":"Paulo Custodio","Est. tempo de leitura":"4 minutos"},"schema":{"@context":"https:\/\/schema.org","@graph":[{"@type":"WebPage","@id":"https:\/\/www.correiobraziliense.com.br\/cbradar\/sintomas-de-que-seu-corpo-nao-esta-absorvendo-bem-as-vitaminas\/","url":"https:\/\/www.correiobraziliense.com.br\/cbradar\/sintomas-de-que-seu-corpo-nao-esta-absorvendo-bem-as-vitaminas\/","name":"Sintomas de que seu corpo n\u00e3o est\u00e1 absorvendo bem as vitaminas - Correio Braziliense - Radar","isPartOf":{"@id":"https:\/\/www.correiobraziliense.com.br\/cbradar\/#website"},"primaryImageOfPage":{"@id":"https:\/\/www.correiobraziliense.com.br\/cbradar\/sintomas-de-que-seu-corpo-nao-esta-absorvendo-bem-as-vitaminas\/#primaryimage"},"image":{"@id":"https:\/\/www.correiobraziliense.com.br\/cbradar\/sintomas-de-que-seu-corpo-nao-esta-absorvendo-bem-as-vitaminas\/#primaryimage"},"thumbnailUrl":"https:\/\/www.correiobraziliense.com.br\/cbradar\/wp-content\/uploads\/2025\/11\/mosaico_1762544508039.jpg","datePublished":"2025-11-22T15:25:00+00:00","author":{"@id":"https:\/\/www.correiobraziliense.com.br\/cbradar\/#\/schema\/person\/4cec7857301a9a1a2ef249893cd908d3"},"description":"Sinais de que o organismo n\u00e3o est\u00e1 aproveitando bem as vitaminas, indicando poss\u00edveis desequil\u00edbrios que merecem aten\u00e7\u00e3o no dia a dia","breadcrumb":{"@id":"https:\/\/www.correiobraziliense.com.br\/cbradar\/sintomas-de-que-seu-corpo-nao-esta-absorvendo-bem-as-vitaminas\/#breadcrumb"},"inLanguage":"pt-BR","potentialAction":[{"@type":"ReadAction","target":["https:\/\/www.correiobraziliense.com.br\/cbradar\/sintomas-de-que-seu-corpo-nao-esta-absorvendo-bem-as-vitaminas\/"]}]},{"@type":"ImageObject","inLanguage":"pt-BR","@id":"https:\/\/www.correiobraziliense.com.br\/cbradar\/sintomas-de-que-seu-corpo-nao-esta-absorvendo-bem-as-vitaminas\/#primaryimage","url":"https:\/\/www.correiobraziliense.com.br\/cbradar\/wp-content\/uploads\/2025\/11\/mosaico_1762544508039.jpg","contentUrl":"https:\/\/www.correiobraziliense.com.br\/cbradar\/wp-content\/uploads\/2025\/11\/mosaico_1762544508039.jpg","width":1280,"height":720,"caption":"Sintomas de que seu corpo n\u00e3o est\u00e1 absorvendo bem as vitaminas - Cr\u00e9ditos: depositphotos.com \/ AllaSerebrina - Cr\u00e9ditos: depositphotos.com \/ Infolight"},{"@type":"BreadcrumbList","@id":"https:\/\/www.correiobraziliense.com.br\/cbradar\/sintomas-de-que-seu-corpo-nao-esta-absorvendo-bem-as-vitaminas\/#breadcrumb","itemListElement":[{"@type":"ListItem","position":1,"name":"In\u00edcio","item":"https:\/\/www.correiobraziliense.com.br\/cbradar\/"},{"@type":"ListItem","position":2,"name":"Sintomas de que seu corpo n\u00e3o est\u00e1 absorvendo bem as vitaminas"}]},{"@type":"WebSite","@id":"https:\/\/www.correiobraziliense.com.br\/cbradar\/#website","url":"https:\/\/www.correiobraziliense.com.br\/cbradar\/","name":"Correio Braziliense - Radar","description":"Acompanhe as \u00faltimas not\u00edcias e fique bem informado sobre tudo o que acontece no Brasil e no mundo.","potentialAction":[{"@type":"SearchAction","target":{"@type":"EntryPoint","urlTemplate":"https:\/\/www.correiobraziliense.com.br\/cbradar\/?s={search_term_string}"},"query-input":{"@type":"PropertyValueSpecification","valueRequired":true,"valueName":"search_term_string"}}],"inLanguage":"pt-BR"},{"@type":"Person","@id":"https:\/\/www.correiobraziliense.com.br\/cbradar\/#\/schema\/person\/4cec7857301a9a1a2ef249893cd908d3","name":"Paulo Custodio","image":{"@type":"ImageObject","inLanguage":"pt-BR","@id":"https:\/\/www.correiobraziliense.com.br\/cbradar\/#\/schema\/person\/image\/","url":"https:\/\/secure.gravatar.com\/avatar\/bcd67168d1534e8fcf4f45c726a87cea?s=96&d=mm&r=g","contentUrl":"https:\/\/secure.gravatar.com\/avatar\/bcd67168d1534e8fcf4f45c726a87cea?s=96&d=mm&r=g","caption":"Paulo Custodio"},"sameAs":["https:\/\/www.correiobraziliense.com.br\/cbradar"],"url":"https:\/\/www.correiobraziliense.com.br\/cbradar\/author\/paulomyth\/"}]}},"_links":{"self":[{"href":"https:\/\/www.correiobraziliense.com.br\/cbradar\/wp-json\/wp\/v2\/posts\/141761","targetHints":{"allow":["GET"]}}],"collection":[{"href":"https:\/\/www.correiobraziliense.com.br\/cbradar\/wp-json\/wp\/v2\/posts"}],"about":[{"href":"https:\/\/www.correiobraziliense.com.br\/cbradar\/wp-json\/wp\/v2\/types\/post"}],"author":[{"embeddable":true,"href":"https:\/\/www.correiobraziliense.com.br\/cbradar\/wp-json\/wp\/v2\/users\/11"}],"replies":[{"embeddable":true,"href":"https:\/\/www.correiobraziliense.com.br\/cbradar\/wp-json\/wp\/v2\/comments?post=141761"}],"version-history":[{"count":1,"href":"https:\/\/www.correiobraziliense.com.br\/cbradar\/wp-json\/wp\/v2\/posts\/141761\/revisions"}],"predecessor-version":[{"id":141765,"href":"https:\/\/www.correiobraziliense.com.br\/cbradar\/wp-json\/wp\/v2\/posts\/141761\/revisions\/141765"}],"wp:featuredmedia":[{"embeddable":true,"href":"https:\/\/www.correiobraziliense.com.br\/cbradar\/wp-json\/wp\/v2\/media\/133300"}],"wp:attachment":[{"href":"https:\/\/www.correiobraziliense.com.br\/cbradar\/wp-json\/wp\/v2\/media?parent=141761"}],"wp:term":[{"taxonomy":"category","embeddable":true,"href":"https:\/\/www.correiobraziliense.com.br\/cbradar\/wp-json\/wp\/v2\/categories?post=141761"},{"taxonomy":"post_tag","embeddable":true,"href":"https:\/\/www.correiobraziliense.com.br\/cbradar\/wp-json\/wp\/v2\/tags?post=141761"}],"curies":[{"name":"wp","href":"https:\/\/api.w.org\/{rel}","templated":true}]}}