{"id":14179,"date":"2025-03-21T18:30:00","date_gmt":"2025-03-21T21:30:00","guid":{"rendered":"https:\/\/www.correiobraziliense.com.br\/cbradar\/?p=14179"},"modified":"2025-03-20T17:28:26","modified_gmt":"2025-03-20T20:28:26","slug":"essa-e-a-cidade-com-o-nome-mais-longo-do-mundo","status":"publish","type":"post","link":"https:\/\/www.correiobraziliense.com.br\/cbradar\/essa-e-a-cidade-com-o-nome-mais-longo-do-mundo\/","title":{"rendered":"Essa \u00e9 a cidade com o nome mais longo do mundo"},"content":{"rendered":"\n<p>No <strong>Pa\u00eds de Gales<\/strong>, existe uma pequena cidade que se destaca por um motivo curioso: <strong>seu nome \u00e9 o mais longo do mundo<\/strong>. Esse lugar \u00e9 <strong>Llanfairpwllgwyngyll<\/strong>, ou melhor, <strong>Llanfairpwllgwyngyllgogerychwyrndrobwllllantysiliogogogoch<\/strong>, um nome que desafia at\u00e9 os falantes nativos da l\u00edngua galesa!<\/p>\n\n\n\n<h2 class=\"wp-block-heading\">O que significa o nome da cidade?<\/h2>\n\n\n\n<p>Apesar de parecer um amontoado de letras sugeridas, o nome de <strong>Llanfairpwllgwyngyllgogerychwyrndrobwllllantysiliogogogoch<\/strong> tem um significado completo em gal\u00eas:<\/p>\n\n\n\n<p><em>&#8220;Igreja de Santa Maria no vale da aveleira branca perto do redemoinho r\u00e1pido e da igreja de S\u00e3o Tysilio perto da caverna vermelha.&#8221;<\/em><\/p>\n\n\n\n<p>A vers\u00e3o curta do nome, <strong>Llanfairpwllgwyngyll<\/strong>, j\u00e1 era usada no passado, mas no s\u00e9culo XIX, a comunidade decidiu estender o nome da cidade como uma estrat\u00e9gia para atrair turistas e chamar a aten\u00e7\u00e3o do mundo. A ideia funcionou, e hoje a cidade \u00e9 uma das atra\u00e7\u00f5es mais inusitadas do Reino Unido.<\/p>\n\n\n\n<figure class=\"wp-block-image size-large\"><img decoding=\"async\" width=\"1024\" height=\"576\" src=\"https:\/\/www.correiobraziliense.com.br\/cbradar\/wp-content\/uploads\/2025\/03\/Llanfairpwllgwyngyll_1742474898960-1024x576.jpg\" alt=\"Essa \u00e9 a cidade com o nome mais longo do mundo\" class=\"wp-image-14182\" srcset=\"https:\/\/www.correiobraziliense.com.br\/cbradar\/wp-content\/uploads\/2025\/03\/Llanfairpwllgwyngyll_1742474898960-1024x576.jpg 1024w, https:\/\/www.correiobraziliense.com.br\/cbradar\/wp-content\/uploads\/2025\/03\/Llanfairpwllgwyngyll_1742474898960-300x169.jpg 300w, https:\/\/www.correiobraziliense.com.br\/cbradar\/wp-content\/uploads\/2025\/03\/Llanfairpwllgwyngyll_1742474898960-768x432.jpg 768w, https:\/\/www.correiobraziliense.com.br\/cbradar\/wp-content\/uploads\/2025\/03\/Llanfairpwllgwyngyll_1742474898960-750x422.jpg 750w, https:\/\/www.correiobraziliense.com.br\/cbradar\/wp-content\/uploads\/2025\/03\/Llanfairpwllgwyngyll_1742474898960-1140x641.jpg 1140w, https:\/\/www.correiobraziliense.com.br\/cbradar\/wp-content\/uploads\/2025\/03\/Llanfairpwllgwyngyll_1742474898960.jpg 1280w\" sizes=\"(max-width: 1024px) 100vw, 1024px\" \/><figcaption class=\"wp-element-caption\">Llanfairpwllgwyngyll. Cr\u00e9ditos: depositphotos.com \/ fatmanphoto<\/figcaption><\/figure>\n\n\n\n<h2 class=\"wp-block-heading\">Como os moradores lidam com esse nome gigante?<\/h2>\n\n\n\n<p>Os habitantes locais geralmente usam a vers\u00e3o abreviada do nome, <strong>Llanfairpwll<\/strong> ou simplesmente <strong>Llanfair PG<\/strong>, para facilitar o dia a dia. No entanto, o nome completo aparece em placas de tr\u00e2nsito, documentos oficiais e at\u00e9 na esta\u00e7\u00e3o ferrovi\u00e1ria da cidade.<\/p>\n\n\n\n<p>Os turistas gostam de visitar <strong>a esta\u00e7\u00e3o de trem de Llanfairpwllgwyngyllgogerychwyrndrobwllllantysiliogogogoch<\/strong>, onde h\u00e1 uma grande placa com o nome completo, perfeita para tirar fotos.<\/p>\n\n\n\n<h2 class=\"wp-block-heading\">Curiosidades sobre Llanfairpwllgwyngyll<\/h2>\n\n\n\n<ul class=\"wp-block-list\">\n<li><strong>Tem o nome de lugar mais longo da Europa e um dos mais longos do mundo.<\/strong><\/li>\n\n\n\n<li><strong>A cidade tem apenas cerca de 3.000 habitantes.<\/strong><\/li>\n\n\n\n<li><strong>A esta\u00e7\u00e3o de trem da cidade vende certificados para turistas que conseguem pronunciar o nome corretamente.<\/strong><\/li>\n\n\n\n<li><strong>Os meteorologistas brit\u00e2nicos j\u00e1 tiveram dificuldades ao dizer o nome durante a corre\u00e7\u00e3o do tempo na TV.<\/strong><\/li>\n\n\n\n<li><strong>O ator Liam Dutton ficou famoso por pronunciar o nome corretamente ao vivo na televis\u00e3o.<\/strong><\/li>\n<\/ul>\n\n\n\n<p>Mesmo com seu nome quase impronunci\u00e1vel, <strong>Llanfairpwllgwyngyllgogerychwyrndrobwllllantysiliogogogoch<\/strong> continua atraindo visitantes do mundo todo e garantindo seu lugar no <strong>Guinness Book<\/strong> como uma das localidades com o nome mais longo do planeta!<\/p>\n","protected":false},"excerpt":{"rendered":"<p>No Pa\u00eds de Gales, existe uma cidade com o nome mais longo do mundo. Descubra e se surpreenda com o nome oficial do local. <\/p>\n","protected":false},"author":3,"featured_media":14180,"comment_status":"open","ping_status":"open","sticky":false,"template":"","format":"standard","meta":{"_yoast_wpseo_focuskw":"cidade nome mais longo","_yoast_wpseo_title":"%%title%%","_yoast_wpseo_metadesc":"No Pa\u00eds de Gales, existe uma cidade com o nome mais longo do mundo. Descubra e se surpreenda com o nome oficial do local.","jnews-multi-image_gallery":[],"jnews_single_post":{"format":"standard"},"jnews_primary_category":[],"jnews_social_meta":[],"jnews_override_counter":[],"footnotes":""},"categories":[108],"tags":[109],"class_list":["post-14179","post","type-post","status-publish","format-standard","has-post-thumbnail","hentry","category-cidades","tag-cidades"],"yoast_head":"<!-- This site is optimized with the Yoast SEO plugin v24.6 - https:\/\/yoast.com\/wordpress\/plugins\/seo\/ -->\n<title>Essa \u00e9 a cidade com o nome mais longo do mundo<\/title>\n<meta name=\"description\" content=\"No Pa\u00eds de Gales, existe uma cidade com o nome mais longo do mundo. Descubra e se surpreenda com o nome oficial do local.\" \/>\n<meta name=\"robots\" content=\"index, follow, max-snippet:-1, max-image-preview:large, max-video-preview:-1\" \/>\n<link rel=\"canonical\" href=\"https:\/\/www.correiobraziliense.com.br\/cbradar\/essa-e-a-cidade-com-o-nome-mais-longo-do-mundo\/\" \/>\n<meta property=\"og:locale\" content=\"pt_BR\" \/>\n<meta property=\"og:type\" content=\"article\" \/>\n<meta property=\"og:title\" content=\"Essa \u00e9 a cidade com o nome mais longo do mundo\" \/>\n<meta property=\"og:description\" content=\"No Pa\u00eds de Gales, existe uma cidade com o nome mais longo do mundo. Descubra e se surpreenda com o nome oficial do local.\" \/>\n<meta property=\"og:url\" content=\"https:\/\/www.correiobraziliense.com.br\/cbradar\/essa-e-a-cidade-com-o-nome-mais-longo-do-mundo\/\" \/>\n<meta property=\"og:site_name\" content=\"Correio Braziliense - Radar\" \/>\n<meta property=\"article:published_time\" content=\"2025-03-21T21:30:00+00:00\" \/>\n<meta property=\"og:image\" content=\"https:\/\/www.correiobraziliense.com.br\/cbradar\/wp-content\/uploads\/2025\/03\/Llanfairpwllgwyngyll_1742474870099.jpg\" \/>\n\t<meta property=\"og:image:width\" content=\"1280\" \/>\n\t<meta property=\"og:image:height\" content=\"720\" \/>\n\t<meta property=\"og:image:type\" content=\"image\/jpeg\" \/>\n<meta name=\"author\" content=\"Larissa Carvalho\" \/>\n<meta name=\"twitter:card\" content=\"summary_large_image\" \/>\n<meta name=\"twitter:label1\" content=\"Escrito por\" \/>\n\t<meta name=\"twitter:data1\" content=\"Larissa Carvalho\" \/>\n\t<meta name=\"twitter:label2\" content=\"Est. tempo de leitura\" \/>\n\t<meta name=\"twitter:data2\" content=\"3 minutos\" \/>\n<!-- \/ Yoast SEO plugin. -->","yoast_head_json":{"title":"Essa \u00e9 a cidade com o nome mais longo do mundo","description":"No Pa\u00eds de Gales, existe uma cidade com o nome mais longo do mundo. Descubra e se surpreenda com o nome oficial do local.","robots":{"index":"index","follow":"follow","max-snippet":"max-snippet:-1","max-image-preview":"max-image-preview:large","max-video-preview":"max-video-preview:-1"},"canonical":"https:\/\/www.correiobraziliense.com.br\/cbradar\/essa-e-a-cidade-com-o-nome-mais-longo-do-mundo\/","og_locale":"pt_BR","og_type":"article","og_title":"Essa \u00e9 a cidade com o nome mais longo do mundo","og_description":"No Pa\u00eds de Gales, existe uma cidade com o nome mais longo do mundo. Descubra e se surpreenda com o nome oficial do local.","og_url":"https:\/\/www.correiobraziliense.com.br\/cbradar\/essa-e-a-cidade-com-o-nome-mais-longo-do-mundo\/","og_site_name":"Correio Braziliense - Radar","article_published_time":"2025-03-21T21:30:00+00:00","og_image":[{"width":1280,"height":720,"url":"https:\/\/www.correiobraziliense.com.br\/cbradar\/wp-content\/uploads\/2025\/03\/Llanfairpwllgwyngyll_1742474870099.jpg","type":"image\/jpeg"}],"author":"Larissa Carvalho","twitter_card":"summary_large_image","twitter_misc":{"Escrito por":"Larissa Carvalho","Est. tempo de leitura":"3 minutos"},"schema":{"@context":"https:\/\/schema.org","@graph":[{"@type":"WebPage","@id":"https:\/\/www.correiobraziliense.com.br\/cbradar\/essa-e-a-cidade-com-o-nome-mais-longo-do-mundo\/","url":"https:\/\/www.correiobraziliense.com.br\/cbradar\/essa-e-a-cidade-com-o-nome-mais-longo-do-mundo\/","name":"Essa \u00e9 a cidade com o nome mais longo do mundo","isPartOf":{"@id":"https:\/\/www.correiobraziliense.com.br\/cbradar\/#website"},"primaryImageOfPage":{"@id":"https:\/\/www.correiobraziliense.com.br\/cbradar\/essa-e-a-cidade-com-o-nome-mais-longo-do-mundo\/#primaryimage"},"image":{"@id":"https:\/\/www.correiobraziliense.com.br\/cbradar\/essa-e-a-cidade-com-o-nome-mais-longo-do-mundo\/#primaryimage"},"thumbnailUrl":"https:\/\/www.correiobraziliense.com.br\/cbradar\/wp-content\/uploads\/2025\/03\/Llanfairpwllgwyngyll_1742474870099.jpg","datePublished":"2025-03-21T21:30:00+00:00","author":{"@id":"https:\/\/www.correiobraziliense.com.br\/cbradar\/#\/schema\/person\/58422787644df994b53a19d3e56c1513"},"description":"No Pa\u00eds de Gales, existe uma cidade com o nome mais longo do mundo. Descubra e se surpreenda com o nome oficial do local.","breadcrumb":{"@id":"https:\/\/www.correiobraziliense.com.br\/cbradar\/essa-e-a-cidade-com-o-nome-mais-longo-do-mundo\/#breadcrumb"},"inLanguage":"pt-BR","potentialAction":[{"@type":"ReadAction","target":["https:\/\/www.correiobraziliense.com.br\/cbradar\/essa-e-a-cidade-com-o-nome-mais-longo-do-mundo\/"]}]},{"@type":"ImageObject","inLanguage":"pt-BR","@id":"https:\/\/www.correiobraziliense.com.br\/cbradar\/essa-e-a-cidade-com-o-nome-mais-longo-do-mundo\/#primaryimage","url":"https:\/\/www.correiobraziliense.com.br\/cbradar\/wp-content\/uploads\/2025\/03\/Llanfairpwllgwyngyll_1742474870099.jpg","contentUrl":"https:\/\/www.correiobraziliense.com.br\/cbradar\/wp-content\/uploads\/2025\/03\/Llanfairpwllgwyngyll_1742474870099.jpg","width":1280,"height":720,"caption":"Llanfairpwllgwyngyll. Cr\u00e9ditos: depositphotos.com \/ alexey.fedoren@gmail.com"},{"@type":"BreadcrumbList","@id":"https:\/\/www.correiobraziliense.com.br\/cbradar\/essa-e-a-cidade-com-o-nome-mais-longo-do-mundo\/#breadcrumb","itemListElement":[{"@type":"ListItem","position":1,"name":"In\u00edcio","item":"https:\/\/www.correiobraziliense.com.br\/cbradar\/"},{"@type":"ListItem","position":2,"name":"Essa \u00e9 a cidade com o nome mais longo do mundo"}]},{"@type":"WebSite","@id":"https:\/\/www.correiobraziliense.com.br\/cbradar\/#website","url":"https:\/\/www.correiobraziliense.com.br\/cbradar\/","name":"Correio Braziliense - Radar","description":"Acompanhe as \u00faltimas not\u00edcias e fique bem informado sobre tudo o que acontece no Brasil e no mundo.","potentialAction":[{"@type":"SearchAction","target":{"@type":"EntryPoint","urlTemplate":"https:\/\/www.correiobraziliense.com.br\/cbradar\/?s={search_term_string}"},"query-input":{"@type":"PropertyValueSpecification","valueRequired":true,"valueName":"search_term_string"}}],"inLanguage":"pt-BR"},{"@type":"Person","@id":"https:\/\/www.correiobraziliense.com.br\/cbradar\/#\/schema\/person\/58422787644df994b53a19d3e56c1513","name":"Larissa Carvalho","image":{"@type":"ImageObject","inLanguage":"pt-BR","@id":"https:\/\/www.correiobraziliense.com.br\/cbradar\/#\/schema\/person\/image\/","url":"https:\/\/secure.gravatar.com\/avatar\/fe4f91a0de32b52a838d0d612abdc1aa?s=96&d=mm&r=g","contentUrl":"https:\/\/secure.gravatar.com\/avatar\/fe4f91a0de32b52a838d0d612abdc1aa?s=96&d=mm&r=g","caption":"Larissa Carvalho"},"url":"https:\/\/www.correiobraziliense.com.br\/cbradar\/author\/larissamyth\/"}]}},"_links":{"self":[{"href":"https:\/\/www.correiobraziliense.com.br\/cbradar\/wp-json\/wp\/v2\/posts\/14179","targetHints":{"allow":["GET"]}}],"collection":[{"href":"https:\/\/www.correiobraziliense.com.br\/cbradar\/wp-json\/wp\/v2\/posts"}],"about":[{"href":"https:\/\/www.correiobraziliense.com.br\/cbradar\/wp-json\/wp\/v2\/types\/post"}],"author":[{"embeddable":true,"href":"https:\/\/www.correiobraziliense.com.br\/cbradar\/wp-json\/wp\/v2\/users\/3"}],"replies":[{"embeddable":true,"href":"https:\/\/www.correiobraziliense.com.br\/cbradar\/wp-json\/wp\/v2\/comments?post=14179"}],"version-history":[{"count":1,"href":"https:\/\/www.correiobraziliense.com.br\/cbradar\/wp-json\/wp\/v2\/posts\/14179\/revisions"}],"predecessor-version":[{"id":14185,"href":"https:\/\/www.correiobraziliense.com.br\/cbradar\/wp-json\/wp\/v2\/posts\/14179\/revisions\/14185"}],"wp:featuredmedia":[{"embeddable":true,"href":"https:\/\/www.correiobraziliense.com.br\/cbradar\/wp-json\/wp\/v2\/media\/14180"}],"wp:attachment":[{"href":"https:\/\/www.correiobraziliense.com.br\/cbradar\/wp-json\/wp\/v2\/media?parent=14179"}],"wp:term":[{"taxonomy":"category","embeddable":true,"href":"https:\/\/www.correiobraziliense.com.br\/cbradar\/wp-json\/wp\/v2\/categories?post=14179"},{"taxonomy":"post_tag","embeddable":true,"href":"https:\/\/www.correiobraziliense.com.br\/cbradar\/wp-json\/wp\/v2\/tags?post=14179"}],"curies":[{"name":"wp","href":"https:\/\/api.w.org\/{rel}","templated":true}]}}