{"id":141796,"date":"2025-11-22T10:05:00","date_gmt":"2025-11-22T13:05:00","guid":{"rendered":"https:\/\/www.correiobraziliense.com.br\/cbradar\/?p=141796"},"modified":"2025-11-21T19:29:23","modified_gmt":"2025-11-21T22:29:23","slug":"passo-a-passo-para-plantar-bambu-da-sorte-em-agua-sem-erros","status":"publish","type":"post","link":"https:\/\/www.correiobraziliense.com.br\/cbradar\/passo-a-passo-para-plantar-bambu-da-sorte-em-agua-sem-erros\/","title":{"rendered":"Passo a passo para plantar bambu-da-sorte em \u00e1gua sem erros"},"content":{"rendered":"\n<p>Considerado um s\u00edmbolo de <strong>prosperidade<\/strong> e <strong>boa sorte<\/strong>, o <strong>bambu-da-sorte<\/strong> tornou-se cada vez mais popular gra\u00e7as \u00e0 sua facilidade de cultivo e ao charme que proporciona aos <strong>ambientes internos<\/strong>, sendo inclusive conhecido pela capacidade de trazer <strong>equil\u00edbrio<\/strong> e <strong>energia positiva<\/strong> para o lar.<\/p>\n\n\n\n<h2 class=\"wp-block-heading\">Como \u00e9 o cultivo do bambu-da-sorte em \u00e1gua<\/h2>\n\n\n\n<p>Uma forma pr\u00e1tica de cultivar o <strong>bambu-da-sorte<\/strong> \u00e9 utilizando a <strong>\u00e1gua<\/strong>, ideal para quem busca praticidade e um <strong>visual moderno<\/strong>. Escolher um <strong>vaso de vidro<\/strong> favorece a visibilidade das ra\u00edzes e contribui para a <strong>decora\u00e7\u00e3o<\/strong>.<\/p>\n\n\n\n<p>Para garantir o desenvolvimento da <strong>planta<\/strong> em <strong>\u00e1gua<\/strong>, atente-se a detalhes importantes, como o tipo de recipiente e a qualidade da \u00e1gua. Confira algumas recomenda\u00e7\u00f5es para esse cultivo:<\/p>\n\n\n\n<ul class=\"wp-block-list\">\n<li>Use <strong>recipientes de vidro<\/strong> limpos e <strong>pedras ou cascalhos<\/strong> para estabilizar as ra\u00edzes;<\/li>\n\n\n\n<li>Prefira <strong>\u00e1gua filtrada<\/strong> ou <strong>destilada<\/strong> para evitar o ac\u00famulo de cloro;<\/li>\n\n\n\n<li>Mantenha as <strong>ra\u00edzes totalmente submersas<\/strong> e troque a \u00e1gua semanalmente ou quando ficar turva;<\/li>\n\n\n\n<li>Evite <strong>exposi\u00e7\u00e3o direta ao sol<\/strong> para n\u00e3o prejudicar as folhas.<\/li>\n<\/ul>\n\n\n<div class=\"wp-block-image\">\n<figure class=\"aligncenter size-large\"><img decoding=\"async\" width=\"1024\" height=\"576\" src=\"https:\/\/www.correiobraziliense.com.br\/cbradar\/wp-content\/uploads\/2025\/10\/bambu-da-sorte_1760461838494-1024x576.jpg\" alt=\"\" class=\"wp-image-119363\" srcset=\"https:\/\/www.correiobraziliense.com.br\/cbradar\/wp-content\/uploads\/2025\/10\/bambu-da-sorte_1760461838494-1024x576.jpg 1024w, https:\/\/www.correiobraziliense.com.br\/cbradar\/wp-content\/uploads\/2025\/10\/bambu-da-sorte_1760461838494-300x169.jpg 300w, https:\/\/www.correiobraziliense.com.br\/cbradar\/wp-content\/uploads\/2025\/10\/bambu-da-sorte_1760461838494-768x432.jpg 768w, https:\/\/www.correiobraziliense.com.br\/cbradar\/wp-content\/uploads\/2025\/10\/bambu-da-sorte_1760461838494-750x422.jpg 750w, https:\/\/www.correiobraziliense.com.br\/cbradar\/wp-content\/uploads\/2025\/10\/bambu-da-sorte_1760461838494-1140x641.jpg 1140w, https:\/\/www.correiobraziliense.com.br\/cbradar\/wp-content\/uploads\/2025\/10\/bambu-da-sorte_1760461838494.jpg 1280w\" sizes=\"(max-width: 1024px) 100vw, 1024px\" \/><figcaption class=\"wp-element-caption\">La\u00e7os coloridos em datas comemorativas &#8211; Cr\u00e9ditos: depositphotos.com \/ a4ashishmishra.gmail.com<\/figcaption><\/figure><\/div>\n\n\n<figure class=\"wp-block-table has-medium-font-size\"><table class=\"has-black-color has-text-color has-link-color has-fixed-layout\"><tbody><tr><th>Aspecto<\/th><th><strong>Cultivo em \u00c1gua<\/strong><\/th><th><strong>Cultivo na Terra<\/strong><\/th><\/tr><tr><td>Recipiente<\/td><td><strong>Vaso de vidro<\/strong>, transparente<\/td><td>Vaso com furos na base (cer\u00e2mica ou pl\u00e1stico)<\/td><\/tr><tr><td>Substrato<\/td><td><strong>Pedras ou cascalhos<\/strong> para fixa\u00e7\u00e3o das ra\u00edzes<\/td><td><strong>Solo adubado<\/strong> e arenoso, bem drenado<\/td><\/tr><tr><td>\u00c1gua<\/td><td>Filtrada ou destilada, trocar semanalmente<\/td><td><strong>Regas<\/strong> para manter a terra levemente \u00famida<\/td><\/tr><tr><td>Sol<\/td><td><strong>Luz indireta<\/strong>, evitar sol direto<\/td><td>Luz indireta, ambiente arejado<\/td><\/tr><tr><td>Facilidade de manuten\u00e7\u00e3o<\/td><td><strong>Alta<\/strong> (visual moderno, monitoramento f\u00e1cil)<\/td><td><strong>M\u00e9dia<\/strong> (crescimento acelerado, exige aten\u00e7\u00e3o ao encharcamento)<\/td><\/tr><\/tbody><\/table><\/figure>\n\n\n\n<h2 class=\"wp-block-heading\">Quais s\u00e3o os cuidados para cultivar bambu-da-sorte na terra<\/h2>\n\n\n\n<p>Cultivar o <strong>bambu-da-sorte<\/strong> na <strong>terra<\/strong> \u00e9 uma \u00f3tima escolha para quem prefere uma planta mais robusta e com <strong>crescimento acelerado<\/strong>. Um <strong>solo bem drenado<\/strong>, de prefer\u00eancia misturado com areia, \u00e9 fundamental para evitar o encharcamento.<\/p>\n\n\n\n<p>Leia tamb\u00e9m: <a href=\"https:\/\/www.correiobraziliense.com.br\/cbradar\/como-plantar-pimentas-em-casa-e-ter-sabores-unicos-direto-do-vaso\/\" target=\"_blank\" rel=\"noreferrer noopener\">Como plantar pimentas em casa e ter sabores \u00fanicos direto do vaso<\/a><\/p>\n\n\n\n<p>O vaso precisa ter <strong>furos na base<\/strong> para escoar o excesso de \u00e1gua. <strong>Regue<\/strong> para manter a terra levemente \u00famida, mas sem excessos, e posicione a planta em local com luz indireta. Dessa forma, suas folhas permanecer\u00e3o saud\u00e1veis e vibrantes.<\/p>\n\n\n\n<h2 class=\"wp-block-heading\">O que \u00e9 necess\u00e1rio para garantir o crescimento saud\u00e1vel do bambu-da-sorte<\/h2>\n\n\n\n<p>Manter o <strong>bambu-da-sorte saud\u00e1vel<\/strong> exige aten\u00e7\u00e3o a alguns detalhes do ambiente e da rotina de cuidados. Correntes de <strong>ar frio<\/strong>, por exemplo, podem prejudicar a planta, assim como <strong>mudan\u00e7as bruscas de temperatura<\/strong>.<\/p>\n\n\n\n<p>Para otimizar os resultados, adicione <strong>fertilizante l\u00edquido<\/strong> apropriado para plantas de interior durante a primavera e o ver\u00e3o, mensalmente. A <strong>poda regular<\/strong> dos brotos pode ser realizada para manter o formato e estimular folhas novas.<\/p>\n\n\n\n<p><strong>Confira abaixo o <a href=\"https:\/\/www.youtube.com\/@SpagnholPlantas1\" target=\"_blank\" rel=\"noreferrer noopener\">Spagnhol Plantas<\/a> ensinando a plantar bambu da sorte:<\/strong><\/p>\n\n\n\n<figure class=\"wp-block-embed is-type-video is-provider-youtube wp-block-embed-youtube wp-embed-aspect-16-9 wp-has-aspect-ratio\"><div class=\"wp-block-embed__wrapper\">\n<div class=\"jeg_video_container jeg_video_content\"><iframe loading=\"lazy\" title=\"Como cultivar e fazer MUDAS DE BAMBU DA SORTE\" width=\"500\" height=\"281\" src=\"https:\/\/www.youtube.com\/embed\/k4HDi7MpEVo?start=1&#038;feature=oembed\" frameborder=\"0\" allow=\"accelerometer; autoplay; clipboard-write; encrypted-media; gyroscope; picture-in-picture; web-share\" referrerpolicy=\"strict-origin-when-cross-origin\" allowfullscreen><\/iframe><\/div>\n<\/div><\/figure>\n\n\n\n<h2 class=\"wp-block-heading\">Quais s\u00e3o os benef\u00edcios e usos do bambu-da-sorte na decora\u00e7\u00e3o<\/h2>\n\n\n\n<p>O <strong>bambu-da-sorte<\/strong>, al\u00e9m de s\u00edmbolo de prosperidade, traz <strong>beleza<\/strong> e <strong>harmonia<\/strong> a diferentes estilos de decora\u00e7\u00e3o. Ele \u00e9 usado para criar ambientes equilibrados, seguindo princ\u00edpios do <strong>Feng Shui<\/strong>.<\/p>\n\n\n\n<p>Para valorizar ainda mais a presen\u00e7a da planta no ambiente, muitos optam por adicionar <strong>elementos decorativos<\/strong>. Veja algumas ideias de uso:<\/p>\n\n\n\n<ul class=\"wp-block-list\">\n<li><strong>Fitas vermelhas amarradas nos caules<\/strong> como destaque visual;<\/li>\n\n\n\n<li>La\u00e7os coloridos em datas comemorativas;<\/li>\n\n\n\n<li>Disposi\u00e7\u00e3o da planta como <strong>centro de mesa<\/strong>, trazendo eleg\u00e2ncia ao espa\u00e7o;<\/li>\n\n\n\n<li>Combina\u00e7\u00e3o em arranjos minimalistas com <strong>pedras ou cascalhos neutros<\/strong>.<\/li>\n<\/ul>\n\n\n\n<p>No panorama atual, cultivar <strong>bambu-da-sorte<\/strong> segue em alta por unir simplicidade, valor simb\u00f3lico e <strong>f\u00e1cil manuten\u00e7\u00e3o<\/strong>. Com poucos cuidados, \u00e9 poss\u00edvel transformar qualquer espa\u00e7o em um local mais <strong>vibrante<\/strong> e <strong>acolhedor<\/strong>.<\/p>\n","protected":false},"excerpt":{"rendered":"<p>Considerado um s\u00edmbolo de prosperidade e boa sorte, o bambu-da-sorte tornou-se cada vez mais popular gra\u00e7as \u00e0 sua facilidade de cultivo e ao charme que proporciona aos ambientes internos, sendo inclusive conhecido pela capacidade de trazer equil\u00edbrio e energia positiva para o lar. Como \u00e9 o cultivo do bambu-da-sorte em \u00e1gua Uma forma pr\u00e1tica de [&hellip;]<\/p>\n","protected":false},"author":9,"featured_media":142318,"comment_status":"open","ping_status":"open","sticky":false,"template":"","format":"standard","meta":{"_yoast_wpseo_focuskw":"bambu-da-sorte","_yoast_wpseo_title":"%%title%% %%page%%","_yoast_wpseo_metadesc":"Quer atrair boas vibra\u00e7\u00f5es e deixar sua casa mais bonita? Essa planta \u00e9 f\u00e1cil de cuidar e traz equil\u00edbrio e harmonia para qualquer ambiente.","jnews-multi-image_gallery":[],"jnews_single_post":{"format":"standard"},"jnews_primary_category":[],"jnews_social_meta":[],"jnews_override_counter":[],"footnotes":""},"categories":[136],"post_tag":[11399,10647,614],"class_list":["post-141796","post","type-post","status-publish","format-standard","has-post-thumbnail","hentry","category-jardinagem","tag-bambu","tag-bambu-da-sorte","tag-cultivo"],"yoast_head":"<!-- This site is optimized with the Yoast SEO plugin v24.6 - https:\/\/yoast.com\/wordpress\/plugins\/seo\/ -->\n<title>Passo a passo para plantar bambu-da-sorte em \u00e1gua sem erros<\/title>\n<meta name=\"description\" content=\"Quer atrair boas vibra\u00e7\u00f5es e deixar sua casa mais bonita? Essa planta \u00e9 f\u00e1cil de cuidar e traz equil\u00edbrio e harmonia para qualquer ambiente.\" \/>\n<meta name=\"robots\" content=\"index, follow, max-snippet:-1, max-image-preview:large, max-video-preview:-1\" \/>\n<link rel=\"canonical\" href=\"https:\/\/www.correiobraziliense.com.br\/cbradar\/passo-a-passo-para-plantar-bambu-da-sorte-em-agua-sem-erros\/\" \/>\n<meta property=\"og:locale\" content=\"pt_BR\" \/>\n<meta property=\"og:type\" content=\"article\" \/>\n<meta property=\"og:title\" content=\"Passo a passo para plantar bambu-da-sorte em \u00e1gua sem erros\" \/>\n<meta property=\"og:description\" content=\"Quer atrair boas vibra\u00e7\u00f5es e deixar sua casa mais bonita? Essa planta \u00e9 f\u00e1cil de cuidar e traz equil\u00edbrio e harmonia para qualquer ambiente.\" \/>\n<meta property=\"og:url\" content=\"https:\/\/www.correiobraziliense.com.br\/cbradar\/passo-a-passo-para-plantar-bambu-da-sorte-em-agua-sem-erros\/\" \/>\n<meta property=\"og:site_name\" content=\"Correio Braziliense - Radar\" \/>\n<meta property=\"article:published_time\" content=\"2025-11-22T13:05:00+00:00\" \/>\n<meta property=\"og:image\" content=\"https:\/\/www.correiobraziliense.com.br\/cbradar\/wp-content\/uploads\/2025\/11\/Bambu-da-Sorte-em-Agua-Google-Discover.png\" \/>\n\t<meta property=\"og:image:width\" content=\"1280\" \/>\n\t<meta property=\"og:image:height\" content=\"720\" \/>\n\t<meta property=\"og:image:type\" content=\"image\/png\" \/>\n<meta name=\"author\" content=\"Daniely Cardoso\" \/>\n<meta name=\"twitter:card\" content=\"summary_large_image\" \/>\n<meta name=\"twitter:label1\" content=\"Escrito por\" \/>\n\t<meta name=\"twitter:data1\" content=\"Daniely Cardoso\" \/>\n\t<meta name=\"twitter:label2\" content=\"Est. tempo de leitura\" \/>\n\t<meta name=\"twitter:data2\" content=\"4 minutos\" \/>\n<!-- \/ Yoast SEO plugin. -->","yoast_head_json":{"title":"Passo a passo para plantar bambu-da-sorte em \u00e1gua sem erros","description":"Quer atrair boas vibra\u00e7\u00f5es e deixar sua casa mais bonita? Essa planta \u00e9 f\u00e1cil de cuidar e traz equil\u00edbrio e harmonia para qualquer ambiente.","robots":{"index":"index","follow":"follow","max-snippet":"max-snippet:-1","max-image-preview":"max-image-preview:large","max-video-preview":"max-video-preview:-1"},"canonical":"https:\/\/www.correiobraziliense.com.br\/cbradar\/passo-a-passo-para-plantar-bambu-da-sorte-em-agua-sem-erros\/","og_locale":"pt_BR","og_type":"article","og_title":"Passo a passo para plantar bambu-da-sorte em \u00e1gua sem erros","og_description":"Quer atrair boas vibra\u00e7\u00f5es e deixar sua casa mais bonita? Essa planta \u00e9 f\u00e1cil de cuidar e traz equil\u00edbrio e harmonia para qualquer ambiente.","og_url":"https:\/\/www.correiobraziliense.com.br\/cbradar\/passo-a-passo-para-plantar-bambu-da-sorte-em-agua-sem-erros\/","og_site_name":"Correio Braziliense - Radar","article_published_time":"2025-11-22T13:05:00+00:00","og_image":[{"width":1280,"height":720,"url":"https:\/\/www.correiobraziliense.com.br\/cbradar\/wp-content\/uploads\/2025\/11\/Bambu-da-Sorte-em-Agua-Google-Discover.png","type":"image\/png"}],"author":"Daniely Cardoso","twitter_card":"summary_large_image","twitter_misc":{"Escrito por":"Daniely Cardoso","Est. tempo de leitura":"4 minutos"},"schema":{"@context":"https:\/\/schema.org","@graph":[{"@type":"WebPage","@id":"https:\/\/www.correiobraziliense.com.br\/cbradar\/passo-a-passo-para-plantar-bambu-da-sorte-em-agua-sem-erros\/","url":"https:\/\/www.correiobraziliense.com.br\/cbradar\/passo-a-passo-para-plantar-bambu-da-sorte-em-agua-sem-erros\/","name":"Passo a passo para plantar bambu-da-sorte em \u00e1gua sem erros","isPartOf":{"@id":"https:\/\/www.correiobraziliense.com.br\/cbradar\/#website"},"primaryImageOfPage":{"@id":"https:\/\/www.correiobraziliense.com.br\/cbradar\/passo-a-passo-para-plantar-bambu-da-sorte-em-agua-sem-erros\/#primaryimage"},"image":{"@id":"https:\/\/www.correiobraziliense.com.br\/cbradar\/passo-a-passo-para-plantar-bambu-da-sorte-em-agua-sem-erros\/#primaryimage"},"thumbnailUrl":"https:\/\/www.correiobraziliense.com.br\/cbradar\/wp-content\/uploads\/2025\/11\/Bambu-da-Sorte-em-Agua-Google-Discover.png","datePublished":"2025-11-22T13:05:00+00:00","author":{"@id":"https:\/\/www.correiobraziliense.com.br\/cbradar\/#\/schema\/person\/7356666e12ec0ee53f348ee5db227032"},"description":"Quer atrair boas vibra\u00e7\u00f5es e deixar sua casa mais bonita? Essa planta \u00e9 f\u00e1cil de cuidar e traz equil\u00edbrio e harmonia para qualquer ambiente.","breadcrumb":{"@id":"https:\/\/www.correiobraziliense.com.br\/cbradar\/passo-a-passo-para-plantar-bambu-da-sorte-em-agua-sem-erros\/#breadcrumb"},"inLanguage":"pt-BR","potentialAction":[{"@type":"ReadAction","target":["https:\/\/www.correiobraziliense.com.br\/cbradar\/passo-a-passo-para-plantar-bambu-da-sorte-em-agua-sem-erros\/"]}]},{"@type":"ImageObject","inLanguage":"pt-BR","@id":"https:\/\/www.correiobraziliense.com.br\/cbradar\/passo-a-passo-para-plantar-bambu-da-sorte-em-agua-sem-erros\/#primaryimage","url":"https:\/\/www.correiobraziliense.com.br\/cbradar\/wp-content\/uploads\/2025\/11\/Bambu-da-Sorte-em-Agua-Google-Discover.png","contentUrl":"https:\/\/www.correiobraziliense.com.br\/cbradar\/wp-content\/uploads\/2025\/11\/Bambu-da-Sorte-em-Agua-Google-Discover.png","width":1280,"height":720,"caption":"A facilidade de cultivo e o charme do bambu-da-sorte\ufeff contribuem para sua ampla popularidade em lares e escrit\u00f3rios."},{"@type":"BreadcrumbList","@id":"https:\/\/www.correiobraziliense.com.br\/cbradar\/passo-a-passo-para-plantar-bambu-da-sorte-em-agua-sem-erros\/#breadcrumb","itemListElement":[{"@type":"ListItem","position":1,"name":"In\u00edcio","item":"https:\/\/www.correiobraziliense.com.br\/cbradar\/"},{"@type":"ListItem","position":2,"name":"Passo a passo para plantar bambu-da-sorte em \u00e1gua sem erros"}]},{"@type":"WebSite","@id":"https:\/\/www.correiobraziliense.com.br\/cbradar\/#website","url":"https:\/\/www.correiobraziliense.com.br\/cbradar\/","name":"Correio Braziliense - Radar","description":"Acompanhe as \u00faltimas not\u00edcias e fique bem informado sobre tudo o que acontece no Brasil e no mundo.","potentialAction":[{"@type":"SearchAction","target":{"@type":"EntryPoint","urlTemplate":"https:\/\/www.correiobraziliense.com.br\/cbradar\/?s={search_term_string}"},"query-input":{"@type":"PropertyValueSpecification","valueRequired":true,"valueName":"search_term_string"}}],"inLanguage":"pt-BR"},{"@type":"Person","@id":"https:\/\/www.correiobraziliense.com.br\/cbradar\/#\/schema\/person\/7356666e12ec0ee53f348ee5db227032","name":"Daniely Cardoso","image":{"@type":"ImageObject","inLanguage":"pt-BR","@id":"https:\/\/www.correiobraziliense.com.br\/cbradar\/#\/schema\/person\/image\/","url":"https:\/\/secure.gravatar.com\/avatar\/4b80ddbd124d1f071b626d52d62e5dff?s=96&d=mm&r=g","contentUrl":"https:\/\/secure.gravatar.com\/avatar\/4b80ddbd124d1f071b626d52d62e5dff?s=96&d=mm&r=g","caption":"Daniely Cardoso"},"description":"Redatora nos portais CB Radar e EM Foco, formada pela Universidade Federal de Goi\u00e1s, em Goi\u00e2nia. Apaixonada por comunica\u00e7\u00e3o, arte, decora\u00e7\u00e3o e tend\u00eancias, atuo na produ\u00e7\u00e3o de conte\u00fados envolventes sobre curiosidades, moda, beleza e paisagismo, sempre com um olhar atento \u00e0s novidades do momento.","sameAs":["https:\/\/www.correiobraziliense.com.br\/cbradar"],"url":"https:\/\/www.correiobraziliense.com.br\/cbradar\/author\/danielymyth\/"}]}},"_links":{"self":[{"href":"https:\/\/www.correiobraziliense.com.br\/cbradar\/wp-json\/wp\/v2\/posts\/141796","targetHints":{"allow":["GET"]}}],"collection":[{"href":"https:\/\/www.correiobraziliense.com.br\/cbradar\/wp-json\/wp\/v2\/posts"}],"about":[{"href":"https:\/\/www.correiobraziliense.com.br\/cbradar\/wp-json\/wp\/v2\/types\/post"}],"author":[{"embeddable":true,"href":"https:\/\/www.correiobraziliense.com.br\/cbradar\/wp-json\/wp\/v2\/users\/9"}],"replies":[{"embeddable":true,"href":"https:\/\/www.correiobraziliense.com.br\/cbradar\/wp-json\/wp\/v2\/comments?post=141796"}],"version-history":[{"count":2,"href":"https:\/\/www.correiobraziliense.com.br\/cbradar\/wp-json\/wp\/v2\/posts\/141796\/revisions"}],"predecessor-version":[{"id":141799,"href":"https:\/\/www.correiobraziliense.com.br\/cbradar\/wp-json\/wp\/v2\/posts\/141796\/revisions\/141799"}],"wp:featuredmedia":[{"embeddable":true,"href":"https:\/\/www.correiobraziliense.com.br\/cbradar\/wp-json\/wp\/v2\/media\/142318"}],"wp:attachment":[{"href":"https:\/\/www.correiobraziliense.com.br\/cbradar\/wp-json\/wp\/v2\/media?parent=141796"}],"wp:term":[{"taxonomy":"category","embeddable":true,"href":"https:\/\/www.correiobraziliense.com.br\/cbradar\/wp-json\/wp\/v2\/categories?post=141796"},{"taxonomy":"post_tag","embeddable":true,"href":"https:\/\/www.correiobraziliense.com.br\/cbradar\/wp-json\/wp\/v2\/post_tag?post=141796"}],"curies":[{"name":"wp","href":"https:\/\/api.w.org\/{rel}","templated":true}]}}