{"id":141845,"date":"2025-11-23T06:55:00","date_gmt":"2025-11-23T09:55:00","guid":{"rendered":"https:\/\/www.correiobraziliense.com.br\/cbradar\/?p=141845"},"modified":"2025-11-21T18:02:19","modified_gmt":"2025-11-21T21:02:19","slug":"como-acariciar-seu-cachorro-para-que-ele-se-sinta-verdadeiramente-amado","status":"publish","type":"post","link":"https:\/\/www.correiobraziliense.com.br\/cbradar\/como-acariciar-seu-cachorro-para-que-ele-se-sinta-verdadeiramente-amado\/","title":{"rendered":"Como acariciar seu cachorro para que ele se sinta verdadeiramente amado"},"content":{"rendered":"\n<p>Cuidar de um c\u00e3o vai al\u00e9m de atender apenas \u00e0s necessidades b\u00e1sicas; criar uma <strong>conex\u00e3o emocional genu\u00edna<\/strong> envolve gestos simples, como o ato de acariciar. Ao identificar os pontos do corpo que proporcionam bem-estar, a rela\u00e7\u00e3o entre tutor e pet se fortalece, resultando em <strong>seguran\u00e7a e conforto<\/strong>. Veterin\u00e1rios destacam \u00e1reas do corpo canino especialmente receptivas ao toque, essenciais para melhorar a qualidade do conv\u00edvio.<\/p>\n\n\n\n<h2 class=\"wp-block-heading\">Onde est\u00e3o os pontos mais agrad\u00e1veis do corpo do c\u00e3o para receber carinho<\/h2>\n\n\n\n<p>Os c\u00e3es normalmente apreciam car\u00edcias na <strong>regi\u00e3o do peito<\/strong> e na <strong>parte inferior do pesco\u00e7o<\/strong>. Nesses locais, \u00e9 comum o animal relaxar visivelmente, demonstrando confian\u00e7a e bem-estar. Tocar essas \u00e1reas \u00e9 uma forma eficaz de mostrar o quanto o pet \u00e9 querido, colaborando para um <strong>ambiente tranquilo<\/strong>.<\/p>\n\n\n\n<p>Al\u00e9m desses pontos, existem outras regi\u00f5es sens\u00edveis que merecem aten\u00e7\u00e3o para fortalecer ainda mais o v\u00ednculo. O carinho certo pode se tornar um ritual di\u00e1rio de afeto e relaxamento m\u00fatuo.<\/p>\n\n\n\n<p>O perfil @vetday no TikTok trouxe 5 maneiras de dizer para o seu cachorro que voc\u00ea o ama, de uma forma que ele consiga entender:<\/p>\n\n\n\n<blockquote class=\"tiktok-embed\" cite=\"https:\/\/www.tiktok.com\/@vetday\/video\/7184945112051436806\" data-video-id=\"7184945112051436806\" style=\"max-width: 605px;min-width: 325px;\" > <section> <a target=\"_blank\" title=\"@vetday\" href=\"https:\/\/www.tiktok.com\/@vetday?refer=embed\">@vetday<\/a> <a title=\"cachorro\" target=\"_blank\" href=\"https:\/\/www.tiktok.com\/tag\/cachorro?refer=embed\">#cachorro<\/a> <a title=\"pet\" target=\"_blank\" href=\"https:\/\/www.tiktok.com\/tag\/pet?refer=embed\">#pet<\/a> <a title=\"dog\" target=\"_blank\" href=\"https:\/\/www.tiktok.com\/tag\/dog?refer=embed\">#dog<\/a> <a title=\"veterinaria\" target=\"_blank\" href=\"https:\/\/www.tiktok.com\/tag\/veterinaria?refer=embed\">#veterinaria<\/a> <a title=\"c\u00e3es\" target=\"_blank\" href=\"https:\/\/www.tiktok.com\/tag\/c%C3%A3es?refer=embed\">#c\u00e3es<\/a> <a title=\"dicaspet\" target=\"_blank\" href=\"https:\/\/www.tiktok.com\/tag\/dicaspet?refer=embed\">#dicaspet<\/a> <a target=\"_blank\" title=\"\u266c You And Me  - Lyus\" href=\"https:\/\/www.tiktok.com\/music\/You-And-Me-6966228648828110849?refer=embed\">\u266c You And Me  &#8211; Lyus<\/a> <\/section> <\/blockquote> <script async src=\"https:\/\/www.tiktok.com\/embed.js\"><\/script>\n\n\n\n<h2 class=\"wp-block-heading\">Como saber exatamente quais \u00e1reas o c\u00e3o prefere ser acariciado<\/h2>\n\n\n\n<p>Al\u00e9m do peito e pesco\u00e7o, outras zonas sens\u00edveis podem ser exploradas desde que o c\u00e3o demonstre receptividade. Para introduzir esses toques, observe o comportamento do animal ao acariciar:<\/p>\n\n\n\n<ul class=\"wp-block-list\">\n<li><strong>Avalie a zona atr\u00e1s das orelhas<\/strong>, realizando movimentos suaves e circulares;<\/li>\n\n\n\n<li><strong>Explore a base da cauda<\/strong>, onde muitos c\u00e3es demonstram entusiasmo;<\/li>\n\n\n\n<li><strong>Car\u00edcias suaves ao longo do dorso<\/strong>, sempre evitando movimentos bruscos;<\/li>\n\n\n\n<li>Considere as patas e a barriga, lembrando que nem todos os c\u00e3es gostam dessas \u00e1reas tocadas.<\/li>\n<\/ul>\n\n\n\n<h2 class=\"wp-block-heading\">Quais sinais indicam que o c\u00e3o est\u00e1 gostando das car\u00edcias<\/h2>\n\n\n\n<p>Reconhecer a prefer\u00eancia do c\u00e3o durante as car\u00edcias \u00e9 fundamental para promover prazer e bem-estar. Fique atento \u00e0 <strong>linguagem corporal<\/strong> do animal para compreender sua resposta ao toque.<\/p>\n\n\n\n<p>Relaxamento muscular, olhos semicerrados e respira\u00e7\u00e3o tranquila indicam satisfa\u00e7\u00e3o. J\u00e1 afastar-se, lamber os l\u00e1bios ou virar a cabe\u00e7a podem sinalizar desconforto com o contato.<\/p>\n\n\n\n<figure class=\"wp-block-image size-large\"><img decoding=\"async\" width=\"1024\" height=\"576\" src=\"https:\/\/www.correiobraziliense.com.br\/cbradar\/wp-content\/uploads\/2025\/11\/carinho-no-cachorro_1763730673924-1024x576.jpg\" alt=\"Como acariciar seu cachorro para que ele se sinta verdadeiramente amado\" class=\"wp-image-141847\" srcset=\"https:\/\/www.correiobraziliense.com.br\/cbradar\/wp-content\/uploads\/2025\/11\/carinho-no-cachorro_1763730673924-1024x576.jpg 1024w, https:\/\/www.correiobraziliense.com.br\/cbradar\/wp-content\/uploads\/2025\/11\/carinho-no-cachorro_1763730673924-300x169.jpg 300w, https:\/\/www.correiobraziliense.com.br\/cbradar\/wp-content\/uploads\/2025\/11\/carinho-no-cachorro_1763730673924-768x432.jpg 768w, https:\/\/www.correiobraziliense.com.br\/cbradar\/wp-content\/uploads\/2025\/11\/carinho-no-cachorro_1763730673924-750x422.jpg 750w, https:\/\/www.correiobraziliense.com.br\/cbradar\/wp-content\/uploads\/2025\/11\/carinho-no-cachorro_1763730673924-1140x641.jpg 1140w, https:\/\/www.correiobraziliense.com.br\/cbradar\/wp-content\/uploads\/2025\/11\/carinho-no-cachorro_1763730673924.jpg 1280w\" sizes=\"(max-width: 1024px) 100vw, 1024px\" \/><figcaption class=\"wp-element-caption\">C\u00e3es gostam de carinho nas orelhas, pesco\u00e7o, barriga e costas para conforto e seguran\u00e7a. Cr\u00e9ditos: depositphotos.com \/ AllaSerebrina<\/figcaption><\/figure>\n\n\n\n<h2 class=\"wp-block-heading\">Como aplicar t\u00e9cnicas corretas de carinho para fortalecer o v\u00ednculo com seu c\u00e3o<\/h2>\n\n\n\n<p>A abordagem inicial \u00e9 indispens\u00e1vel: deixe que o c\u00e3o se aproxime e reconhe\u00e7a seu cheiro antes do contato. Inicie os afagos pelo peito ou lateral do pesco\u00e7o, utilizando sempre a <strong>palma da m\u00e3o<\/strong>, o que transmite seguran\u00e7a e evita sustos.<\/p>\n\n\n\n<p>Jamais toque a cabe\u00e7a diretamente de cima. Prefira um contato lateral, permitindo que o pet veja seu movimento. Essa postura <strong>respeitosa<\/strong> faz das car\u00edcias uma demonstra\u00e7\u00e3o de confian\u00e7a, tornando o momento especial para ambos.<\/p>\n\n\n\n<p>Em resumo, acariciar n\u00e3o \u00e9 apenas um gesto afetuoso, mas uma forma efetiva de <strong>comunica\u00e7\u00e3o e fortalecimento de la\u00e7os<\/strong>. Observar atentamente cada sinal do c\u00e3o e ajustar o carinho conforme sua rea\u00e7\u00e3o garantem uma conviv\u00eancia harmoniosa, proporcionando experi\u00eancias ricas e significativas para tutor e pet.<\/p>\n\n\n\n<p>Leia tamb\u00e9m: <a href=\"https:\/\/www.correiobraziliense.com.br\/cbradar\/por-que-cachorros-cavam-antes-de-deitar-e-o-que-isso-significa\/\" target=\"_blank\" rel=\"noreferrer noopener\">Por que cachorros cavam antes de deitar e o que isso significa?<\/a><\/p>\n","protected":false},"excerpt":{"rendered":"<p>Descubra como acariciar seu c\u00e3o corretamente e fortalecer sua conex\u00e3o, explorando os pontos de prazer revelados por veterin\u00e1rios.<\/p>\n","protected":false},"author":3,"featured_media":142273,"comment_status":"open","ping_status":"open","sticky":false,"template":"","format":"standard","meta":{"_yoast_wpseo_focuskw":"como acariciar cachorro","_yoast_wpseo_title":"%%title%%","_yoast_wpseo_metadesc":"Descubra como acariciar seu c\u00e3o corretamente e fortalecer sua conex\u00e3o, explorando os pontos de prazer revelados por veterin\u00e1rios.","jnews-multi-image_gallery":[],"jnews_single_post":{"format":"standard"},"jnews_primary_category":[],"jnews_social_meta":[],"jnews_override_counter":[],"footnotes":""},"categories":[112],"post_tag":[230,1977,378,144,1008],"class_list":["post-141845","post","type-post","status-publish","format-standard","has-post-thumbnail","hentry","category-curiosidades","tag-animais","tag-animais-de-estimacao","tag-cachorro","tag-curiosidades","tag-pets"],"yoast_head":"<!-- This site is optimized with the Yoast SEO plugin v24.6 - https:\/\/yoast.com\/wordpress\/plugins\/seo\/ -->\n<title>Como acariciar seu cachorro para que ele se sinta verdadeiramente amado<\/title>\n<meta name=\"description\" content=\"Descubra como acariciar seu c\u00e3o corretamente e fortalecer sua conex\u00e3o, explorando os pontos de prazer revelados por veterin\u00e1rios.\" \/>\n<meta name=\"robots\" content=\"index, follow, max-snippet:-1, max-image-preview:large, max-video-preview:-1\" \/>\n<link rel=\"canonical\" href=\"https:\/\/www.correiobraziliense.com.br\/cbradar\/como-acariciar-seu-cachorro-para-que-ele-se-sinta-verdadeiramente-amado\/\" \/>\n<meta property=\"og:locale\" content=\"pt_BR\" \/>\n<meta property=\"og:type\" content=\"article\" \/>\n<meta property=\"og:title\" content=\"Como acariciar seu cachorro para que ele se sinta verdadeiramente amado\" \/>\n<meta property=\"og:description\" content=\"Descubra como acariciar seu c\u00e3o corretamente e fortalecer sua conex\u00e3o, explorando os pontos de prazer revelados por veterin\u00e1rios.\" \/>\n<meta property=\"og:url\" content=\"https:\/\/www.correiobraziliense.com.br\/cbradar\/como-acariciar-seu-cachorro-para-que-ele-se-sinta-verdadeiramente-amado\/\" \/>\n<meta property=\"og:site_name\" content=\"Correio Braziliense - Radar\" \/>\n<meta property=\"article:published_time\" content=\"2025-11-23T09:55:00+00:00\" \/>\n<meta property=\"og:image\" content=\"https:\/\/www.correiobraziliense.com.br\/cbradar\/wp-content\/uploads\/2025\/11\/Acariciar-Cachorro-1280x720-1.png\" \/>\n\t<meta property=\"og:image:width\" content=\"1280\" \/>\n\t<meta property=\"og:image:height\" content=\"720\" \/>\n\t<meta property=\"og:image:type\" content=\"image\/png\" \/>\n<meta name=\"author\" content=\"Larissa Carvalho\" \/>\n<meta name=\"twitter:card\" content=\"summary_large_image\" \/>\n<meta name=\"twitter:label1\" content=\"Escrito por\" \/>\n\t<meta name=\"twitter:data1\" content=\"Larissa Carvalho\" \/>\n\t<meta name=\"twitter:label2\" content=\"Est. tempo de leitura\" \/>\n\t<meta name=\"twitter:data2\" content=\"3 minutos\" \/>\n<!-- \/ Yoast SEO plugin. -->","yoast_head_json":{"title":"Como acariciar seu cachorro para que ele se sinta verdadeiramente amado","description":"Descubra como acariciar seu c\u00e3o corretamente e fortalecer sua conex\u00e3o, explorando os pontos de prazer revelados por veterin\u00e1rios.","robots":{"index":"index","follow":"follow","max-snippet":"max-snippet:-1","max-image-preview":"max-image-preview:large","max-video-preview":"max-video-preview:-1"},"canonical":"https:\/\/www.correiobraziliense.com.br\/cbradar\/como-acariciar-seu-cachorro-para-que-ele-se-sinta-verdadeiramente-amado\/","og_locale":"pt_BR","og_type":"article","og_title":"Como acariciar seu cachorro para que ele se sinta verdadeiramente amado","og_description":"Descubra como acariciar seu c\u00e3o corretamente e fortalecer sua conex\u00e3o, explorando os pontos de prazer revelados por veterin\u00e1rios.","og_url":"https:\/\/www.correiobraziliense.com.br\/cbradar\/como-acariciar-seu-cachorro-para-que-ele-se-sinta-verdadeiramente-amado\/","og_site_name":"Correio Braziliense - Radar","article_published_time":"2025-11-23T09:55:00+00:00","og_image":[{"width":1280,"height":720,"url":"https:\/\/www.correiobraziliense.com.br\/cbradar\/wp-content\/uploads\/2025\/11\/Acariciar-Cachorro-1280x720-1.png","type":"image\/png"}],"author":"Larissa Carvalho","twitter_card":"summary_large_image","twitter_misc":{"Escrito por":"Larissa Carvalho","Est. tempo de leitura":"3 minutos"},"schema":{"@context":"https:\/\/schema.org","@graph":[{"@type":"WebPage","@id":"https:\/\/www.correiobraziliense.com.br\/cbradar\/como-acariciar-seu-cachorro-para-que-ele-se-sinta-verdadeiramente-amado\/","url":"https:\/\/www.correiobraziliense.com.br\/cbradar\/como-acariciar-seu-cachorro-para-que-ele-se-sinta-verdadeiramente-amado\/","name":"Como acariciar seu cachorro para que ele se sinta verdadeiramente amado","isPartOf":{"@id":"https:\/\/www.correiobraziliense.com.br\/cbradar\/#website"},"primaryImageOfPage":{"@id":"https:\/\/www.correiobraziliense.com.br\/cbradar\/como-acariciar-seu-cachorro-para-que-ele-se-sinta-verdadeiramente-amado\/#primaryimage"},"image":{"@id":"https:\/\/www.correiobraziliense.com.br\/cbradar\/como-acariciar-seu-cachorro-para-que-ele-se-sinta-verdadeiramente-amado\/#primaryimage"},"thumbnailUrl":"https:\/\/www.correiobraziliense.com.br\/cbradar\/wp-content\/uploads\/2025\/11\/Acariciar-Cachorro-1280x720-1.png","datePublished":"2025-11-23T09:55:00+00:00","author":{"@id":"https:\/\/www.correiobraziliense.com.br\/cbradar\/#\/schema\/person\/58422787644df994b53a19d3e56c1513"},"description":"Descubra como acariciar seu c\u00e3o corretamente e fortalecer sua conex\u00e3o, explorando os pontos de prazer revelados por veterin\u00e1rios.","breadcrumb":{"@id":"https:\/\/www.correiobraziliense.com.br\/cbradar\/como-acariciar-seu-cachorro-para-que-ele-se-sinta-verdadeiramente-amado\/#breadcrumb"},"inLanguage":"pt-BR","potentialAction":[{"@type":"ReadAction","target":["https:\/\/www.correiobraziliense.com.br\/cbradar\/como-acariciar-seu-cachorro-para-que-ele-se-sinta-verdadeiramente-amado\/"]}]},{"@type":"ImageObject","inLanguage":"pt-BR","@id":"https:\/\/www.correiobraziliense.com.br\/cbradar\/como-acariciar-seu-cachorro-para-que-ele-se-sinta-verdadeiramente-amado\/#primaryimage","url":"https:\/\/www.correiobraziliense.com.br\/cbradar\/wp-content\/uploads\/2025\/11\/Acariciar-Cachorro-1280x720-1.png","contentUrl":"https:\/\/www.correiobraziliense.com.br\/cbradar\/wp-content\/uploads\/2025\/11\/Acariciar-Cachorro-1280x720-1.png","width":1280,"height":720,"caption":"Acariciar as regi\u00f5es certas fortalece a conex\u00e3o e traz conforto e seguran\u00e7a ao seu c\u00e3o."},{"@type":"BreadcrumbList","@id":"https:\/\/www.correiobraziliense.com.br\/cbradar\/como-acariciar-seu-cachorro-para-que-ele-se-sinta-verdadeiramente-amado\/#breadcrumb","itemListElement":[{"@type":"ListItem","position":1,"name":"In\u00edcio","item":"https:\/\/www.correiobraziliense.com.br\/cbradar\/"},{"@type":"ListItem","position":2,"name":"Como acariciar seu cachorro para que ele se sinta verdadeiramente amado"}]},{"@type":"WebSite","@id":"https:\/\/www.correiobraziliense.com.br\/cbradar\/#website","url":"https:\/\/www.correiobraziliense.com.br\/cbradar\/","name":"Correio Braziliense - Radar","description":"Acompanhe as \u00faltimas not\u00edcias e fique bem informado sobre tudo o que acontece no Brasil e no mundo.","potentialAction":[{"@type":"SearchAction","target":{"@type":"EntryPoint","urlTemplate":"https:\/\/www.correiobraziliense.com.br\/cbradar\/?s={search_term_string}"},"query-input":{"@type":"PropertyValueSpecification","valueRequired":true,"valueName":"search_term_string"}}],"inLanguage":"pt-BR"},{"@type":"Person","@id":"https:\/\/www.correiobraziliense.com.br\/cbradar\/#\/schema\/person\/58422787644df994b53a19d3e56c1513","name":"Larissa Carvalho","image":{"@type":"ImageObject","inLanguage":"pt-BR","@id":"https:\/\/www.correiobraziliense.com.br\/cbradar\/#\/schema\/person\/image\/","url":"https:\/\/secure.gravatar.com\/avatar\/fe4f91a0de32b52a838d0d612abdc1aa?s=96&d=mm&r=g","contentUrl":"https:\/\/secure.gravatar.com\/avatar\/fe4f91a0de32b52a838d0d612abdc1aa?s=96&d=mm&r=g","caption":"Larissa Carvalho"},"url":"https:\/\/www.correiobraziliense.com.br\/cbradar\/author\/larissamyth\/"}]}},"_links":{"self":[{"href":"https:\/\/www.correiobraziliense.com.br\/cbradar\/wp-json\/wp\/v2\/posts\/141845","targetHints":{"allow":["GET"]}}],"collection":[{"href":"https:\/\/www.correiobraziliense.com.br\/cbradar\/wp-json\/wp\/v2\/posts"}],"about":[{"href":"https:\/\/www.correiobraziliense.com.br\/cbradar\/wp-json\/wp\/v2\/types\/post"}],"author":[{"embeddable":true,"href":"https:\/\/www.correiobraziliense.com.br\/cbradar\/wp-json\/wp\/v2\/users\/3"}],"replies":[{"embeddable":true,"href":"https:\/\/www.correiobraziliense.com.br\/cbradar\/wp-json\/wp\/v2\/comments?post=141845"}],"version-history":[{"count":2,"href":"https:\/\/www.correiobraziliense.com.br\/cbradar\/wp-json\/wp\/v2\/posts\/141845\/revisions"}],"predecessor-version":[{"id":141848,"href":"https:\/\/www.correiobraziliense.com.br\/cbradar\/wp-json\/wp\/v2\/posts\/141845\/revisions\/141848"}],"wp:featuredmedia":[{"embeddable":true,"href":"https:\/\/www.correiobraziliense.com.br\/cbradar\/wp-json\/wp\/v2\/media\/142273"}],"wp:attachment":[{"href":"https:\/\/www.correiobraziliense.com.br\/cbradar\/wp-json\/wp\/v2\/media?parent=141845"}],"wp:term":[{"taxonomy":"category","embeddable":true,"href":"https:\/\/www.correiobraziliense.com.br\/cbradar\/wp-json\/wp\/v2\/categories?post=141845"},{"taxonomy":"post_tag","embeddable":true,"href":"https:\/\/www.correiobraziliense.com.br\/cbradar\/wp-json\/wp\/v2\/post_tag?post=141845"}],"curies":[{"name":"wp","href":"https:\/\/api.w.org\/{rel}","templated":true}]}}