{"id":141850,"date":"2025-11-23T12:35:00","date_gmt":"2025-11-23T15:35:00","guid":{"rendered":"https:\/\/www.correiobraziliense.com.br\/cbradar\/?p=141850"},"modified":"2025-11-21T18:08:11","modified_gmt":"2025-11-21T21:08:11","slug":"por-que-cachorros-grandes-vivem-menos-as-5-racas-com-menor-expectativa-de-vida","status":"publish","type":"post","link":"https:\/\/www.correiobraziliense.com.br\/cbradar\/por-que-cachorros-grandes-vivem-menos-as-5-racas-com-menor-expectativa-de-vida\/","title":{"rendered":"Por que cachorros grandes vivem menos? As 5 ra\u00e7as com menor expectativa de vida"},"content":{"rendered":"\n<p>Os c\u00e3es consolidaram-se como os animais de estima\u00e7\u00e3o mais populares na Espanha, com uma popula\u00e7\u00e3o que supera os 9 milh\u00f5es, segundo a Federa\u00e7\u00e3o Europeia de Alimenta\u00e7\u00e3o para Animais de Companhia. Esses animais formam parte da fam\u00edlia e despertam a aten\u00e7\u00e3o de pesquisadores interessados em entender os fatores que influenciam sua vida e longevidade.<\/p>\n\n\n\n<h2 class=\"wp-block-heading\">Por que c\u00e3es de porte grande vivem menos tempo<\/h2>\n\n\n\n<p>Pesquisas recentes conduzidas pela <strong>Universidade de Liverpool<\/strong> e pela <strong>Dogs Trust<\/strong>, no <strong>Reino Unido<\/strong>, comprovam a liga\u00e7\u00e3o entre o <strong>tamanho do c\u00e3o<\/strong> e sua expectativa de vida. <a href=\"https:\/\/pubmed.ncbi.nlm.nih.gov\/38302530\/\" target=\"_blank\" rel=\"noreferrer noopener\">Os dados apontam que, quanto maior a ra\u00e7a, menor tende a ser sua longevidade<\/a>, devido a fatores biol\u00f3gicos associados ao seu porte, em uma valia\u00e7\u00e3o que contou com <strong>584 mil c\u00e3es.<\/strong><\/p>\n\n\n\n<p>Confira na tabela abaixo as 5 ra\u00e7as de c\u00e3es de grande porte com menor expectativa de vida:<\/p>\n\n\n\n<figure class=\"wp-block-table\"><table class=\"has-fixed-layout\"><thead><tr><th>Ra\u00e7a<\/th><th>Expectativa m\u00e9dia de vida (anos)<\/th><\/tr><\/thead><tbody><tr><td>Pastor Caucasiano<\/td><td>5,4<\/td><\/tr><tr><td>Terra Nova<\/td><td>6,8<\/td><\/tr><tr><td>Dog Alem\u00e3o<\/td><td>7,0<\/td><\/tr><tr><td>Presa Can\u00e1rio<\/td><td>7,7<\/td><\/tr><tr><td>Mastim Italiano<\/td><td>8,1<\/td><\/tr><\/tbody><\/table><\/figure>\n\n\n\n<p>O <strong>pastor caucasiano<\/strong>, por exemplo, vive em m\u00e9dia 5,4 anos, enquanto o <strong>presa can\u00e1rio<\/strong> chega pr\u00f3ximo dos 7,7 anos. Esses c\u00e3es impressionam pelo f\u00edsico robusto, mas sofrem com desgaste f\u00edsico acentuado e maior frequ\u00eancia de doen\u00e7as articulares, card\u00edacas e outras complica\u00e7\u00f5es de sa\u00fade desde jovens.<\/p>\n\n\n\n<h2 class=\"wp-block-heading\">Principais fatores que reduzem a expectativa de vida dos c\u00e3es grandes<\/h2>\n\n\n\n<p>A constitui\u00e7\u00e3o f\u00edsica robusta dos c\u00e3es grandes traz desafios \u00e0 sua sa\u00fade. Muitas dessas ra\u00e7as enfrentam limita\u00e7\u00f5es relacionadas \u00e0 mobilidade e s\u00e3o predispostas a diversos problemas que podem comprometer a qualidade e o tempo de vida.<\/p>\n\n\n\n<p>Entre os principais fatores que contribuem para uma expectativa de vida menor, podemos destacar:<\/p>\n\n\n\n<ul class=\"wp-block-list\">\n<li><strong>Problemas card\u00edacos<\/strong>: Frequentes em c\u00e3es de grande porte, exigem constante aten\u00e7\u00e3o \u00e0 sa\u00fade cardiovascular.<\/li>\n\n\n\n<li><strong>Displasia coxofemoral<\/strong>: Condi\u00e7\u00e3o gen\u00e9tica que limita a mobilidade dos c\u00e3es.<\/li>\n\n\n\n<li><strong>Tor\u00e7\u00e3o g\u00e1strica<\/strong>: Dist\u00farbio digestivo s\u00e9rio e potencialmente fatal.<\/li>\n<\/ul>\n\n\n\n<p>Isso acontece n\u00e3o apenas com cachorros, mas em todas as esp\u00e9cies de grande porte, como explica o especialista do perfil @pidobiologia:<\/p>\n\n\n\n<blockquote class=\"tiktok-embed\" cite=\"https:\/\/www.tiktok.com\/@pidobiologia\/video\/7434641365008698680\" data-video-id=\"7434641365008698680\" style=\"max-width: 605px;min-width: 325px;\" > <section> <a target=\"_blank\" title=\"@pidobiologia\" href=\"https:\/\/www.tiktok.com\/@pidobiologia?refer=embed\">@pidobiologia<\/a> <p>Por que c\u00e3es de ra\u00e7as grandes vivem menos? #biologia #animais #caes #pincher #cachorro #zoologia #curiosidades #vocesabia<\/p> <a target=\"_blank\" title=\"\u266c som original  - Pidobiologia\" href=\"https:\/\/www.tiktok.com\/music\/som-original-Pidobiologia-7434641415583664951?refer=embed\">\u266c som original  &#8211; Pidobiologia<\/a> <\/section> <\/blockquote> <script async src=\"https:\/\/www.tiktok.com\/embed.js\"><\/script>\n\n\n\n<h2 class=\"wp-block-heading\">Gen\u00e9tica influencia quanto tempo vivem as ra\u00e7as grandes<\/h2>\n\n\n\n<p>A <strong>gen\u00e9tica<\/strong> tem papel central na sa\u00fade de c\u00e3es de grande porte, interferindo diretamente em sua longevidade. O <strong>mastim italiano<\/strong>, por exemplo, tem expectativa m\u00e9dia de vida de 8,1 anos, enfrentando desafios relacionados \u00e0 musculatura, peso e condi\u00e7\u00f5es cong\u00eanitas.<\/p>\n\n\n\n<p>Tend\u00eancias ao <strong>sobrepeso<\/strong> e predisposi\u00e7\u00e3o a certos problemas cardiovasculares e osteomusculares ilustram como caracter\u00edsticas gen\u00e9ticas acabam limitando o tempo de vida desses c\u00e3es, exigindo cuidados espec\u00edficos dos tutores.<\/p>\n\n\n\n<figure class=\"wp-block-image size-large\"><img decoding=\"async\" width=\"1024\" height=\"576\" src=\"https:\/\/www.correiobraziliense.com.br\/cbradar\/wp-content\/uploads\/2025\/11\/mosaico_1763731042673-1024x576.jpg\" alt=\"Por que cachorros grandes vivem menos? As 5 ra\u00e7as com menor expectativa de vida\" class=\"wp-image-141852\" srcset=\"https:\/\/www.correiobraziliense.com.br\/cbradar\/wp-content\/uploads\/2025\/11\/mosaico_1763731042673-1024x576.jpg 1024w, https:\/\/www.correiobraziliense.com.br\/cbradar\/wp-content\/uploads\/2025\/11\/mosaico_1763731042673-300x169.jpg 300w, https:\/\/www.correiobraziliense.com.br\/cbradar\/wp-content\/uploads\/2025\/11\/mosaico_1763731042673-768x432.jpg 768w, https:\/\/www.correiobraziliense.com.br\/cbradar\/wp-content\/uploads\/2025\/11\/mosaico_1763731042673-750x422.jpg 750w, https:\/\/www.correiobraziliense.com.br\/cbradar\/wp-content\/uploads\/2025\/11\/mosaico_1763731042673-1140x641.jpg 1140w, https:\/\/www.correiobraziliense.com.br\/cbradar\/wp-content\/uploads\/2025\/11\/mosaico_1763731042673.jpg 1280w\" sizes=\"(max-width: 1024px) 100vw, 1024px\" \/><figcaption class=\"wp-element-caption\">Entender fatores que influenciam vida e longevidade dos c\u00e3es na Espanha ajuda a aprimorar cuidados. Cr\u00e9ditos: depositphotos.com \/ Byrdyak e Cr\u00e9ditos: depositphotos.com \/ Kate_Ovcharenko<\/figcaption><\/figure>\n\n\n\n<h2 class=\"wp-block-heading\">Entenda os desafios enfrentados pelas ra\u00e7as S\u00e3o Bernardo e mastim<\/h2>\n\n\n\n<p>O <strong>S\u00e3o Bernardo<\/strong> possui expectativa de vida em torno de 9,3 anos e o <strong>mastim<\/strong>, cerca de 9 anos. Em comum, tais ra\u00e7as enfrentam doen\u00e7as card\u00edacas, c\u00e2nceres espec\u00edficos, al\u00e9m de problemas \u00f3sseos e a perigosa tor\u00e7\u00e3o g\u00e1strica. Apesar de serem famosos pela for\u00e7a e temperamento d\u00f3cil, essas caracter\u00edsticas exigem aten\u00e7\u00e3o redobrada dos propriet\u00e1rios para oferecer qualidade de vida superior e minimizar os efeitos dessas vulnerabilidades comuns \u00e0s ra\u00e7as grandes.<\/p>\n\n\n\n<p>Portanto, apesar de todas as qualidades que os c\u00e3es de grande porte possuem, seu tamanho exige cuidados especiais ao longo da vida. Compreender os riscos de sa\u00fade envolvidos \u00e9 fundamental para garantir o <strong>bem-estar<\/strong> desses fi\u00e9is companheiros, que seguem conquistando espa\u00e7o nos lares e cora\u00e7\u00f5es das pessoas.<\/p>\n\n\n\n<p>Leia tamb\u00e9m: <a href=\"https:\/\/www.correiobraziliense.com.br\/cbradar\/o-que-significa-quando-o-cachorro-late-para-o-nada\/\" target=\"_blank\" rel=\"noreferrer noopener\">O que significa quando o cachorro late para o nada?<\/a><\/p>\n","protected":false},"excerpt":{"rendered":"<p>C\u00e3es grandes como o pastor cauc\u00e1sico t\u00eam vidas mais curtas, vivendo em m\u00e9dia 5,4 anos devido a doen\u00e7as card\u00edacas e articulares.<\/p>\n","protected":false},"author":3,"featured_media":142274,"comment_status":"open","ping_status":"open","sticky":false,"template":"","format":"standard","meta":{"_yoast_wpseo_focuskw":"ra\u00e7as menor expectativa de vida","_yoast_wpseo_title":"%%title%%","_yoast_wpseo_metadesc":"C\u00e3es grandes como o pastor cauc\u00e1sico t\u00eam vidas mais curtas, vivendo em m\u00e9dia 5,4 anos devido a doen\u00e7as card\u00edacas e articulares.","jnews-multi-image_gallery":[],"jnews_single_post":{"format":"standard"},"jnews_primary_category":[],"jnews_social_meta":[],"jnews_override_counter":[],"footnotes":""},"categories":[112],"post_tag":[230,1977,378,144,1008],"class_list":["post-141850","post","type-post","status-publish","format-standard","has-post-thumbnail","hentry","category-curiosidades","tag-animais","tag-animais-de-estimacao","tag-cachorro","tag-curiosidades","tag-pets"],"yoast_head":"<!-- This site is optimized with the Yoast SEO plugin v24.6 - https:\/\/yoast.com\/wordpress\/plugins\/seo\/ -->\n<title>Por que cachorros grandes vivem menos? As 5 ra\u00e7as com menor expectativa de vida<\/title>\n<meta name=\"description\" content=\"C\u00e3es grandes como o pastor cauc\u00e1sico t\u00eam vidas mais curtas, vivendo em m\u00e9dia 5,4 anos devido a doen\u00e7as card\u00edacas e articulares.\" \/>\n<meta name=\"robots\" content=\"index, follow, max-snippet:-1, max-image-preview:large, max-video-preview:-1\" \/>\n<link rel=\"canonical\" href=\"https:\/\/www.correiobraziliense.com.br\/cbradar\/por-que-cachorros-grandes-vivem-menos-as-5-racas-com-menor-expectativa-de-vida\/\" \/>\n<meta property=\"og:locale\" content=\"pt_BR\" \/>\n<meta property=\"og:type\" content=\"article\" \/>\n<meta property=\"og:title\" content=\"Por que cachorros grandes vivem menos? As 5 ra\u00e7as com menor expectativa de vida\" \/>\n<meta property=\"og:description\" content=\"C\u00e3es grandes como o pastor cauc\u00e1sico t\u00eam vidas mais curtas, vivendo em m\u00e9dia 5,4 anos devido a doen\u00e7as card\u00edacas e articulares.\" \/>\n<meta property=\"og:url\" content=\"https:\/\/www.correiobraziliense.com.br\/cbradar\/por-que-cachorros-grandes-vivem-menos-as-5-racas-com-menor-expectativa-de-vida\/\" \/>\n<meta property=\"og:site_name\" content=\"Correio Braziliense - Radar\" \/>\n<meta property=\"article:published_time\" content=\"2025-11-23T15:35:00+00:00\" \/>\n<meta property=\"og:image\" content=\"https:\/\/www.correiobraziliense.com.br\/cbradar\/wp-content\/uploads\/2025\/11\/Cachorros-Grandes-Vida-1280x720-1.png\" \/>\n\t<meta property=\"og:image:width\" content=\"1280\" \/>\n\t<meta property=\"og:image:height\" content=\"720\" \/>\n\t<meta property=\"og:image:type\" content=\"image\/png\" \/>\n<meta name=\"author\" content=\"Larissa Carvalho\" \/>\n<meta name=\"twitter:card\" content=\"summary_large_image\" \/>\n<meta name=\"twitter:label1\" content=\"Escrito por\" \/>\n\t<meta name=\"twitter:data1\" content=\"Larissa Carvalho\" \/>\n\t<meta name=\"twitter:label2\" content=\"Est. tempo de leitura\" \/>\n\t<meta name=\"twitter:data2\" content=\"4 minutos\" \/>\n<!-- \/ Yoast SEO plugin. -->","yoast_head_json":{"title":"Por que cachorros grandes vivem menos? As 5 ra\u00e7as com menor expectativa de vida","description":"C\u00e3es grandes como o pastor cauc\u00e1sico t\u00eam vidas mais curtas, vivendo em m\u00e9dia 5,4 anos devido a doen\u00e7as card\u00edacas e articulares.","robots":{"index":"index","follow":"follow","max-snippet":"max-snippet:-1","max-image-preview":"max-image-preview:large","max-video-preview":"max-video-preview:-1"},"canonical":"https:\/\/www.correiobraziliense.com.br\/cbradar\/por-que-cachorros-grandes-vivem-menos-as-5-racas-com-menor-expectativa-de-vida\/","og_locale":"pt_BR","og_type":"article","og_title":"Por que cachorros grandes vivem menos? As 5 ra\u00e7as com menor expectativa de vida","og_description":"C\u00e3es grandes como o pastor cauc\u00e1sico t\u00eam vidas mais curtas, vivendo em m\u00e9dia 5,4 anos devido a doen\u00e7as card\u00edacas e articulares.","og_url":"https:\/\/www.correiobraziliense.com.br\/cbradar\/por-que-cachorros-grandes-vivem-menos-as-5-racas-com-menor-expectativa-de-vida\/","og_site_name":"Correio Braziliense - Radar","article_published_time":"2025-11-23T15:35:00+00:00","og_image":[{"width":1280,"height":720,"url":"https:\/\/www.correiobraziliense.com.br\/cbradar\/wp-content\/uploads\/2025\/11\/Cachorros-Grandes-Vida-1280x720-1.png","type":"image\/png"}],"author":"Larissa Carvalho","twitter_card":"summary_large_image","twitter_misc":{"Escrito por":"Larissa Carvalho","Est. tempo de leitura":"4 minutos"},"schema":{"@context":"https:\/\/schema.org","@graph":[{"@type":"WebPage","@id":"https:\/\/www.correiobraziliense.com.br\/cbradar\/por-que-cachorros-grandes-vivem-menos-as-5-racas-com-menor-expectativa-de-vida\/","url":"https:\/\/www.correiobraziliense.com.br\/cbradar\/por-que-cachorros-grandes-vivem-menos-as-5-racas-com-menor-expectativa-de-vida\/","name":"Por que cachorros grandes vivem menos? As 5 ra\u00e7as com menor expectativa de vida","isPartOf":{"@id":"https:\/\/www.correiobraziliense.com.br\/cbradar\/#website"},"primaryImageOfPage":{"@id":"https:\/\/www.correiobraziliense.com.br\/cbradar\/por-que-cachorros-grandes-vivem-menos-as-5-racas-com-menor-expectativa-de-vida\/#primaryimage"},"image":{"@id":"https:\/\/www.correiobraziliense.com.br\/cbradar\/por-que-cachorros-grandes-vivem-menos-as-5-racas-com-menor-expectativa-de-vida\/#primaryimage"},"thumbnailUrl":"https:\/\/www.correiobraziliense.com.br\/cbradar\/wp-content\/uploads\/2025\/11\/Cachorros-Grandes-Vida-1280x720-1.png","datePublished":"2025-11-23T15:35:00+00:00","author":{"@id":"https:\/\/www.correiobraziliense.com.br\/cbradar\/#\/schema\/person\/58422787644df994b53a19d3e56c1513"},"description":"C\u00e3es grandes como o pastor cauc\u00e1sico t\u00eam vidas mais curtas, vivendo em m\u00e9dia 5,4 anos devido a doen\u00e7as card\u00edacas e articulares.","breadcrumb":{"@id":"https:\/\/www.correiobraziliense.com.br\/cbradar\/por-que-cachorros-grandes-vivem-menos-as-5-racas-com-menor-expectativa-de-vida\/#breadcrumb"},"inLanguage":"pt-BR","potentialAction":[{"@type":"ReadAction","target":["https:\/\/www.correiobraziliense.com.br\/cbradar\/por-que-cachorros-grandes-vivem-menos-as-5-racas-com-menor-expectativa-de-vida\/"]}]},{"@type":"ImageObject","inLanguage":"pt-BR","@id":"https:\/\/www.correiobraziliense.com.br\/cbradar\/por-que-cachorros-grandes-vivem-menos-as-5-racas-com-menor-expectativa-de-vida\/#primaryimage","url":"https:\/\/www.correiobraziliense.com.br\/cbradar\/wp-content\/uploads\/2025\/11\/Cachorros-Grandes-Vida-1280x720-1.png","contentUrl":"https:\/\/www.correiobraziliense.com.br\/cbradar\/wp-content\/uploads\/2025\/11\/Cachorros-Grandes-Vida-1280x720-1.png","width":1280,"height":720,"caption":"Entenda o que leva o c\u00e3o de grande porte a ter uma menor expectativa de vida."},{"@type":"BreadcrumbList","@id":"https:\/\/www.correiobraziliense.com.br\/cbradar\/por-que-cachorros-grandes-vivem-menos-as-5-racas-com-menor-expectativa-de-vida\/#breadcrumb","itemListElement":[{"@type":"ListItem","position":1,"name":"In\u00edcio","item":"https:\/\/www.correiobraziliense.com.br\/cbradar\/"},{"@type":"ListItem","position":2,"name":"Por que cachorros grandes vivem menos? As 5 ra\u00e7as com menor expectativa de vida"}]},{"@type":"WebSite","@id":"https:\/\/www.correiobraziliense.com.br\/cbradar\/#website","url":"https:\/\/www.correiobraziliense.com.br\/cbradar\/","name":"Correio Braziliense - Radar","description":"Acompanhe as \u00faltimas not\u00edcias e fique bem informado sobre tudo o que acontece no Brasil e no mundo.","potentialAction":[{"@type":"SearchAction","target":{"@type":"EntryPoint","urlTemplate":"https:\/\/www.correiobraziliense.com.br\/cbradar\/?s={search_term_string}"},"query-input":{"@type":"PropertyValueSpecification","valueRequired":true,"valueName":"search_term_string"}}],"inLanguage":"pt-BR"},{"@type":"Person","@id":"https:\/\/www.correiobraziliense.com.br\/cbradar\/#\/schema\/person\/58422787644df994b53a19d3e56c1513","name":"Larissa Carvalho","image":{"@type":"ImageObject","inLanguage":"pt-BR","@id":"https:\/\/www.correiobraziliense.com.br\/cbradar\/#\/schema\/person\/image\/","url":"https:\/\/secure.gravatar.com\/avatar\/fe4f91a0de32b52a838d0d612abdc1aa?s=96&d=mm&r=g","contentUrl":"https:\/\/secure.gravatar.com\/avatar\/fe4f91a0de32b52a838d0d612abdc1aa?s=96&d=mm&r=g","caption":"Larissa Carvalho"},"url":"https:\/\/www.correiobraziliense.com.br\/cbradar\/author\/larissamyth\/"}]}},"_links":{"self":[{"href":"https:\/\/www.correiobraziliense.com.br\/cbradar\/wp-json\/wp\/v2\/posts\/141850","targetHints":{"allow":["GET"]}}],"collection":[{"href":"https:\/\/www.correiobraziliense.com.br\/cbradar\/wp-json\/wp\/v2\/posts"}],"about":[{"href":"https:\/\/www.correiobraziliense.com.br\/cbradar\/wp-json\/wp\/v2\/types\/post"}],"author":[{"embeddable":true,"href":"https:\/\/www.correiobraziliense.com.br\/cbradar\/wp-json\/wp\/v2\/users\/3"}],"replies":[{"embeddable":true,"href":"https:\/\/www.correiobraziliense.com.br\/cbradar\/wp-json\/wp\/v2\/comments?post=141850"}],"version-history":[{"count":2,"href":"https:\/\/www.correiobraziliense.com.br\/cbradar\/wp-json\/wp\/v2\/posts\/141850\/revisions"}],"predecessor-version":[{"id":141857,"href":"https:\/\/www.correiobraziliense.com.br\/cbradar\/wp-json\/wp\/v2\/posts\/141850\/revisions\/141857"}],"wp:featuredmedia":[{"embeddable":true,"href":"https:\/\/www.correiobraziliense.com.br\/cbradar\/wp-json\/wp\/v2\/media\/142274"}],"wp:attachment":[{"href":"https:\/\/www.correiobraziliense.com.br\/cbradar\/wp-json\/wp\/v2\/media?parent=141850"}],"wp:term":[{"taxonomy":"category","embeddable":true,"href":"https:\/\/www.correiobraziliense.com.br\/cbradar\/wp-json\/wp\/v2\/categories?post=141850"},{"taxonomy":"post_tag","embeddable":true,"href":"https:\/\/www.correiobraziliense.com.br\/cbradar\/wp-json\/wp\/v2\/post_tag?post=141850"}],"curies":[{"name":"wp","href":"https:\/\/api.w.org\/{rel}","templated":true}]}}