{"id":141854,"date":"2025-11-23T20:35:00","date_gmt":"2025-11-23T23:35:00","guid":{"rendered":"https:\/\/www.correiobraziliense.com.br\/cbradar\/?p=141854"},"modified":"2025-11-23T20:55:28","modified_gmt":"2025-11-23T23:55:28","slug":"as-3-racas-de-caes-perfeitas-para-donos-de-primeira-viagem","status":"publish","type":"post","link":"https:\/\/www.correiobraziliense.com.br\/cbradar\/as-3-racas-de-caes-perfeitas-para-donos-de-primeira-viagem\/","title":{"rendered":"As 3 ra\u00e7as de c\u00e3es perfeitas para donos de primeira viagem"},"content":{"rendered":"\n<p>Escolher a primeira ra\u00e7a de cachorro para adotar pode ser emocionante e desafiador, especialmente para iniciantes no mundo pet. Determinadas ra\u00e7as, conhecidas pela <strong>facilidade de manejo<\/strong> ou <strong>temperamento<\/strong>, costumam ser as favoritas de quem busca companheiros ideais para casas ou apartamentos.<\/p>\n\n\n\n<h2 class=\"wp-block-heading\">Quais os pontos essenciais ao selecionar seu primeiro cachorro?<\/h2>\n\n\n\n<p>A sele\u00e7\u00e3o do c\u00e3o deve considerar fatores como <strong>ambiente dom\u00e9stico<\/strong>, <strong>tempo dispon\u00edvel<\/strong> de dedica\u00e7\u00e3o e o n\u00edvel de energia do animal. \u00c9 preciso analisar se o espa\u00e7o onde vive comporta o porte do c\u00e3o desejado, pois esse detalhe impacta muito na adapta\u00e7\u00e3o de ambos.<\/p>\n\n\n\n<p>Al\u00e9m disso, conhecer as <strong>necessidades de cada ra\u00e7a<\/strong> \u00e9 fundamental. Algumas demandam mais exerc\u00edcios ou intera\u00e7\u00f5es, enquanto outras s\u00e3o mais sossegadas, ideais para quem possui rotina agitada ou pouco tempo livre. Veja, abaixo, crit\u00e9rios a serem avaliados:<\/p>\n\n\n\n<ul class=\"wp-block-list\">\n<li><strong>Espa\u00e7o:<\/strong> Escolha cachorros pequenos para locais compactos e grandes para \u00e1reas externas.<\/li>\n\n\n\n<li><strong>Tempo e energia:<\/strong> Pense na rotina para oferecer atividade f\u00edsica adequada.<\/li>\n\n\n\n<li><strong>Necessidades de higiene:<\/strong> Avalie ra\u00e7as que exigem aten\u00e7\u00e3o extra com escova\u00e7\u00e3o e cuidados dentais.<\/li>\n<\/ul>\n\n\n\n<h2 class=\"wp-block-heading\">Por que o Shih Tzu costuma ser recomendado para iniciantes?<\/h2>\n\n\n\n<p>O <strong>Shih Tzu<\/strong> \u00e9 famoso por sua <strong>longevidade<\/strong> e f\u00e1cil adapta\u00e7\u00e3o em apartamentos. Com porte pequeno e personalidade afetuosa, \u00e9 uma excelente escolha para quem busca tranquilidade no conv\u00edvio di\u00e1rio e pouco espa\u00e7o dispon\u00edvel em casa.<\/p>\n\n\n\n<p>\u00c9 importante lembrar a necessidade de ve\u00edculos de socializa\u00e7\u00e3o ainda filhote, o que facilita a conviv\u00eancia em ambientes urbanos. O tutor tamb\u00e9m deve estar atento aos <strong>cuidados dent\u00e1rios<\/strong>, j\u00e1 que o Shih Tzu apresenta propens\u00e3o a problemas bucais.<\/p>\n\n\n\n<figure class=\"wp-block-image size-large\"><img decoding=\"async\" width=\"1024\" height=\"576\" src=\"https:\/\/www.correiobraziliense.com.br\/cbradar\/wp-content\/uploads\/2025\/11\/shih-tzu_1763731382207-1024x576.jpg\" alt=\"As 3 ra\u00e7as de c\u00e3es perfeitas para donos de primeira viagem\" class=\"wp-image-141858\" srcset=\"https:\/\/www.correiobraziliense.com.br\/cbradar\/wp-content\/uploads\/2025\/11\/shih-tzu_1763731382207-1024x576.jpg 1024w, https:\/\/www.correiobraziliense.com.br\/cbradar\/wp-content\/uploads\/2025\/11\/shih-tzu_1763731382207-300x169.jpg 300w, https:\/\/www.correiobraziliense.com.br\/cbradar\/wp-content\/uploads\/2025\/11\/shih-tzu_1763731382207-768x432.jpg 768w, https:\/\/www.correiobraziliense.com.br\/cbradar\/wp-content\/uploads\/2025\/11\/shih-tzu_1763731382207-750x422.jpg 750w, https:\/\/www.correiobraziliense.com.br\/cbradar\/wp-content\/uploads\/2025\/11\/shih-tzu_1763731382207-1140x641.jpg 1140w, https:\/\/www.correiobraziliense.com.br\/cbradar\/wp-content\/uploads\/2025\/11\/shih-tzu_1763731382207.jpg 1280w\" sizes=\"(max-width: 1024px) 100vw, 1024px\" \/><figcaption class=\"wp-element-caption\">Adote um c\u00e3o parceiro e amig\u00e1vel, perfeito para quem busca afeto e f\u00e1cil conviv\u00eancia. Cr\u00e9ditos: depositphotos.com \/ Artem_Soul<\/figcaption><\/figure>\n\n\n\n<h2 class=\"wp-block-heading\">Como o Maltipoo facilita a conviv\u00eancia com novos donos?<\/h2>\n\n\n\n<p>O <strong>Maltipoo<\/strong> resulta do cruzamento entre Malt\u00eas e Poodle, trazendo intelig\u00eancia e docilidade em um c\u00e3ozinho de at\u00e9 10kg. Por ser soci\u00e1vel, se adapta facilmente \u00e0 rotina de quem nunca teve cachorro, tornando a etapa inicial mais pr\u00e1tica e agrad\u00e1vel.<\/p>\n\n\n\n<p>O destaque vai para o <strong>pelo quase hipoalerg\u00eanico<\/strong>, reduzindo alergias em apartamentos e facilitando a limpeza da casa. Al\u00e9m disso, sua energia moderada permite adapta\u00e7\u00f5es r\u00e1pidas em ambientes menores, tornando-o muito procurado por fam\u00edlias e solteiros.<\/p>\n\n\n\n<figure class=\"wp-block-image size-large\"><img decoding=\"async\" width=\"1024\" height=\"576\" src=\"https:\/\/www.correiobraziliense.com.br\/cbradar\/wp-content\/uploads\/2025\/11\/Maltipoo_1763731656667-1024x576.jpg\" alt=\"As 3 ra\u00e7as de c\u00e3es perfeitas para donos de primeira viagem\" class=\"wp-image-141859\" srcset=\"https:\/\/www.correiobraziliense.com.br\/cbradar\/wp-content\/uploads\/2025\/11\/Maltipoo_1763731656667-1024x576.jpg 1024w, https:\/\/www.correiobraziliense.com.br\/cbradar\/wp-content\/uploads\/2025\/11\/Maltipoo_1763731656667-300x169.jpg 300w, https:\/\/www.correiobraziliense.com.br\/cbradar\/wp-content\/uploads\/2025\/11\/Maltipoo_1763731656667-768x432.jpg 768w, https:\/\/www.correiobraziliense.com.br\/cbradar\/wp-content\/uploads\/2025\/11\/Maltipoo_1763731656667-750x422.jpg 750w, https:\/\/www.correiobraziliense.com.br\/cbradar\/wp-content\/uploads\/2025\/11\/Maltipoo_1763731656667-1140x641.jpg 1140w, https:\/\/www.correiobraziliense.com.br\/cbradar\/wp-content\/uploads\/2025\/11\/Maltipoo_1763731656667.jpg 1280w\" sizes=\"(max-width: 1024px) 100vw, 1024px\" \/><figcaption class=\"wp-element-caption\">Procurando seu primeiro c\u00e3o? Invista em ra\u00e7as que combinam facilidade de treino e amor incondicional. Cr\u00e9ditos: depositphotos.com \/ superelaks<\/figcaption><\/figure>\n\n\n\n<h2 class=\"wp-block-heading\">O que considerar antes de adotar um Golden Retriever?<\/h2>\n\n\n\n<p>O <strong>Golden Retriever<\/strong> \u00e9 conhecido pela <strong>docilidade<\/strong> e intelig\u00eancia, sendo perfeito para quem possui quintal e disponibilidade para atividades f\u00edsicas. \u00c9 fundamental que o tutor ofere\u00e7a exerc\u00edcios di\u00e1rios, como caminhadas e nata\u00e7\u00e3o, para garantir o bem-estar da ra\u00e7a.<\/p>\n\n\n\n<figure class=\"wp-block-image size-large\"><img decoding=\"async\" width=\"1024\" height=\"576\" src=\"https:\/\/www.correiobraziliense.com.br\/cbradar\/wp-content\/uploads\/2025\/11\/Golden-Retriever_1763731697828-1024x576.jpg\" alt=\"As 3 ra\u00e7as de c\u00e3es perfeitas para donos de primeira viagem\" class=\"wp-image-141860\" srcset=\"https:\/\/www.correiobraziliense.com.br\/cbradar\/wp-content\/uploads\/2025\/11\/Golden-Retriever_1763731697828-1024x576.jpg 1024w, https:\/\/www.correiobraziliense.com.br\/cbradar\/wp-content\/uploads\/2025\/11\/Golden-Retriever_1763731697828-300x169.jpg 300w, https:\/\/www.correiobraziliense.com.br\/cbradar\/wp-content\/uploads\/2025\/11\/Golden-Retriever_1763731697828-768x432.jpg 768w, https:\/\/www.correiobraziliense.com.br\/cbradar\/wp-content\/uploads\/2025\/11\/Golden-Retriever_1763731697828-750x422.jpg 750w, https:\/\/www.correiobraziliense.com.br\/cbradar\/wp-content\/uploads\/2025\/11\/Golden-Retriever_1763731697828-1140x641.jpg 1140w, https:\/\/www.correiobraziliense.com.br\/cbradar\/wp-content\/uploads\/2025\/11\/Golden-Retriever_1763731697828.jpg 1280w\" sizes=\"(max-width: 1024px) 100vw, 1024px\" \/><figcaption class=\"wp-element-caption\">Escolha ra\u00e7as que se adaptam a espa\u00e7os pequenos e possuem temperamento tranquilo para melhor conviv\u00eancia. Cr\u00e9ditos: depositphotos.com \/ AllaSerebrina<\/figcaption><\/figure>\n\n\n\n<p>Por ser uma ra\u00e7a de m\u00e9dio\/grande porte, o Golden Retriever demanda tempo, aten\u00e7\u00e3o e espa\u00e7o, ideal para fam\u00edlias ou pessoas com rotina ativa. Sua adaptabilidade e comportamento paciente o tornam um companheiro incr\u00edvel, principalmente para lares que valorizam intera\u00e7\u00e3o di\u00e1ria.<\/p>\n\n\n\n<p>Escolher o c\u00e3o certo para a primeira experi\u00eancia envolve planejamento e an\u00e1lise do dia a dia. Ra\u00e7as como <strong>Shih Tzu<\/strong>, <strong>Maltipoo<\/strong> e <strong>Golden Retriever<\/strong> re\u00fanem caracter\u00edsticas ideais para transformar a conviv\u00eancia em algo positivo e duradouro. Se poss\u00edvel, consulte sempre um veterin\u00e1rio ou adestrador para receber orienta\u00e7\u00f5es espec\u00edficas sobre comportamentos e necessidades de cada ra\u00e7a, garantindo assim uma integra\u00e7\u00e3o feliz e saud\u00e1vel entre tutor e pet.<\/p>\n","protected":false},"excerpt":{"rendered":"<p>Descubra as 3 melhores ra\u00e7as de c\u00e3es para iniciantes e encontre o companheiro ideal para sua primeira experi\u00eancia com pets!<\/p>\n","protected":false},"author":3,"featured_media":141858,"comment_status":"open","ping_status":"open","sticky":false,"template":"","format":"standard","meta":{"_yoast_wpseo_focuskw":"ra\u00e7as perfeitas donos primeira viagem","_yoast_wpseo_title":"%%title%%","_yoast_wpseo_metadesc":"Descubra as 3 melhores ra\u00e7as de c\u00e3es para iniciantes e encontre o companheiro ideal para sua primeira experi\u00eancia com pets!","jnews-multi-image_gallery":[],"jnews_single_post":{"format":"standard"},"jnews_primary_category":[],"jnews_social_meta":[],"jnews_override_counter":[],"footnotes":""},"categories":[112],"post_tag":[230,1977,378,144,1008],"class_list":["post-141854","post","type-post","status-publish","format-standard","has-post-thumbnail","hentry","category-curiosidades","tag-animais","tag-animais-de-estimacao","tag-cachorro","tag-curiosidades","tag-pets"],"yoast_head":"<!-- This site is optimized with the Yoast SEO plugin v24.6 - https:\/\/yoast.com\/wordpress\/plugins\/seo\/ -->\n<title>As 3 ra\u00e7as de c\u00e3es perfeitas para donos de primeira viagem<\/title>\n<meta name=\"description\" content=\"Descubra as 3 melhores ra\u00e7as de c\u00e3es para iniciantes e encontre o companheiro ideal para sua primeira experi\u00eancia com pets!\" \/>\n<meta name=\"robots\" content=\"index, follow, max-snippet:-1, max-image-preview:large, max-video-preview:-1\" \/>\n<link rel=\"canonical\" href=\"https:\/\/www.correiobraziliense.com.br\/cbradar\/as-3-racas-de-caes-perfeitas-para-donos-de-primeira-viagem\/\" \/>\n<meta property=\"og:locale\" content=\"pt_BR\" \/>\n<meta property=\"og:type\" content=\"article\" \/>\n<meta property=\"og:title\" content=\"As 3 ra\u00e7as de c\u00e3es perfeitas para donos de primeira viagem\" \/>\n<meta property=\"og:description\" content=\"Descubra as 3 melhores ra\u00e7as de c\u00e3es para iniciantes e encontre o companheiro ideal para sua primeira experi\u00eancia com pets!\" \/>\n<meta property=\"og:url\" content=\"https:\/\/www.correiobraziliense.com.br\/cbradar\/as-3-racas-de-caes-perfeitas-para-donos-de-primeira-viagem\/\" \/>\n<meta property=\"og:site_name\" content=\"Correio Braziliense - Radar\" \/>\n<meta property=\"article:published_time\" content=\"2025-11-23T23:35:00+00:00\" \/>\n<meta property=\"article:modified_time\" content=\"2025-11-23T23:55:28+00:00\" \/>\n<meta property=\"og:image\" content=\"https:\/\/www.correiobraziliense.com.br\/cbradar\/wp-content\/uploads\/2025\/11\/shih-tzu_1763731382207.jpg\" \/>\n\t<meta property=\"og:image:width\" content=\"1280\" \/>\n\t<meta property=\"og:image:height\" content=\"720\" \/>\n\t<meta property=\"og:image:type\" content=\"image\/jpeg\" \/>\n<meta name=\"author\" content=\"Larissa Carvalho\" \/>\n<meta name=\"twitter:card\" content=\"summary_large_image\" \/>\n<meta name=\"twitter:label1\" content=\"Escrito por\" \/>\n\t<meta name=\"twitter:data1\" content=\"Larissa Carvalho\" \/>\n\t<meta name=\"twitter:label2\" content=\"Est. tempo de leitura\" \/>\n\t<meta name=\"twitter:data2\" content=\"4 minutos\" \/>\n<!-- \/ Yoast SEO plugin. -->","yoast_head_json":{"title":"As 3 ra\u00e7as de c\u00e3es perfeitas para donos de primeira viagem","description":"Descubra as 3 melhores ra\u00e7as de c\u00e3es para iniciantes e encontre o companheiro ideal para sua primeira experi\u00eancia com pets!","robots":{"index":"index","follow":"follow","max-snippet":"max-snippet:-1","max-image-preview":"max-image-preview:large","max-video-preview":"max-video-preview:-1"},"canonical":"https:\/\/www.correiobraziliense.com.br\/cbradar\/as-3-racas-de-caes-perfeitas-para-donos-de-primeira-viagem\/","og_locale":"pt_BR","og_type":"article","og_title":"As 3 ra\u00e7as de c\u00e3es perfeitas para donos de primeira viagem","og_description":"Descubra as 3 melhores ra\u00e7as de c\u00e3es para iniciantes e encontre o companheiro ideal para sua primeira experi\u00eancia com pets!","og_url":"https:\/\/www.correiobraziliense.com.br\/cbradar\/as-3-racas-de-caes-perfeitas-para-donos-de-primeira-viagem\/","og_site_name":"Correio Braziliense - Radar","article_published_time":"2025-11-23T23:35:00+00:00","article_modified_time":"2025-11-23T23:55:28+00:00","og_image":[{"width":1280,"height":720,"url":"https:\/\/www.correiobraziliense.com.br\/cbradar\/wp-content\/uploads\/2025\/11\/shih-tzu_1763731382207.jpg","type":"image\/jpeg"}],"author":"Larissa Carvalho","twitter_card":"summary_large_image","twitter_misc":{"Escrito por":"Larissa Carvalho","Est. tempo de leitura":"4 minutos"},"schema":{"@context":"https:\/\/schema.org","@graph":[{"@type":"WebPage","@id":"https:\/\/www.correiobraziliense.com.br\/cbradar\/as-3-racas-de-caes-perfeitas-para-donos-de-primeira-viagem\/","url":"https:\/\/www.correiobraziliense.com.br\/cbradar\/as-3-racas-de-caes-perfeitas-para-donos-de-primeira-viagem\/","name":"As 3 ra\u00e7as de c\u00e3es perfeitas para donos de primeira viagem","isPartOf":{"@id":"https:\/\/www.correiobraziliense.com.br\/cbradar\/#website"},"primaryImageOfPage":{"@id":"https:\/\/www.correiobraziliense.com.br\/cbradar\/as-3-racas-de-caes-perfeitas-para-donos-de-primeira-viagem\/#primaryimage"},"image":{"@id":"https:\/\/www.correiobraziliense.com.br\/cbradar\/as-3-racas-de-caes-perfeitas-para-donos-de-primeira-viagem\/#primaryimage"},"thumbnailUrl":"https:\/\/www.correiobraziliense.com.br\/cbradar\/wp-content\/uploads\/2025\/11\/shih-tzu_1763731382207.jpg","datePublished":"2025-11-23T23:35:00+00:00","dateModified":"2025-11-23T23:55:28+00:00","author":{"@id":"https:\/\/www.correiobraziliense.com.br\/cbradar\/#\/schema\/person\/58422787644df994b53a19d3e56c1513"},"description":"Descubra as 3 melhores ra\u00e7as de c\u00e3es para iniciantes e encontre o companheiro ideal para sua primeira experi\u00eancia com pets!","breadcrumb":{"@id":"https:\/\/www.correiobraziliense.com.br\/cbradar\/as-3-racas-de-caes-perfeitas-para-donos-de-primeira-viagem\/#breadcrumb"},"inLanguage":"pt-BR","potentialAction":[{"@type":"ReadAction","target":["https:\/\/www.correiobraziliense.com.br\/cbradar\/as-3-racas-de-caes-perfeitas-para-donos-de-primeira-viagem\/"]}]},{"@type":"ImageObject","inLanguage":"pt-BR","@id":"https:\/\/www.correiobraziliense.com.br\/cbradar\/as-3-racas-de-caes-perfeitas-para-donos-de-primeira-viagem\/#primaryimage","url":"https:\/\/www.correiobraziliense.com.br\/cbradar\/wp-content\/uploads\/2025\/11\/shih-tzu_1763731382207.jpg","contentUrl":"https:\/\/www.correiobraziliense.com.br\/cbradar\/wp-content\/uploads\/2025\/11\/shih-tzu_1763731382207.jpg","width":1280,"height":720,"caption":"Adote um c\u00e3o parceiro e amig\u00e1vel, perfeito para quem busca afeto e f\u00e1cil conviv\u00eancia. Cr\u00e9ditos: depositphotos.com \/ Artem_Soul"},{"@type":"BreadcrumbList","@id":"https:\/\/www.correiobraziliense.com.br\/cbradar\/as-3-racas-de-caes-perfeitas-para-donos-de-primeira-viagem\/#breadcrumb","itemListElement":[{"@type":"ListItem","position":1,"name":"In\u00edcio","item":"https:\/\/www.correiobraziliense.com.br\/cbradar\/"},{"@type":"ListItem","position":2,"name":"As 3 ra\u00e7as de c\u00e3es perfeitas para donos de primeira viagem"}]},{"@type":"WebSite","@id":"https:\/\/www.correiobraziliense.com.br\/cbradar\/#website","url":"https:\/\/www.correiobraziliense.com.br\/cbradar\/","name":"Correio Braziliense - Radar","description":"Acompanhe as \u00faltimas not\u00edcias e fique bem informado sobre tudo o que acontece no Brasil e no mundo.","potentialAction":[{"@type":"SearchAction","target":{"@type":"EntryPoint","urlTemplate":"https:\/\/www.correiobraziliense.com.br\/cbradar\/?s={search_term_string}"},"query-input":{"@type":"PropertyValueSpecification","valueRequired":true,"valueName":"search_term_string"}}],"inLanguage":"pt-BR"},{"@type":"Person","@id":"https:\/\/www.correiobraziliense.com.br\/cbradar\/#\/schema\/person\/58422787644df994b53a19d3e56c1513","name":"Larissa Carvalho","image":{"@type":"ImageObject","inLanguage":"pt-BR","@id":"https:\/\/www.correiobraziliense.com.br\/cbradar\/#\/schema\/person\/image\/","url":"https:\/\/secure.gravatar.com\/avatar\/fe4f91a0de32b52a838d0d612abdc1aa?s=96&d=mm&r=g","contentUrl":"https:\/\/secure.gravatar.com\/avatar\/fe4f91a0de32b52a838d0d612abdc1aa?s=96&d=mm&r=g","caption":"Larissa Carvalho"},"url":"https:\/\/www.correiobraziliense.com.br\/cbradar\/author\/larissamyth\/"}]}},"_links":{"self":[{"href":"https:\/\/www.correiobraziliense.com.br\/cbradar\/wp-json\/wp\/v2\/posts\/141854","targetHints":{"allow":["GET"]}}],"collection":[{"href":"https:\/\/www.correiobraziliense.com.br\/cbradar\/wp-json\/wp\/v2\/posts"}],"about":[{"href":"https:\/\/www.correiobraziliense.com.br\/cbradar\/wp-json\/wp\/v2\/types\/post"}],"author":[{"embeddable":true,"href":"https:\/\/www.correiobraziliense.com.br\/cbradar\/wp-json\/wp\/v2\/users\/3"}],"replies":[{"embeddable":true,"href":"https:\/\/www.correiobraziliense.com.br\/cbradar\/wp-json\/wp\/v2\/comments?post=141854"}],"version-history":[{"count":2,"href":"https:\/\/www.correiobraziliense.com.br\/cbradar\/wp-json\/wp\/v2\/posts\/141854\/revisions"}],"predecessor-version":[{"id":141861,"href":"https:\/\/www.correiobraziliense.com.br\/cbradar\/wp-json\/wp\/v2\/posts\/141854\/revisions\/141861"}],"wp:featuredmedia":[{"embeddable":true,"href":"https:\/\/www.correiobraziliense.com.br\/cbradar\/wp-json\/wp\/v2\/media\/141858"}],"wp:attachment":[{"href":"https:\/\/www.correiobraziliense.com.br\/cbradar\/wp-json\/wp\/v2\/media?parent=141854"}],"wp:term":[{"taxonomy":"category","embeddable":true,"href":"https:\/\/www.correiobraziliense.com.br\/cbradar\/wp-json\/wp\/v2\/categories?post=141854"},{"taxonomy":"post_tag","embeddable":true,"href":"https:\/\/www.correiobraziliense.com.br\/cbradar\/wp-json\/wp\/v2\/post_tag?post=141854"}],"curies":[{"name":"wp","href":"https:\/\/api.w.org\/{rel}","templated":true}]}}