{"id":14186,"date":"2025-03-21T20:10:00","date_gmt":"2025-03-21T23:10:00","guid":{"rendered":"https:\/\/www.correiobraziliense.com.br\/cbradar\/?p=14186"},"modified":"2025-03-20T17:27:44","modified_gmt":"2025-03-20T20:27:44","slug":"o-vilarejo-onde-todas-as-casas-sao-pintadas-de-branco-para-espantar-o-calor","status":"publish","type":"post","link":"https:\/\/www.correiobraziliense.com.br\/cbradar\/o-vilarejo-onde-todas-as-casas-sao-pintadas-de-branco-para-espantar-o-calor\/","title":{"rendered":"O vilarejo onde todas as casas s\u00e3o pintadas de branco para espantar o calor"},"content":{"rendered":"\n<p>No sul de <strong>Espanha<\/strong>, entre montanhas e o mar mediterr\u00e2neo, existe um vilarejo que parece ter sa\u00eddo de um cart\u00e3o-postal: <strong>Mijas<\/strong>. Suas <strong>casas brancas<\/strong> n\u00e3o s\u00e3o apenas um charme avan\u00e7ado, mas tamb\u00e9m uma estrat\u00e9gia antiga para <strong>refrescar o meio ambiente e combater o calor intenso do ver\u00e3o andaluz<\/strong>.<\/p>\n\n\n\n<h2 class=\"wp-block-heading\">Por que todas as casas de Mijas s\u00e3o brancas?<\/h2>\n\n\n\n<p>A <strong>Andaluzia<\/strong>, regi\u00e3o onde fica Mijas, \u00e9 conhecida pelas suas ver\u00f5es extremamente quentes, com temperaturas que frequentemente ultrapassam os <strong>40\u202f\u00b0C<\/strong>. Para lidar com esse calor, os habitantes adotaram um <strong>truque inteligente simples, mas eficaz<\/strong>: pintar todas as casas de branco.<\/p>\n\n\n\n<p>Essa pr\u00e1tica funciona porque:<\/p>\n\n\n\n<ul class=\"wp-block-list\">\n<li><strong>O branco reflete a luz do sol<\/strong>, absorvendo a absor\u00e7\u00e3o de calor pelas paredes.<\/li>\n\n\n\n<li><strong>As casas mant\u00eam o interior mais fresco<\/strong>, tornando o ambiente mais confort\u00e1vel sem necessidade de ventila\u00e7\u00e3o for\u00e7ada.<\/li>\n\n\n\n<li><strong>A umidade retida nas paredes ajuda a manter o clima mais agrad\u00e1vel<\/strong>, principalmente nas casas mais antigas, feitas de pedra e barro.<\/li>\n<\/ul>\n\n\n\n<p>Essa tradi\u00e7\u00e3o vem de s\u00e9culos atr\u00e1s e se manteve por toda a Andaluzia, criando os famosos <strong>&#8220;Pueblos Blancos&#8221;<\/strong> (vilarejos brancos), entre eles Mijas.<\/p>\n\n\n\n<figure class=\"wp-block-image size-large\"><img decoding=\"async\" width=\"1024\" height=\"576\" src=\"https:\/\/www.correiobraziliense.com.br\/cbradar\/wp-content\/uploads\/2025\/03\/Mijas_1742475096827-1024x576.jpg\" alt=\"O vilarejo onde todas as casas s\u00e3o pintadas de branco para espantar o calor\" class=\"wp-image-14189\" srcset=\"https:\/\/www.correiobraziliense.com.br\/cbradar\/wp-content\/uploads\/2025\/03\/Mijas_1742475096827-1024x576.jpg 1024w, https:\/\/www.correiobraziliense.com.br\/cbradar\/wp-content\/uploads\/2025\/03\/Mijas_1742475096827-300x169.jpg 300w, https:\/\/www.correiobraziliense.com.br\/cbradar\/wp-content\/uploads\/2025\/03\/Mijas_1742475096827-768x432.jpg 768w, https:\/\/www.correiobraziliense.com.br\/cbradar\/wp-content\/uploads\/2025\/03\/Mijas_1742475096827-750x422.jpg 750w, https:\/\/www.correiobraziliense.com.br\/cbradar\/wp-content\/uploads\/2025\/03\/Mijas_1742475096827-1140x641.jpg 1140w, https:\/\/www.correiobraziliense.com.br\/cbradar\/wp-content\/uploads\/2025\/03\/Mijas_1742475096827.jpg 1280w\" sizes=\"(max-width: 1024px) 100vw, 1024px\" \/><figcaption class=\"wp-element-caption\">Mijas. Cr\u00e9ditos: depositphotos.com \/ Aitormmfoto<\/figcaption><\/figure>\n\n\n\n<h2 class=\"wp-block-heading\">O que torna Mijas especial?<\/h2>\n\n\n\n<p>Al\u00e9m de seu visual deslumbrante, Mijas tem caracter\u00edsticas que a diferenciam de outras cidades brancas da Espanha:<\/p>\n\n\n\n<ul class=\"wp-block-list\">\n<li><strong>Casas constru\u00eddas na encosta de montanhas<\/strong>, criando um cen\u00e1rio incr\u00edvel com vista para o mar.<\/li>\n\n\n\n<li><strong>Ruazinhas estreitas e floridas<\/strong>, perfeitas para passeios a p\u00e9.<\/li>\n\n\n\n<li><strong>Burro-t\u00e1xis<\/strong>, um meio de transporte tradicional usado desde o s\u00e9culo XX.<\/li>\n\n\n\n<li><strong>Mirantes espetaculares<\/strong>, de onde se pode ver toda a Costa del Sol.<\/li>\n<\/ul>\n\n\n\n<p>Mijas combina <strong>hist\u00f3ria, tradi\u00e7\u00e3o e beleza<\/strong>, sendo um dos destinos mais encantadores de Espanha.<\/p>\n\n\n\n<h2 class=\"wp-block-heading\">Curiosidades sobre Mijas<\/h2>\n\n\n\n<ul class=\"wp-block-list\">\n<li><strong>A tradi\u00e7\u00e3o de pintar as casas de branco \u00e9 renovada todo ano, garantindo que a cidade mantenha seu visual ic\u00f4nico.<\/strong><\/li>\n\n\n\n<li><strong>Mijas \u00e9 dividida em duas partes: Mijas Pueblo (a parte hist\u00f3rica na montanha) e Mijas Costa (a parte moderna \u00e0 beira-mar).<\/strong><\/li>\n\n\n\n<li><strong>O vilarejo tem influ\u00eancias mouriscas, vis\u00edveis na arquitetura e na disposi\u00e7\u00e3o das casas.<\/strong><\/li>\n\n\n\n<li><strong>Os famosos &#8220;Burro-T\u00e1xis&#8221; surgiram porque os turistas pediam para andar nos burros dos trabalhadores locais.<\/strong><\/li>\n\n\n\n<li><strong>Mijas \u00e9 considerada uma das cidades mais bonitas da Andaluzia.<\/strong><\/li>\n<\/ul>\n\n\n\n<p>Com suas casas brancas desgastadas, ruas floridas e clima mediterr\u00e2neo, <strong>Mijas \u00e9 um verdadeiro tesouro espanhol<\/strong>, onde a tradi\u00e7\u00e3o se mant\u00e9m viva para enfrentar o calor de forma natural e encantadora.<\/p>\n","protected":false},"excerpt":{"rendered":"<p>Na Espanha, um vilarejo inteiro pinta suas casas de branco para combater o calor extremo. Descubra Mijas, um dos famosos &#8220;Pueblos Blancos&#8221;!<\/p>\n","protected":false},"author":3,"featured_media":14188,"comment_status":"open","ping_status":"open","sticky":false,"template":"","format":"standard","meta":{"_yoast_wpseo_focuskw":"vilarejo casas branco","_yoast_wpseo_title":"%%title%%","_yoast_wpseo_metadesc":"Na Espanha, um vilarejo inteiro pinta suas casas de branco para combater o calor extremo. Descubra Mijas, um dos famosos \"Pueblos Blancos\"!","jnews-multi-image_gallery":[],"jnews_single_post":{"format":"standard"},"jnews_primary_category":[],"jnews_social_meta":[],"jnews_override_counter":[],"footnotes":""},"categories":[108],"tags":[109],"class_list":["post-14186","post","type-post","status-publish","format-standard","has-post-thumbnail","hentry","category-cidades","tag-cidades"],"yoast_head":"<!-- This site is optimized with the Yoast SEO plugin v24.6 - https:\/\/yoast.com\/wordpress\/plugins\/seo\/ -->\n<title>O vilarejo onde todas as casas s\u00e3o pintadas de branco para espantar o calor<\/title>\n<meta name=\"description\" content=\"Na Espanha, um vilarejo inteiro pinta suas casas de branco para combater o calor extremo. Descubra Mijas, um dos famosos &quot;Pueblos Blancos&quot;!\" \/>\n<meta name=\"robots\" content=\"index, follow, max-snippet:-1, max-image-preview:large, max-video-preview:-1\" \/>\n<link rel=\"canonical\" href=\"https:\/\/www.correiobraziliense.com.br\/cbradar\/o-vilarejo-onde-todas-as-casas-sao-pintadas-de-branco-para-espantar-o-calor\/\" \/>\n<meta property=\"og:locale\" content=\"pt_BR\" \/>\n<meta property=\"og:type\" content=\"article\" \/>\n<meta property=\"og:title\" content=\"O vilarejo onde todas as casas s\u00e3o pintadas de branco para espantar o calor\" \/>\n<meta property=\"og:description\" content=\"Na Espanha, um vilarejo inteiro pinta suas casas de branco para combater o calor extremo. Descubra Mijas, um dos famosos &quot;Pueblos Blancos&quot;!\" \/>\n<meta property=\"og:url\" content=\"https:\/\/www.correiobraziliense.com.br\/cbradar\/o-vilarejo-onde-todas-as-casas-sao-pintadas-de-branco-para-espantar-o-calor\/\" \/>\n<meta property=\"og:site_name\" content=\"Correio Braziliense - Radar\" \/>\n<meta property=\"article:published_time\" content=\"2025-03-21T23:10:00+00:00\" \/>\n<meta property=\"og:image\" content=\"https:\/\/www.correiobraziliense.com.br\/cbradar\/wp-content\/uploads\/2025\/03\/Mijas_1742475064552.jpg\" \/>\n\t<meta property=\"og:image:width\" content=\"1280\" \/>\n\t<meta property=\"og:image:height\" content=\"720\" \/>\n\t<meta property=\"og:image:type\" content=\"image\/jpeg\" \/>\n<meta name=\"author\" content=\"Larissa Carvalho\" \/>\n<meta name=\"twitter:card\" content=\"summary_large_image\" \/>\n<meta name=\"twitter:label1\" content=\"Escrito por\" \/>\n\t<meta name=\"twitter:data1\" content=\"Larissa Carvalho\" \/>\n\t<meta name=\"twitter:label2\" content=\"Est. tempo de leitura\" \/>\n\t<meta name=\"twitter:data2\" content=\"3 minutos\" \/>\n<!-- \/ Yoast SEO plugin. -->","yoast_head_json":{"title":"O vilarejo onde todas as casas s\u00e3o pintadas de branco para espantar o calor","description":"Na Espanha, um vilarejo inteiro pinta suas casas de branco para combater o calor extremo. Descubra Mijas, um dos famosos \"Pueblos Blancos\"!","robots":{"index":"index","follow":"follow","max-snippet":"max-snippet:-1","max-image-preview":"max-image-preview:large","max-video-preview":"max-video-preview:-1"},"canonical":"https:\/\/www.correiobraziliense.com.br\/cbradar\/o-vilarejo-onde-todas-as-casas-sao-pintadas-de-branco-para-espantar-o-calor\/","og_locale":"pt_BR","og_type":"article","og_title":"O vilarejo onde todas as casas s\u00e3o pintadas de branco para espantar o calor","og_description":"Na Espanha, um vilarejo inteiro pinta suas casas de branco para combater o calor extremo. Descubra Mijas, um dos famosos \"Pueblos Blancos\"!","og_url":"https:\/\/www.correiobraziliense.com.br\/cbradar\/o-vilarejo-onde-todas-as-casas-sao-pintadas-de-branco-para-espantar-o-calor\/","og_site_name":"Correio Braziliense - Radar","article_published_time":"2025-03-21T23:10:00+00:00","og_image":[{"width":1280,"height":720,"url":"https:\/\/www.correiobraziliense.com.br\/cbradar\/wp-content\/uploads\/2025\/03\/Mijas_1742475064552.jpg","type":"image\/jpeg"}],"author":"Larissa Carvalho","twitter_card":"summary_large_image","twitter_misc":{"Escrito por":"Larissa Carvalho","Est. tempo de leitura":"3 minutos"},"schema":{"@context":"https:\/\/schema.org","@graph":[{"@type":"WebPage","@id":"https:\/\/www.correiobraziliense.com.br\/cbradar\/o-vilarejo-onde-todas-as-casas-sao-pintadas-de-branco-para-espantar-o-calor\/","url":"https:\/\/www.correiobraziliense.com.br\/cbradar\/o-vilarejo-onde-todas-as-casas-sao-pintadas-de-branco-para-espantar-o-calor\/","name":"O vilarejo onde todas as casas s\u00e3o pintadas de branco para espantar o calor","isPartOf":{"@id":"https:\/\/www.correiobraziliense.com.br\/cbradar\/#website"},"primaryImageOfPage":{"@id":"https:\/\/www.correiobraziliense.com.br\/cbradar\/o-vilarejo-onde-todas-as-casas-sao-pintadas-de-branco-para-espantar-o-calor\/#primaryimage"},"image":{"@id":"https:\/\/www.correiobraziliense.com.br\/cbradar\/o-vilarejo-onde-todas-as-casas-sao-pintadas-de-branco-para-espantar-o-calor\/#primaryimage"},"thumbnailUrl":"https:\/\/www.correiobraziliense.com.br\/cbradar\/wp-content\/uploads\/2025\/03\/Mijas_1742475064552.jpg","datePublished":"2025-03-21T23:10:00+00:00","author":{"@id":"https:\/\/www.correiobraziliense.com.br\/cbradar\/#\/schema\/person\/58422787644df994b53a19d3e56c1513"},"description":"Na Espanha, um vilarejo inteiro pinta suas casas de branco para combater o calor extremo. Descubra Mijas, um dos famosos \"Pueblos Blancos\"!","breadcrumb":{"@id":"https:\/\/www.correiobraziliense.com.br\/cbradar\/o-vilarejo-onde-todas-as-casas-sao-pintadas-de-branco-para-espantar-o-calor\/#breadcrumb"},"inLanguage":"pt-BR","potentialAction":[{"@type":"ReadAction","target":["https:\/\/www.correiobraziliense.com.br\/cbradar\/o-vilarejo-onde-todas-as-casas-sao-pintadas-de-branco-para-espantar-o-calor\/"]}]},{"@type":"ImageObject","inLanguage":"pt-BR","@id":"https:\/\/www.correiobraziliense.com.br\/cbradar\/o-vilarejo-onde-todas-as-casas-sao-pintadas-de-branco-para-espantar-o-calor\/#primaryimage","url":"https:\/\/www.correiobraziliense.com.br\/cbradar\/wp-content\/uploads\/2025\/03\/Mijas_1742475064552.jpg","contentUrl":"https:\/\/www.correiobraziliense.com.br\/cbradar\/wp-content\/uploads\/2025\/03\/Mijas_1742475064552.jpg","width":1280,"height":720,"caption":"Mijas. Cr\u00e9ditos: depositphotos.com \/ plrang"},{"@type":"BreadcrumbList","@id":"https:\/\/www.correiobraziliense.com.br\/cbradar\/o-vilarejo-onde-todas-as-casas-sao-pintadas-de-branco-para-espantar-o-calor\/#breadcrumb","itemListElement":[{"@type":"ListItem","position":1,"name":"In\u00edcio","item":"https:\/\/www.correiobraziliense.com.br\/cbradar\/"},{"@type":"ListItem","position":2,"name":"O vilarejo onde todas as casas s\u00e3o pintadas de branco para espantar o calor"}]},{"@type":"WebSite","@id":"https:\/\/www.correiobraziliense.com.br\/cbradar\/#website","url":"https:\/\/www.correiobraziliense.com.br\/cbradar\/","name":"Correio Braziliense - Radar","description":"Acompanhe as \u00faltimas not\u00edcias e fique bem informado sobre tudo o que acontece no Brasil e no mundo.","potentialAction":[{"@type":"SearchAction","target":{"@type":"EntryPoint","urlTemplate":"https:\/\/www.correiobraziliense.com.br\/cbradar\/?s={search_term_string}"},"query-input":{"@type":"PropertyValueSpecification","valueRequired":true,"valueName":"search_term_string"}}],"inLanguage":"pt-BR"},{"@type":"Person","@id":"https:\/\/www.correiobraziliense.com.br\/cbradar\/#\/schema\/person\/58422787644df994b53a19d3e56c1513","name":"Larissa Carvalho","image":{"@type":"ImageObject","inLanguage":"pt-BR","@id":"https:\/\/www.correiobraziliense.com.br\/cbradar\/#\/schema\/person\/image\/","url":"https:\/\/secure.gravatar.com\/avatar\/fe4f91a0de32b52a838d0d612abdc1aa?s=96&d=mm&r=g","contentUrl":"https:\/\/secure.gravatar.com\/avatar\/fe4f91a0de32b52a838d0d612abdc1aa?s=96&d=mm&r=g","caption":"Larissa Carvalho"},"url":"https:\/\/www.correiobraziliense.com.br\/cbradar\/author\/larissamyth\/"}]}},"_links":{"self":[{"href":"https:\/\/www.correiobraziliense.com.br\/cbradar\/wp-json\/wp\/v2\/posts\/14186","targetHints":{"allow":["GET"]}}],"collection":[{"href":"https:\/\/www.correiobraziliense.com.br\/cbradar\/wp-json\/wp\/v2\/posts"}],"about":[{"href":"https:\/\/www.correiobraziliense.com.br\/cbradar\/wp-json\/wp\/v2\/types\/post"}],"author":[{"embeddable":true,"href":"https:\/\/www.correiobraziliense.com.br\/cbradar\/wp-json\/wp\/v2\/users\/3"}],"replies":[{"embeddable":true,"href":"https:\/\/www.correiobraziliense.com.br\/cbradar\/wp-json\/wp\/v2\/comments?post=14186"}],"version-history":[{"count":1,"href":"https:\/\/www.correiobraziliense.com.br\/cbradar\/wp-json\/wp\/v2\/posts\/14186\/revisions"}],"predecessor-version":[{"id":14190,"href":"https:\/\/www.correiobraziliense.com.br\/cbradar\/wp-json\/wp\/v2\/posts\/14186\/revisions\/14190"}],"wp:featuredmedia":[{"embeddable":true,"href":"https:\/\/www.correiobraziliense.com.br\/cbradar\/wp-json\/wp\/v2\/media\/14188"}],"wp:attachment":[{"href":"https:\/\/www.correiobraziliense.com.br\/cbradar\/wp-json\/wp\/v2\/media?parent=14186"}],"wp:term":[{"taxonomy":"category","embeddable":true,"href":"https:\/\/www.correiobraziliense.com.br\/cbradar\/wp-json\/wp\/v2\/categories?post=14186"},{"taxonomy":"post_tag","embeddable":true,"href":"https:\/\/www.correiobraziliense.com.br\/cbradar\/wp-json\/wp\/v2\/tags?post=14186"}],"curies":[{"name":"wp","href":"https:\/\/api.w.org\/{rel}","templated":true}]}}