{"id":14195,"date":"2025-03-21T22:50:00","date_gmt":"2025-03-22T01:50:00","guid":{"rendered":"https:\/\/www.correiobraziliense.com.br\/cbradar\/?p=14195"},"modified":"2025-03-21T08:41:36","modified_gmt":"2025-03-21T11:41:36","slug":"conheca-o-vilarejo-onde-as-casas-sao-todas-cobertas-de-grama","status":"publish","type":"post","link":"https:\/\/www.correiobraziliense.com.br\/cbradar\/conheca-o-vilarejo-onde-as-casas-sao-todas-cobertas-de-grama\/","title":{"rendered":"Conhe\u00e7a o vilarejo onde as casas s\u00e3o todas cobertas de grama"},"content":{"rendered":"\n<p>Em meio \u00e0s paisagens remotas e deslumbrantes das <strong>Ilhas Faro\u00e9<\/strong>, existe um pequeno vilarejo que parece ter sa\u00eddo de um conto de fadas: <strong>Saksun<\/strong>. O que torna esse lugar t\u00e3o especial? <strong>Todas as casas t\u00eam telhados cobertos de grama<\/strong>, uma tradi\u00e7\u00e3o que mistura sustentabilidade e cultura ancestral.<\/p>\n\n\n\n<h2 class=\"wp-block-heading\">Por que as casas de Saksun t\u00eam telhados de grama?<\/h2>\n\n\n\n<p>Os telhados de grama n\u00e3o s\u00e3o apenas um detalhe est\u00e9tico, mas uma <strong>solu\u00e7\u00e3o pr\u00e1tica e sustent\u00e1vel<\/strong> usada h\u00e1 s\u00e9culos nos pa\u00edses n\u00f3rdicos. Os motivos para essa escolha incluem:<\/p>\n\n\n\n<ul class=\"wp-block-list\">\n<li><strong>Isolamento t\u00e9rmico natural: um<\/strong>a camada de grama ajuda a manter o calor dentro das casas no inverno e mant\u00e9m o frescor no ver\u00e3o.<\/li>\n\n\n\n<li><strong>Prote\u00e7\u00e3o contra ventos fortes<\/strong>: oclima das Ilhas Faro\u00e9 \u00e9 marcado por <strong>ventos intensos<\/strong>, e a gramatura \u00e9 como um peso extra para evitar danos ao telhado.<\/li>\n\n\n\n<li><strong>Baixa manuten\u00e7\u00e3o<\/strong>: diferentes de telhados convencionais, os de grama duram d\u00e9cadas sem necessidade de grandes reparos.<\/li>\n\n\n\n<li><strong>Sustentabilidade<\/strong>: Os telhados verdes ajudam a absorver CO\u2082 e abaixo para o equil\u00edbrio ecol\u00f3gico da regi\u00e3o.<\/li>\n<\/ul>\n\n\n\n<p>Essa tradi\u00e7\u00e3o vem desde a <strong>Era Viking<\/strong>, e a Saksun mant\u00e9m essa heran\u00e7a viva at\u00e9 hoje, tornando-se um dos vilarejos mais pitorescos das <strong>Ilhas Faro\u00e9<\/strong>.<\/p>\n\n\n\n<figure class=\"wp-block-image size-large\"><img decoding=\"async\" width=\"1024\" height=\"576\" src=\"https:\/\/www.correiobraziliense.com.br\/cbradar\/wp-content\/uploads\/2025\/03\/Saksun_1742475416052-1024x576.jpg\" alt=\"Conhe\u00e7a o vilarejo onde as casas s\u00e3o todas cobertas de grama\" class=\"wp-image-14199\" srcset=\"https:\/\/www.correiobraziliense.com.br\/cbradar\/wp-content\/uploads\/2025\/03\/Saksun_1742475416052-1024x576.jpg 1024w, https:\/\/www.correiobraziliense.com.br\/cbradar\/wp-content\/uploads\/2025\/03\/Saksun_1742475416052-300x169.jpg 300w, https:\/\/www.correiobraziliense.com.br\/cbradar\/wp-content\/uploads\/2025\/03\/Saksun_1742475416052-768x432.jpg 768w, https:\/\/www.correiobraziliense.com.br\/cbradar\/wp-content\/uploads\/2025\/03\/Saksun_1742475416052-750x422.jpg 750w, https:\/\/www.correiobraziliense.com.br\/cbradar\/wp-content\/uploads\/2025\/03\/Saksun_1742475416052-1140x641.jpg 1140w, https:\/\/www.correiobraziliense.com.br\/cbradar\/wp-content\/uploads\/2025\/03\/Saksun_1742475416052.jpg 1280w\" sizes=\"(max-width: 1024px) 100vw, 1024px\" \/><figcaption class=\"wp-element-caption\">Saksun. Cr\u00e9ditos: depositphotos.com \/ miroslav_1<\/figcaption><\/figure>\n\n\n\n<h2 class=\"wp-block-heading\">Como \u00e9 a vida em Saksun?<\/h2>\n\n\n\n<p>Com menos de <strong>50 habitantes<\/strong>, Saksun \u00e9 um dos vilarejos mais isolados das Ilhas Faro\u00e9. No entanto, isso faz parte do seu charme, e quem visita o local encontra:<\/p>\n\n\n\n<ul class=\"wp-block-list\">\n<li><strong>Casas tradicionais com telhados de grama<\/strong>, cercadas por montanhas e fiordes.<\/li>\n\n\n\n<li><strong>Uma igreja hist\u00f3rica do s\u00e9culo XVIII<\/strong>, um dos pontos mais ic\u00f4nicos do vilarejo.<\/li>\n\n\n\n<li><strong>Paisagens intocadas<\/strong>, perfeitas para trilhas e observa\u00e7\u00e3o da natureza.<\/li>\n\n\n\n<li><strong>Um sil\u00eancio absoluto<\/strong>, quebrado apenas pelo som do vento e das ondas do fiorde pr\u00f3ximo.<\/li>\n<\/ul>\n\n\n\n<p>Mesmo sendo um lugar remoto, Saksun atrai viajantes em busca de um ref\u00fagio tranquilo e de um contato aut\u00eantico com a natureza.<\/p>\n\n\n\n<h2 class=\"wp-block-heading\">Curiosidades sobre Saksun<\/h2>\n\n\n\n<ul class=\"wp-block-list\">\n<li><strong>Os telhados de grama das casas precisam ser \u201ccortados\u201d regularmente, como um jardim.<\/strong><\/li>\n\n\n\n<li><strong>O vilarejo era originalmente um porto natural, mas o fiorde foi bloqueado por uma tempestade de areia.<\/strong><\/li>\n\n\n\n<li><strong>As Ilhas Faro\u00e9 s\u00e3o famosas pela sua popula\u00e7\u00e3o de carneiros, que muitas vezes s\u00e3o vistos pastando nos telhados das casas.<\/strong><\/li>\n\n\n\n<li><strong>O turismo tem crescido na regi\u00e3o, mas Saksun ainda mant\u00e9m seu ar intocado e aut\u00eantico.<\/strong><\/li>\n\n\n\n<li><strong>As casas de grama foram inspiradas nas antigas habita\u00e7\u00f5es vikings, usadas h\u00e1 mais de mil anos.<\/strong><\/li>\n<\/ul>\n\n\n\n<p>Saksun \u00e9 um dos lugares mais fascinantes do mundo, onde tradi\u00e7\u00e3o e sustentabilidade andam lado a lado, criando um cen\u00e1rio \u00fanico e inesquec\u00edvel.<\/p>\n","protected":false},"excerpt":{"rendered":"<p>Um vilarejo remoto mant\u00e9m uma tradi\u00e7\u00e3o viking: casas com telhados de grama. Descubra um dos lugares mais pitorescos da Europa!<\/p>\n","protected":false},"author":3,"featured_media":14198,"comment_status":"open","ping_status":"open","sticky":false,"template":"","format":"standard","meta":{"_yoast_wpseo_focuskw":"vilarejo casas cobertas","_yoast_wpseo_title":"%%title%%","_yoast_wpseo_metadesc":"Um vilarejo remoto mant\u00e9m uma tradi\u00e7\u00e3o viking: casas com telhados de grama. Descubra um dos lugares mais pitorescos da Europa!","jnews-multi-image_gallery":[],"jnews_single_post":{"format":"standard"},"jnews_primary_category":[],"jnews_social_meta":[],"jnews_override_counter":[],"footnotes":""},"categories":[108],"tags":[109],"class_list":["post-14195","post","type-post","status-publish","format-standard","has-post-thumbnail","hentry","category-cidades","tag-cidades"],"yoast_head":"<!-- This site is optimized with the Yoast SEO plugin v24.6 - https:\/\/yoast.com\/wordpress\/plugins\/seo\/ -->\n<title>Conhe\u00e7a o vilarejo onde as casas s\u00e3o todas cobertas de grama<\/title>\n<meta name=\"description\" content=\"Um vilarejo remoto mant\u00e9m uma tradi\u00e7\u00e3o viking: casas com telhados de grama. Descubra um dos lugares mais pitorescos da Europa!\" \/>\n<meta name=\"robots\" content=\"index, follow, max-snippet:-1, max-image-preview:large, max-video-preview:-1\" \/>\n<link rel=\"canonical\" href=\"https:\/\/www.correiobraziliense.com.br\/cbradar\/conheca-o-vilarejo-onde-as-casas-sao-todas-cobertas-de-grama\/\" \/>\n<meta property=\"og:locale\" content=\"pt_BR\" \/>\n<meta property=\"og:type\" content=\"article\" \/>\n<meta property=\"og:title\" content=\"Conhe\u00e7a o vilarejo onde as casas s\u00e3o todas cobertas de grama\" \/>\n<meta property=\"og:description\" content=\"Um vilarejo remoto mant\u00e9m uma tradi\u00e7\u00e3o viking: casas com telhados de grama. Descubra um dos lugares mais pitorescos da Europa!\" \/>\n<meta property=\"og:url\" content=\"https:\/\/www.correiobraziliense.com.br\/cbradar\/conheca-o-vilarejo-onde-as-casas-sao-todas-cobertas-de-grama\/\" \/>\n<meta property=\"og:site_name\" content=\"Correio Braziliense - Radar\" \/>\n<meta property=\"article:published_time\" content=\"2025-03-22T01:50:00+00:00\" \/>\n<meta property=\"og:image\" content=\"https:\/\/www.correiobraziliense.com.br\/cbradar\/wp-content\/uploads\/2025\/03\/Saksun_1742475387698.jpg\" \/>\n\t<meta property=\"og:image:width\" content=\"1280\" \/>\n\t<meta property=\"og:image:height\" content=\"720\" \/>\n\t<meta property=\"og:image:type\" content=\"image\/jpeg\" \/>\n<meta name=\"author\" content=\"Larissa Carvalho\" \/>\n<meta name=\"twitter:card\" content=\"summary_large_image\" \/>\n<meta name=\"twitter:label1\" content=\"Escrito por\" \/>\n\t<meta name=\"twitter:data1\" content=\"Larissa Carvalho\" \/>\n\t<meta name=\"twitter:label2\" content=\"Est. tempo de leitura\" \/>\n\t<meta name=\"twitter:data2\" content=\"3 minutos\" \/>\n<!-- \/ Yoast SEO plugin. -->","yoast_head_json":{"title":"Conhe\u00e7a o vilarejo onde as casas s\u00e3o todas cobertas de grama","description":"Um vilarejo remoto mant\u00e9m uma tradi\u00e7\u00e3o viking: casas com telhados de grama. Descubra um dos lugares mais pitorescos da Europa!","robots":{"index":"index","follow":"follow","max-snippet":"max-snippet:-1","max-image-preview":"max-image-preview:large","max-video-preview":"max-video-preview:-1"},"canonical":"https:\/\/www.correiobraziliense.com.br\/cbradar\/conheca-o-vilarejo-onde-as-casas-sao-todas-cobertas-de-grama\/","og_locale":"pt_BR","og_type":"article","og_title":"Conhe\u00e7a o vilarejo onde as casas s\u00e3o todas cobertas de grama","og_description":"Um vilarejo remoto mant\u00e9m uma tradi\u00e7\u00e3o viking: casas com telhados de grama. Descubra um dos lugares mais pitorescos da Europa!","og_url":"https:\/\/www.correiobraziliense.com.br\/cbradar\/conheca-o-vilarejo-onde-as-casas-sao-todas-cobertas-de-grama\/","og_site_name":"Correio Braziliense - Radar","article_published_time":"2025-03-22T01:50:00+00:00","og_image":[{"width":1280,"height":720,"url":"https:\/\/www.correiobraziliense.com.br\/cbradar\/wp-content\/uploads\/2025\/03\/Saksun_1742475387698.jpg","type":"image\/jpeg"}],"author":"Larissa Carvalho","twitter_card":"summary_large_image","twitter_misc":{"Escrito por":"Larissa Carvalho","Est. tempo de leitura":"3 minutos"},"schema":{"@context":"https:\/\/schema.org","@graph":[{"@type":"WebPage","@id":"https:\/\/www.correiobraziliense.com.br\/cbradar\/conheca-o-vilarejo-onde-as-casas-sao-todas-cobertas-de-grama\/","url":"https:\/\/www.correiobraziliense.com.br\/cbradar\/conheca-o-vilarejo-onde-as-casas-sao-todas-cobertas-de-grama\/","name":"Conhe\u00e7a o vilarejo onde as casas s\u00e3o todas cobertas de grama","isPartOf":{"@id":"https:\/\/www.correiobraziliense.com.br\/cbradar\/#website"},"primaryImageOfPage":{"@id":"https:\/\/www.correiobraziliense.com.br\/cbradar\/conheca-o-vilarejo-onde-as-casas-sao-todas-cobertas-de-grama\/#primaryimage"},"image":{"@id":"https:\/\/www.correiobraziliense.com.br\/cbradar\/conheca-o-vilarejo-onde-as-casas-sao-todas-cobertas-de-grama\/#primaryimage"},"thumbnailUrl":"https:\/\/www.correiobraziliense.com.br\/cbradar\/wp-content\/uploads\/2025\/03\/Saksun_1742475387698.jpg","datePublished":"2025-03-22T01:50:00+00:00","author":{"@id":"https:\/\/www.correiobraziliense.com.br\/cbradar\/#\/schema\/person\/58422787644df994b53a19d3e56c1513"},"description":"Um vilarejo remoto mant\u00e9m uma tradi\u00e7\u00e3o viking: casas com telhados de grama. Descubra um dos lugares mais pitorescos da Europa!","breadcrumb":{"@id":"https:\/\/www.correiobraziliense.com.br\/cbradar\/conheca-o-vilarejo-onde-as-casas-sao-todas-cobertas-de-grama\/#breadcrumb"},"inLanguage":"pt-BR","potentialAction":[{"@type":"ReadAction","target":["https:\/\/www.correiobraziliense.com.br\/cbradar\/conheca-o-vilarejo-onde-as-casas-sao-todas-cobertas-de-grama\/"]}]},{"@type":"ImageObject","inLanguage":"pt-BR","@id":"https:\/\/www.correiobraziliense.com.br\/cbradar\/conheca-o-vilarejo-onde-as-casas-sao-todas-cobertas-de-grama\/#primaryimage","url":"https:\/\/www.correiobraziliense.com.br\/cbradar\/wp-content\/uploads\/2025\/03\/Saksun_1742475387698.jpg","contentUrl":"https:\/\/www.correiobraziliense.com.br\/cbradar\/wp-content\/uploads\/2025\/03\/Saksun_1742475387698.jpg","width":1280,"height":720,"caption":"Saksun. Cr\u00e9ditos: depositphotos.com \/ Curioso_Travel_Photography"},{"@type":"BreadcrumbList","@id":"https:\/\/www.correiobraziliense.com.br\/cbradar\/conheca-o-vilarejo-onde-as-casas-sao-todas-cobertas-de-grama\/#breadcrumb","itemListElement":[{"@type":"ListItem","position":1,"name":"In\u00edcio","item":"https:\/\/www.correiobraziliense.com.br\/cbradar\/"},{"@type":"ListItem","position":2,"name":"Conhe\u00e7a o vilarejo onde as casas s\u00e3o todas cobertas de grama"}]},{"@type":"WebSite","@id":"https:\/\/www.correiobraziliense.com.br\/cbradar\/#website","url":"https:\/\/www.correiobraziliense.com.br\/cbradar\/","name":"Correio Braziliense - Radar","description":"Acompanhe as \u00faltimas not\u00edcias e fique bem informado sobre tudo o que acontece no Brasil e no mundo.","potentialAction":[{"@type":"SearchAction","target":{"@type":"EntryPoint","urlTemplate":"https:\/\/www.correiobraziliense.com.br\/cbradar\/?s={search_term_string}"},"query-input":{"@type":"PropertyValueSpecification","valueRequired":true,"valueName":"search_term_string"}}],"inLanguage":"pt-BR"},{"@type":"Person","@id":"https:\/\/www.correiobraziliense.com.br\/cbradar\/#\/schema\/person\/58422787644df994b53a19d3e56c1513","name":"Larissa Carvalho","image":{"@type":"ImageObject","inLanguage":"pt-BR","@id":"https:\/\/www.correiobraziliense.com.br\/cbradar\/#\/schema\/person\/image\/","url":"https:\/\/secure.gravatar.com\/avatar\/fe4f91a0de32b52a838d0d612abdc1aa?s=96&d=mm&r=g","contentUrl":"https:\/\/secure.gravatar.com\/avatar\/fe4f91a0de32b52a838d0d612abdc1aa?s=96&d=mm&r=g","caption":"Larissa Carvalho"},"url":"https:\/\/www.correiobraziliense.com.br\/cbradar\/author\/larissamyth\/"}]}},"_links":{"self":[{"href":"https:\/\/www.correiobraziliense.com.br\/cbradar\/wp-json\/wp\/v2\/posts\/14195","targetHints":{"allow":["GET"]}}],"collection":[{"href":"https:\/\/www.correiobraziliense.com.br\/cbradar\/wp-json\/wp\/v2\/posts"}],"about":[{"href":"https:\/\/www.correiobraziliense.com.br\/cbradar\/wp-json\/wp\/v2\/types\/post"}],"author":[{"embeddable":true,"href":"https:\/\/www.correiobraziliense.com.br\/cbradar\/wp-json\/wp\/v2\/users\/3"}],"replies":[{"embeddable":true,"href":"https:\/\/www.correiobraziliense.com.br\/cbradar\/wp-json\/wp\/v2\/comments?post=14195"}],"version-history":[{"count":1,"href":"https:\/\/www.correiobraziliense.com.br\/cbradar\/wp-json\/wp\/v2\/posts\/14195\/revisions"}],"predecessor-version":[{"id":14200,"href":"https:\/\/www.correiobraziliense.com.br\/cbradar\/wp-json\/wp\/v2\/posts\/14195\/revisions\/14200"}],"wp:featuredmedia":[{"embeddable":true,"href":"https:\/\/www.correiobraziliense.com.br\/cbradar\/wp-json\/wp\/v2\/media\/14198"}],"wp:attachment":[{"href":"https:\/\/www.correiobraziliense.com.br\/cbradar\/wp-json\/wp\/v2\/media?parent=14195"}],"wp:term":[{"taxonomy":"category","embeddable":true,"href":"https:\/\/www.correiobraziliense.com.br\/cbradar\/wp-json\/wp\/v2\/categories?post=14195"},{"taxonomy":"post_tag","embeddable":true,"href":"https:\/\/www.correiobraziliense.com.br\/cbradar\/wp-json\/wp\/v2\/tags?post=14195"}],"curies":[{"name":"wp","href":"https:\/\/api.w.org\/{rel}","templated":true}]}}