{"id":142063,"date":"2025-11-22T09:45:00","date_gmt":"2025-11-22T12:45:00","guid":{"rendered":"https:\/\/www.correiobraziliense.com.br\/cbradar\/?p=142063"},"modified":"2025-11-21T19:48:19","modified_gmt":"2025-11-21T22:48:19","slug":"por-que-ha-pessoas-que-nao-gostam-de-comemorar-o-natal-segundo-a-psicologia","status":"publish","type":"post","link":"https:\/\/www.correiobraziliense.com.br\/cbradar\/por-que-ha-pessoas-que-nao-gostam-de-comemorar-o-natal-segundo-a-psicologia\/","title":{"rendered":"Por que h\u00e1 pessoas que n\u00e3o gostam de comemorar o Natal, segundo a psicologia"},"content":{"rendered":"\n<p>Quando dezembro come\u00e7a, muitas culturas celebram a chegada do Natal, uma festividade associada \u00e0 uni\u00e3o e alegria. No entanto, <strong>nem todos sentem o mesmo entusiasmo nesse per\u00edodo<\/strong>, e para alguns, o Natal pode evocar <strong>stress<\/strong> e desconforto devido \u00e0 press\u00e3o social e \u00e0s din\u00e2micas familiares complexas, como afirma a psicologia moderna.<\/p>\n\n\n\n<h2 class=\"wp-block-heading\">Quais fatores emocionais afetam a percep\u00e7\u00e3o do Natal?<\/h2>\n\n\n\n<p>As festividades frequentemente reavivam <strong>mem\u00f3rias dolorosas<\/strong> ou sentimentos de perda, especialmente para quem j\u00e1 enfrentou momentos dif\u00edceis nessa \u00e9poca. Al\u00e9m disso, as reuni\u00f5es familiares podem trazer \u00e0 tona antigas tens\u00f5es, colocando as emo\u00e7\u00f5es em evid\u00eancia.<\/p>\n\n\n\n<p>Esse contexto leva algumas pessoas a buscarem estrat\u00e9gias para preservar o <strong>bem-estar emocional<\/strong>. Uma dessas estrat\u00e9gias \u00e9 reinterpretar tradi\u00e7\u00f5es natalinas ou at\u00e9 evitar essas celebra\u00e7\u00f5es quando elas n\u00e3o trazem conforto. Profissionais de sa\u00fade mental tamb\u00e9m recomendam pr\u00e1ticas como a medita\u00e7\u00e3o, o autocuidado e o apoio m\u00fatuo entre amigos e comunidades como formas de lidar com os sentimentos dif\u00edceis.<\/p>\n\n\n\n<p>Em um estudo feito por Mutz (2015), os entrevistados na semana anterior ao Natal ou nas f\u00e9rias de Natal <a href=\"https:\/\/link.springer.com\/article\/10.1007\/s11482-015-9441-8\" target=\"_blank\" rel=\"noreferrer noopener\">relatam satisfa\u00e7\u00e3o com a vida significativamente menor e estados afetivos menos favor\u00e1veis em compara\u00e7\u00e3o aos entrevistados pesquisados em outras \u00e9pocas do ano.<\/a><\/p>\n\n\n\n<p>O perfil @curiosos_epicos explica psicologicamente o que significa esse desgosto pelo Natal:<\/p>\n\n\n\n<blockquote class=\"tiktok-embed\" cite=\"https:\/\/www.tiktok.com\/@curiosos_epicos\/video\/7452151170782563590\" data-video-id=\"7452151170782563590\" style=\"max-width: 605px;min-width: 325px;\" > <section> <a target=\"_blank\" title=\"@curiosos_epicos\" href=\"https:\/\/www.tiktok.com\/@curiosos_epicos?refer=embed\">@curiosos_epicos<\/a> Voc\u00ea sabia que aquelas pessoas que n\u00e3o gostam de celebrar o Natal, que evitam falar sobre essa data e parecem indiferentes ao clima natalino, muitas vezes se sentem tristes ou ansiosas nessa \u00e9poca? <a title=\"fatospsicol\u00f3gicos\" target=\"_blank\" href=\"https:\/\/www.tiktok.com\/tag\/fatospsicol%C3%B3gicos?refer=embed\">#fatospsicol\u00f3gicos<\/a> <a title=\"natal\" target=\"_blank\" href=\"https:\/\/www.tiktok.com\/tag\/natal?refer=embed\">#natal<\/a> <a title=\"climanatalino\" target=\"_blank\" href=\"https:\/\/www.tiktok.com\/tag\/climanatalino?refer=embed\">#climanatalino<\/a> <a title=\"comportamento\" target=\"_blank\" href=\"https:\/\/www.tiktok.com\/tag\/comportamento?refer=embed\">#comportamento<\/a> <a title=\"saudemental\" target=\"_blank\" href=\"https:\/\/www.tiktok.com\/tag\/saudemental?refer=embed\">#saudemental<\/a> <a title=\"psicologia\" target=\"_blank\" href=\"https:\/\/www.tiktok.com\/tag\/psicologia?refer=embed\">#psicologia<\/a> <a target=\"_blank\" title=\"\u266c som original - Curiosos \u00c9picos\" href=\"https:\/\/www.tiktok.com\/music\/som-original-7452151226651708165?refer=embed\">\u266c som original &#8211; Curiosos \u00c9picos<\/a> <\/section> <\/blockquote> <script async src=\"https:\/\/www.tiktok.com\/embed.js\"><\/script>\n\n\n\n<h2 class=\"wp-block-heading\">A press\u00e3o cultural para sermos felizes no Natal existe?<\/h2>\n\n\n\n<p>A expectativa de demonstrar felicidade durante o Natal cria uma discrep\u00e2ncia entre o que se sente e o que se espera externamente. Isso gera sentimentos de <strong>culpa<\/strong> e inadequa\u00e7\u00e3o entre quem n\u00e3o compartilha do esp\u00edrito festivo. <a href=\"https:\/\/cpa.ca\/docs\/File\/Publications\/FSHolidayStress%281%29.pdf\" target=\"_blank\" rel=\"noreferrer noopener\">Segundo estudos da Canadian Psychological Associaton (2011)<\/a>, preparar-se e celebrar as festas de fim de ano exige cada vez mais tempo e atividade. Sentimo-nos stressados quando n\u00e3o conseguimos satisfazer a procura e pode haver v\u00e1rias raz\u00f5es para que assim seja.<\/p>\n\n\n\n<p>Para contextualizar, especialistas identificam alguns pontos principais sobre como lidar com as press\u00f5es sociais nesta \u00e9poca:<\/p>\n\n\n\n<ul class=\"wp-block-list\">\n<li><strong>Autenticidade emocional<\/strong> \u00e9 fundamental para o bem-estar.<\/li>\n\n\n\n<li><strong>Evitar obriga\u00e7\u00f5es sociais<\/strong> pode ser saud\u00e1vel em alguns casos.<\/li>\n\n\n\n<li><strong>Novas tradi\u00e7\u00f5es<\/strong> podem surgir de escolhas pessoais e familiares.<\/li>\n<\/ul>\n\n\n\n<figure class=\"wp-block-image size-large\"><img decoding=\"async\" width=\"1024\" height=\"576\" src=\"https:\/\/www.correiobraziliense.com.br\/cbradar\/wp-content\/uploads\/2025\/11\/mosaico_1763744889285-1024x576.jpg\" alt=\"Por que h\u00e1 pessoas que n\u00e3o gostam de comemorar o Natal, segundo a psicologia\" class=\"wp-image-142070\" srcset=\"https:\/\/www.correiobraziliense.com.br\/cbradar\/wp-content\/uploads\/2025\/11\/mosaico_1763744889285-1024x576.jpg 1024w, https:\/\/www.correiobraziliense.com.br\/cbradar\/wp-content\/uploads\/2025\/11\/mosaico_1763744889285-300x169.jpg 300w, https:\/\/www.correiobraziliense.com.br\/cbradar\/wp-content\/uploads\/2025\/11\/mosaico_1763744889285-768x432.jpg 768w, https:\/\/www.correiobraziliense.com.br\/cbradar\/wp-content\/uploads\/2025\/11\/mosaico_1763744889285-750x422.jpg 750w, https:\/\/www.correiobraziliense.com.br\/cbradar\/wp-content\/uploads\/2025\/11\/mosaico_1763744889285-1140x641.jpg 1140w, https:\/\/www.correiobraziliense.com.br\/cbradar\/wp-content\/uploads\/2025\/11\/mosaico_1763744889285.jpg 1280w\" sizes=\"(max-width: 1024px) 100vw, 1024px\" \/><figcaption class=\"wp-element-caption\">Psicologia aponta que o Natal pode gerar stress por expectativas sociais e conflitos familiares. Cr\u00e9ditos: depositphotos.com \/ Kzenon e Cr\u00e9ditos: depositphotos.com \/ ArturVerkhovetskiy<\/figcaption><\/figure>\n\n\n\n<h2 class=\"wp-block-heading\">Como lidar com desconfortos emocionais durante o Natal?<\/h2>\n\n\n\n<p>Reconhecer os pr\u00f3prios sentimentos, sem julgamentos, \u00e9 um passo importante para enfrentar essa \u00e9poca. Fortalecer o di\u00e1logo e permitir-se novas formas de celebra\u00e7\u00e3o pode aliviar press\u00f5es e trazer al\u00edvio.<\/p>\n\n\n\n<p>Para isso, estabelecer limites claros com amigos e familiares se mostra essencial para n\u00e3o haver desgaste emocional. Abrir espa\u00e7o para conversas honestas e aceitar maneiras diferentes de comemorar s\u00e3o atitudes que promovem inclus\u00e3o e respeito. Buscar apoio psicol\u00f3gico quando necess\u00e1rio, bem como estabelecer pequenas rotinas de autocuidado, pode ajudar a passar pelo per\u00edodo com mais tranquilidade.<\/p>\n\n\n\n<ul class=\"wp-block-list\">\n<li>Respeitar limites pessoais mant\u00e9m o equil\u00edbrio emocional.<\/li>\n\n\n\n<li>Abertura ao di\u00e1logo pode reduzir press\u00f5es desnecess\u00e1rias.<\/li>\n\n\n\n<li>Valorizar diferentes formas de celebra\u00e7\u00e3o incentiva a inclus\u00e3o.<\/li>\n<\/ul>\n\n\n\n<p>Por fim, <strong>respeitar a diversidade de emo\u00e7\u00f5es e experi\u00eancias durante o Natal<\/strong> \u00e9 essencial para tornar esse per\u00edodo mais emp\u00e1tico. Valorizar cada viv\u00eancia individual permite celebra\u00e7\u00f5es mais <strong>significativas e respeitosas<\/strong> para todos.<\/p>\n","protected":false},"excerpt":{"rendered":"<p>Natal sem alegria: Descubra como muitos enfrentam press\u00f5es sociais e emo\u00e7\u00f5es complexas nesta \u00e9poca. Autenticidade emocional \u00e9 a chave.<\/p>\n","protected":false},"author":3,"featured_media":142347,"comment_status":"open","ping_status":"open","sticky":false,"template":"","format":"standard","meta":{"_yoast_wpseo_focuskw":"pessoas n\u00e3o gostam natal psicologia","_yoast_wpseo_title":"%%title%%","_yoast_wpseo_metadesc":"Natal sem alegria: Descubra como muitos enfrentam press\u00f5es sociais e emo\u00e7\u00f5es complexas nesta \u00e9poca. Autenticidade emocional \u00e9 a chave.","jnews-multi-image_gallery":[],"jnews_single_post":{"format":"standard"},"jnews_primary_category":[],"jnews_social_meta":[],"jnews_override_counter":[],"footnotes":""},"categories":[112],"tags":[144,5072,11863,2178,8952,404],"class_list":["post-142063","post","type-post","status-publish","format-standard","has-post-thumbnail","hentry","category-curiosidades","tag-curiosidades","tag-emocao","tag-emocionais","tag-feriados","tag-natal","tag-psicologia"],"yoast_head":"<!-- This site is optimized with the Yoast SEO plugin v24.6 - https:\/\/yoast.com\/wordpress\/plugins\/seo\/ -->\n<title>Por que h\u00e1 pessoas que n\u00e3o gostam de comemorar o Natal, segundo a psicologia<\/title>\n<meta name=\"description\" content=\"Natal sem alegria: Descubra como muitos enfrentam press\u00f5es sociais e emo\u00e7\u00f5es complexas nesta \u00e9poca. Autenticidade emocional \u00e9 a chave.\" \/>\n<meta name=\"robots\" content=\"index, follow, max-snippet:-1, max-image-preview:large, max-video-preview:-1\" \/>\n<link rel=\"canonical\" href=\"https:\/\/www.correiobraziliense.com.br\/cbradar\/por-que-ha-pessoas-que-nao-gostam-de-comemorar-o-natal-segundo-a-psicologia\/\" \/>\n<meta property=\"og:locale\" content=\"pt_BR\" \/>\n<meta property=\"og:type\" content=\"article\" \/>\n<meta property=\"og:title\" content=\"Por que h\u00e1 pessoas que n\u00e3o gostam de comemorar o Natal, segundo a psicologia\" \/>\n<meta property=\"og:description\" content=\"Natal sem alegria: Descubra como muitos enfrentam press\u00f5es sociais e emo\u00e7\u00f5es complexas nesta \u00e9poca. Autenticidade emocional \u00e9 a chave.\" \/>\n<meta property=\"og:url\" content=\"https:\/\/www.correiobraziliense.com.br\/cbradar\/por-que-ha-pessoas-que-nao-gostam-de-comemorar-o-natal-segundo-a-psicologia\/\" \/>\n<meta property=\"og:site_name\" content=\"Correio Braziliense - Radar\" \/>\n<meta property=\"article:published_time\" content=\"2025-11-22T12:45:00+00:00\" \/>\n<meta property=\"og:image\" content=\"https:\/\/www.correiobraziliense.com.br\/cbradar\/wp-content\/uploads\/2025\/11\/Psicologia-do-Natal.png\" \/>\n\t<meta property=\"og:image:width\" content=\"1344\" \/>\n\t<meta property=\"og:image:height\" content=\"768\" \/>\n\t<meta property=\"og:image:type\" content=\"image\/png\" \/>\n<meta name=\"author\" content=\"Larissa Carvalho\" \/>\n<meta name=\"twitter:card\" content=\"summary_large_image\" \/>\n<meta name=\"twitter:label1\" content=\"Escrito por\" \/>\n\t<meta name=\"twitter:data1\" content=\"Larissa Carvalho\" \/>\n\t<meta name=\"twitter:label2\" content=\"Est. tempo de leitura\" \/>\n\t<meta name=\"twitter:data2\" content=\"3 minutos\" \/>\n<!-- \/ Yoast SEO plugin. -->","yoast_head_json":{"title":"Por que h\u00e1 pessoas que n\u00e3o gostam de comemorar o Natal, segundo a psicologia","description":"Natal sem alegria: Descubra como muitos enfrentam press\u00f5es sociais e emo\u00e7\u00f5es complexas nesta \u00e9poca. Autenticidade emocional \u00e9 a chave.","robots":{"index":"index","follow":"follow","max-snippet":"max-snippet:-1","max-image-preview":"max-image-preview:large","max-video-preview":"max-video-preview:-1"},"canonical":"https:\/\/www.correiobraziliense.com.br\/cbradar\/por-que-ha-pessoas-que-nao-gostam-de-comemorar-o-natal-segundo-a-psicologia\/","og_locale":"pt_BR","og_type":"article","og_title":"Por que h\u00e1 pessoas que n\u00e3o gostam de comemorar o Natal, segundo a psicologia","og_description":"Natal sem alegria: Descubra como muitos enfrentam press\u00f5es sociais e emo\u00e7\u00f5es complexas nesta \u00e9poca. Autenticidade emocional \u00e9 a chave.","og_url":"https:\/\/www.correiobraziliense.com.br\/cbradar\/por-que-ha-pessoas-que-nao-gostam-de-comemorar-o-natal-segundo-a-psicologia\/","og_site_name":"Correio Braziliense - Radar","article_published_time":"2025-11-22T12:45:00+00:00","og_image":[{"width":1344,"height":768,"url":"https:\/\/www.correiobraziliense.com.br\/cbradar\/wp-content\/uploads\/2025\/11\/Psicologia-do-Natal.png","type":"image\/png"}],"author":"Larissa Carvalho","twitter_card":"summary_large_image","twitter_misc":{"Escrito por":"Larissa Carvalho","Est. tempo de leitura":"3 minutos"},"schema":{"@context":"https:\/\/schema.org","@graph":[{"@type":"WebPage","@id":"https:\/\/www.correiobraziliense.com.br\/cbradar\/por-que-ha-pessoas-que-nao-gostam-de-comemorar-o-natal-segundo-a-psicologia\/","url":"https:\/\/www.correiobraziliense.com.br\/cbradar\/por-que-ha-pessoas-que-nao-gostam-de-comemorar-o-natal-segundo-a-psicologia\/","name":"Por que h\u00e1 pessoas que n\u00e3o gostam de comemorar o Natal, segundo a psicologia","isPartOf":{"@id":"https:\/\/www.correiobraziliense.com.br\/cbradar\/#website"},"primaryImageOfPage":{"@id":"https:\/\/www.correiobraziliense.com.br\/cbradar\/por-que-ha-pessoas-que-nao-gostam-de-comemorar-o-natal-segundo-a-psicologia\/#primaryimage"},"image":{"@id":"https:\/\/www.correiobraziliense.com.br\/cbradar\/por-que-ha-pessoas-que-nao-gostam-de-comemorar-o-natal-segundo-a-psicologia\/#primaryimage"},"thumbnailUrl":"https:\/\/www.correiobraziliense.com.br\/cbradar\/wp-content\/uploads\/2025\/11\/Psicologia-do-Natal.png","datePublished":"2025-11-22T12:45:00+00:00","author":{"@id":"https:\/\/www.correiobraziliense.com.br\/cbradar\/#\/schema\/person\/58422787644df994b53a19d3e56c1513"},"description":"Natal sem alegria: Descubra como muitos enfrentam press\u00f5es sociais e emo\u00e7\u00f5es complexas nesta \u00e9poca. Autenticidade emocional \u00e9 a chave.","breadcrumb":{"@id":"https:\/\/www.correiobraziliense.com.br\/cbradar\/por-que-ha-pessoas-que-nao-gostam-de-comemorar-o-natal-segundo-a-psicologia\/#breadcrumb"},"inLanguage":"pt-BR","potentialAction":[{"@type":"ReadAction","target":["https:\/\/www.correiobraziliense.com.br\/cbradar\/por-que-ha-pessoas-que-nao-gostam-de-comemorar-o-natal-segundo-a-psicologia\/"]}]},{"@type":"ImageObject","inLanguage":"pt-BR","@id":"https:\/\/www.correiobraziliense.com.br\/cbradar\/por-que-ha-pessoas-que-nao-gostam-de-comemorar-o-natal-segundo-a-psicologia\/#primaryimage","url":"https:\/\/www.correiobraziliense.com.br\/cbradar\/wp-content\/uploads\/2025\/11\/Psicologia-do-Natal.png","contentUrl":"https:\/\/www.correiobraziliense.com.br\/cbradar\/wp-content\/uploads\/2025\/11\/Psicologia-do-Natal.png","width":1344,"height":768,"caption":"Saiba por que o Natal pode ser fonte de alegria para uns e press\u00e3o para outros, segundo a psicologia."},{"@type":"BreadcrumbList","@id":"https:\/\/www.correiobraziliense.com.br\/cbradar\/por-que-ha-pessoas-que-nao-gostam-de-comemorar-o-natal-segundo-a-psicologia\/#breadcrumb","itemListElement":[{"@type":"ListItem","position":1,"name":"In\u00edcio","item":"https:\/\/www.correiobraziliense.com.br\/cbradar\/"},{"@type":"ListItem","position":2,"name":"Por que h\u00e1 pessoas que n\u00e3o gostam de comemorar o Natal, segundo a psicologia"}]},{"@type":"WebSite","@id":"https:\/\/www.correiobraziliense.com.br\/cbradar\/#website","url":"https:\/\/www.correiobraziliense.com.br\/cbradar\/","name":"Correio Braziliense - Radar","description":"Acompanhe as \u00faltimas not\u00edcias e fique bem informado sobre tudo o que acontece no Brasil e no mundo.","potentialAction":[{"@type":"SearchAction","target":{"@type":"EntryPoint","urlTemplate":"https:\/\/www.correiobraziliense.com.br\/cbradar\/?s={search_term_string}"},"query-input":{"@type":"PropertyValueSpecification","valueRequired":true,"valueName":"search_term_string"}}],"inLanguage":"pt-BR"},{"@type":"Person","@id":"https:\/\/www.correiobraziliense.com.br\/cbradar\/#\/schema\/person\/58422787644df994b53a19d3e56c1513","name":"Larissa Carvalho","image":{"@type":"ImageObject","inLanguage":"pt-BR","@id":"https:\/\/www.correiobraziliense.com.br\/cbradar\/#\/schema\/person\/image\/","url":"https:\/\/secure.gravatar.com\/avatar\/fe4f91a0de32b52a838d0d612abdc1aa?s=96&d=mm&r=g","contentUrl":"https:\/\/secure.gravatar.com\/avatar\/fe4f91a0de32b52a838d0d612abdc1aa?s=96&d=mm&r=g","caption":"Larissa Carvalho"},"url":"https:\/\/www.correiobraziliense.com.br\/cbradar\/author\/larissamyth\/"}]}},"_links":{"self":[{"href":"https:\/\/www.correiobraziliense.com.br\/cbradar\/wp-json\/wp\/v2\/posts\/142063","targetHints":{"allow":["GET"]}}],"collection":[{"href":"https:\/\/www.correiobraziliense.com.br\/cbradar\/wp-json\/wp\/v2\/posts"}],"about":[{"href":"https:\/\/www.correiobraziliense.com.br\/cbradar\/wp-json\/wp\/v2\/types\/post"}],"author":[{"embeddable":true,"href":"https:\/\/www.correiobraziliense.com.br\/cbradar\/wp-json\/wp\/v2\/users\/3"}],"replies":[{"embeddable":true,"href":"https:\/\/www.correiobraziliense.com.br\/cbradar\/wp-json\/wp\/v2\/comments?post=142063"}],"version-history":[{"count":2,"href":"https:\/\/www.correiobraziliense.com.br\/cbradar\/wp-json\/wp\/v2\/posts\/142063\/revisions"}],"predecessor-version":[{"id":142078,"href":"https:\/\/www.correiobraziliense.com.br\/cbradar\/wp-json\/wp\/v2\/posts\/142063\/revisions\/142078"}],"wp:featuredmedia":[{"embeddable":true,"href":"https:\/\/www.correiobraziliense.com.br\/cbradar\/wp-json\/wp\/v2\/media\/142347"}],"wp:attachment":[{"href":"https:\/\/www.correiobraziliense.com.br\/cbradar\/wp-json\/wp\/v2\/media?parent=142063"}],"wp:term":[{"taxonomy":"category","embeddable":true,"href":"https:\/\/www.correiobraziliense.com.br\/cbradar\/wp-json\/wp\/v2\/categories?post=142063"},{"taxonomy":"post_tag","embeddable":true,"href":"https:\/\/www.correiobraziliense.com.br\/cbradar\/wp-json\/wp\/v2\/tags?post=142063"}],"curies":[{"name":"wp","href":"https:\/\/api.w.org\/{rel}","templated":true}]}}