{"id":142158,"date":"2025-11-22T21:05:00","date_gmt":"2025-11-23T00:05:00","guid":{"rendered":"https:\/\/www.correiobraziliense.com.br\/cbradar\/?p=142158"},"modified":"2025-11-21T21:29:57","modified_gmt":"2025-11-22T00:29:57","slug":"a-cidade-carioca-cercada-de-verde-que-virou-um-modelo-de-preservacao-ambiental","status":"publish","type":"post","link":"https:\/\/www.correiobraziliense.com.br\/cbradar\/a-cidade-carioca-cercada-de-verde-que-virou-um-modelo-de-preservacao-ambiental\/","title":{"rendered":"A cidade carioca cercada de verde que virou um modelo de preserva\u00e7\u00e3o ambiental"},"content":{"rendered":"\n<p><strong>S\u00e3o Gon\u00e7alo<\/strong> \u00e9 um munic\u00edpio vibrante localizado no <strong>Leste Fluminense<\/strong>, a apenas 25 km da capital <strong>Rio de Janeiro<\/strong>. Com quase 1 milh\u00e3o de habitantes, \u00e9 conhecida como a segunda cidade mais populosa do estado e oferece uma mistura \u00fanica de hist\u00f3ria colonial, belezas naturais e cultura diversificada. Conhe\u00e7a este destino que surpreende visitantes com suas atra\u00e7\u00f5es hist\u00f3ricas, \u00e1reas de preserva\u00e7\u00e3o ambiental e tradi\u00e7\u00f5es religiosas marcantes.<\/p>\n\n\n\n<h2 class=\"wp-block-heading\">Por que S\u00e3o Gon\u00e7alo \u00e9 um destino tur\u00edstico atrativo?<\/h2>\n\n\n\n<p><strong>S\u00e3o Gon\u00e7alo<\/strong> possui um rico patrim\u00f4nio hist\u00f3rico que remonta ao s\u00e9culo XVI. A cidade abriga alguns dos principais remanescentes da arquitetura colonial do Brasil, tombados pelo <strong>Instituto do Patrim\u00f4nio Hist\u00f3rico e Art\u00edstico Nacional (IPHAN)<\/strong>.<\/p>\n\n\n\n<p>Al\u00e9m da riqueza hist\u00f3rica, o munic\u00edpio oferece op\u00e7\u00f5es de ecoturismo em suas \u00e1reas de prote\u00e7\u00e3o ambiental. As vistas privilegiadas da <strong>Ba\u00eda de Guanabara<\/strong> complementam a experi\u00eancia tur\u00edstica. A gastronomia local e as manifesta\u00e7\u00f5es culturais, especialmente as festas religiosas de matriz africana e cat\u00f3lica, tornam a visita ainda mais memor\u00e1vel.<\/p>\n\n\n<div class=\"wp-block-image\">\n<figure class=\"aligncenter size-large\"><img decoding=\"async\" width=\"1024\" height=\"576\" src=\"https:\/\/www.correiobraziliense.com.br\/cbradar\/wp-content\/uploads\/2025\/08\/awsdasdasdasda-1024x576.png\" alt=\"A cidade carioca cercada de verde que virou um modelo de preserva\u00e7\u00e3o ambiental\" class=\"wp-image-83204\" srcset=\"https:\/\/www.correiobraziliense.com.br\/cbradar\/wp-content\/uploads\/2025\/08\/awsdasdasdasda-1024x576.png 1024w, https:\/\/www.correiobraziliense.com.br\/cbradar\/wp-content\/uploads\/2025\/08\/awsdasdasdasda-300x169.png 300w, https:\/\/www.correiobraziliense.com.br\/cbradar\/wp-content\/uploads\/2025\/08\/awsdasdasdasda-768x432.png 768w, https:\/\/www.correiobraziliense.com.br\/cbradar\/wp-content\/uploads\/2025\/08\/awsdasdasdasda-750x422.png 750w, https:\/\/www.correiobraziliense.com.br\/cbradar\/wp-content\/uploads\/2025\/08\/awsdasdasdasda-1140x641.png 1140w, https:\/\/www.correiobraziliense.com.br\/cbradar\/wp-content\/uploads\/2025\/08\/awsdasdasdasda.png 1280w\" sizes=\"(max-width: 1024px) 100vw, 1024px\" \/><figcaption class=\"wp-element-caption\">Conhe\u00e7a S\u00e3o Gon\u00e7alo, uma cidade com hist\u00f3ria rica e desenvolvimento na Regi\u00e3o Metropolitana do Rio. \/ Cr\u00e9ditos: YouTube @dronelc<\/figcaption><\/figure><\/div>\n\n\n<h2 class=\"wp-block-heading\">Quais s\u00e3o as principais atra\u00e7\u00f5es tur\u00edsticas de S\u00e3o Gon\u00e7alo?<\/h2>\n\n\n\n<p>Confira a seguir as atra\u00e7\u00f5es imperd\u00edveis de <strong>S\u00e3o Gon\u00e7alo<\/strong>:<\/p>\n\n\n\n<ul class=\"wp-block-list\">\n<li><strong>Fazenda Coluband\u00ea<\/strong>: Instalada pelos jesu\u00edtas no in\u00edcio do s\u00e9culo XVII, \u00e9 um dos primeiros patrim\u00f4nios coloniais reconhecidos pelo <strong>IPHAN<\/strong>. A constru\u00e7\u00e3o em estilo barroco representa um marco importante da coloniza\u00e7\u00e3o portuguesa no Brasil.<\/li>\n\n\n\n<li><strong>Igreja Matriz de S\u00e3o Gon\u00e7alo<\/strong>: Com mais de 340 anos de hist\u00f3ria, a igreja exibe arquitetura neocl\u00e1ssica ap\u00f3s sucessivas reformas. Localiza-se no bairro <strong>Z\u00e9 Garoto<\/strong> e possui a Via Sacra que leva ao cruzeiro no morro pr\u00f3ximo.<\/li>\n\n\n\n<li><strong>Cavernas de Santa Isabel<\/strong>: Conjunto de 22 minas com mais de 10 mil metros quadrados parcialmente inundados. O local oferece trilhas, escaladas e explora\u00e7\u00f5es em cavernas artificiais formadas pelo estouro do len\u00e7ol fre\u00e1tico.<\/li>\n\n\n\n<li><strong>Alto do Gaia<\/strong>: Ponto mais alto do munic\u00edpio, com 538 metros de altitude, oferece vista panor\u00e2mica de <strong>S\u00e3o Gon\u00e7alo<\/strong>, <strong>Itabora\u00ed<\/strong>, <strong>Maric\u00e1<\/strong> e parte da <strong>\u00c1rea de Prote\u00e7\u00e3o Ambiental de Guapimirim<\/strong>.<\/li>\n\n\n\n<li><strong>Centro de Mem\u00f3ria da Imigra\u00e7\u00e3o da Ilha das Flores<\/strong>: Marco hist\u00f3rico da imigra\u00e7\u00e3o no Brasil do s\u00e9culo XIX. Foi a primeira hospedaria de imigrantes do pa\u00eds e tamb\u00e9m abrigou pres\u00eddio e sede da Marinha.<\/li>\n<\/ul>\n\n\n\n<p>Confira abaixo o v\u00eddeo <strong>Rio Para Pobres <\/strong>(<strong>@RioParaPobres<\/strong>), trazendo as principais caracter\u00edsticas e curiosidades sobre a cidade e recomendando passeios gratuitos.<\/p>\n\n\n\n<figure class=\"wp-block-embed aligncenter is-type-video is-provider-youtube wp-block-embed-youtube wp-embed-aspect-16-9 wp-has-aspect-ratio\"><div class=\"wp-block-embed__wrapper\">\n<div class=\"jeg_video_container jeg_video_content\"><iframe loading=\"lazy\" title=\"S\u00c3O GON\u00c7ALO-RJ | O que fazer de gra\u00e7a \u2074\u1d37\" width=\"500\" height=\"281\" src=\"https:\/\/www.youtube.com\/embed\/YOnoOGPP4Vs?feature=oembed\" frameborder=\"0\" allow=\"accelerometer; autoplay; clipboard-write; encrypted-media; gyroscope; picture-in-picture; web-share\" referrerpolicy=\"strict-origin-when-cross-origin\" allowfullscreen><\/iframe><\/div>\n<\/div><\/figure>\n\n\n\n<h2 class=\"wp-block-heading\">Como \u00e9 a vida cultural em S\u00e3o Gon\u00e7alo?<\/h2>\n\n\n\n<p>A vida cultural em <strong>S\u00e3o Gon\u00e7alo<\/strong> \u00e9 marcada pela diversidade religiosa e tradi\u00e7\u00f5es seculares. A <strong>Folia de Reis<\/strong>, festejo de origem portuguesa trazido no s\u00e9culo XVIII, acontece anualmente com devotos trajando roupas vistosas que dan\u00e7am e cantam romances tradicionais.<\/p>\n\n\n\n<p>O munic\u00edpio sedia o maior tapete de sal em homenagem ao <strong>Corpus Christi<\/strong> da Am\u00e9rica Latina. A celebra\u00e7\u00e3o do <strong>Presente de Iemanj\u00e1<\/strong>, reconhecida como Patrim\u00f4nio Cultural de Natureza Imaterial e Religioso, ocorre todo 2 de fevereiro na <strong>Praia das Pedrinhas<\/strong> e re\u00fane milhares de fi\u00e9is de religi\u00f5es de matriz africana.<\/p>\n\n\n\n<h2 class=\"wp-block-heading\">Por que S\u00e3o Gon\u00e7alo \u00e9 refer\u00eancia em patrim\u00f4nio hist\u00f3rico colonial?<\/h2>\n\n\n\n<p><strong>S\u00e3o Gon\u00e7alo<\/strong> destaca-se como importante refer\u00eancia em patrim\u00f4nio colonial brasileiro. A coloniza\u00e7\u00e3o portuguesa iniciada no final do s\u00e9culo XVI deixou constru\u00e7\u00f5es significativas para a hist\u00f3ria nacional.<\/p>\n\n\n\n<p>Entre os destaques est\u00e3o a <strong>Fazenda Engenho Novo<\/strong>, que pertenceu ao <strong>Bar\u00e3o de S\u00e3o Gon\u00e7alo<\/strong>, e a <strong>Capela da Luz<\/strong>, ambas do per\u00edodo entre os s\u00e9culos XVII e XVIII. As esta\u00e7\u00f5es ferrovi\u00e1rias do s\u00e9culo XIX, como a garagem inicial da <strong>Estrada de Ferro Maric\u00e1<\/strong> (atual delegacia em <strong>Neves<\/strong>), e a <strong>Pra\u00e7a dos Ex-Combatentes<\/strong> remetem \u00e0 participa\u00e7\u00e3o gon\u00e7alense na Segunda Guerra Mundial, segundo informa\u00e7\u00f5es do <strong>IPHAN<\/strong>.<\/p>\n\n\n<div class=\"wp-block-image\">\n<figure class=\"aligncenter size-large\"><img decoding=\"async\" width=\"1024\" height=\"576\" src=\"https:\/\/www.correiobraziliense.com.br\/cbradar\/wp-content\/uploads\/2025\/05\/Edicoes-12-1-1024x576.png\" alt=\"A cidade carioca cercada de verde que virou um modelo de preserva\u00e7\u00e3o ambiental\" class=\"wp-image-40488\" srcset=\"https:\/\/www.correiobraziliense.com.br\/cbradar\/wp-content\/uploads\/2025\/05\/Edicoes-12-1-1024x576.png 1024w, https:\/\/www.correiobraziliense.com.br\/cbradar\/wp-content\/uploads\/2025\/05\/Edicoes-12-1-300x169.png 300w, https:\/\/www.correiobraziliense.com.br\/cbradar\/wp-content\/uploads\/2025\/05\/Edicoes-12-1-768x432.png 768w, https:\/\/www.correiobraziliense.com.br\/cbradar\/wp-content\/uploads\/2025\/05\/Edicoes-12-1-750x422.png 750w, https:\/\/www.correiobraziliense.com.br\/cbradar\/wp-content\/uploads\/2025\/05\/Edicoes-12-1-1140x641.png 1140w, https:\/\/www.correiobraziliense.com.br\/cbradar\/wp-content\/uploads\/2025\/05\/Edicoes-12-1.png 1280w\" sizes=\"(max-width: 1024px) 100vw, 1024px\" \/><figcaption class=\"wp-element-caption\">S\u00e3o Gon\u00e7alo oferece diversidade cultural, bairros acolhedores e crescimento urbano constante. \/\/ Reprodu\u00e7\u00e3o: Wikip\u00e9dia<\/figcaption><\/figure><\/div>\n\n\n<h2 class=\"wp-block-heading\">A funda\u00e7\u00e3o da Umbanda em S\u00e3o Gon\u00e7alo<\/h2>\n\n\n\n<p><strong>S\u00e3o Gon\u00e7alo<\/strong> possui um papel fundamental na hist\u00f3ria religiosa brasileira. Foi no distrito de <strong>Neves<\/strong>, em 1908, que <strong>Z\u00e9lio de Moraes<\/strong> fundou a <strong>Umbanda<\/strong>, uma das principais religi\u00f5es afro-brasileiras.<\/p>\n\n\n\n<p>Esse movimento religioso, que combina elementos do catolicismo, espiritismo e religi\u00f5es africanas, nasceu em territ\u00f3rio gon\u00e7alense e se espalhou por todo o Brasil. A cidade preserva essa mem\u00f3ria como parte importante de sua identidade cultural. O local onde tudo come\u00e7ou tornar-se refer\u00eancia para estudiosos e praticantes da religi\u00e3o.<\/p>\n\n\n\n<h2 class=\"wp-block-heading\">Melhor \u00e9poca para visitar S\u00e3o Gon\u00e7alo?<\/h2>\n\n\n\n<p>A melhor \u00e9poca para visitar <strong>S\u00e3o Gon\u00e7alo<\/strong> \u00e9 durante o outono e o inverno, entre abril e setembro.<a href=\"https:\/\/www.climatempo.com.br\/previsao-do-tempo\/cidade\/325\/saogoncalo-rj\" target=\"_blank\" rel=\"noreferrer noopener\"> <strong>Segundo o Climatempo<\/strong><\/a>, o clima \u00e9 tropical e subtropical, com temperatura m\u00e9dia anual de 24\u202f\u00b0C. Os invernos s\u00e3o mais agrad\u00e1veis, com dias ensolarados e temperaturas em torno de 21\u202f\u00b0C.<\/p>\n\n\n\n<p>Veja abaixo o resumo das esta\u00e7\u00f5es e atividades recomendadas:<\/p>\n\n\n\n<figure class=\"wp-block-table\"><table class=\"has-fixed-layout\"><thead><tr><th>Per\u00edodo<\/th><th>Temperatura m\u00e9dia<\/th><th>Clima<\/th><th>Atividades recomendadas<\/th><\/tr><\/thead><tbody><tr><td>Ver\u00e3o (dezembro a mar\u00e7o)<\/td><td>28\u00b0C<\/td><td>Quente e \u00famido, com chuvas<\/td><td>Visitas \u00e0s \u00e1reas verdes, museus e igrejas<\/td><\/tr><tr><td>Outono (abril a junho)<\/td><td>24\u00b0C<\/td><td>Agrad\u00e1vel, chuvas moderadas<\/td><td>Trilhas, ecoturismo, passeios hist\u00f3ricos<\/td><\/tr><tr><td>Inverno (julho a setembro)<\/td><td>21\u00b0C<\/td><td>Ensolarado e seco<\/td><td>Todas as atividades ao ar livre<\/td><\/tr><tr><td>Primavera (outubro a novembro)<\/td><td>25\u00b0C<\/td><td>Agrad\u00e1vel, chuvas come\u00e7am<\/td><td>Festas religiosas, eventos culturais<\/td><\/tr><\/tbody><\/table><\/figure>\n\n\n\n<p><strong>Leia tamb\u00e9m: <a href=\"https:\/\/www.correiobraziliense.com.br\/cbradar\/essa-cidade-brasileira-esta-liderando-pesquisas-e-se-destacando-pela-sua-infraestrutura-e-saneamento-basico\/\" target=\"_blank\" rel=\"noreferrer noopener\">Essa cidade brasileira est\u00e1 liderando pesquisas e se destacando pela sua infraestrutura e saneamento b\u00e1sico.<\/a><\/strong><\/p>\n\n\n<div class=\"wp-block-image\">\n<figure class=\"aligncenter size-large\"><img decoding=\"async\" width=\"1024\" height=\"576\" src=\"https:\/\/www.correiobraziliense.com.br\/cbradar\/wp-content\/uploads\/2025\/08\/asdasdasda-1024x576.png\" alt=\"A cidade carioca cercada de verde que virou um modelo de preserva\u00e7\u00e3o ambiental\" class=\"wp-image-83203\" srcset=\"https:\/\/www.correiobraziliense.com.br\/cbradar\/wp-content\/uploads\/2025\/08\/asdasdasda-1024x576.png 1024w, https:\/\/www.correiobraziliense.com.br\/cbradar\/wp-content\/uploads\/2025\/08\/asdasdasda-300x169.png 300w, https:\/\/www.correiobraziliense.com.br\/cbradar\/wp-content\/uploads\/2025\/08\/asdasdasda-768x432.png 768w, https:\/\/www.correiobraziliense.com.br\/cbradar\/wp-content\/uploads\/2025\/08\/asdasdasda-750x422.png 750w, https:\/\/www.correiobraziliense.com.br\/cbradar\/wp-content\/uploads\/2025\/08\/asdasdasda-1140x641.png 1140w, https:\/\/www.correiobraziliense.com.br\/cbradar\/wp-content\/uploads\/2025\/08\/asdasdasda.png 1280w\" sizes=\"(max-width: 1024px) 100vw, 1024px\" \/><figcaption class=\"wp-element-caption\">S\u00e3o Gon\u00e7alo investe em cultura e infraestrutura, promovendo arte e lazer para seus moradores. \/\/ Cr\u00e9ditos: YouTube @dronelc<\/figcaption><\/figure><\/div>\n\n\n<h2 class=\"wp-block-heading\">Vivencie S\u00e3o Gon\u00e7alo<\/h2>\n\n\n\n<p><strong>S\u00e3o Gon\u00e7alo<\/strong> oferece uma experi\u00eancia tur\u00edstica \u00fanica que combina hist\u00f3ria, natureza e cultura. A proximidade com a capital <strong>Rio de Janeiro<\/strong> torna o acesso f\u00e1cil, enquanto as atra\u00e7\u00f5es locais garantem uma visita memor\u00e1vel.<\/p>\n\n\n\n<p>Explore as constru\u00e7\u00f5es coloniais que contam a hist\u00f3ria do Brasil desde o s\u00e9culo XVI. Aventure-se nas trilhas e cavernas das \u00e1reas de preserva\u00e7\u00e3o ambiental. Participe das tradi\u00e7\u00f5es religiosas que fazem parte da identidade gon\u00e7alense.<\/p>\n\n\n\n<p>Principais motivos para visitar <strong>S\u00e3o Gon\u00e7alo<\/strong>:<\/p>\n\n\n\n<ul class=\"wp-block-list\">\n<li><strong>Patrim\u00f4nio hist\u00f3rico<\/strong>: Fazendas coloniais, igrejas centen\u00e1rias e marcos da imigra\u00e7\u00e3o brasileira<\/li>\n\n\n\n<li><strong>Ecoturismo<\/strong>: Trilhas, cavernas, vistas da Ba\u00eda de Guanabara e o ponto mais alto da regi\u00e3o<\/li>\n\n\n\n<li><strong>Cultura viva<\/strong>: Festas religiosas tradicionais, gastronomia local e manifesta\u00e7\u00f5es art\u00edsticas<\/li>\n<\/ul>\n","protected":false},"excerpt":{"rendered":"<p>S\u00e3o Gon\u00e7alo \u00e9 um munic\u00edpio vibrante localizado no Leste Fluminense, a apenas 25 km da capital Rio de Janeiro. Com quase 1 milh\u00e3o de habitantes, \u00e9 conhecida como a segunda cidade mais populosa do estado e oferece uma mistura \u00fanica de hist\u00f3ria colonial, belezas naturais e cultura diversificada. Conhe\u00e7a este destino que surpreende visitantes com [&hellip;]<\/p>\n","protected":false},"author":8,"featured_media":142402,"comment_status":"open","ping_status":"open","sticky":false,"template":"","format":"standard","meta":{"_yoast_wpseo_focuskw":"S\u00e3o Gon\u00e7alo","_yoast_wpseo_title":"","_yoast_wpseo_metadesc":"Essa cidade carioca \u00e9 exemplo de ecoturismo e preserva\u00e7\u00e3o da natureza, encantando quem busca contato real com o verde.","jnews-multi-image_gallery":[],"jnews_single_post":{"format":"standard"},"jnews_primary_category":[],"jnews_social_meta":[],"jnews_override_counter":[],"footnotes":""},"categories":[108,111],"post_tag":[304,5087],"class_list":["post-142158","post","type-post","status-publish","format-standard","has-post-thumbnail","hentry","category-cidades","category-turismo","tag-rio-de-janeiro","tag-sao-goncalo"],"yoast_head":"<!-- This site is optimized with the Yoast SEO plugin v24.6 - https:\/\/yoast.com\/wordpress\/plugins\/seo\/ -->\n<title>A cidade carioca cercada de verde que virou um modelo de preserva\u00e7\u00e3o ambiental - Correio Braziliense - Radar<\/title>\n<meta name=\"description\" content=\"Essa cidade carioca \u00e9 exemplo de ecoturismo e preserva\u00e7\u00e3o da natureza, encantando quem busca contato real com o verde.\" \/>\n<meta name=\"robots\" content=\"index, follow, max-snippet:-1, max-image-preview:large, max-video-preview:-1\" \/>\n<link rel=\"canonical\" href=\"https:\/\/www.correiobraziliense.com.br\/cbradar\/a-cidade-carioca-cercada-de-verde-que-virou-um-modelo-de-preservacao-ambiental\/\" \/>\n<meta property=\"og:locale\" content=\"pt_BR\" \/>\n<meta property=\"og:type\" content=\"article\" \/>\n<meta property=\"og:title\" content=\"A cidade carioca cercada de verde que virou um modelo de preserva\u00e7\u00e3o ambiental - Correio Braziliense - Radar\" \/>\n<meta property=\"og:description\" content=\"Essa cidade carioca \u00e9 exemplo de ecoturismo e preserva\u00e7\u00e3o da natureza, encantando quem busca contato real com o verde.\" \/>\n<meta property=\"og:url\" content=\"https:\/\/www.correiobraziliense.com.br\/cbradar\/a-cidade-carioca-cercada-de-verde-que-virou-um-modelo-de-preservacao-ambiental\/\" \/>\n<meta property=\"og:site_name\" content=\"Correio Braziliense - Radar\" \/>\n<meta property=\"article:published_time\" content=\"2025-11-23T00:05:00+00:00\" \/>\n<meta property=\"og:image\" content=\"https:\/\/www.correiobraziliense.com.br\/cbradar\/wp-content\/uploads\/2025\/11\/Sao-Goncalo-Verde.png\" \/>\n\t<meta property=\"og:image:width\" content=\"1344\" \/>\n\t<meta property=\"og:image:height\" content=\"768\" \/>\n\t<meta property=\"og:image:type\" content=\"image\/png\" \/>\n<meta name=\"author\" content=\"Maura Pereira\" \/>\n<meta name=\"twitter:card\" content=\"summary_large_image\" \/>\n<meta name=\"twitter:label1\" content=\"Escrito por\" \/>\n\t<meta name=\"twitter:data1\" content=\"Maura Pereira\" \/>\n\t<meta name=\"twitter:label2\" content=\"Est. tempo de leitura\" \/>\n\t<meta name=\"twitter:data2\" content=\"6 minutos\" \/>\n<!-- \/ Yoast SEO plugin. -->","yoast_head_json":{"title":"A cidade carioca cercada de verde que virou um modelo de preserva\u00e7\u00e3o ambiental - Correio Braziliense - Radar","description":"Essa cidade carioca \u00e9 exemplo de ecoturismo e preserva\u00e7\u00e3o da natureza, encantando quem busca contato real com o verde.","robots":{"index":"index","follow":"follow","max-snippet":"max-snippet:-1","max-image-preview":"max-image-preview:large","max-video-preview":"max-video-preview:-1"},"canonical":"https:\/\/www.correiobraziliense.com.br\/cbradar\/a-cidade-carioca-cercada-de-verde-que-virou-um-modelo-de-preservacao-ambiental\/","og_locale":"pt_BR","og_type":"article","og_title":"A cidade carioca cercada de verde que virou um modelo de preserva\u00e7\u00e3o ambiental - Correio Braziliense - Radar","og_description":"Essa cidade carioca \u00e9 exemplo de ecoturismo e preserva\u00e7\u00e3o da natureza, encantando quem busca contato real com o verde.","og_url":"https:\/\/www.correiobraziliense.com.br\/cbradar\/a-cidade-carioca-cercada-de-verde-que-virou-um-modelo-de-preservacao-ambiental\/","og_site_name":"Correio Braziliense - Radar","article_published_time":"2025-11-23T00:05:00+00:00","og_image":[{"width":1344,"height":768,"url":"https:\/\/www.correiobraziliense.com.br\/cbradar\/wp-content\/uploads\/2025\/11\/Sao-Goncalo-Verde.png","type":"image\/png"}],"author":"Maura Pereira","twitter_card":"summary_large_image","twitter_misc":{"Escrito por":"Maura Pereira","Est. tempo de leitura":"6 minutos"},"schema":{"@context":"https:\/\/schema.org","@graph":[{"@type":"WebPage","@id":"https:\/\/www.correiobraziliense.com.br\/cbradar\/a-cidade-carioca-cercada-de-verde-que-virou-um-modelo-de-preservacao-ambiental\/","url":"https:\/\/www.correiobraziliense.com.br\/cbradar\/a-cidade-carioca-cercada-de-verde-que-virou-um-modelo-de-preservacao-ambiental\/","name":"A cidade carioca cercada de verde que virou um modelo de preserva\u00e7\u00e3o ambiental - Correio Braziliense - Radar","isPartOf":{"@id":"https:\/\/www.correiobraziliense.com.br\/cbradar\/#website"},"primaryImageOfPage":{"@id":"https:\/\/www.correiobraziliense.com.br\/cbradar\/a-cidade-carioca-cercada-de-verde-que-virou-um-modelo-de-preservacao-ambiental\/#primaryimage"},"image":{"@id":"https:\/\/www.correiobraziliense.com.br\/cbradar\/a-cidade-carioca-cercada-de-verde-que-virou-um-modelo-de-preservacao-ambiental\/#primaryimage"},"thumbnailUrl":"https:\/\/www.correiobraziliense.com.br\/cbradar\/wp-content\/uploads\/2025\/11\/Sao-Goncalo-Verde.png","datePublished":"2025-11-23T00:05:00+00:00","author":{"@id":"https:\/\/www.correiobraziliense.com.br\/cbradar\/#\/schema\/person\/4053c651a9bfc785afc6f4cbc9032fd3"},"description":"Essa cidade carioca \u00e9 exemplo de ecoturismo e preserva\u00e7\u00e3o da natureza, encantando quem busca contato real com o verde.","breadcrumb":{"@id":"https:\/\/www.correiobraziliense.com.br\/cbradar\/a-cidade-carioca-cercada-de-verde-que-virou-um-modelo-de-preservacao-ambiental\/#breadcrumb"},"inLanguage":"pt-BR","potentialAction":[{"@type":"ReadAction","target":["https:\/\/www.correiobraziliense.com.br\/cbradar\/a-cidade-carioca-cercada-de-verde-que-virou-um-modelo-de-preservacao-ambiental\/"]}]},{"@type":"ImageObject","inLanguage":"pt-BR","@id":"https:\/\/www.correiobraziliense.com.br\/cbradar\/a-cidade-carioca-cercada-de-verde-que-virou-um-modelo-de-preservacao-ambiental\/#primaryimage","url":"https:\/\/www.correiobraziliense.com.br\/cbradar\/wp-content\/uploads\/2025\/11\/Sao-Goncalo-Verde.png","contentUrl":"https:\/\/www.correiobraziliense.com.br\/cbradar\/wp-content\/uploads\/2025\/11\/Sao-Goncalo-Verde.png","width":1344,"height":768,"caption":"Pr\u00f3xima a diversas \u00e1reas de preserva\u00e7\u00e3o ambiental, oferece atra\u00e7\u00f5es hist\u00f3ricas e tradi\u00e7\u00f5es religiosas marcantes."},{"@type":"BreadcrumbList","@id":"https:\/\/www.correiobraziliense.com.br\/cbradar\/a-cidade-carioca-cercada-de-verde-que-virou-um-modelo-de-preservacao-ambiental\/#breadcrumb","itemListElement":[{"@type":"ListItem","position":1,"name":"In\u00edcio","item":"https:\/\/www.correiobraziliense.com.br\/cbradar\/"},{"@type":"ListItem","position":2,"name":"A cidade carioca cercada de verde que virou um modelo de preserva\u00e7\u00e3o ambiental"}]},{"@type":"WebSite","@id":"https:\/\/www.correiobraziliense.com.br\/cbradar\/#website","url":"https:\/\/www.correiobraziliense.com.br\/cbradar\/","name":"Correio Braziliense - Radar","description":"Acompanhe as \u00faltimas not\u00edcias e fique bem informado sobre tudo o que acontece no Brasil e no mundo.","potentialAction":[{"@type":"SearchAction","target":{"@type":"EntryPoint","urlTemplate":"https:\/\/www.correiobraziliense.com.br\/cbradar\/?s={search_term_string}"},"query-input":{"@type":"PropertyValueSpecification","valueRequired":true,"valueName":"search_term_string"}}],"inLanguage":"pt-BR"},{"@type":"Person","@id":"https:\/\/www.correiobraziliense.com.br\/cbradar\/#\/schema\/person\/4053c651a9bfc785afc6f4cbc9032fd3","name":"Maura Pereira","image":{"@type":"ImageObject","inLanguage":"pt-BR","@id":"https:\/\/www.correiobraziliense.com.br\/cbradar\/#\/schema\/person\/image\/","url":"https:\/\/secure.gravatar.com\/avatar\/3effd6bdadfa447f15089c7f7144eaa6?s=96&d=mm&r=g","contentUrl":"https:\/\/secure.gravatar.com\/avatar\/3effd6bdadfa447f15089c7f7144eaa6?s=96&d=mm&r=g","caption":"Maura Pereira"},"sameAs":["https:\/\/www.correiobraziliense.com.br\/"],"url":"https:\/\/www.correiobraziliense.com.br\/cbradar\/author\/mauramyth\/"}]}},"_links":{"self":[{"href":"https:\/\/www.correiobraziliense.com.br\/cbradar\/wp-json\/wp\/v2\/posts\/142158","targetHints":{"allow":["GET"]}}],"collection":[{"href":"https:\/\/www.correiobraziliense.com.br\/cbradar\/wp-json\/wp\/v2\/posts"}],"about":[{"href":"https:\/\/www.correiobraziliense.com.br\/cbradar\/wp-json\/wp\/v2\/types\/post"}],"author":[{"embeddable":true,"href":"https:\/\/www.correiobraziliense.com.br\/cbradar\/wp-json\/wp\/v2\/users\/8"}],"replies":[{"embeddable":true,"href":"https:\/\/www.correiobraziliense.com.br\/cbradar\/wp-json\/wp\/v2\/comments?post=142158"}],"version-history":[{"count":24,"href":"https:\/\/www.correiobraziliense.com.br\/cbradar\/wp-json\/wp\/v2\/posts\/142158\/revisions"}],"predecessor-version":[{"id":142514,"href":"https:\/\/www.correiobraziliense.com.br\/cbradar\/wp-json\/wp\/v2\/posts\/142158\/revisions\/142514"}],"wp:featuredmedia":[{"embeddable":true,"href":"https:\/\/www.correiobraziliense.com.br\/cbradar\/wp-json\/wp\/v2\/media\/142402"}],"wp:attachment":[{"href":"https:\/\/www.correiobraziliense.com.br\/cbradar\/wp-json\/wp\/v2\/media?parent=142158"}],"wp:term":[{"taxonomy":"category","embeddable":true,"href":"https:\/\/www.correiobraziliense.com.br\/cbradar\/wp-json\/wp\/v2\/categories?post=142158"},{"taxonomy":"post_tag","embeddable":true,"href":"https:\/\/www.correiobraziliense.com.br\/cbradar\/wp-json\/wp\/v2\/post_tag?post=142158"}],"curies":[{"name":"wp","href":"https:\/\/api.w.org\/{rel}","templated":true}]}}