{"id":142195,"date":"2025-11-23T07:55:00","date_gmt":"2025-11-23T10:55:00","guid":{"rendered":"https:\/\/www.correiobraziliense.com.br\/cbradar\/?p=142195"},"modified":"2025-11-22T03:40:11","modified_gmt":"2025-11-22T06:40:11","slug":"essa-cidade-catarinense-esta-entre-as-queridinhas-para-viver-com-tranquilidade-e-prosperidade","status":"publish","type":"post","link":"https:\/\/www.correiobraziliense.com.br\/cbradar\/essa-cidade-catarinense-esta-entre-as-queridinhas-para-viver-com-tranquilidade-e-prosperidade\/","title":{"rendered":"Essa cidade catarinense est\u00e1 entre as queridinhas para viver com tranquilidade e prosperidade"},"content":{"rendered":"\n<p><strong>Itaja\u00ed<\/strong>, no litoral norte de <strong>Santa Catarina<\/strong>, \u00e9 uma cidade portu\u00e1ria que cresceu olhando para o mar e para a qualidade de vida do dia a dia. Pr\u00f3xima de capitais bem conectadas como <strong>Florian\u00f3polis<\/strong> e <strong>Curitiba<\/strong>, ela combina rotina de centro urbano com clima de balne\u00e1rio e forte voca\u00e7\u00e3o para servi\u00e7os e com\u00e9rcio.<\/p>\n\n\n\n<p><strong>Balne\u00e1rio Cambori\u00fa<\/strong> e outras cidades vizinhas refor\u00e7am a sensa\u00e7\u00e3o de viver em um corredor litor\u00e2neo din\u00e2mico, mas com bairros residenciais que preservam um ritmo mais calmo. Para quem pensa em mudar de cidade, morar perto da praia sem abrir m\u00e3o de oportunidades profissionais \u00e9 um dos grandes atrativos locais.<\/p>\n\n\n\n<h2 class=\"wp-block-heading\">Vale a pena morar em Itaja\u00ed?<\/h2>\n\n\n\n<p><strong>Qualidade de vida em Itaja\u00ed est\u00e1 muito associada \u00e0 possibilidade de conciliar trabalho, acesso a servi\u00e7os e proximidade constante com o mar. <\/strong>Em muitos bairros \u00e9 poss\u00edvel organizar a rotina entre casa, emprego e lazer com deslocamentos relativamente curtos e presen\u00e7a de \u00e1reas abertas.<\/p>\n\n\n\n<p><strong>Bem-estar<\/strong> tamb\u00e9m aparece na oferta de parques urbanos, orla estruturada para caminhadas e uma cena cultural e gastron\u00f4mica em expans\u00e3o, que aproveita tanto a tradi\u00e7\u00e3o pesqueira quanto a influ\u00eancia de cidades vizinhas voltadas ao turismo.<\/p>\n\n\n\n<ul class=\"wp-block-list\">\n<li>Ambiente de cidade m\u00e9dia com voca\u00e7\u00e3o regional forte<\/li>\n\n\n\n<li>Rotina pr\u00f3xima ao mar e a espa\u00e7os ao ar livre<\/li>\n<\/ul>\n\n\n\n<p>Confira o v\u00eddeo abaixo do canal dos irm\u00e3os<strong> Bruno e Paula<\/strong> e seus pais <strong>Marcos e Marta<\/strong>, donos do <strong>Rol\u00ea de Fam\u00edlia<\/strong> (<strong>@rolefamilia<\/strong>), recomendando 10 atra\u00e7\u00f5es imperd\u00edveis para visitar em <strong>Itaja\u00ed<\/strong>.<\/p>\n\n\n\n<figure class=\"wp-block-embed is-type-video is-provider-youtube wp-block-embed-youtube wp-embed-aspect-16-9 wp-has-aspect-ratio\"><div class=\"wp-block-embed__wrapper\">\n<div class=\"jeg_video_container jeg_video_content\"><iframe loading=\"lazy\" title=\"10 atra\u00e7\u00f5es para conhecer em ITAJA\u00cd, Santa Catarina\" width=\"500\" height=\"281\" src=\"https:\/\/www.youtube.com\/embed\/GtDGfLhlLFg?feature=oembed\" frameborder=\"0\" allow=\"accelerometer; autoplay; clipboard-write; encrypted-media; gyroscope; picture-in-picture; web-share\" referrerpolicy=\"strict-origin-when-cross-origin\" allowfullscreen><\/iframe><\/div>\n<\/div><\/figure>\n\n\n\n<h2 class=\"wp-block-heading\">Vale a pena visitar Itaja\u00ed?<\/h2>\n\n\n\n<p><strong>Turismo litor\u00e2neo<\/strong> em Itaja\u00ed re\u00fane praias, morros, mirantes e um centro urbano com atra\u00e7\u00f5es culturais e hist\u00f3ricas. Guias de viagem e avalia\u00e7\u00f5es de viajantes destacam que a cidade agrada tanto quem busca mar e trilhas quanto quem prefere passeios tranquilos pela orla e pelo centro.<\/p>\n\n\n\n<p><strong>Atra\u00e7\u00f5es variadas<\/strong> incluem praias com perfil mais agitado e outras familiares, al\u00e9m de pontos voltados \u00e0 contempla\u00e7\u00e3o da paisagem, \u00e0 gastronomia e \u00e0 vida cultural durante todo o ano.<\/p>\n\n\n\n<ul class=\"wp-block-list\">\n<li><strong>Praia Brava<\/strong>, com mar mais intenso e cen\u00e1rio de cart\u00e3o-postal<\/li>\n\n\n\n<li><strong>Praia de Cabe\u00e7udas<\/strong>, tradicional e com clima familiar<\/li>\n\n\n\n<li><strong>Molhes da Barra<\/strong>, ideal para ver o encontro do rio com o mar<\/li>\n\n\n\n<li><strong>Morro da Cruz<\/strong>, mirante com vista ampla da cidade<\/li>\n\n\n\n<li><strong>Mercado P\u00fablico<\/strong> e \u00e1rea central com bares e restaurantes<\/li>\n<\/ul>\n\n\n<div class=\"wp-block-image\">\n<figure class=\"aligncenter size-large\"><img decoding=\"async\" width=\"1024\" height=\"576\" src=\"https:\/\/www.correiobraziliense.com.br\/cbradar\/wp-content\/uploads\/2025\/06\/itajai_1750913647052-1024x576.jpg\" alt=\"Essa cidade catarinense est\u00e1 entre as queridinhas para viver com tranquilidade e prosperidade\" class=\"wp-image-59709\" srcset=\"https:\/\/www.correiobraziliense.com.br\/cbradar\/wp-content\/uploads\/2025\/06\/itajai_1750913647052-1024x576.jpg 1024w, https:\/\/www.correiobraziliense.com.br\/cbradar\/wp-content\/uploads\/2025\/06\/itajai_1750913647052-300x169.jpg 300w, https:\/\/www.correiobraziliense.com.br\/cbradar\/wp-content\/uploads\/2025\/06\/itajai_1750913647052-768x432.jpg 768w, https:\/\/www.correiobraziliense.com.br\/cbradar\/wp-content\/uploads\/2025\/06\/itajai_1750913647052-750x422.jpg 750w, https:\/\/www.correiobraziliense.com.br\/cbradar\/wp-content\/uploads\/2025\/06\/itajai_1750913647052-1140x641.jpg 1140w, https:\/\/www.correiobraziliense.com.br\/cbradar\/wp-content\/uploads\/2025\/06\/itajai_1750913647052.jpg 1280w\" sizes=\"(max-width: 1024px) 100vw, 1024px\" \/><figcaption class=\"wp-element-caption\">Itaja\u00ed, SC combina porto movimentado, praias encantadoras e bem-estar para quem busca viver bem. \/\/ Cr\u00e9ditos: depositphotos.com \/ ruramos<\/figcaption><\/figure><\/div>\n\n\n<h2 class=\"wp-block-heading\">O clima de Itaja\u00ed<\/h2>\n\n\n\n<p><strong>Clima subtropical \u00famido<\/strong> caracteriza Itaja\u00ed, com ver\u00f5es quentes e invernos amenos ao longo do ano.<strong> <a href=\"https:\/\/www.climatempo.com.br\/previsao-do-tempo\/cidade\/1434\/itajai-sc\" target=\"_blank\" rel=\"noreferrer noopener\">Segundo o Climatempo<\/a><\/strong>, indicam temperatura m\u00e9dia anual em torno de 21\u00a0\u00b0C, com grande presen\u00e7a de dias \u00famidos e chuvas bem distribu\u00eddas.<\/p>\n\n\n\n<p><strong>Temperaturas m\u00e9dias<\/strong> costumam variar de m\u00ednimas pr\u00f3ximas de 14\u00a0\u00b0C no inverno a m\u00e1ximas por volta de 29\u00a0\u00b0C no ver\u00e3o, criando um ambiente prop\u00edcio para quem gosta de atividades ao ar livre durante boa parte do ano. <\/p>\n\n\n\n<p>Veja a tabela que simplifica abaixo:<\/p>\n\n\n\n<figure class=\"wp-block-table\"><table class=\"has-fixed-layout\"><thead><tr><th><strong>Clima em Itaja\u00ed<\/strong><\/th><th><strong>Informa\u00e7\u00e3o<\/strong><\/th><\/tr><\/thead><tbody><tr><td>Temperatura m\u00e9dia anual<\/td><td><strong>21 \u00b0C<\/strong><\/td><\/tr><tr><td>Inverno (temperaturas baixas)<\/td><td><strong>13 a 15 \u00b0C<\/strong><\/td><\/tr><tr><td>Ver\u00e3o (temperaturas altas)<\/td><td><strong>28 a 30 \u00b0C<\/strong><\/td><\/tr><tr><td>Chuvas<\/td><td><strong>O ano todo; mais no ver\u00e3o<\/strong><\/td><\/tr><\/tbody><\/table><\/figure>\n\n\n\n<h2 class=\"wp-block-heading\">Qual \u00e9 a melhor \u00e9poca para visitar Itaja\u00ed?<\/h2>\n\n\n\n<p><strong>Per\u00edodo ideal<\/strong> para visitar Itaja\u00ed depende do tipo de experi\u00eancia desejada, mas \u00edndices de turismo de plataformas clim\u00e1ticas apontam os meses de outono e parte da primavera como os mais confort\u00e1veis para atividades ao ar livre. Nessa \u00e9poca, o calor \u00e9 mais ameno e a sensa\u00e7\u00e3o de abafamento costuma ser menor.<\/p>\n\n\n\n<p><strong>Alta temporada<\/strong> acontece no ver\u00e3o, quando as praias ficam mais cheias e a cidade ganha clima de destino de f\u00e9rias, com maior movimento em bares, restaurantes e eventos.<\/p>\n\n\n\n<p><em>Melhores \u00e9pocas e atividades sugeridas:<\/em><\/p>\n\n\n\n<ul class=\"wp-block-list\">\n<li>In\u00edcio de abril a fim de junho: clima mais ameno, ideal para caminhar pela orla e fazer passeios urbanos<\/li>\n\n\n\n<li>Fim de julho a fim de novembro: boas condi\u00e7\u00f5es para trilhas, mirantes e turismo de fim de semana<\/li>\n\n\n\n<li>Ver\u00e3o (dezembro a mar\u00e7o): foco em praia, vida noturna e eventos de alta temporada<\/li>\n<\/ul>\n\n\n<div class=\"wp-block-image\">\n<figure class=\"aligncenter size-large\"><img decoding=\"async\" width=\"1024\" height=\"576\" src=\"https:\/\/www.correiobraziliense.com.br\/cbradar\/wp-content\/uploads\/2025\/06\/Edicoes-32-1024x576.png\" alt=\"Essa cidade catarinense est\u00e1 entre as queridinhas para viver com tranquilidade e prosperidade\" class=\"wp-image-49106\" srcset=\"https:\/\/www.correiobraziliense.com.br\/cbradar\/wp-content\/uploads\/2025\/06\/Edicoes-32-1024x576.png 1024w, https:\/\/www.correiobraziliense.com.br\/cbradar\/wp-content\/uploads\/2025\/06\/Edicoes-32-300x169.png 300w, https:\/\/www.correiobraziliense.com.br\/cbradar\/wp-content\/uploads\/2025\/06\/Edicoes-32-768x432.png 768w, https:\/\/www.correiobraziliense.com.br\/cbradar\/wp-content\/uploads\/2025\/06\/Edicoes-32-750x422.png 750w, https:\/\/www.correiobraziliense.com.br\/cbradar\/wp-content\/uploads\/2025\/06\/Edicoes-32-1140x641.png 1140w, https:\/\/www.correiobraziliense.com.br\/cbradar\/wp-content\/uploads\/2025\/06\/Edicoes-32.png 1280w\" sizes=\"(max-width: 1024px) 100vw, 1024px\" \/><figcaption class=\"wp-element-caption\">Itaja\u00ed, SC se destaca pela economia forte, infraestrutura moderna e estilo de vida tranquilo. \/\/ Reprodu\u00e7\u00e3o: Wikip\u00e9dia<\/figcaption><\/figure><\/div>\n\n\n<h2 class=\"wp-block-heading\">Segredos e curiosidades de Itaja\u00ed<\/h2>\n\n\n\n<p><strong>Voca\u00e7\u00e3o portu\u00e1ria<\/strong> <strong>\u00e9 um dos tra\u00e7os mais marcantes da identidade local: <\/strong>o porto da cidade est\u00e1 entre os mais relevantes do Sul do Brasil, o que a coloca como refer\u00eancia log\u00edstica e de neg\u00f3cios. Essa caracter\u00edstica convive com a imagem de cidade litor\u00e2nea voltada \u00e0 qualidade de vida.<\/p>\n\n\n\n<p><strong>Tradi\u00e7\u00f5es n\u00e1uticas<\/strong> renderam \u00e0 cidade etapas de grandes regatas internacionais e certifica\u00e7\u00f5es de praia com Bandeira Azul, refor\u00e7ando a preocupa\u00e7\u00e3o com meio ambiente e turismo sustent\u00e1vel.<\/p>\n\n\n\n<ul class=\"wp-block-list\">\n<li>Hist\u00f3ria ligada \u00e0 navega\u00e7\u00e3o, \u00e0 pesca e ao com\u00e9rcio mar\u00edtimo<\/li>\n\n\n\n<li>Hospedagem de eventos internacionais de vela em diferentes edi\u00e7\u00f5es<\/li>\n\n\n\n<li>Praias com certifica\u00e7\u00e3o ambiental e foco em gest\u00e3o costeira respons\u00e1vel<\/li>\n<\/ul>\n\n\n\n<h2 class=\"wp-block-heading\">Como chegar em Itaja\u00ed?<\/h2>\n\n\n\n<p><strong>Acesso rodovi\u00e1rio<\/strong> a Itaja\u00ed \u00e9 feito principalmente pelas rodovias BR-101 e BR-470, que conectam a cidade ao restante do litoral catarinense e ao interior. Para quem chega de carro ou \u00f4nibus, essas rotas permitem integra\u00e7\u00e3o com diversos munic\u00edpios da regi\u00e3o.<\/p>\n\n\n\n<p><strong>Aeroporto pr\u00f3ximo<\/strong> \u00e9 o de Navegantes, que fica a poucos quil\u00f4metros da \u00e1rea urbana e oferece voos para diferentes regi\u00f5es do pa\u00eds, facilitando a vida de moradores que viajam com frequ\u00eancia e de quem vem conhecer a cidade.<\/p>\n\n\n\n<p><strong>Leia tamb\u00e9m: <a href=\"https:\/\/www.correiobraziliense.com.br\/cbradar\/essa-cidade-brasileira-esta-liderando-pesquisas-e-se-destacando-pela-sua-infraestrutura-e-saneamento-basico\/#google_vignette\" target=\"_blank\" rel=\"noreferrer noopener\">Essa cidade brasileira est\u00e1 liderando pesquisas e se destacando pela sua infraestrutura e saneamento b\u00e1sico.<\/a><\/strong><\/p>\n\n\n<div class=\"wp-block-image\">\n<figure class=\"aligncenter size-large\"><img decoding=\"async\" width=\"1024\" height=\"576\" src=\"https:\/\/www.correiobraziliense.com.br\/cbradar\/wp-content\/uploads\/2025\/06\/itajai_1750913805777-1024x576.jpg\" alt=\"Essa cidade catarinense est\u00e1 entre as queridinhas para viver com tranquilidade e prosperidade\" class=\"wp-image-59714\" srcset=\"https:\/\/www.correiobraziliense.com.br\/cbradar\/wp-content\/uploads\/2025\/06\/itajai_1750913805777-1024x576.jpg 1024w, https:\/\/www.correiobraziliense.com.br\/cbradar\/wp-content\/uploads\/2025\/06\/itajai_1750913805777-300x169.jpg 300w, https:\/\/www.correiobraziliense.com.br\/cbradar\/wp-content\/uploads\/2025\/06\/itajai_1750913805777-768x432.jpg 768w, https:\/\/www.correiobraziliense.com.br\/cbradar\/wp-content\/uploads\/2025\/06\/itajai_1750913805777-750x422.jpg 750w, https:\/\/www.correiobraziliense.com.br\/cbradar\/wp-content\/uploads\/2025\/06\/itajai_1750913805777-1140x642.jpg 1140w, https:\/\/www.correiobraziliense.com.br\/cbradar\/wp-content\/uploads\/2025\/06\/itajai_1750913805777.jpg 1279w\" sizes=\"(max-width: 1024px) 100vw, 1024px\" \/><figcaption class=\"wp-element-caption\">Itaja\u00ed, SC ganhou o t\u00edtulo de \u201cCapital Brasileira dos Cruzeiros Mar\u00edtimos\u201d por sediar o \u00fanico terminal exclusivo para transatl\u00e2nticos do Brasil.  \/\/ Cr\u00e9ditos: depositphotos.com \/ ruramos<\/figcaption><\/figure><\/div>\n\n\n<h2 class=\"wp-block-heading\">Onde se hospedar em Itaja\u00ed?<\/h2>\n\n\n\n<p><strong>Rede hoteleira<\/strong> em Itaja\u00ed combina hot\u00e9is de padr\u00e3o executivo, pens\u00f5es tradicionais e op\u00e7\u00f5es de hospedagem voltadas ao turismo de lazer. Muitas acomoda\u00e7\u00f5es se concentram na regi\u00e3o central e em bairros pr\u00f3ximos \u00e0 orla, favorecendo deslocamentos curtos at\u00e9 praias e servi\u00e7os.<\/p>\n\n\n\n<p><strong>Op\u00e7\u00f5es variadas<\/strong> atendem perfis diferentes de viajantes, desde quem busca estrutura completa para viagens de trabalho at\u00e9 fam\u00edlias que desejam unir estadia confort\u00e1vel com passeios pela cidade e pelo litoral ao redor.<\/p>\n\n\n\n<h2 class=\"wp-block-heading\">Itaja\u00ed, um lugar para viver o mar e o cotidiano em Santa Catarina<\/h2>\n\n\n\n<p><strong>Itaja\u00ed se destaca como cidade litor\u00e2nea onde rotina de trabalho, mar e vida urbana se encontram de forma equilibrada.<\/strong><\/p>\n\n\n\n<ul class=\"wp-block-list\">\n<li>Centro urbano de porte m\u00e9dio com forte voca\u00e7\u00e3o regional e portu\u00e1ria<\/li>\n\n\n\n<li>Clima que favorece atividades ao ar livre durante boa parte do ano<\/li>\n\n\n\n<li>Conjunto de praias, mirantes e espa\u00e7os urbanos que enriquecem a experi\u00eancia de morar e visitar<\/li>\n<\/ul>\n\n\n\n<p>Explore tudo o que faz de Itaja\u00ed em <strong>Santa Catarina<\/strong> um destino imperd\u00edvel e apaixonante.<\/p>\n","protected":false},"excerpt":{"rendered":"<p>Itaja\u00ed, no litoral norte de Santa Catarina, \u00e9 uma cidade portu\u00e1ria que cresceu olhando para o mar e para a qualidade de vida do dia a dia. Pr\u00f3xima de capitais bem conectadas como Florian\u00f3polis e Curitiba, ela combina rotina de centro urbano com clima de balne\u00e1rio e forte voca\u00e7\u00e3o para servi\u00e7os e com\u00e9rcio. Balne\u00e1rio Cambori\u00fa [&hellip;]<\/p>\n","protected":false},"author":8,"featured_media":142445,"comment_status":"open","ping_status":"open","sticky":false,"template":"","format":"standard","meta":{"_yoast_wpseo_focuskw":"Itaja\u00ed","_yoast_wpseo_title":"","_yoast_wpseo_metadesc":"Uma cidade catarinense est\u00e1 entre as melhores para viver quem busca tranquilidade. Descubra o que torna esse lugar especial.","jnews-multi-image_gallery":[],"jnews_single_post":{"format":"standard"},"jnews_primary_category":[],"jnews_social_meta":[],"jnews_override_counter":[],"footnotes":""},"categories":[108,111],"post_tag":[6032,247,851],"class_list":["post-142195","post","type-post","status-publish","format-standard","has-post-thumbnail","hentry","category-cidades","category-turismo","tag-itajai","tag-qualidade-de-vida","tag-santa-catarina"],"yoast_head":"<!-- This site is optimized with the Yoast SEO plugin v24.6 - https:\/\/yoast.com\/wordpress\/plugins\/seo\/ -->\n<title>Essa cidade catarinense est\u00e1 entre as queridinhas para viver com tranquilidade e prosperidade - Correio Braziliense - Radar<\/title>\n<meta name=\"description\" content=\"Uma cidade catarinense est\u00e1 entre as melhores para viver quem busca tranquilidade. Descubra o que torna esse lugar especial.\" \/>\n<meta name=\"robots\" content=\"index, follow, max-snippet:-1, max-image-preview:large, max-video-preview:-1\" \/>\n<link rel=\"canonical\" href=\"https:\/\/www.correiobraziliense.com.br\/cbradar\/essa-cidade-catarinense-esta-entre-as-queridinhas-para-viver-com-tranquilidade-e-prosperidade\/\" \/>\n<meta property=\"og:locale\" content=\"pt_BR\" \/>\n<meta property=\"og:type\" content=\"article\" \/>\n<meta property=\"og:title\" content=\"Essa cidade catarinense est\u00e1 entre as queridinhas para viver com tranquilidade e prosperidade - Correio Braziliense - Radar\" \/>\n<meta property=\"og:description\" content=\"Uma cidade catarinense est\u00e1 entre as melhores para viver quem busca tranquilidade. Descubra o que torna esse lugar especial.\" \/>\n<meta property=\"og:url\" content=\"https:\/\/www.correiobraziliense.com.br\/cbradar\/essa-cidade-catarinense-esta-entre-as-queridinhas-para-viver-com-tranquilidade-e-prosperidade\/\" \/>\n<meta property=\"og:site_name\" content=\"Correio Braziliense - Radar\" \/>\n<meta property=\"article:published_time\" content=\"2025-11-23T10:55:00+00:00\" \/>\n<meta property=\"og:image\" content=\"https:\/\/www.correiobraziliense.com.br\/cbradar\/wp-content\/uploads\/2025\/11\/Design-sem-nome-60-1.png\" \/>\n\t<meta property=\"og:image:width\" content=\"1280\" \/>\n\t<meta property=\"og:image:height\" content=\"720\" \/>\n\t<meta property=\"og:image:type\" content=\"image\/png\" \/>\n<meta name=\"author\" content=\"Maura Pereira\" \/>\n<meta name=\"twitter:card\" content=\"summary_large_image\" \/>\n<meta name=\"twitter:label1\" content=\"Escrito por\" \/>\n\t<meta name=\"twitter:data1\" content=\"Maura Pereira\" \/>\n\t<meta name=\"twitter:label2\" content=\"Est. tempo de leitura\" \/>\n\t<meta name=\"twitter:data2\" content=\"7 minutos\" \/>\n<!-- \/ Yoast SEO plugin. -->","yoast_head_json":{"title":"Essa cidade catarinense est\u00e1 entre as queridinhas para viver com tranquilidade e prosperidade - Correio Braziliense - Radar","description":"Uma cidade catarinense est\u00e1 entre as melhores para viver quem busca tranquilidade. Descubra o que torna esse lugar especial.","robots":{"index":"index","follow":"follow","max-snippet":"max-snippet:-1","max-image-preview":"max-image-preview:large","max-video-preview":"max-video-preview:-1"},"canonical":"https:\/\/www.correiobraziliense.com.br\/cbradar\/essa-cidade-catarinense-esta-entre-as-queridinhas-para-viver-com-tranquilidade-e-prosperidade\/","og_locale":"pt_BR","og_type":"article","og_title":"Essa cidade catarinense est\u00e1 entre as queridinhas para viver com tranquilidade e prosperidade - Correio Braziliense - Radar","og_description":"Uma cidade catarinense est\u00e1 entre as melhores para viver quem busca tranquilidade. Descubra o que torna esse lugar especial.","og_url":"https:\/\/www.correiobraziliense.com.br\/cbradar\/essa-cidade-catarinense-esta-entre-as-queridinhas-para-viver-com-tranquilidade-e-prosperidade\/","og_site_name":"Correio Braziliense - Radar","article_published_time":"2025-11-23T10:55:00+00:00","og_image":[{"width":1280,"height":720,"url":"https:\/\/www.correiobraziliense.com.br\/cbradar\/wp-content\/uploads\/2025\/11\/Design-sem-nome-60-1.png","type":"image\/png"}],"author":"Maura Pereira","twitter_card":"summary_large_image","twitter_misc":{"Escrito por":"Maura Pereira","Est. tempo de leitura":"7 minutos"},"schema":{"@context":"https:\/\/schema.org","@graph":[{"@type":"WebPage","@id":"https:\/\/www.correiobraziliense.com.br\/cbradar\/essa-cidade-catarinense-esta-entre-as-queridinhas-para-viver-com-tranquilidade-e-prosperidade\/","url":"https:\/\/www.correiobraziliense.com.br\/cbradar\/essa-cidade-catarinense-esta-entre-as-queridinhas-para-viver-com-tranquilidade-e-prosperidade\/","name":"Essa cidade catarinense est\u00e1 entre as queridinhas para viver com tranquilidade e prosperidade - Correio Braziliense - Radar","isPartOf":{"@id":"https:\/\/www.correiobraziliense.com.br\/cbradar\/#website"},"primaryImageOfPage":{"@id":"https:\/\/www.correiobraziliense.com.br\/cbradar\/essa-cidade-catarinense-esta-entre-as-queridinhas-para-viver-com-tranquilidade-e-prosperidade\/#primaryimage"},"image":{"@id":"https:\/\/www.correiobraziliense.com.br\/cbradar\/essa-cidade-catarinense-esta-entre-as-queridinhas-para-viver-com-tranquilidade-e-prosperidade\/#primaryimage"},"thumbnailUrl":"https:\/\/www.correiobraziliense.com.br\/cbradar\/wp-content\/uploads\/2025\/11\/Design-sem-nome-60-1.png","datePublished":"2025-11-23T10:55:00+00:00","author":{"@id":"https:\/\/www.correiobraziliense.com.br\/cbradar\/#\/schema\/person\/4053c651a9bfc785afc6f4cbc9032fd3"},"description":"Uma cidade catarinense est\u00e1 entre as melhores para viver quem busca tranquilidade. Descubra o que torna esse lugar especial.","breadcrumb":{"@id":"https:\/\/www.correiobraziliense.com.br\/cbradar\/essa-cidade-catarinense-esta-entre-as-queridinhas-para-viver-com-tranquilidade-e-prosperidade\/#breadcrumb"},"inLanguage":"pt-BR","potentialAction":[{"@type":"ReadAction","target":["https:\/\/www.correiobraziliense.com.br\/cbradar\/essa-cidade-catarinense-esta-entre-as-queridinhas-para-viver-com-tranquilidade-e-prosperidade\/"]}]},{"@type":"ImageObject","inLanguage":"pt-BR","@id":"https:\/\/www.correiobraziliense.com.br\/cbradar\/essa-cidade-catarinense-esta-entre-as-queridinhas-para-viver-com-tranquilidade-e-prosperidade\/#primaryimage","url":"https:\/\/www.correiobraziliense.com.br\/cbradar\/wp-content\/uploads\/2025\/11\/Design-sem-nome-60-1.png","contentUrl":"https:\/\/www.correiobraziliense.com.br\/cbradar\/wp-content\/uploads\/2025\/11\/Design-sem-nome-60-1.png","width":1280,"height":720,"caption":"Explore Itaja\u00ed, cidade vibrante e cheia de atra\u00e7\u00f5es naturais e culturais no sul do Brasil. \/\/ Cr\u00e9ditos: YouTube @rolefamilia"},{"@type":"BreadcrumbList","@id":"https:\/\/www.correiobraziliense.com.br\/cbradar\/essa-cidade-catarinense-esta-entre-as-queridinhas-para-viver-com-tranquilidade-e-prosperidade\/#breadcrumb","itemListElement":[{"@type":"ListItem","position":1,"name":"In\u00edcio","item":"https:\/\/www.correiobraziliense.com.br\/cbradar\/"},{"@type":"ListItem","position":2,"name":"Essa cidade catarinense est\u00e1 entre as queridinhas para viver com tranquilidade e prosperidade"}]},{"@type":"WebSite","@id":"https:\/\/www.correiobraziliense.com.br\/cbradar\/#website","url":"https:\/\/www.correiobraziliense.com.br\/cbradar\/","name":"Correio Braziliense - Radar","description":"Acompanhe as \u00faltimas not\u00edcias e fique bem informado sobre tudo o que acontece no Brasil e no mundo.","potentialAction":[{"@type":"SearchAction","target":{"@type":"EntryPoint","urlTemplate":"https:\/\/www.correiobraziliense.com.br\/cbradar\/?s={search_term_string}"},"query-input":{"@type":"PropertyValueSpecification","valueRequired":true,"valueName":"search_term_string"}}],"inLanguage":"pt-BR"},{"@type":"Person","@id":"https:\/\/www.correiobraziliense.com.br\/cbradar\/#\/schema\/person\/4053c651a9bfc785afc6f4cbc9032fd3","name":"Maura Pereira","image":{"@type":"ImageObject","inLanguage":"pt-BR","@id":"https:\/\/www.correiobraziliense.com.br\/cbradar\/#\/schema\/person\/image\/","url":"https:\/\/secure.gravatar.com\/avatar\/3effd6bdadfa447f15089c7f7144eaa6?s=96&d=mm&r=g","contentUrl":"https:\/\/secure.gravatar.com\/avatar\/3effd6bdadfa447f15089c7f7144eaa6?s=96&d=mm&r=g","caption":"Maura Pereira"},"sameAs":["https:\/\/www.correiobraziliense.com.br\/"],"url":"https:\/\/www.correiobraziliense.com.br\/cbradar\/author\/mauramyth\/"}]}},"_links":{"self":[{"href":"https:\/\/www.correiobraziliense.com.br\/cbradar\/wp-json\/wp\/v2\/posts\/142195","targetHints":{"allow":["GET"]}}],"collection":[{"href":"https:\/\/www.correiobraziliense.com.br\/cbradar\/wp-json\/wp\/v2\/posts"}],"about":[{"href":"https:\/\/www.correiobraziliense.com.br\/cbradar\/wp-json\/wp\/v2\/types\/post"}],"author":[{"embeddable":true,"href":"https:\/\/www.correiobraziliense.com.br\/cbradar\/wp-json\/wp\/v2\/users\/8"}],"replies":[{"embeddable":true,"href":"https:\/\/www.correiobraziliense.com.br\/cbradar\/wp-json\/wp\/v2\/comments?post=142195"}],"version-history":[{"count":21,"href":"https:\/\/www.correiobraziliense.com.br\/cbradar\/wp-json\/wp\/v2\/posts\/142195\/revisions"}],"predecessor-version":[{"id":142456,"href":"https:\/\/www.correiobraziliense.com.br\/cbradar\/wp-json\/wp\/v2\/posts\/142195\/revisions\/142456"}],"wp:featuredmedia":[{"embeddable":true,"href":"https:\/\/www.correiobraziliense.com.br\/cbradar\/wp-json\/wp\/v2\/media\/142445"}],"wp:attachment":[{"href":"https:\/\/www.correiobraziliense.com.br\/cbradar\/wp-json\/wp\/v2\/media?parent=142195"}],"wp:term":[{"taxonomy":"category","embeddable":true,"href":"https:\/\/www.correiobraziliense.com.br\/cbradar\/wp-json\/wp\/v2\/categories?post=142195"},{"taxonomy":"post_tag","embeddable":true,"href":"https:\/\/www.correiobraziliense.com.br\/cbradar\/wp-json\/wp\/v2\/post_tag?post=142195"}],"curies":[{"name":"wp","href":"https:\/\/api.w.org\/{rel}","templated":true}]}}