{"id":14228,"date":"2025-03-21T17:30:00","date_gmt":"2025-03-21T20:30:00","guid":{"rendered":"https:\/\/www.correiobraziliense.com.br\/cbradar\/?p=14228"},"modified":"2025-03-20T17:28:54","modified_gmt":"2025-03-20T20:28:54","slug":"essa-fruta-brasileira-apareceu-no-ranking-das-melhores-do-mundo","status":"publish","type":"post","link":"https:\/\/www.correiobraziliense.com.br\/cbradar\/essa-fruta-brasileira-apareceu-no-ranking-das-melhores-do-mundo\/","title":{"rendered":"Essa fruta brasileira apareceu no ranking das melhores do mundo"},"content":{"rendered":"\n<p>As frutas desempenham um papel crucial na alimenta\u00e7\u00e3o humana, oferecendo uma variedade de sabores e benef\u00edcios nutricionais. Recentemente, o <strong><a href=\"https:\/\/www.tasteatlas.com\/\" target=\"_blank\" rel=\"noreferrer noopener\">TasteAtlas<\/a><\/strong>, um guia culin\u00e1rio global, destacou algumas frutas que se destacam n\u00e3o apenas pelo sabor, mas tamb\u00e9m por suas propriedades \u00fanicas. Entre elas, a jabuticaba, uma fruta brasileira, ganhou destaque ao figurar entre as dez melhores do mundo.<\/p>\n\n\n\n<p>A jabuticaba, conhecida por sua casca roxa escura e polpa doce, conquistou o gosto dos usu\u00e1rios do TasteAtlas, alcan\u00e7ando uma classifica\u00e7\u00e3o impressionante. Al\u00e9m dela, outras frutas brasileiras como o a\u00e7a\u00ed e o guaran\u00e1 tamb\u00e9m foram reconhecidas, destacando a rica biodiversidade do Brasil. Este reconhecimento global reflete a import\u00e2ncia cultural e nutricional dessas frutas.<\/p>\n\n\n\n<h2 class=\"wp-block-heading\">O que torna a jabuticaba especial?<\/h2>\n\n\n\n<p>A jabuticaba n\u00e3o \u00e9 apenas uma fruta saborosa; ela \u00e9 uma verdadeira pot\u00eancia nutricional. A casca da jabuticaba \u00e9 rica em antioxidantes, que s\u00e3o essenciais para proteger o organismo contra os radicais livres. Al\u00e9m disso, a fruta \u00e9 uma fonte significativa de vitaminas C e do complexo B, al\u00e9m de minerais como ferro, magn\u00e9sio e pot\u00e1ssio.<\/p>\n\n\n\n<p>O consumo regular de jabuticaba pode fortalecer o sistema imunol\u00f3gico, reduzir o risco de diabetes tipo 2 e ajudar a controlar os n\u00edveis de colesterol. Para aproveitar ao m\u00e1ximo seus benef\u00edcios, \u00e9 recomendado consumir a fruta com a casca, que cont\u00e9m a maior parte dos nutrientes.<\/p>\n\n\n\n<figure class=\"wp-block-image size-large\"><img decoding=\"async\" width=\"1024\" height=\"576\" src=\"https:\/\/www.correiobraziliense.com.br\/cbradar\/wp-content\/uploads\/2025\/03\/jabuticaba_1742477619508-1024x576.jpg\" alt=\"Essa fruta brasileira apareceu no ranking das melhores do mundo\" class=\"wp-image-14230\" srcset=\"https:\/\/www.correiobraziliense.com.br\/cbradar\/wp-content\/uploads\/2025\/03\/jabuticaba_1742477619508-1024x576.jpg 1024w, https:\/\/www.correiobraziliense.com.br\/cbradar\/wp-content\/uploads\/2025\/03\/jabuticaba_1742477619508-300x169.jpg 300w, https:\/\/www.correiobraziliense.com.br\/cbradar\/wp-content\/uploads\/2025\/03\/jabuticaba_1742477619508-768x432.jpg 768w, https:\/\/www.correiobraziliense.com.br\/cbradar\/wp-content\/uploads\/2025\/03\/jabuticaba_1742477619508-750x422.jpg 750w, https:\/\/www.correiobraziliense.com.br\/cbradar\/wp-content\/uploads\/2025\/03\/jabuticaba_1742477619508-1140x641.jpg 1140w, https:\/\/www.correiobraziliense.com.br\/cbradar\/wp-content\/uploads\/2025\/03\/jabuticaba_1742477619508.jpg 1280w\" sizes=\"(max-width: 1024px) 100vw, 1024px\" \/><figcaption class=\"wp-element-caption\">jabuticaba. Cr\u00e9ditos: depositphotos.com \/ casadaphoto<\/figcaption><\/figure>\n\n\n\n<h2 class=\"wp-block-heading\">Quais s\u00e3o as outras frutas de destaque no ranking?<\/h2>\n\n\n\n<p>Al\u00e9m da jabuticaba, o ranking do TasteAtlas destacou outras frutas de diferentes partes do mundo. A rodakina naoussas, um tipo de p\u00eassego grego, lidera a lista com sua do\u00e7ura e aroma intensos. Cultivada na vila de Naoussas, na Gr\u00e9cia, essa fruta se beneficia do clima e solo locais, que favorecem seu cultivo.<\/p>\n\n\n\n<p>Outra fruta not\u00e1vel \u00e9 a truskawka kaszubska, um morango polon\u00eas conhecido por seu alto teor de a\u00e7\u00facar e sabor equilibrado. Este morango \u00e9 frequentemente utilizado em sobremesas devido ao seu sabor doce e aroma caracter\u00edstico.<\/p>\n\n\n\n<h2 class=\"wp-block-heading\">Frutas c\u00edtricas e seus benef\u00edcios<\/h2>\n\n\n\n<p>Os c\u00edtricos valencianos, cultivados na Espanha, tamb\u00e9m figuram entre as melhores frutas do mundo. Esta categoria inclui laranjas, tangerinas e lim\u00f5es, conhecidos por sua acidez equilibrada e sabor intenso. Al\u00e9m de serem consumidos in natura, esses frutos s\u00e3o amplamente utilizados em sucos, molhos e sobremesas.<\/p>\n\n\n\n<p>As frutas c\u00edtricas s\u00e3o uma excelente fonte de vitamina C, essencial para a sa\u00fade do sistema imunol\u00f3gico. Elas tamb\u00e9m s\u00e3o ricas em antioxidantes, que ajudam a proteger o corpo contra doen\u00e7as cr\u00f4nicas.<\/p>\n\n\n\n<h2 class=\"wp-block-heading\">Por que as frutas s\u00e3o essenciais na dieta?<\/h2>\n\n\n\n<p>As frutas s\u00e3o uma parte vital de uma dieta equilibrada, fornecendo nutrientes essenciais que o corpo necessita para funcionar corretamente. Elas s\u00e3o ricas em fibras, vitaminas e minerais, al\u00e9m de serem uma fonte natural de energia. Incorporar uma variedade de frutas na dieta pode ajudar a melhorar a sa\u00fade geral e prevenir doen\u00e7as.<\/p>\n\n\n\n<p>O reconhecimento de frutas como a jabuticaba no ranking global destaca a import\u00e2ncia de valorizar e preservar a biodiversidade. Cada fruta traz consigo uma hist\u00f3ria \u00fanica e um conjunto de benef\u00edcios que enriquecem a alimenta\u00e7\u00e3o e a cultura de diferentes regi\u00f5es do mundo.<\/p>\n","protected":false},"excerpt":{"rendered":"<p>Descubra as frutas mais saborosas e saud\u00e1veis do mundo, incluindo a uma brasileira, e por que elas s\u00e3o essenciais para uma dieta saud\u00e1vel.<\/p>\n","protected":false},"author":3,"featured_media":14229,"comment_status":"open","ping_status":"open","sticky":false,"template":"","format":"standard","meta":{"_yoast_wpseo_focuskw":"melhores frutas","_yoast_wpseo_title":"%%title%%","_yoast_wpseo_metadesc":"Descubra as frutas mais saborosas e saud\u00e1veis do mundo, incluindo a uma brasileira, e por que elas s\u00e3o essenciais para uma dieta saud\u00e1vel.","jnews-multi-image_gallery":[],"jnews_single_post":{"format":"standard"},"jnews_primary_category":[],"jnews_social_meta":[],"jnews_override_counter":[],"footnotes":""},"categories":[108],"tags":[109],"class_list":["post-14228","post","type-post","status-publish","format-standard","has-post-thumbnail","hentry","category-cidades","tag-cidades"],"yoast_head":"<!-- This site is optimized with the Yoast SEO plugin v24.6 - https:\/\/yoast.com\/wordpress\/plugins\/seo\/ -->\n<title>Essa fruta brasileira apareceu no ranking das melhores do mundo<\/title>\n<meta name=\"description\" content=\"Descubra as frutas mais saborosas e saud\u00e1veis do mundo, incluindo a uma brasileira, e por que elas s\u00e3o essenciais para uma dieta saud\u00e1vel.\" \/>\n<meta name=\"robots\" content=\"index, follow, max-snippet:-1, max-image-preview:large, max-video-preview:-1\" \/>\n<link rel=\"canonical\" href=\"https:\/\/www.correiobraziliense.com.br\/cbradar\/essa-fruta-brasileira-apareceu-no-ranking-das-melhores-do-mundo\/\" \/>\n<meta property=\"og:locale\" content=\"pt_BR\" \/>\n<meta property=\"og:type\" content=\"article\" \/>\n<meta property=\"og:title\" content=\"Essa fruta brasileira apareceu no ranking das melhores do mundo\" \/>\n<meta property=\"og:description\" content=\"Descubra as frutas mais saborosas e saud\u00e1veis do mundo, incluindo a uma brasileira, e por que elas s\u00e3o essenciais para uma dieta saud\u00e1vel.\" \/>\n<meta property=\"og:url\" content=\"https:\/\/www.correiobraziliense.com.br\/cbradar\/essa-fruta-brasileira-apareceu-no-ranking-das-melhores-do-mundo\/\" \/>\n<meta property=\"og:site_name\" content=\"Correio Braziliense - Radar\" \/>\n<meta property=\"article:published_time\" content=\"2025-03-21T20:30:00+00:00\" \/>\n<meta property=\"og:image\" content=\"https:\/\/www.correiobraziliense.com.br\/cbradar\/wp-content\/uploads\/2025\/03\/fruta_1742477570101.jpg\" \/>\n\t<meta property=\"og:image:width\" content=\"1280\" \/>\n\t<meta property=\"og:image:height\" content=\"720\" \/>\n\t<meta property=\"og:image:type\" content=\"image\/jpeg\" \/>\n<meta name=\"author\" content=\"Larissa Carvalho\" \/>\n<meta name=\"twitter:card\" content=\"summary_large_image\" \/>\n<meta name=\"twitter:label1\" content=\"Escrito por\" \/>\n\t<meta name=\"twitter:data1\" content=\"Larissa Carvalho\" \/>\n\t<meta name=\"twitter:label2\" content=\"Est. tempo de leitura\" \/>\n\t<meta name=\"twitter:data2\" content=\"4 minutos\" \/>\n<!-- \/ Yoast SEO plugin. -->","yoast_head_json":{"title":"Essa fruta brasileira apareceu no ranking das melhores do mundo","description":"Descubra as frutas mais saborosas e saud\u00e1veis do mundo, incluindo a uma brasileira, e por que elas s\u00e3o essenciais para uma dieta saud\u00e1vel.","robots":{"index":"index","follow":"follow","max-snippet":"max-snippet:-1","max-image-preview":"max-image-preview:large","max-video-preview":"max-video-preview:-1"},"canonical":"https:\/\/www.correiobraziliense.com.br\/cbradar\/essa-fruta-brasileira-apareceu-no-ranking-das-melhores-do-mundo\/","og_locale":"pt_BR","og_type":"article","og_title":"Essa fruta brasileira apareceu no ranking das melhores do mundo","og_description":"Descubra as frutas mais saborosas e saud\u00e1veis do mundo, incluindo a uma brasileira, e por que elas s\u00e3o essenciais para uma dieta saud\u00e1vel.","og_url":"https:\/\/www.correiobraziliense.com.br\/cbradar\/essa-fruta-brasileira-apareceu-no-ranking-das-melhores-do-mundo\/","og_site_name":"Correio Braziliense - Radar","article_published_time":"2025-03-21T20:30:00+00:00","og_image":[{"width":1280,"height":720,"url":"https:\/\/www.correiobraziliense.com.br\/cbradar\/wp-content\/uploads\/2025\/03\/fruta_1742477570101.jpg","type":"image\/jpeg"}],"author":"Larissa Carvalho","twitter_card":"summary_large_image","twitter_misc":{"Escrito por":"Larissa Carvalho","Est. tempo de leitura":"4 minutos"},"schema":{"@context":"https:\/\/schema.org","@graph":[{"@type":"WebPage","@id":"https:\/\/www.correiobraziliense.com.br\/cbradar\/essa-fruta-brasileira-apareceu-no-ranking-das-melhores-do-mundo\/","url":"https:\/\/www.correiobraziliense.com.br\/cbradar\/essa-fruta-brasileira-apareceu-no-ranking-das-melhores-do-mundo\/","name":"Essa fruta brasileira apareceu no ranking das melhores do mundo","isPartOf":{"@id":"https:\/\/www.correiobraziliense.com.br\/cbradar\/#website"},"primaryImageOfPage":{"@id":"https:\/\/www.correiobraziliense.com.br\/cbradar\/essa-fruta-brasileira-apareceu-no-ranking-das-melhores-do-mundo\/#primaryimage"},"image":{"@id":"https:\/\/www.correiobraziliense.com.br\/cbradar\/essa-fruta-brasileira-apareceu-no-ranking-das-melhores-do-mundo\/#primaryimage"},"thumbnailUrl":"https:\/\/www.correiobraziliense.com.br\/cbradar\/wp-content\/uploads\/2025\/03\/fruta_1742477570101.jpg","datePublished":"2025-03-21T20:30:00+00:00","author":{"@id":"https:\/\/www.correiobraziliense.com.br\/cbradar\/#\/schema\/person\/58422787644df994b53a19d3e56c1513"},"description":"Descubra as frutas mais saborosas e saud\u00e1veis do mundo, incluindo a uma brasileira, e por que elas s\u00e3o essenciais para uma dieta saud\u00e1vel.","breadcrumb":{"@id":"https:\/\/www.correiobraziliense.com.br\/cbradar\/essa-fruta-brasileira-apareceu-no-ranking-das-melhores-do-mundo\/#breadcrumb"},"inLanguage":"pt-BR","potentialAction":[{"@type":"ReadAction","target":["https:\/\/www.correiobraziliense.com.br\/cbradar\/essa-fruta-brasileira-apareceu-no-ranking-das-melhores-do-mundo\/"]}]},{"@type":"ImageObject","inLanguage":"pt-BR","@id":"https:\/\/www.correiobraziliense.com.br\/cbradar\/essa-fruta-brasileira-apareceu-no-ranking-das-melhores-do-mundo\/#primaryimage","url":"https:\/\/www.correiobraziliense.com.br\/cbradar\/wp-content\/uploads\/2025\/03\/fruta_1742477570101.jpg","contentUrl":"https:\/\/www.correiobraziliense.com.br\/cbradar\/wp-content\/uploads\/2025\/03\/fruta_1742477570101.jpg","width":1280,"height":720,"caption":"Fruta. Cr\u00e9ditos: depositphotos.com \/ baibaz"},{"@type":"BreadcrumbList","@id":"https:\/\/www.correiobraziliense.com.br\/cbradar\/essa-fruta-brasileira-apareceu-no-ranking-das-melhores-do-mundo\/#breadcrumb","itemListElement":[{"@type":"ListItem","position":1,"name":"In\u00edcio","item":"https:\/\/www.correiobraziliense.com.br\/cbradar\/"},{"@type":"ListItem","position":2,"name":"Essa fruta brasileira apareceu no ranking das melhores do mundo"}]},{"@type":"WebSite","@id":"https:\/\/www.correiobraziliense.com.br\/cbradar\/#website","url":"https:\/\/www.correiobraziliense.com.br\/cbradar\/","name":"Correio Braziliense - Radar","description":"Acompanhe as \u00faltimas not\u00edcias e fique bem informado sobre tudo o que acontece no Brasil e no mundo.","potentialAction":[{"@type":"SearchAction","target":{"@type":"EntryPoint","urlTemplate":"https:\/\/www.correiobraziliense.com.br\/cbradar\/?s={search_term_string}"},"query-input":{"@type":"PropertyValueSpecification","valueRequired":true,"valueName":"search_term_string"}}],"inLanguage":"pt-BR"},{"@type":"Person","@id":"https:\/\/www.correiobraziliense.com.br\/cbradar\/#\/schema\/person\/58422787644df994b53a19d3e56c1513","name":"Larissa Carvalho","image":{"@type":"ImageObject","inLanguage":"pt-BR","@id":"https:\/\/www.correiobraziliense.com.br\/cbradar\/#\/schema\/person\/image\/","url":"https:\/\/secure.gravatar.com\/avatar\/fe4f91a0de32b52a838d0d612abdc1aa?s=96&d=mm&r=g","contentUrl":"https:\/\/secure.gravatar.com\/avatar\/fe4f91a0de32b52a838d0d612abdc1aa?s=96&d=mm&r=g","caption":"Larissa Carvalho"},"url":"https:\/\/www.correiobraziliense.com.br\/cbradar\/author\/larissamyth\/"}]}},"_links":{"self":[{"href":"https:\/\/www.correiobraziliense.com.br\/cbradar\/wp-json\/wp\/v2\/posts\/14228","targetHints":{"allow":["GET"]}}],"collection":[{"href":"https:\/\/www.correiobraziliense.com.br\/cbradar\/wp-json\/wp\/v2\/posts"}],"about":[{"href":"https:\/\/www.correiobraziliense.com.br\/cbradar\/wp-json\/wp\/v2\/types\/post"}],"author":[{"embeddable":true,"href":"https:\/\/www.correiobraziliense.com.br\/cbradar\/wp-json\/wp\/v2\/users\/3"}],"replies":[{"embeddable":true,"href":"https:\/\/www.correiobraziliense.com.br\/cbradar\/wp-json\/wp\/v2\/comments?post=14228"}],"version-history":[{"count":1,"href":"https:\/\/www.correiobraziliense.com.br\/cbradar\/wp-json\/wp\/v2\/posts\/14228\/revisions"}],"predecessor-version":[{"id":14231,"href":"https:\/\/www.correiobraziliense.com.br\/cbradar\/wp-json\/wp\/v2\/posts\/14228\/revisions\/14231"}],"wp:featuredmedia":[{"embeddable":true,"href":"https:\/\/www.correiobraziliense.com.br\/cbradar\/wp-json\/wp\/v2\/media\/14229"}],"wp:attachment":[{"href":"https:\/\/www.correiobraziliense.com.br\/cbradar\/wp-json\/wp\/v2\/media?parent=14228"}],"wp:term":[{"taxonomy":"category","embeddable":true,"href":"https:\/\/www.correiobraziliense.com.br\/cbradar\/wp-json\/wp\/v2\/categories?post=14228"},{"taxonomy":"post_tag","embeddable":true,"href":"https:\/\/www.correiobraziliense.com.br\/cbradar\/wp-json\/wp\/v2\/tags?post=14228"}],"curies":[{"name":"wp","href":"https:\/\/api.w.org\/{rel}","templated":true}]}}