{"id":142316,"date":"2025-11-22T13:15:00","date_gmt":"2025-11-22T16:15:00","guid":{"rendered":"https:\/\/www.correiobraziliense.com.br\/cbradar\/?p=142316"},"modified":"2025-11-21T19:29:35","modified_gmt":"2025-11-21T22:29:35","slug":"as-melhores-plantas-para-te-salvar-da-ansiedade-e-estresse-diario","status":"publish","type":"post","link":"https:\/\/www.correiobraziliense.com.br\/cbradar\/as-melhores-plantas-para-te-salvar-da-ansiedade-e-estresse-diario\/","title":{"rendered":"As melhores plantas para te salvar da ansiedade e estresse di\u00e1rio"},"content":{"rendered":"\n<p>Na atualidade, o aumento da <strong>Ansiedade <\/strong>e do estresse leva muitos a procurar solu\u00e7\u00f5es naturais. Plantas com propriedades calmantes, conhecidas h\u00e1 s\u00e9culos pela ci\u00eancia e pelas tradi\u00e7\u00f5es culturais, est\u00e3o se tornando populares por seus efeitos ben\u00e9ficos. Criar um cantinho verde em casa com essas esp\u00e9cies pode ser uma excelente forma de promover a sa\u00fade mental e o bem-estar.<\/p>\n\n\n\n<h2 class=\"wp-block-heading\">Quais plantas s\u00e3o eficazes contra Ansiedade e estresse?<\/h2>\n\n\n\n<p>Ao enfrentar a press\u00e3o do cotidiano, camomila, lavanda e erva-cidreira emergem como aliadas eficazes. Essas plantas s\u00e3o reconhecidas por suas capacidades de diminuir a tens\u00e3o, melhorando a qualidade do sono e promovendo o relaxamento. Vers\u00e1teis, elas podem ser usadas de diferentes formas, como em infus\u00f5es ou em \u00f3leos essenciais, e oferecem uma solu\u00e7\u00e3o natural e acess\u00edvel para a rotina di\u00e1ria de bem-estar.<\/p>\n\n\n\n<h2 class=\"wp-block-heading\">Como cultivar essas plantas em casa?<\/h2>\n\n\n\n<p>O cultivo dom\u00e9stico dessas plantas n\u00e3o exige grande experi\u00eancia em jardinagem e pode ser facilmente realizado em vasos ou pequenos jardins. A camomila prospera em solo bem drenado sob o sol direto, enquanto a lavanda prefere solos arenosos e locais bem iluminados. Por outro lado, a erva-cidreira desenvolve-se melhor em sombra parcial e solo \u00famido. Com cuidados simples, \u00e9 poss\u00edvel colher folhagens frescas em pouco tempo, garantindo um suprimento constante de ingredientes naturais.<\/p>\n\n\n\n<h2 class=\"wp-block-heading\">Quais os benef\u00edcios para a sa\u00fade mental proporcionados por essas plantas?<\/h2>\n\n\n\n<figure class=\"wp-block-image aligncenter size-large\"><img decoding=\"async\" width=\"1024\" height=\"576\" src=\"https:\/\/www.correiobraziliense.com.br\/cbradar\/wp-content\/uploads\/2025\/05\/lavanda_1748264938198-1024x576.jpg\" alt=\"\" class=\"wp-image-43045\" srcset=\"https:\/\/www.correiobraziliense.com.br\/cbradar\/wp-content\/uploads\/2025\/05\/lavanda_1748264938198-1024x576.jpg 1024w, https:\/\/www.correiobraziliense.com.br\/cbradar\/wp-content\/uploads\/2025\/05\/lavanda_1748264938198-300x169.jpg 300w, https:\/\/www.correiobraziliense.com.br\/cbradar\/wp-content\/uploads\/2025\/05\/lavanda_1748264938198-768x432.jpg 768w, https:\/\/www.correiobraziliense.com.br\/cbradar\/wp-content\/uploads\/2025\/05\/lavanda_1748264938198-750x422.jpg 750w, https:\/\/www.correiobraziliense.com.br\/cbradar\/wp-content\/uploads\/2025\/05\/lavanda_1748264938198-1140x641.jpg 1140w, https:\/\/www.correiobraziliense.com.br\/cbradar\/wp-content\/uploads\/2025\/05\/lavanda_1748264938198.jpg 1280w\" sizes=\"(max-width: 1024px) 100vw, 1024px\" \/><figcaption class=\"wp-element-caption\">Lavanda &#8211; Cr\u00e9ditos: depositphotos.com \/ AlexGukBO\n\n<\/figcaption><\/figure>\n\n\n\n<p>Cada uma das esp\u00e9cies oferece benef\u00edcios particulares para a sa\u00fade mental e o relaxamento. A camomila \u00e9 amplamente utilizada para acalmar o organismo e melhorar a qualidade do sono. A lavanda, famosa em aromaterapia, ajuda a aliviar a tens\u00e3o e promove o bem-estar emocional. A erva-cidreira, com seu efeito levemente sedativo, \u00e9 ideal para momentos de tranquilidade. O uso combinado dessas plantas pode potencializar seus efeitos, promovendo um estado de serenidade t\u00e3o necess\u00e1rio nos dias atuais.<\/p>\n\n\n\n<h2 class=\"wp-block-heading\">Cuidados ao usar plantas calmantes<\/h2>\n\n\n\n<p>Apesar de todos conhecerem os benef\u00edcios, \u00e9 importante consumir essas plantas de maneira adequada para evitar efeitos indesejados. O excesso pode provocar sonol\u00eancia excessiva e, em alguns casos, dores de cabe\u00e7a. Durante a gravidez ou em casos de alergias conhecidas, consultar um profissional de <a href=\"https:\/\/www.correiobraziliense.com.br\/cbradar\/retinopatia-diabetica-e-mais-comum-do-que-voce-imagina\/\" target=\"_blank\" rel=\"noreferrer noopener\">sa\u00fade <\/a>antes do uso \u00e9 fundamental. Aten\u00e7\u00e3o especial deve ser dada ao surgimento de rea\u00e7\u00f5es adversas, interrompendo imediatamente o consumo se necess\u00e1rio.<\/p>\n\n\n\n<h2 class=\"wp-block-heading\">Curiosidades sobre camomila, lavanda e erva-cidreira<\/h2>\n\n\n\n<p>Essas plantas carregam uma rica hist\u00f3ria de uso ao longo dos tempos. A lavanda, por exemplo, era bastante apreciada por romanos em banhos devido ao seu efeito relaxante. A camomila foi cultuada como planta sagrada no Egito Antigo, enquanto a erva-cidreira tem longas tradi\u00e7\u00f5es de uso para eliminar energias negativas. Estas tradi\u00e7\u00f5es mostram a conex\u00e3o duradoura entre as plantas e a busca humana por bem-estar.<\/p>\n\n\n<a href=\"https:\/\/www.instagram.com\/dra.annaluisabf\/\" target=\"_blank\" rel=\"noopener\" style=\"text-decoration: none; color: inherit;\">\n    <span style=\"display: inline-block; border: 1px solid #ccc; border-radius: 10px; padding: 15px; max-width: 550px; font-family: sans-serif; box-shadow: 0 2px 5px rgba(0,0,0,0.1); width: 100%;\">\n\n      <!-- T\u00edtulo -->\n      <span style=\"display: block; margin: 0 0 15px 0; font-weight: bold; color: #2c3e50; text-align: center;\">\n        Entre em contato:\n      <\/span>\n\n      <!-- Linha do perfil -->\n      <span style=\"display: flex; align-items: center; gap: 15px;\">\n        <img decoding=\"async\"\n          src=\"https:\/\/www.correiobraziliense.com.br\/cbradar\/wp-content\/uploads\/2025\/08\/dra_anna_luisa.jpeg\"\n          alt=\"Foto da Dra. Anna Lu\u00edsa\"\n          style=\"border-radius: 50%; width: 80px; height: 80px; object-fit: cover;\"\n        \/>\n        <span style=\"display: flex; flex-direction: column;\">\n          <span style=\"font-size: 18px; font-weight: 700; color: #2c3e50;\">Dra. Anna Lu\u00edsa Barbosa Fernandes<\/span>\n          <span style=\"color: #555;\">CRM-GO 33.271<\/span>\n        <\/span>\n      <\/span>\n\n      <!-- Redes -->\n      <span style=\"display: flex; align-items: center; gap: 10px; margin-top: 12px;\">\n        <img decoding=\"async\" src=\"https:\/\/cdn-icons-png.flaticon.com\/24\/1384\/1384063.png\" alt=\"Instagram\" width=\"24\" height=\"24\" \/>\n        <span style=\"text-decoration: underline; color: #2c3e50;\">@dra.annaluisabf<\/span>\n      <\/span>\n\n    <\/span>\n  <\/a>\n\n\n<p><\/p>\n","protected":false},"excerpt":{"rendered":"<p>Na atualidade, o aumento da Ansiedade e do estresse leva muitos a procurar solu\u00e7\u00f5es naturais. Plantas com propriedades calmantes, conhecidas h\u00e1 s\u00e9culos pela ci\u00eancia e pelas tradi\u00e7\u00f5es culturais, est\u00e3o se tornando populares por seus efeitos ben\u00e9ficos. Criar um cantinho verde em casa com essas esp\u00e9cies pode ser uma excelente forma de promover a sa\u00fade mental [&hellip;]<\/p>\n","protected":false},"author":14,"featured_media":47505,"comment_status":"open","ping_status":"open","sticky":false,"template":"","format":"standard","meta":{"_yoast_wpseo_focuskw":"Ansiedade","_yoast_wpseo_title":"","_yoast_wpseo_metadesc":"Plantas calmantes surpreendem pelos efeitos contra estresse e ansiedade. Veja como cultiv\u00e1-las em casa e aproveitar seus benef\u00edcios.","jnews-multi-image_gallery":[],"jnews_single_post":{"format":"standard"},"jnews_primary_category":[],"jnews_social_meta":[],"jnews_override_counter":[],"footnotes":""},"categories":[4404],"post_tag":[281,247,1318],"class_list":["post-142316","post","type-post","status-publish","format-standard","has-post-thumbnail","hentry","category-saude","tag-alimentacao","tag-qualidade-de-vida","tag-saude-2"],"yoast_head":"<!-- This site is optimized with the Yoast SEO plugin v24.6 - https:\/\/yoast.com\/wordpress\/plugins\/seo\/ -->\n<title>As melhores plantas para te salvar da ansiedade e estresse di\u00e1rio - Correio Braziliense - Radar<\/title>\n<meta name=\"description\" content=\"Plantas calmantes surpreendem pelos efeitos contra estresse e ansiedade. Veja como cultiv\u00e1-las em casa e aproveitar seus benef\u00edcios.\" \/>\n<meta name=\"robots\" content=\"index, follow, max-snippet:-1, max-image-preview:large, max-video-preview:-1\" \/>\n<link rel=\"canonical\" href=\"https:\/\/www.correiobraziliense.com.br\/cbradar\/as-melhores-plantas-para-te-salvar-da-ansiedade-e-estresse-diario\/\" \/>\n<meta property=\"og:locale\" content=\"pt_BR\" \/>\n<meta property=\"og:type\" content=\"article\" \/>\n<meta property=\"og:title\" content=\"As melhores plantas para te salvar da ansiedade e estresse di\u00e1rio - Correio Braziliense - Radar\" \/>\n<meta property=\"og:description\" content=\"Plantas calmantes surpreendem pelos efeitos contra estresse e ansiedade. Veja como cultiv\u00e1-las em casa e aproveitar seus benef\u00edcios.\" \/>\n<meta property=\"og:url\" content=\"https:\/\/www.correiobraziliense.com.br\/cbradar\/as-melhores-plantas-para-te-salvar-da-ansiedade-e-estresse-diario\/\" \/>\n<meta property=\"og:site_name\" content=\"Correio Braziliense - Radar\" \/>\n<meta property=\"article:published_time\" content=\"2025-11-22T16:15:00+00:00\" \/>\n<meta property=\"og:image\" content=\"https:\/\/www.correiobraziliense.com.br\/cbradar\/wp-content\/uploads\/2025\/06\/erva-cidreira_1748965221355.jpg\" \/>\n\t<meta property=\"og:image:width\" content=\"1280\" \/>\n\t<meta property=\"og:image:height\" content=\"720\" \/>\n\t<meta property=\"og:image:type\" content=\"image\/jpeg\" \/>\n<meta name=\"author\" content=\"guilherme_saude\" \/>\n<meta name=\"twitter:card\" content=\"summary_large_image\" \/>\n<meta name=\"twitter:label1\" content=\"Escrito por\" \/>\n\t<meta name=\"twitter:data1\" content=\"guilherme_saude\" \/>\n\t<meta name=\"twitter:label2\" content=\"Est. tempo de leitura\" \/>\n\t<meta name=\"twitter:data2\" content=\"4 minutos\" \/>\n<!-- \/ Yoast SEO plugin. -->","yoast_head_json":{"title":"As melhores plantas para te salvar da ansiedade e estresse di\u00e1rio - Correio Braziliense - Radar","description":"Plantas calmantes surpreendem pelos efeitos contra estresse e ansiedade. Veja como cultiv\u00e1-las em casa e aproveitar seus benef\u00edcios.","robots":{"index":"index","follow":"follow","max-snippet":"max-snippet:-1","max-image-preview":"max-image-preview:large","max-video-preview":"max-video-preview:-1"},"canonical":"https:\/\/www.correiobraziliense.com.br\/cbradar\/as-melhores-plantas-para-te-salvar-da-ansiedade-e-estresse-diario\/","og_locale":"pt_BR","og_type":"article","og_title":"As melhores plantas para te salvar da ansiedade e estresse di\u00e1rio - Correio Braziliense - Radar","og_description":"Plantas calmantes surpreendem pelos efeitos contra estresse e ansiedade. Veja como cultiv\u00e1-las em casa e aproveitar seus benef\u00edcios.","og_url":"https:\/\/www.correiobraziliense.com.br\/cbradar\/as-melhores-plantas-para-te-salvar-da-ansiedade-e-estresse-diario\/","og_site_name":"Correio Braziliense - Radar","article_published_time":"2025-11-22T16:15:00+00:00","og_image":[{"width":1280,"height":720,"url":"https:\/\/www.correiobraziliense.com.br\/cbradar\/wp-content\/uploads\/2025\/06\/erva-cidreira_1748965221355.jpg","type":"image\/jpeg"}],"author":"guilherme_saude","twitter_card":"summary_large_image","twitter_misc":{"Escrito por":"guilherme_saude","Est. tempo de leitura":"4 minutos"},"schema":{"@context":"https:\/\/schema.org","@graph":[{"@type":"WebPage","@id":"https:\/\/www.correiobraziliense.com.br\/cbradar\/as-melhores-plantas-para-te-salvar-da-ansiedade-e-estresse-diario\/","url":"https:\/\/www.correiobraziliense.com.br\/cbradar\/as-melhores-plantas-para-te-salvar-da-ansiedade-e-estresse-diario\/","name":"As melhores plantas para te salvar da ansiedade e estresse di\u00e1rio - Correio Braziliense - Radar","isPartOf":{"@id":"https:\/\/www.correiobraziliense.com.br\/cbradar\/#website"},"primaryImageOfPage":{"@id":"https:\/\/www.correiobraziliense.com.br\/cbradar\/as-melhores-plantas-para-te-salvar-da-ansiedade-e-estresse-diario\/#primaryimage"},"image":{"@id":"https:\/\/www.correiobraziliense.com.br\/cbradar\/as-melhores-plantas-para-te-salvar-da-ansiedade-e-estresse-diario\/#primaryimage"},"thumbnailUrl":"https:\/\/www.correiobraziliense.com.br\/cbradar\/wp-content\/uploads\/2025\/06\/erva-cidreira_1748965221355.jpg","datePublished":"2025-11-22T16:15:00+00:00","author":{"@id":"https:\/\/www.correiobraziliense.com.br\/cbradar\/#\/schema\/person\/5aa4bf3c8fa699c267933611de12978b"},"description":"Plantas calmantes surpreendem pelos efeitos contra estresse e ansiedade. Veja como cultiv\u00e1-las em casa e aproveitar seus benef\u00edcios.","breadcrumb":{"@id":"https:\/\/www.correiobraziliense.com.br\/cbradar\/as-melhores-plantas-para-te-salvar-da-ansiedade-e-estresse-diario\/#breadcrumb"},"inLanguage":"pt-BR","potentialAction":[{"@type":"ReadAction","target":["https:\/\/www.correiobraziliense.com.br\/cbradar\/as-melhores-plantas-para-te-salvar-da-ansiedade-e-estresse-diario\/"]}]},{"@type":"ImageObject","inLanguage":"pt-BR","@id":"https:\/\/www.correiobraziliense.com.br\/cbradar\/as-melhores-plantas-para-te-salvar-da-ansiedade-e-estresse-diario\/#primaryimage","url":"https:\/\/www.correiobraziliense.com.br\/cbradar\/wp-content\/uploads\/2025\/06\/erva-cidreira_1748965221355.jpg","contentUrl":"https:\/\/www.correiobraziliense.com.br\/cbradar\/wp-content\/uploads\/2025\/06\/erva-cidreira_1748965221355.jpg","width":1280,"height":720,"caption":"Erva-cidreira - Cr\u00e9ditos: depositphotos.com \/ Nikolay_Donetsk"},{"@type":"BreadcrumbList","@id":"https:\/\/www.correiobraziliense.com.br\/cbradar\/as-melhores-plantas-para-te-salvar-da-ansiedade-e-estresse-diario\/#breadcrumb","itemListElement":[{"@type":"ListItem","position":1,"name":"In\u00edcio","item":"https:\/\/www.correiobraziliense.com.br\/cbradar\/"},{"@type":"ListItem","position":2,"name":"As melhores plantas para te salvar da ansiedade e estresse di\u00e1rio"}]},{"@type":"WebSite","@id":"https:\/\/www.correiobraziliense.com.br\/cbradar\/#website","url":"https:\/\/www.correiobraziliense.com.br\/cbradar\/","name":"Correio Braziliense - Radar","description":"Acompanhe as \u00faltimas not\u00edcias e fique bem informado sobre tudo o que acontece no Brasil e no mundo.","potentialAction":[{"@type":"SearchAction","target":{"@type":"EntryPoint","urlTemplate":"https:\/\/www.correiobraziliense.com.br\/cbradar\/?s={search_term_string}"},"query-input":{"@type":"PropertyValueSpecification","valueRequired":true,"valueName":"search_term_string"}}],"inLanguage":"pt-BR"},{"@type":"Person","@id":"https:\/\/www.correiobraziliense.com.br\/cbradar\/#\/schema\/person\/5aa4bf3c8fa699c267933611de12978b","name":"guilherme_saude","image":{"@type":"ImageObject","inLanguage":"pt-BR","@id":"https:\/\/www.correiobraziliense.com.br\/cbradar\/#\/schema\/person\/image\/","url":"https:\/\/secure.gravatar.com\/avatar\/df9adfb835d344bc0af109d41756253f?s=96&d=mm&r=g","contentUrl":"https:\/\/secure.gravatar.com\/avatar\/df9adfb835d344bc0af109d41756253f?s=96&d=mm&r=g","caption":"guilherme_saude"},"url":"https:\/\/www.correiobraziliense.com.br\/cbradar\/author\/guilherme_saude\/"}]}},"_links":{"self":[{"href":"https:\/\/www.correiobraziliense.com.br\/cbradar\/wp-json\/wp\/v2\/posts\/142316","targetHints":{"allow":["GET"]}}],"collection":[{"href":"https:\/\/www.correiobraziliense.com.br\/cbradar\/wp-json\/wp\/v2\/posts"}],"about":[{"href":"https:\/\/www.correiobraziliense.com.br\/cbradar\/wp-json\/wp\/v2\/types\/post"}],"author":[{"embeddable":true,"href":"https:\/\/www.correiobraziliense.com.br\/cbradar\/wp-json\/wp\/v2\/users\/14"}],"replies":[{"embeddable":true,"href":"https:\/\/www.correiobraziliense.com.br\/cbradar\/wp-json\/wp\/v2\/comments?post=142316"}],"version-history":[{"count":1,"href":"https:\/\/www.correiobraziliense.com.br\/cbradar\/wp-json\/wp\/v2\/posts\/142316\/revisions"}],"predecessor-version":[{"id":142319,"href":"https:\/\/www.correiobraziliense.com.br\/cbradar\/wp-json\/wp\/v2\/posts\/142316\/revisions\/142319"}],"wp:featuredmedia":[{"embeddable":true,"href":"https:\/\/www.correiobraziliense.com.br\/cbradar\/wp-json\/wp\/v2\/media\/47505"}],"wp:attachment":[{"href":"https:\/\/www.correiobraziliense.com.br\/cbradar\/wp-json\/wp\/v2\/media?parent=142316"}],"wp:term":[{"taxonomy":"category","embeddable":true,"href":"https:\/\/www.correiobraziliense.com.br\/cbradar\/wp-json\/wp\/v2\/categories?post=142316"},{"taxonomy":"post_tag","embeddable":true,"href":"https:\/\/www.correiobraziliense.com.br\/cbradar\/wp-json\/wp\/v2\/post_tag?post=142316"}],"curies":[{"name":"wp","href":"https:\/\/api.w.org\/{rel}","templated":true}]}}