{"id":142326,"date":"2025-11-22T17:15:00","date_gmt":"2025-11-22T20:15:00","guid":{"rendered":"https:\/\/www.correiobraziliense.com.br\/cbradar\/?p=142326"},"modified":"2025-11-21T19:36:19","modified_gmt":"2025-11-21T22:36:19","slug":"o-motivo-surpreendente-da-coceira-no-anus-que-poucos-veem","status":"publish","type":"post","link":"https:\/\/www.correiobraziliense.com.br\/cbradar\/o-motivo-surpreendente-da-coceira-no-anus-que-poucos-veem\/","title":{"rendered":"O motivo surpreendente da coceira no \u00e2nus que poucos veem"},"content":{"rendered":"\n<p>A <strong>Coceira no \u00c2nus<\/strong>, tecnicamente conhecida como prurido anal, \u00e9 um sintoma frequentemente presente nas doen\u00e7as que afetam o canal anal, o \u00e2nus e o reto. Este problema pode ser consequ\u00eancia de diversos fatores, como m\u00e1 higiene, infesta\u00e7\u00e3o por vermes, hemorroidas ou at\u00e9 mesmo rea\u00e7\u00f5es adversas a certos alimentos e antibi\u00f3ticos. Normalmente, se a coceira n\u00e3o for associada a uma enfermidade subjacente, ela tende a n\u00e3o apresentar outros sintomas adicionais.<\/p>\n\n\n\n<p>Dependendo da origem do prurido anal, o indiv\u00edduo pode experienciar outros desconfortos, como sangramento, presen\u00e7a de muco, aumento da sensibilidade na regi\u00e3o ou uma sensa\u00e7\u00e3o de pele mais grossa ao redor do \u00e2nus. A identifica\u00e7\u00e3o correta da causa \u00e9 crucial para um tratamento eficaz.<\/p>\n\n\n\n<h2 class=\"wp-block-heading\">O que pode causar Coceira no \u00c2nus?<\/h2>\n\n\n\n<p>Diversas circunst\u00e2ncias podem provocar coceira anal. Entre as mais comuns, destaca-se a m\u00e1 higiene, onde res\u00edduos fecais podem irritar a pele se n\u00e3o removidos adequadamente. Al\u00e9m disso, a limpeza excessiva tamb\u00e9m pode ser prejudicial, especialmente se feita com produtos que irritam a pele sens\u00edvel da regi\u00e3o.<\/p>\n\n\n\n<p>Infesta\u00e7\u00f5es por vermes, especialmente em \u00e1reas com pouco saneamento, s\u00e3o fontes not\u00f3rias de prurido, principalmente \u00e0 noite. Certas sensibilidades alimentares tamb\u00e9m podem desencadear rea\u00e7\u00f5es al\u00e9rgicas, resultando em coceira intensa. Antibi\u00f3ticos, ao eliminar bact\u00e9rias ben\u00e9ficas do intestino, podem facilitar o crescimento de fungos como a Candida, provocando candid\u00edase e irrita\u00e7\u00e3o anal.<\/p>\n\n\n\n<p>Alergias a produtos de higiene, como sabonetes perfumados ou pap\u00e9is higi\u00eanicos coloridos, e condi\u00e7\u00f5es como hemorroidas, podem agravar o desconforto na regi\u00e3o anal devido ao aumento da sensibilidade <a href=\"https:\/\/www.correiobraziliense.com.br\/cbradar\/retinopatia-diabetica-e-mais-comum-do-que-voce-imagina\/\" target=\"_blank\" rel=\"noreferrer noopener\">local<\/a>.<\/p>\n\n\n\n<h2 class=\"wp-block-heading\">Como tratar a coceira anal de forma eficaz?<\/h2>\n\n\n\n<figure class=\"wp-block-image aligncenter size-large\"><img decoding=\"async\" width=\"1024\" height=\"576\" src=\"https:\/\/www.correiobraziliense.com.br\/cbradar\/wp-content\/uploads\/2025\/05\/Candidiase-_1747937735726-1024x576.jpg\" alt=\"\" class=\"wp-image-41498\" srcset=\"https:\/\/www.correiobraziliense.com.br\/cbradar\/wp-content\/uploads\/2025\/05\/Candidiase-_1747937735726-1024x576.jpg 1024w, https:\/\/www.correiobraziliense.com.br\/cbradar\/wp-content\/uploads\/2025\/05\/Candidiase-_1747937735726-300x169.jpg 300w, https:\/\/www.correiobraziliense.com.br\/cbradar\/wp-content\/uploads\/2025\/05\/Candidiase-_1747937735726-768x432.jpg 768w, https:\/\/www.correiobraziliense.com.br\/cbradar\/wp-content\/uploads\/2025\/05\/Candidiase-_1747937735726-750x422.jpg 750w, https:\/\/www.correiobraziliense.com.br\/cbradar\/wp-content\/uploads\/2025\/05\/Candidiase-_1747937735726-1140x641.jpg 1140w, https:\/\/www.correiobraziliense.com.br\/cbradar\/wp-content\/uploads\/2025\/05\/Candidiase-_1747937735726.jpg 1280w\" sizes=\"(max-width: 1024px) 100vw, 1024px\" \/><figcaption class=\"wp-element-caption\">Candid\u00edase &#8211; Cr\u00e9ditos: depositphotos.com \/ Tharakorn\n\n<\/figcaption><\/figure>\n\n\n\n<p>O tratamento adequado depende diretamente da identifica\u00e7\u00e3o da causa subjacente. Em casos onde uma doen\u00e7a espec\u00edfica \u00e9 identificada, como a candid\u00edase, o tratamento direcionado para essa enfermidade tende a aliviar o prurido. Para causas n\u00e3o associadas a doen\u00e7as, adotar boas pr\u00e1ticas de higiene e evitar produtos irritantes pode resolver o problema.<\/p>\n\n\n\n<p>Entretanto, casos de prurido prim\u00e1rio, ou seja, sem causa aparente, podem requerer interven\u00e7\u00f5es medicamentosas, sempre sob orienta\u00e7\u00e3o m\u00e9dica. \u00c9 importante manter a \u00e1rea limpa e seca e seguir o tratamento prescrito at\u00e9 o final, mesmo que os sintomas melhorem antes.<\/p>\n\n\n\n<h2 class=\"wp-block-heading\">\u00c9 poss\u00edvel prevenir a coceira anal?<\/h2>\n\n\n\n<p>Embora n\u00e3o seja sempre poss\u00edvel evitar a coceira, medidas preventivas podem reduzir significativamente o risco. Uma higiene adequada ap\u00f3s evacuar \u00e9 fundamental para evitar irrita\u00e7\u00f5es. Trocar roupas suadas ap\u00f3s exerc\u00edcios e escolher roupas \u00edntimas de algod\u00e3o ajudam a manter a regi\u00e3o seca e inibir o crescimento de fungos.<\/p>\n\n\n\n<p>Para pessoas que sofrem de constipa\u00e7\u00e3o, uma dieta rica em fibras e uma boa hidrata\u00e7\u00e3o podem facilitar a evacua\u00e7\u00e3o, prevenindo a irrita\u00e7\u00e3o causada por fezes duras. Optar por pap\u00e9is higi\u00eanicos macios e evitar produtos perfumados na regi\u00e3o tamb\u00e9m s\u00e3o recomenda\u00e7\u00f5es importantes para evitar irrita\u00e7\u00f5es.<\/p>\n\n\n\n<p>Finalmente, trocar para produtos de limpeza hipoalerg\u00eanicos e usar assentos confort\u00e1veis podem auxiliar na preven\u00e7\u00e3o de pruridos desconfort\u00e1veis, mantendo o bem-estar da regi\u00e3o anal. Essas pr\u00e1ticas, al\u00e9m de promoverem conforto, tamb\u00e9m s\u00e3o eficazes na preven\u00e7\u00e3o de epis\u00f3dios futuros de coceira anal.<\/p>\n\n\n<a href=\"https:\/\/www.instagram.com\/dra.annaluisabf\/\" target=\"_blank\" rel=\"noopener\" style=\"text-decoration: none; color: inherit;\">\n    <span style=\"display: inline-block; border: 1px solid #ccc; border-radius: 10px; padding: 15px; max-width: 550px; font-family: sans-serif; box-shadow: 0 2px 5px rgba(0,0,0,0.1); width: 100%;\">\n\n      <!-- T\u00edtulo -->\n      <span style=\"display: block; margin: 0 0 15px 0; font-weight: bold; color: #2c3e50; text-align: center;\">\n        Entre em contato:\n      <\/span>\n\n      <!-- Linha do perfil -->\n      <span style=\"display: flex; align-items: center; gap: 15px;\">\n        <img decoding=\"async\"\n          src=\"https:\/\/www.correiobraziliense.com.br\/cbradar\/wp-content\/uploads\/2025\/08\/dra_anna_luisa.jpeg\"\n          alt=\"Foto da Dra. Anna Lu\u00edsa\"\n          style=\"border-radius: 50%; width: 80px; height: 80px; object-fit: cover;\"\n        \/>\n        <span style=\"display: flex; flex-direction: column;\">\n          <span style=\"font-size: 18px; font-weight: 700; color: #2c3e50;\">Dra. Anna Lu\u00edsa Barbosa Fernandes<\/span>\n          <span style=\"color: #555;\">CRM-GO 33.271<\/span>\n        <\/span>\n      <\/span>\n\n      <!-- Redes -->\n      <span style=\"display: flex; align-items: center; gap: 10px; margin-top: 12px;\">\n        <img decoding=\"async\" src=\"https:\/\/cdn-icons-png.flaticon.com\/24\/1384\/1384063.png\" alt=\"Instagram\" width=\"24\" height=\"24\" \/>\n        <span style=\"text-decoration: underline; color: #2c3e50;\">@dra.annaluisabf<\/span>\n      <\/span>\n\n    <\/span>\n  <\/a>","protected":false},"excerpt":{"rendered":"<p>A Coceira no \u00c2nus, tecnicamente conhecida como prurido anal, \u00e9 um sintoma frequentemente presente nas doen\u00e7as que afetam o canal anal, o \u00e2nus e o reto. Este problema pode ser consequ\u00eancia de diversos fatores, como m\u00e1 higiene, infesta\u00e7\u00e3o por vermes, hemorroidas ou at\u00e9 mesmo rea\u00e7\u00f5es adversas a certos alimentos e antibi\u00f3ticos. Normalmente, se a coceira [&hellip;]<\/p>\n","protected":false},"author":14,"featured_media":142329,"comment_status":"open","ping_status":"open","sticky":false,"template":"","format":"standard","meta":{"_yoast_wpseo_focuskw":"Coceira no \u00c2nus","_yoast_wpseo_title":"","_yoast_wpseo_metadesc":"A coceira no \u00e2nus pode esconder problemas simples ou s\u00e9rios. Entenda as principais causas e como tratar sem piorar a irrita\u00e7\u00e3o.","jnews-multi-image_gallery":[],"jnews_single_post":{"format":"standard"},"jnews_primary_category":[],"jnews_social_meta":[],"jnews_override_counter":[],"footnotes":""},"categories":[4404],"tags":[281,120,1318],"class_list":["post-142326","post","type-post","status-publish","format-standard","has-post-thumbnail","hentry","category-saude","tag-alimentacao","tag-bem-estar","tag-saude-2"],"yoast_head":"<!-- This site is optimized with the Yoast SEO plugin v24.6 - https:\/\/yoast.com\/wordpress\/plugins\/seo\/ -->\n<title>O motivo surpreendente da coceira no \u00e2nus que poucos veem - Correio Braziliense - Radar<\/title>\n<meta name=\"description\" content=\"A coceira no \u00e2nus pode esconder problemas simples ou s\u00e9rios. Entenda as principais causas e como tratar sem piorar a irrita\u00e7\u00e3o.\" \/>\n<meta name=\"robots\" content=\"index, follow, max-snippet:-1, max-image-preview:large, max-video-preview:-1\" \/>\n<link rel=\"canonical\" href=\"https:\/\/www.correiobraziliense.com.br\/cbradar\/o-motivo-surpreendente-da-coceira-no-anus-que-poucos-veem\/\" \/>\n<meta property=\"og:locale\" content=\"pt_BR\" \/>\n<meta property=\"og:type\" content=\"article\" \/>\n<meta property=\"og:title\" content=\"O motivo surpreendente da coceira no \u00e2nus que poucos veem - Correio Braziliense - Radar\" \/>\n<meta property=\"og:description\" content=\"A coceira no \u00e2nus pode esconder problemas simples ou s\u00e9rios. Entenda as principais causas e como tratar sem piorar a irrita\u00e7\u00e3o.\" \/>\n<meta property=\"og:url\" content=\"https:\/\/www.correiobraziliense.com.br\/cbradar\/o-motivo-surpreendente-da-coceira-no-anus-que-poucos-veem\/\" \/>\n<meta property=\"og:site_name\" content=\"Correio Braziliense - Radar\" \/>\n<meta property=\"article:published_time\" content=\"2025-11-22T20:15:00+00:00\" \/>\n<meta property=\"og:image\" content=\"https:\/\/www.correiobraziliense.com.br\/cbradar\/wp-content\/uploads\/2025\/11\/Coceira-_1763764517968.jpg\" \/>\n\t<meta property=\"og:image:width\" content=\"1280\" \/>\n\t<meta property=\"og:image:height\" content=\"720\" \/>\n\t<meta property=\"og:image:type\" content=\"image\/jpeg\" \/>\n<meta name=\"author\" content=\"guilherme_saude\" \/>\n<meta name=\"twitter:card\" content=\"summary_large_image\" \/>\n<meta name=\"twitter:label1\" content=\"Escrito por\" \/>\n\t<meta name=\"twitter:data1\" content=\"guilherme_saude\" \/>\n\t<meta name=\"twitter:label2\" content=\"Est. tempo de leitura\" \/>\n\t<meta name=\"twitter:data2\" content=\"4 minutos\" \/>\n<!-- \/ Yoast SEO plugin. -->","yoast_head_json":{"title":"O motivo surpreendente da coceira no \u00e2nus que poucos veem - Correio Braziliense - Radar","description":"A coceira no \u00e2nus pode esconder problemas simples ou s\u00e9rios. Entenda as principais causas e como tratar sem piorar a irrita\u00e7\u00e3o.","robots":{"index":"index","follow":"follow","max-snippet":"max-snippet:-1","max-image-preview":"max-image-preview:large","max-video-preview":"max-video-preview:-1"},"canonical":"https:\/\/www.correiobraziliense.com.br\/cbradar\/o-motivo-surpreendente-da-coceira-no-anus-que-poucos-veem\/","og_locale":"pt_BR","og_type":"article","og_title":"O motivo surpreendente da coceira no \u00e2nus que poucos veem - Correio Braziliense - Radar","og_description":"A coceira no \u00e2nus pode esconder problemas simples ou s\u00e9rios. Entenda as principais causas e como tratar sem piorar a irrita\u00e7\u00e3o.","og_url":"https:\/\/www.correiobraziliense.com.br\/cbradar\/o-motivo-surpreendente-da-coceira-no-anus-que-poucos-veem\/","og_site_name":"Correio Braziliense - Radar","article_published_time":"2025-11-22T20:15:00+00:00","og_image":[{"width":1280,"height":720,"url":"https:\/\/www.correiobraziliense.com.br\/cbradar\/wp-content\/uploads\/2025\/11\/Coceira-_1763764517968.jpg","type":"image\/jpeg"}],"author":"guilherme_saude","twitter_card":"summary_large_image","twitter_misc":{"Escrito por":"guilherme_saude","Est. tempo de leitura":"4 minutos"},"schema":{"@context":"https:\/\/schema.org","@graph":[{"@type":"WebPage","@id":"https:\/\/www.correiobraziliense.com.br\/cbradar\/o-motivo-surpreendente-da-coceira-no-anus-que-poucos-veem\/","url":"https:\/\/www.correiobraziliense.com.br\/cbradar\/o-motivo-surpreendente-da-coceira-no-anus-que-poucos-veem\/","name":"O motivo surpreendente da coceira no \u00e2nus que poucos veem - Correio Braziliense - Radar","isPartOf":{"@id":"https:\/\/www.correiobraziliense.com.br\/cbradar\/#website"},"primaryImageOfPage":{"@id":"https:\/\/www.correiobraziliense.com.br\/cbradar\/o-motivo-surpreendente-da-coceira-no-anus-que-poucos-veem\/#primaryimage"},"image":{"@id":"https:\/\/www.correiobraziliense.com.br\/cbradar\/o-motivo-surpreendente-da-coceira-no-anus-que-poucos-veem\/#primaryimage"},"thumbnailUrl":"https:\/\/www.correiobraziliense.com.br\/cbradar\/wp-content\/uploads\/2025\/11\/Coceira-_1763764517968.jpg","datePublished":"2025-11-22T20:15:00+00:00","author":{"@id":"https:\/\/www.correiobraziliense.com.br\/cbradar\/#\/schema\/person\/5aa4bf3c8fa699c267933611de12978b"},"description":"A coceira no \u00e2nus pode esconder problemas simples ou s\u00e9rios. Entenda as principais causas e como tratar sem piorar a irrita\u00e7\u00e3o.","breadcrumb":{"@id":"https:\/\/www.correiobraziliense.com.br\/cbradar\/o-motivo-surpreendente-da-coceira-no-anus-que-poucos-veem\/#breadcrumb"},"inLanguage":"pt-BR","potentialAction":[{"@type":"ReadAction","target":["https:\/\/www.correiobraziliense.com.br\/cbradar\/o-motivo-surpreendente-da-coceira-no-anus-que-poucos-veem\/"]}]},{"@type":"ImageObject","inLanguage":"pt-BR","@id":"https:\/\/www.correiobraziliense.com.br\/cbradar\/o-motivo-surpreendente-da-coceira-no-anus-que-poucos-veem\/#primaryimage","url":"https:\/\/www.correiobraziliense.com.br\/cbradar\/wp-content\/uploads\/2025\/11\/Coceira-_1763764517968.jpg","contentUrl":"https:\/\/www.correiobraziliense.com.br\/cbradar\/wp-content\/uploads\/2025\/11\/Coceira-_1763764517968.jpg","width":1280,"height":720,"caption":"Coceira no \u00c2nus - Cr\u00e9ditos: depositphotos.com \/ Sasha2109"},{"@type":"BreadcrumbList","@id":"https:\/\/www.correiobraziliense.com.br\/cbradar\/o-motivo-surpreendente-da-coceira-no-anus-que-poucos-veem\/#breadcrumb","itemListElement":[{"@type":"ListItem","position":1,"name":"In\u00edcio","item":"https:\/\/www.correiobraziliense.com.br\/cbradar\/"},{"@type":"ListItem","position":2,"name":"O motivo surpreendente da coceira no \u00e2nus que poucos veem"}]},{"@type":"WebSite","@id":"https:\/\/www.correiobraziliense.com.br\/cbradar\/#website","url":"https:\/\/www.correiobraziliense.com.br\/cbradar\/","name":"Correio Braziliense - Radar","description":"Acompanhe as \u00faltimas not\u00edcias e fique bem informado sobre tudo o que acontece no Brasil e no mundo.","potentialAction":[{"@type":"SearchAction","target":{"@type":"EntryPoint","urlTemplate":"https:\/\/www.correiobraziliense.com.br\/cbradar\/?s={search_term_string}"},"query-input":{"@type":"PropertyValueSpecification","valueRequired":true,"valueName":"search_term_string"}}],"inLanguage":"pt-BR"},{"@type":"Person","@id":"https:\/\/www.correiobraziliense.com.br\/cbradar\/#\/schema\/person\/5aa4bf3c8fa699c267933611de12978b","name":"guilherme_saude","image":{"@type":"ImageObject","inLanguage":"pt-BR","@id":"https:\/\/www.correiobraziliense.com.br\/cbradar\/#\/schema\/person\/image\/","url":"https:\/\/secure.gravatar.com\/avatar\/df9adfb835d344bc0af109d41756253f?s=96&d=mm&r=g","contentUrl":"https:\/\/secure.gravatar.com\/avatar\/df9adfb835d344bc0af109d41756253f?s=96&d=mm&r=g","caption":"guilherme_saude"},"url":"https:\/\/www.correiobraziliense.com.br\/cbradar\/author\/guilherme_saude\/"}]}},"_links":{"self":[{"href":"https:\/\/www.correiobraziliense.com.br\/cbradar\/wp-json\/wp\/v2\/posts\/142326","targetHints":{"allow":["GET"]}}],"collection":[{"href":"https:\/\/www.correiobraziliense.com.br\/cbradar\/wp-json\/wp\/v2\/posts"}],"about":[{"href":"https:\/\/www.correiobraziliense.com.br\/cbradar\/wp-json\/wp\/v2\/types\/post"}],"author":[{"embeddable":true,"href":"https:\/\/www.correiobraziliense.com.br\/cbradar\/wp-json\/wp\/v2\/users\/14"}],"replies":[{"embeddable":true,"href":"https:\/\/www.correiobraziliense.com.br\/cbradar\/wp-json\/wp\/v2\/comments?post=142326"}],"version-history":[{"count":1,"href":"https:\/\/www.correiobraziliense.com.br\/cbradar\/wp-json\/wp\/v2\/posts\/142326\/revisions"}],"predecessor-version":[{"id":142332,"href":"https:\/\/www.correiobraziliense.com.br\/cbradar\/wp-json\/wp\/v2\/posts\/142326\/revisions\/142332"}],"wp:featuredmedia":[{"embeddable":true,"href":"https:\/\/www.correiobraziliense.com.br\/cbradar\/wp-json\/wp\/v2\/media\/142329"}],"wp:attachment":[{"href":"https:\/\/www.correiobraziliense.com.br\/cbradar\/wp-json\/wp\/v2\/media?parent=142326"}],"wp:term":[{"taxonomy":"category","embeddable":true,"href":"https:\/\/www.correiobraziliense.com.br\/cbradar\/wp-json\/wp\/v2\/categories?post=142326"},{"taxonomy":"post_tag","embeddable":true,"href":"https:\/\/www.correiobraziliense.com.br\/cbradar\/wp-json\/wp\/v2\/tags?post=142326"}],"curies":[{"name":"wp","href":"https:\/\/api.w.org\/{rel}","templated":true}]}}