{"id":142357,"date":"2025-11-22T18:25:00","date_gmt":"2025-11-22T21:25:00","guid":{"rendered":"https:\/\/www.correiobraziliense.com.br\/cbradar\/?p=142357"},"modified":"2025-11-21T20:03:30","modified_gmt":"2025-11-21T23:03:30","slug":"medicos-descobriram-relacao-entre-alzheimer-e-o-seu-sono","status":"publish","type":"post","link":"https:\/\/www.correiobraziliense.com.br\/cbradar\/medicos-descobriram-relacao-entre-alzheimer-e-o-seu-sono\/","title":{"rendered":"M\u00e9dicos descobriram rela\u00e7\u00e3o entre Alzheimer e o seu sono"},"content":{"rendered":"\n<p>Pesquisas recentes exploram como a qualidade do sono, particularmente a fase de Movimentos Oculares R\u00e1pidos (REM), pode influenciar o desenvolvimento de doen\u00e7as neurodegenerativas como o <strong>Alzheimer<\/strong>. Ao entender as complexas rela\u00e7\u00f5es entre sono e sa\u00fade cerebral, especialistas buscam formas de identificar sinais precoces dessas condi\u00e7\u00f5es e implementar estrat\u00e9gias de preven\u00e7\u00e3o.<\/p>\n\n\n\n<p>O Alzheimer \u00e9 uma condi\u00e7\u00e3o que prejudica mem\u00f3ria e comportamento, afetando milh\u00f5es ao redor do globo. Embora suas causas n\u00e3o sejam totalmente compreendidas, novos estudos destacam o sono, sobretudo a etapa REM, como um fator potencialmente crucial. Essa fase espec\u00edfica do sono, fundamental para a consolida\u00e7\u00e3o da mem\u00f3ria, levanta quest\u00f5es sobre como suas perturba\u00e7\u00f5es podem prever problemas cognitivos futuros.<\/p>\n\n\n\n<h2 class=\"wp-block-heading\">Como o sono REM contribui para o funcionamento do c\u00e9rebro?<\/h2>\n\n\n\n<p>Durante o sono REM, ocorrem importantes processos cerebrais. Conhecida por seus sonhos v\u00edvidos, esta fase promove a consolida\u00e7\u00e3o de mem\u00f3rias e o processamento de informa\u00e7\u00f5es. Essencialmente, o c\u00e9rebro realiza uma esp\u00e9cie de organiza\u00e7\u00e3o interna, o que \u00e9 vital para o aprendizado e a estabilidade emocional. Qualquer interrup\u00e7\u00e3o nesta fase poderia, portanto, impactar diretamente a sa\u00fade mental, refor\u00e7ando a import\u00e2ncia de um sono reparador.<\/p>\n\n\n<div class=\"wp-block-image\">\n<figure class=\"aligncenter size-large\"><img decoding=\"async\" width=\"1024\" height=\"576\" src=\"https:\/\/www.correiobraziliense.com.br\/cbradar\/wp-content\/uploads\/2025\/07\/gordo-dormindo_1753911131186-1024x576.jpg\" alt=\"\" class=\"wp-image-78216\" srcset=\"https:\/\/www.correiobraziliense.com.br\/cbradar\/wp-content\/uploads\/2025\/07\/gordo-dormindo_1753911131186-1024x576.jpg 1024w, https:\/\/www.correiobraziliense.com.br\/cbradar\/wp-content\/uploads\/2025\/07\/gordo-dormindo_1753911131186-300x169.jpg 300w, https:\/\/www.correiobraziliense.com.br\/cbradar\/wp-content\/uploads\/2025\/07\/gordo-dormindo_1753911131186-768x432.jpg 768w, https:\/\/www.correiobraziliense.com.br\/cbradar\/wp-content\/uploads\/2025\/07\/gordo-dormindo_1753911131186-750x422.jpg 750w, https:\/\/www.correiobraziliense.com.br\/cbradar\/wp-content\/uploads\/2025\/07\/gordo-dormindo_1753911131186-1140x641.jpg 1140w, https:\/\/www.correiobraziliense.com.br\/cbradar\/wp-content\/uploads\/2025\/07\/gordo-dormindo_1753911131186.jpg 1280w\" sizes=\"(max-width: 1024px) 100vw, 1024px\" \/><figcaption class=\"wp-element-caption\">Sono  &#8211; Cr\u00e9ditos: depositphotos.com \/ txking<\/figcaption><\/figure><\/div>\n\n\n<h2 class=\"wp-block-heading\">O sono influencia realmente o risco de Alzheimer?<\/h2>\n\n\n\n<p>Estudos v\u00eam associando padr\u00f5es irregulares de sono a um maior risco de Alzheimer. Pesquisas indicam que tomar mais tempo para atingir o sono REM pode estar relacionado a biomarcadores da doen\u00e7a, que precedem os sintomas cl\u00ednicos. Compreender essa liga\u00e7\u00e3o pode ser essencial para desenvolver m\u00e9todos de interven\u00e7\u00e3o precoce, mesmo que mais evid\u00eancias sejam necess\u00e1rias para estabelecer uma liga\u00e7\u00e3o direta e causal.<\/p>\n\n\n\n<h2 class=\"wp-block-heading\">Quais pr\u00e1ticas podem garantir um sono REM de qualidade?<\/h2>\n\n\n\n<p>Um sono saud\u00e1vel \u00e9 uma das bases para a prote\u00e7\u00e3o cerebral. Embora fatores individuais influenciem a dura\u00e7\u00e3o do sono REM, algumas pr\u00e1ticas podem melhorar a qualidade geral do sono. Recomenda-se:<\/p>\n\n\n\n<ul class=\"wp-block-list\">\n<li>Estabelecer um hor\u00e1rio consistente para dormir e acordar, mesmo durante fins de semana.<\/li>\n\n\n\n<li>Controlar subst\u00e2ncias como cafe\u00edna e \u00e1lcool que podem afetar o sono.<\/li>\n\n\n\n<li>Incorporar exerc\u00edcios f\u00edsicos \u00e0 rotina di\u00e1ria, preferencialmente em hor\u00e1rios matutinos.<\/li>\n\n\n\n<li>Criar um ambiente de sono calmo, limitando luz e ru\u00eddo antes de dormir.<\/li>\n\n\n\n<li>Consultar um m\u00e9dico antes de iniciar o uso de medicamentos para dormir.<\/li>\n<\/ul>\n\n\n\n<h2 class=\"wp-block-heading\">Quais abordagens podem reduzir a probabilidade de desenvolver Alzheimer?<\/h2>\n\n\n\n<p>Al\u00e9m do cuidado com o sono, mudan\u00e7as de estilo de vida podem desempenhar um papel na redu\u00e7\u00e3o do risco de Alzheimer. A pr\u00e1tica regular de exerc\u00edcios, a gest\u00e3o de condi\u00e7\u00f5es como hipertens\u00e3o e diabetes, a cessa\u00e7\u00e3o do tabagismo, e a modera\u00e7\u00e3o no consumo de \u00e1lcool s\u00e3o fundamentais. Adotar uma dieta balanceada e manter visitas m\u00e9dicas regulares complementam uma rotina preventiva. Com a ci\u00eancia em evolu\u00e7\u00e3o, focar em qualidade de vida e equil\u00edbrio continua sendo uma estrat\u00e9gia chave para a promo\u00e7\u00e3o de <a href=\"https:\/\/www.correiobraziliense.com.br\/cbradar\/retinopatia-diabetica-e-mais-comum-do-que-voce-imagina\/\" target=\"_blank\" rel=\"noreferrer noopener\">sa\u00fade <\/a>mental a longo prazo.<\/p>\n\n\n<a href=\"https:\/\/www.instagram.com\/dra.annaluisabf\/\" target=\"_blank\" rel=\"noopener\" style=\"text-decoration: none; color: inherit;\">\n    <span style=\"display: inline-block; border: 1px solid #ccc; border-radius: 10px; padding: 15px; max-width: 550px; font-family: sans-serif; box-shadow: 0 2px 5px rgba(0,0,0,0.1); width: 100%;\">\n\n      <!-- T\u00edtulo -->\n      <span style=\"display: block; margin: 0 0 15px 0; font-weight: bold; color: #2c3e50; text-align: center;\">\n        Entre em contato:\n      <\/span>\n\n      <!-- Linha do perfil -->\n      <span style=\"display: flex; align-items: center; gap: 15px;\">\n        <img decoding=\"async\"\n          src=\"https:\/\/www.correiobraziliense.com.br\/cbradar\/wp-content\/uploads\/2025\/08\/dra_anna_luisa.jpeg\"\n          alt=\"Foto da Dra. Anna Lu\u00edsa\"\n          style=\"border-radius: 50%; width: 80px; height: 80px; object-fit: cover;\"\n        \/>\n        <span style=\"display: flex; flex-direction: column;\">\n          <span style=\"font-size: 18px; font-weight: 700; color: #2c3e50;\">Dra. Anna Lu\u00edsa Barbosa Fernandes<\/span>\n          <span style=\"color: #555;\">CRM-GO 33.271<\/span>\n        <\/span>\n      <\/span>\n\n      <!-- Redes -->\n      <span style=\"display: flex; align-items: center; gap: 10px; margin-top: 12px;\">\n        <img decoding=\"async\" src=\"https:\/\/cdn-icons-png.flaticon.com\/24\/1384\/1384063.png\" alt=\"Instagram\" width=\"24\" height=\"24\" \/>\n        <span style=\"text-decoration: underline; color: #2c3e50;\">@dra.annaluisabf<\/span>\n      <\/span>\n\n    <\/span>\n  <\/a>","protected":false},"excerpt":{"rendered":"<p>Pesquisas recentes exploram como a qualidade do sono, particularmente a fase de Movimentos Oculares R\u00e1pidos (REM), pode influenciar o desenvolvimento de doen\u00e7as neurodegenerativas como o Alzheimer. Ao entender as complexas rela\u00e7\u00f5es entre sono e sa\u00fade cerebral, especialistas buscam formas de identificar sinais precoces dessas condi\u00e7\u00f5es e implementar estrat\u00e9gias de preven\u00e7\u00e3o. O Alzheimer \u00e9 uma condi\u00e7\u00e3o [&hellip;]<\/p>\n","protected":false},"author":14,"featured_media":34612,"comment_status":"open","ping_status":"open","sticky":false,"template":"","format":"standard","meta":{"_yoast_wpseo_focuskw":"Alzheimer","_yoast_wpseo_title":"","_yoast_wpseo_metadesc":"O sono REM guarda pistas importantes sobre Alzheimer. Descubra os sinais, a ci\u00eancia por tr\u00e1s disso e como melhorar seu sono hoje.","jnews-multi-image_gallery":[],"jnews_single_post":{"format":"standard"},"jnews_primary_category":[],"jnews_social_meta":[],"jnews_override_counter":[],"footnotes":""},"categories":[1],"tags":[],"class_list":["post-142357","post","type-post","status-publish","format-standard","has-post-thumbnail","hentry","category-uncategorized"],"yoast_head":"<!-- This site is optimized with the Yoast SEO plugin v24.6 - https:\/\/yoast.com\/wordpress\/plugins\/seo\/ -->\n<title>M\u00e9dicos descobriram rela\u00e7\u00e3o entre Alzheimer e o seu sono - Correio Braziliense - Radar<\/title>\n<meta name=\"description\" content=\"O sono REM guarda pistas importantes sobre Alzheimer. Descubra os sinais, a ci\u00eancia por tr\u00e1s disso e como melhorar seu sono hoje.\" \/>\n<meta name=\"robots\" content=\"index, follow, max-snippet:-1, max-image-preview:large, max-video-preview:-1\" \/>\n<link rel=\"canonical\" href=\"https:\/\/www.correiobraziliense.com.br\/cbradar\/medicos-descobriram-relacao-entre-alzheimer-e-o-seu-sono\/\" \/>\n<meta property=\"og:locale\" content=\"pt_BR\" \/>\n<meta property=\"og:type\" content=\"article\" \/>\n<meta property=\"og:title\" content=\"M\u00e9dicos descobriram rela\u00e7\u00e3o entre Alzheimer e o seu sono - Correio Braziliense - Radar\" \/>\n<meta property=\"og:description\" content=\"O sono REM guarda pistas importantes sobre Alzheimer. Descubra os sinais, a ci\u00eancia por tr\u00e1s disso e como melhorar seu sono hoje.\" \/>\n<meta property=\"og:url\" content=\"https:\/\/www.correiobraziliense.com.br\/cbradar\/medicos-descobriram-relacao-entre-alzheimer-e-o-seu-sono\/\" \/>\n<meta property=\"og:site_name\" content=\"Correio Braziliense - Radar\" \/>\n<meta property=\"article:published_time\" content=\"2025-11-22T21:25:00+00:00\" \/>\n<meta property=\"og:image\" content=\"https:\/\/www.correiobraziliense.com.br\/cbradar\/wp-content\/uploads\/2025\/05\/alzheimer_1741783839871.jpg\" \/>\n\t<meta property=\"og:image:width\" content=\"1280\" \/>\n\t<meta property=\"og:image:height\" content=\"720\" \/>\n\t<meta property=\"og:image:type\" content=\"image\/jpeg\" \/>\n<meta name=\"author\" content=\"guilherme_saude\" \/>\n<meta name=\"twitter:card\" content=\"summary_large_image\" \/>\n<meta name=\"twitter:label1\" content=\"Escrito por\" \/>\n\t<meta name=\"twitter:data1\" content=\"guilherme_saude\" \/>\n\t<meta name=\"twitter:label2\" content=\"Est. tempo de leitura\" \/>\n\t<meta name=\"twitter:data2\" content=\"4 minutos\" \/>\n<!-- \/ Yoast SEO plugin. -->","yoast_head_json":{"title":"M\u00e9dicos descobriram rela\u00e7\u00e3o entre Alzheimer e o seu sono - Correio Braziliense - Radar","description":"O sono REM guarda pistas importantes sobre Alzheimer. Descubra os sinais, a ci\u00eancia por tr\u00e1s disso e como melhorar seu sono hoje.","robots":{"index":"index","follow":"follow","max-snippet":"max-snippet:-1","max-image-preview":"max-image-preview:large","max-video-preview":"max-video-preview:-1"},"canonical":"https:\/\/www.correiobraziliense.com.br\/cbradar\/medicos-descobriram-relacao-entre-alzheimer-e-o-seu-sono\/","og_locale":"pt_BR","og_type":"article","og_title":"M\u00e9dicos descobriram rela\u00e7\u00e3o entre Alzheimer e o seu sono - Correio Braziliense - Radar","og_description":"O sono REM guarda pistas importantes sobre Alzheimer. Descubra os sinais, a ci\u00eancia por tr\u00e1s disso e como melhorar seu sono hoje.","og_url":"https:\/\/www.correiobraziliense.com.br\/cbradar\/medicos-descobriram-relacao-entre-alzheimer-e-o-seu-sono\/","og_site_name":"Correio Braziliense - Radar","article_published_time":"2025-11-22T21:25:00+00:00","og_image":[{"width":1280,"height":720,"url":"https:\/\/www.correiobraziliense.com.br\/cbradar\/wp-content\/uploads\/2025\/05\/alzheimer_1741783839871.jpg","type":"image\/jpeg"}],"author":"guilherme_saude","twitter_card":"summary_large_image","twitter_misc":{"Escrito por":"guilherme_saude","Est. tempo de leitura":"4 minutos"},"schema":{"@context":"https:\/\/schema.org","@graph":[{"@type":"WebPage","@id":"https:\/\/www.correiobraziliense.com.br\/cbradar\/medicos-descobriram-relacao-entre-alzheimer-e-o-seu-sono\/","url":"https:\/\/www.correiobraziliense.com.br\/cbradar\/medicos-descobriram-relacao-entre-alzheimer-e-o-seu-sono\/","name":"M\u00e9dicos descobriram rela\u00e7\u00e3o entre Alzheimer e o seu sono - Correio Braziliense - Radar","isPartOf":{"@id":"https:\/\/www.correiobraziliense.com.br\/cbradar\/#website"},"primaryImageOfPage":{"@id":"https:\/\/www.correiobraziliense.com.br\/cbradar\/medicos-descobriram-relacao-entre-alzheimer-e-o-seu-sono\/#primaryimage"},"image":{"@id":"https:\/\/www.correiobraziliense.com.br\/cbradar\/medicos-descobriram-relacao-entre-alzheimer-e-o-seu-sono\/#primaryimage"},"thumbnailUrl":"https:\/\/www.correiobraziliense.com.br\/cbradar\/wp-content\/uploads\/2025\/05\/alzheimer_1741783839871.jpg","datePublished":"2025-11-22T21:25:00+00:00","author":{"@id":"https:\/\/www.correiobraziliense.com.br\/cbradar\/#\/schema\/person\/5aa4bf3c8fa699c267933611de12978b"},"description":"O sono REM guarda pistas importantes sobre Alzheimer. Descubra os sinais, a ci\u00eancia por tr\u00e1s disso e como melhorar seu sono hoje.","breadcrumb":{"@id":"https:\/\/www.correiobraziliense.com.br\/cbradar\/medicos-descobriram-relacao-entre-alzheimer-e-o-seu-sono\/#breadcrumb"},"inLanguage":"pt-BR","potentialAction":[{"@type":"ReadAction","target":["https:\/\/www.correiobraziliense.com.br\/cbradar\/medicos-descobriram-relacao-entre-alzheimer-e-o-seu-sono\/"]}]},{"@type":"ImageObject","inLanguage":"pt-BR","@id":"https:\/\/www.correiobraziliense.com.br\/cbradar\/medicos-descobriram-relacao-entre-alzheimer-e-o-seu-sono\/#primaryimage","url":"https:\/\/www.correiobraziliense.com.br\/cbradar\/wp-content\/uploads\/2025\/05\/alzheimer_1741783839871.jpg","contentUrl":"https:\/\/www.correiobraziliense.com.br\/cbradar\/wp-content\/uploads\/2025\/05\/alzheimer_1741783839871.jpg","width":1280,"height":720,"caption":"O exame que ajuda a diferenciar Alzheimer de esquecimento comum - Cr\u00e9ditos: depositphotos.com \/ AndrewLozovyi"},{"@type":"BreadcrumbList","@id":"https:\/\/www.correiobraziliense.com.br\/cbradar\/medicos-descobriram-relacao-entre-alzheimer-e-o-seu-sono\/#breadcrumb","itemListElement":[{"@type":"ListItem","position":1,"name":"In\u00edcio","item":"https:\/\/www.correiobraziliense.com.br\/cbradar\/"},{"@type":"ListItem","position":2,"name":"M\u00e9dicos descobriram rela\u00e7\u00e3o entre Alzheimer e o seu sono"}]},{"@type":"WebSite","@id":"https:\/\/www.correiobraziliense.com.br\/cbradar\/#website","url":"https:\/\/www.correiobraziliense.com.br\/cbradar\/","name":"Correio Braziliense - Radar","description":"Acompanhe as \u00faltimas not\u00edcias e fique bem informado sobre tudo o que acontece no Brasil e no mundo.","potentialAction":[{"@type":"SearchAction","target":{"@type":"EntryPoint","urlTemplate":"https:\/\/www.correiobraziliense.com.br\/cbradar\/?s={search_term_string}"},"query-input":{"@type":"PropertyValueSpecification","valueRequired":true,"valueName":"search_term_string"}}],"inLanguage":"pt-BR"},{"@type":"Person","@id":"https:\/\/www.correiobraziliense.com.br\/cbradar\/#\/schema\/person\/5aa4bf3c8fa699c267933611de12978b","name":"guilherme_saude","image":{"@type":"ImageObject","inLanguage":"pt-BR","@id":"https:\/\/www.correiobraziliense.com.br\/cbradar\/#\/schema\/person\/image\/","url":"https:\/\/secure.gravatar.com\/avatar\/df9adfb835d344bc0af109d41756253f?s=96&d=mm&r=g","contentUrl":"https:\/\/secure.gravatar.com\/avatar\/df9adfb835d344bc0af109d41756253f?s=96&d=mm&r=g","caption":"guilherme_saude"},"url":"https:\/\/www.correiobraziliense.com.br\/cbradar\/author\/guilherme_saude\/"}]}},"_links":{"self":[{"href":"https:\/\/www.correiobraziliense.com.br\/cbradar\/wp-json\/wp\/v2\/posts\/142357","targetHints":{"allow":["GET"]}}],"collection":[{"href":"https:\/\/www.correiobraziliense.com.br\/cbradar\/wp-json\/wp\/v2\/posts"}],"about":[{"href":"https:\/\/www.correiobraziliense.com.br\/cbradar\/wp-json\/wp\/v2\/types\/post"}],"author":[{"embeddable":true,"href":"https:\/\/www.correiobraziliense.com.br\/cbradar\/wp-json\/wp\/v2\/users\/14"}],"replies":[{"embeddable":true,"href":"https:\/\/www.correiobraziliense.com.br\/cbradar\/wp-json\/wp\/v2\/comments?post=142357"}],"version-history":[{"count":1,"href":"https:\/\/www.correiobraziliense.com.br\/cbradar\/wp-json\/wp\/v2\/posts\/142357\/revisions"}],"predecessor-version":[{"id":142359,"href":"https:\/\/www.correiobraziliense.com.br\/cbradar\/wp-json\/wp\/v2\/posts\/142357\/revisions\/142359"}],"wp:featuredmedia":[{"embeddable":true,"href":"https:\/\/www.correiobraziliense.com.br\/cbradar\/wp-json\/wp\/v2\/media\/34612"}],"wp:attachment":[{"href":"https:\/\/www.correiobraziliense.com.br\/cbradar\/wp-json\/wp\/v2\/media?parent=142357"}],"wp:term":[{"taxonomy":"category","embeddable":true,"href":"https:\/\/www.correiobraziliense.com.br\/cbradar\/wp-json\/wp\/v2\/categories?post=142357"},{"taxonomy":"post_tag","embeddable":true,"href":"https:\/\/www.correiobraziliense.com.br\/cbradar\/wp-json\/wp\/v2\/tags?post=142357"}],"curies":[{"name":"wp","href":"https:\/\/api.w.org\/{rel}","templated":true}]}}