{"id":142360,"date":"2025-11-22T20:25:00","date_gmt":"2025-11-22T23:25:00","guid":{"rendered":"https:\/\/www.correiobraziliense.com.br\/cbradar\/?p=142360"},"modified":"2025-11-21T20:05:53","modified_gmt":"2025-11-21T23:05:53","slug":"cinco-remedios-caseiros-para-queda-de-cabelo-que-realmente-funcionam","status":"publish","type":"post","link":"https:\/\/www.correiobraziliense.com.br\/cbradar\/cinco-remedios-caseiros-para-queda-de-cabelo-que-realmente-funcionam\/","title":{"rendered":"Cinco rem\u00e9dios caseiros para Queda de Cabelo que realmente funcionam"},"content":{"rendered":"\n<p>A <strong>Queda de Cabelo<\/strong> \u00e9 uma preocupa\u00e7\u00e3o comum entre homens e mulheres, manifestando-se em diferentes etapas da vida. Diversos fatores contribuem para esse fen\u00f4meno, incluindo estresse, predisposi\u00e7\u00e3o gen\u00e9tica, desequil\u00edbrios hormonais e defici\u00eancias nutricionais. Muitas pessoas buscam solu\u00e7\u00f5es naturais como forma de tratar e prevenir a queda, utilizando op\u00e7\u00f5es acess\u00edveis e facilmente obtidas em casa.<\/p>\n\n\n\n<p>Os rem\u00e9dios caseiros t\u00eam aparecido como alternativas para promover a sa\u00fade dos cabelos de maneira natural e econ\u00f4mica. Ingredientes como babosa, ch\u00e1 verde e g\u00e9rmen de trigo s\u00e3o frequentemente utilizados por suas propriedades ben\u00e9ficas, proporcionando fortalecimento e nutri\u00e7\u00e3o aos fios. Entretanto, \u00e9 importante destacar que, caso a queda persista, consultar um dermatologista \u00e9 essencial para um diagn\u00f3stico e tratamento apropriados.<\/p>\n\n\n\n<h2 class=\"wp-block-heading\">Quais benef\u00edcios a babosa proporciona para o cabelo?<\/h2>\n\n\n\n<p>Conhecida cientificamente como Aloe vera, a babosa \u00e9 reconhecida por suas propriedades restauradoras, atuando no fortalecimento do cabelo. Rica em nutrientes, promove a produ\u00e7\u00e3o de col\u00e1geno, crucial para fixar os fios ao couro cabeludo. Al\u00e9m disso, seus minerais revitalizam as fibras capilares.<\/p>\n\n\n<div class=\"wp-block-image\">\n<figure class=\"aligncenter size-large\"><img decoding=\"async\" width=\"1024\" height=\"576\" src=\"https:\/\/www.correiobraziliense.com.br\/cbradar\/wp-content\/uploads\/2025\/07\/babosa_1753205112208-1024x576.jpg\" alt=\"\" class=\"wp-image-73669\" srcset=\"https:\/\/www.correiobraziliense.com.br\/cbradar\/wp-content\/uploads\/2025\/07\/babosa_1753205112208-1024x576.jpg 1024w, https:\/\/www.correiobraziliense.com.br\/cbradar\/wp-content\/uploads\/2025\/07\/babosa_1753205112208-300x169.jpg 300w, https:\/\/www.correiobraziliense.com.br\/cbradar\/wp-content\/uploads\/2025\/07\/babosa_1753205112208-768x432.jpg 768w, https:\/\/www.correiobraziliense.com.br\/cbradar\/wp-content\/uploads\/2025\/07\/babosa_1753205112208-750x422.jpg 750w, https:\/\/www.correiobraziliense.com.br\/cbradar\/wp-content\/uploads\/2025\/07\/babosa_1753205112208-1140x641.jpg 1140w, https:\/\/www.correiobraziliense.com.br\/cbradar\/wp-content\/uploads\/2025\/07\/babosa_1753205112208.jpg 1280w\" sizes=\"(max-width: 1024px) 100vw, 1024px\" \/><figcaption class=\"wp-element-caption\">Babosa &#8211; Cr\u00e9ditos: depositphotos.com \/ LessLemon<\/figcaption><\/figure><\/div>\n\n\n<p>Uma forma simples de aproveitar os benef\u00edcios da babosa \u00e9 mistur\u00e1-la com \u00f3leos naturais como o de coco ou jojoba. A aplica\u00e7\u00e3o da mistura diretamente no couro cabeludo, seguida de um repouso de alguns minutos antes do enx\u00e1gue, pode resultar em cabelos mais fortes e vi\u00e7osos.<\/p>\n\n\n\n<h2 class=\"wp-block-heading\">O ch\u00e1 verde \u00e9 realmente eficaz para fortalecer os cabelos?<\/h2>\n\n\n\n<p>O ch\u00e1 verde cont\u00e9m compostos antioxidantes poderosos, especialmente a epigalocatequina-galato, que ajudam a proteger o cabelo contra a queda ao inibir certas enzimas respons\u00e1veis pela convers\u00e3o hormonal prejudicial. Esse processo fortalece os fios e previne a perda capilar ao longo do tempo.<\/p>\n\n\n\n<p>O consumo regular de ch\u00e1 verde, preparado ao ferver a \u00e1gua e adicionar as folhas para infus\u00e3o, pode integrar uma dieta balanceada que favorece a <a href=\"https:\/\/www.correiobraziliense.com.br\/cbradar\/retinopatia-diabetica-e-mais-comum-do-que-voce-imagina\/\" target=\"_blank\" rel=\"noreferrer noopener\">sa\u00fade <\/a>capilar. Assim, ingerir algumas x\u00edcaras diariamente pode ser ben\u00e9fico tanto para os cabelos quanto para a sa\u00fade geral.<\/p>\n\n\n\n<h2 class=\"wp-block-heading\">Como o \u00f3leo de alecrim influencia o crescimento capilar?<\/h2>\n\n\n\n<p>O \u00f3leo essencial de alecrim \u00e9 amplamente utilizado devido \u00e0s suas propriedades que estimulam a circula\u00e7\u00e3o sangu\u00ednea no couro cabeludo. Ao melhorar o fluxo sangu\u00edneo, contribui para o crescimento capilar e oferece resist\u00eancia aos fios.<\/p>\n\n\n\n<p>Para uma aplica\u00e7\u00e3o eficaz, algumas gotas de \u00f3leo essencial de alecrim podem ser misturadas com um \u00f3leo carreador, como o de abacate. A massagem suave no couro cabeludo promove a absor\u00e7\u00e3o dos nutrientes, devendo o produto ser mantido por um per\u00edodo prolongado antes da lavagem.<\/p>\n\n\n\n<h2 class=\"wp-block-heading\">De que gorma o g\u00e9rmen de trigo e a cenoura fortalecem os cabelos?<\/h2>\n\n\n\n<p>Rico em zinco, o g\u00e9rmen de trigo \u00e9 fundamental para a sa\u00fade capilar, enquanto a cenoura, cheia de vitamina A, promove a nutri\u00e7\u00e3o do couro cabeludo e regula a produ\u00e7\u00e3o de sebo. Esses ingredientes complementam-se na manuten\u00e7\u00e3o de cabelos saud\u00e1veis.<\/p>\n\n\n\n<p>Preparar uma vitamina com g\u00e9rmen de trigo, cenoura e iogurte pode oferecer um apoio nutritivo extra. Consumida regularmente, essa bebida integra facilmente a rotina de cuidados com o cabelo, real\u00e7ando sua vitalidade e for\u00e7a.<\/p>\n\n\n<a href=\"https:\/\/www.instagram.com\/dra.annaluisabf\/\" target=\"_blank\" rel=\"noopener\" style=\"text-decoration: none; color: inherit;\">\n    <span style=\"display: inline-block; border: 1px solid #ccc; border-radius: 10px; padding: 15px; max-width: 550px; font-family: sans-serif; box-shadow: 0 2px 5px rgba(0,0,0,0.1); width: 100%;\">\n\n      <!-- T\u00edtulo -->\n      <span style=\"display: block; margin: 0 0 15px 0; font-weight: bold; color: #2c3e50; text-align: center;\">\n        Entre em contato:\n      <\/span>\n\n      <!-- Linha do perfil -->\n      <span style=\"display: flex; align-items: center; gap: 15px;\">\n        <img decoding=\"async\"\n          src=\"https:\/\/www.correiobraziliense.com.br\/cbradar\/wp-content\/uploads\/2025\/08\/dra_anna_luisa.jpeg\"\n          alt=\"Foto da Dra. Anna Lu\u00edsa\"\n          style=\"border-radius: 50%; width: 80px; height: 80px; object-fit: cover;\"\n        \/>\n        <span style=\"display: flex; flex-direction: column;\">\n          <span style=\"font-size: 18px; font-weight: 700; color: #2c3e50;\">Dra. Anna Lu\u00edsa Barbosa Fernandes<\/span>\n          <span style=\"color: #555;\">CRM-GO 33.271<\/span>\n        <\/span>\n      <\/span>\n\n      <!-- Redes -->\n      <span style=\"display: flex; align-items: center; gap: 10px; margin-top: 12px;\">\n        <img decoding=\"async\" src=\"https:\/\/cdn-icons-png.flaticon.com\/24\/1384\/1384063.png\" alt=\"Instagram\" width=\"24\" height=\"24\" \/>\n        <span style=\"text-decoration: underline; color: #2c3e50;\">@dra.annaluisabf<\/span>\n      <\/span>\n\n    <\/span>\n  <\/a>","protected":false},"excerpt":{"rendered":"<p>A Queda de Cabelo \u00e9 uma preocupa\u00e7\u00e3o comum entre homens e mulheres, manifestando-se em diferentes etapas da vida. Diversos fatores contribuem para esse fen\u00f4meno, incluindo estresse, predisposi\u00e7\u00e3o gen\u00e9tica, desequil\u00edbrios hormonais e defici\u00eancias nutricionais. Muitas pessoas buscam solu\u00e7\u00f5es naturais como forma de tratar e prevenir a queda, utilizando op\u00e7\u00f5es acess\u00edveis e facilmente obtidas em casa. Os [&hellip;]<\/p>\n","protected":false},"author":14,"featured_media":40480,"comment_status":"open","ping_status":"open","sticky":false,"template":"","format":"standard","meta":{"_yoast_wpseo_focuskw":"Queda de Cabelo","_yoast_wpseo_title":"","_yoast_wpseo_metadesc":"A queda de cabelo pode ser tratada com m\u00e9todos simples e eficazes. Veja como babosa, ch\u00e1 verde e \u00f3leos naturais ajudam no fortalecimento.","jnews-multi-image_gallery":[],"jnews_single_post":{"format":"standard"},"jnews_primary_category":[],"jnews_social_meta":[],"jnews_override_counter":[],"footnotes":""},"categories":[1],"post_tag":[281,120,1318],"class_list":["post-142360","post","type-post","status-publish","format-standard","has-post-thumbnail","hentry","category-uncategorized","tag-alimentacao","tag-bem-estar","tag-saude-2"],"yoast_head":"<!-- This site is optimized with the Yoast SEO plugin v24.6 - https:\/\/yoast.com\/wordpress\/plugins\/seo\/ -->\n<title>Cinco rem\u00e9dios caseiros para Queda de Cabelo que realmente funcionam - Correio Braziliense - Radar<\/title>\n<meta name=\"description\" content=\"A queda de cabelo pode ser tratada com m\u00e9todos simples e eficazes. Veja como babosa, ch\u00e1 verde e \u00f3leos naturais ajudam no fortalecimento.\" \/>\n<meta name=\"robots\" content=\"index, follow, max-snippet:-1, max-image-preview:large, max-video-preview:-1\" \/>\n<link rel=\"canonical\" href=\"https:\/\/www.correiobraziliense.com.br\/cbradar\/cinco-remedios-caseiros-para-queda-de-cabelo-que-realmente-funcionam\/\" \/>\n<meta property=\"og:locale\" content=\"pt_BR\" \/>\n<meta property=\"og:type\" content=\"article\" \/>\n<meta property=\"og:title\" content=\"Cinco rem\u00e9dios caseiros para Queda de Cabelo que realmente funcionam - Correio Braziliense - Radar\" \/>\n<meta property=\"og:description\" content=\"A queda de cabelo pode ser tratada com m\u00e9todos simples e eficazes. Veja como babosa, ch\u00e1 verde e \u00f3leos naturais ajudam no fortalecimento.\" \/>\n<meta property=\"og:url\" content=\"https:\/\/www.correiobraziliense.com.br\/cbradar\/cinco-remedios-caseiros-para-queda-de-cabelo-que-realmente-funcionam\/\" \/>\n<meta property=\"og:site_name\" content=\"Correio Braziliense - Radar\" \/>\n<meta property=\"article:published_time\" content=\"2025-11-22T23:25:00+00:00\" \/>\n<meta property=\"og:image\" content=\"https:\/\/www.correiobraziliense.com.br\/cbradar\/wp-content\/uploads\/2025\/05\/queda-de-cabelo_1747838684881.jpg\" \/>\n\t<meta property=\"og:image:width\" content=\"1280\" \/>\n\t<meta property=\"og:image:height\" content=\"720\" \/>\n\t<meta property=\"og:image:type\" content=\"image\/jpeg\" \/>\n<meta name=\"author\" content=\"guilherme_saude\" \/>\n<meta name=\"twitter:card\" content=\"summary_large_image\" \/>\n<meta name=\"twitter:label1\" content=\"Escrito por\" \/>\n\t<meta name=\"twitter:data1\" content=\"guilherme_saude\" \/>\n\t<meta name=\"twitter:label2\" content=\"Est. tempo de leitura\" \/>\n\t<meta name=\"twitter:data2\" content=\"4 minutos\" \/>\n<!-- \/ Yoast SEO plugin. -->","yoast_head_json":{"title":"Cinco rem\u00e9dios caseiros para Queda de Cabelo que realmente funcionam - Correio Braziliense - Radar","description":"A queda de cabelo pode ser tratada com m\u00e9todos simples e eficazes. Veja como babosa, ch\u00e1 verde e \u00f3leos naturais ajudam no fortalecimento.","robots":{"index":"index","follow":"follow","max-snippet":"max-snippet:-1","max-image-preview":"max-image-preview:large","max-video-preview":"max-video-preview:-1"},"canonical":"https:\/\/www.correiobraziliense.com.br\/cbradar\/cinco-remedios-caseiros-para-queda-de-cabelo-que-realmente-funcionam\/","og_locale":"pt_BR","og_type":"article","og_title":"Cinco rem\u00e9dios caseiros para Queda de Cabelo que realmente funcionam - Correio Braziliense - Radar","og_description":"A queda de cabelo pode ser tratada com m\u00e9todos simples e eficazes. Veja como babosa, ch\u00e1 verde e \u00f3leos naturais ajudam no fortalecimento.","og_url":"https:\/\/www.correiobraziliense.com.br\/cbradar\/cinco-remedios-caseiros-para-queda-de-cabelo-que-realmente-funcionam\/","og_site_name":"Correio Braziliense - Radar","article_published_time":"2025-11-22T23:25:00+00:00","og_image":[{"width":1280,"height":720,"url":"https:\/\/www.correiobraziliense.com.br\/cbradar\/wp-content\/uploads\/2025\/05\/queda-de-cabelo_1747838684881.jpg","type":"image\/jpeg"}],"author":"guilherme_saude","twitter_card":"summary_large_image","twitter_misc":{"Escrito por":"guilherme_saude","Est. tempo de leitura":"4 minutos"},"schema":{"@context":"https:\/\/schema.org","@graph":[{"@type":"WebPage","@id":"https:\/\/www.correiobraziliense.com.br\/cbradar\/cinco-remedios-caseiros-para-queda-de-cabelo-que-realmente-funcionam\/","url":"https:\/\/www.correiobraziliense.com.br\/cbradar\/cinco-remedios-caseiros-para-queda-de-cabelo-que-realmente-funcionam\/","name":"Cinco rem\u00e9dios caseiros para Queda de Cabelo que realmente funcionam - Correio Braziliense - Radar","isPartOf":{"@id":"https:\/\/www.correiobraziliense.com.br\/cbradar\/#website"},"primaryImageOfPage":{"@id":"https:\/\/www.correiobraziliense.com.br\/cbradar\/cinco-remedios-caseiros-para-queda-de-cabelo-que-realmente-funcionam\/#primaryimage"},"image":{"@id":"https:\/\/www.correiobraziliense.com.br\/cbradar\/cinco-remedios-caseiros-para-queda-de-cabelo-que-realmente-funcionam\/#primaryimage"},"thumbnailUrl":"https:\/\/www.correiobraziliense.com.br\/cbradar\/wp-content\/uploads\/2025\/05\/queda-de-cabelo_1747838684881.jpg","datePublished":"2025-11-22T23:25:00+00:00","author":{"@id":"https:\/\/www.correiobraziliense.com.br\/cbradar\/#\/schema\/person\/5aa4bf3c8fa699c267933611de12978b"},"description":"A queda de cabelo pode ser tratada com m\u00e9todos simples e eficazes. Veja como babosa, ch\u00e1 verde e \u00f3leos naturais ajudam no fortalecimento.","breadcrumb":{"@id":"https:\/\/www.correiobraziliense.com.br\/cbradar\/cinco-remedios-caseiros-para-queda-de-cabelo-que-realmente-funcionam\/#breadcrumb"},"inLanguage":"pt-BR","potentialAction":[{"@type":"ReadAction","target":["https:\/\/www.correiobraziliense.com.br\/cbradar\/cinco-remedios-caseiros-para-queda-de-cabelo-que-realmente-funcionam\/"]}]},{"@type":"ImageObject","inLanguage":"pt-BR","@id":"https:\/\/www.correiobraziliense.com.br\/cbradar\/cinco-remedios-caseiros-para-queda-de-cabelo-que-realmente-funcionam\/#primaryimage","url":"https:\/\/www.correiobraziliense.com.br\/cbradar\/wp-content\/uploads\/2025\/05\/queda-de-cabelo_1747838684881.jpg","contentUrl":"https:\/\/www.correiobraziliense.com.br\/cbradar\/wp-content\/uploads\/2025\/05\/queda-de-cabelo_1747838684881.jpg","width":1280,"height":720,"caption":"Cabelo - Cr\u00e9ditos: depositphotos.com \/ VitalikRadko"},{"@type":"BreadcrumbList","@id":"https:\/\/www.correiobraziliense.com.br\/cbradar\/cinco-remedios-caseiros-para-queda-de-cabelo-que-realmente-funcionam\/#breadcrumb","itemListElement":[{"@type":"ListItem","position":1,"name":"In\u00edcio","item":"https:\/\/www.correiobraziliense.com.br\/cbradar\/"},{"@type":"ListItem","position":2,"name":"Cinco rem\u00e9dios caseiros para Queda de Cabelo que realmente funcionam"}]},{"@type":"WebSite","@id":"https:\/\/www.correiobraziliense.com.br\/cbradar\/#website","url":"https:\/\/www.correiobraziliense.com.br\/cbradar\/","name":"Correio Braziliense - Radar","description":"Acompanhe as \u00faltimas not\u00edcias e fique bem informado sobre tudo o que acontece no Brasil e no mundo.","potentialAction":[{"@type":"SearchAction","target":{"@type":"EntryPoint","urlTemplate":"https:\/\/www.correiobraziliense.com.br\/cbradar\/?s={search_term_string}"},"query-input":{"@type":"PropertyValueSpecification","valueRequired":true,"valueName":"search_term_string"}}],"inLanguage":"pt-BR"},{"@type":"Person","@id":"https:\/\/www.correiobraziliense.com.br\/cbradar\/#\/schema\/person\/5aa4bf3c8fa699c267933611de12978b","name":"guilherme_saude","image":{"@type":"ImageObject","inLanguage":"pt-BR","@id":"https:\/\/www.correiobraziliense.com.br\/cbradar\/#\/schema\/person\/image\/","url":"https:\/\/secure.gravatar.com\/avatar\/df9adfb835d344bc0af109d41756253f?s=96&d=mm&r=g","contentUrl":"https:\/\/secure.gravatar.com\/avatar\/df9adfb835d344bc0af109d41756253f?s=96&d=mm&r=g","caption":"guilherme_saude"},"url":"https:\/\/www.correiobraziliense.com.br\/cbradar\/author\/guilherme_saude\/"}]}},"_links":{"self":[{"href":"https:\/\/www.correiobraziliense.com.br\/cbradar\/wp-json\/wp\/v2\/posts\/142360","targetHints":{"allow":["GET"]}}],"collection":[{"href":"https:\/\/www.correiobraziliense.com.br\/cbradar\/wp-json\/wp\/v2\/posts"}],"about":[{"href":"https:\/\/www.correiobraziliense.com.br\/cbradar\/wp-json\/wp\/v2\/types\/post"}],"author":[{"embeddable":true,"href":"https:\/\/www.correiobraziliense.com.br\/cbradar\/wp-json\/wp\/v2\/users\/14"}],"replies":[{"embeddable":true,"href":"https:\/\/www.correiobraziliense.com.br\/cbradar\/wp-json\/wp\/v2\/comments?post=142360"}],"version-history":[{"count":1,"href":"https:\/\/www.correiobraziliense.com.br\/cbradar\/wp-json\/wp\/v2\/posts\/142360\/revisions"}],"predecessor-version":[{"id":142361,"href":"https:\/\/www.correiobraziliense.com.br\/cbradar\/wp-json\/wp\/v2\/posts\/142360\/revisions\/142361"}],"wp:featuredmedia":[{"embeddable":true,"href":"https:\/\/www.correiobraziliense.com.br\/cbradar\/wp-json\/wp\/v2\/media\/40480"}],"wp:attachment":[{"href":"https:\/\/www.correiobraziliense.com.br\/cbradar\/wp-json\/wp\/v2\/media?parent=142360"}],"wp:term":[{"taxonomy":"category","embeddable":true,"href":"https:\/\/www.correiobraziliense.com.br\/cbradar\/wp-json\/wp\/v2\/categories?post=142360"},{"taxonomy":"post_tag","embeddable":true,"href":"https:\/\/www.correiobraziliense.com.br\/cbradar\/wp-json\/wp\/v2\/post_tag?post=142360"}],"curies":[{"name":"wp","href":"https:\/\/api.w.org\/{rel}","templated":true}]}}