{"id":142363,"date":"2025-11-21T21:35:00","date_gmt":"2025-11-22T00:35:00","guid":{"rendered":"https:\/\/www.correiobraziliense.com.br\/cbradar\/?p=142363"},"modified":"2025-11-21T20:07:47","modified_gmt":"2025-11-21T23:07:47","slug":"o-sintoma-silencioso-que-denuncia-um-figado-lento","status":"publish","type":"post","link":"https:\/\/www.correiobraziliense.com.br\/cbradar\/o-sintoma-silencioso-que-denuncia-um-figado-lento\/","title":{"rendered":"O sintoma silencioso que denuncia um f\u00edgado lento"},"content":{"rendered":"\n<p>O <strong>F\u00edgado <\/strong>\u00e9 um \u00f3rg\u00e3o essencial para o funcionamento saud\u00e1vel do organismo, desempenhando pap\u00e9is cruciais na desintoxica\u00e7\u00e3o e na metaboliza\u00e7\u00e3o de nutrientes. Quando ele n\u00e3o opera em sua capacidade ideal, diversas fun\u00e7\u00f5es corporais podem ser impactadas, refletindo em nossa <a href=\"https:\/\/www.correiobraziliense.com.br\/cbradar\/retinopatia-diabetica-e-mais-comum-do-que-voce-imagina\/\" target=\"_blank\" rel=\"noreferrer noopener\">sa\u00fade <\/a>geral. Detectar e entender os sintomas de um F\u00edgado lento \u00e9 fundamental para evitar complica\u00e7\u00f5es mais s\u00e9rias.<\/p>\n\n\n\n<h2 class=\"wp-block-heading\">Quais s\u00e3o os sinais de um F\u00edgado sobrecarregado?<\/h2>\n\n\n\n<p>A presen\u00e7a de cansa\u00e7o cont\u00ednuo e inexplicado \u00e9 um dos primeiros indicadores de que algo pode n\u00e3o estar indo bem com o F\u00edgado. Essa fadiga excessiva ocorre quando o \u00f3rg\u00e3o enfrenta dificuldades para processar toxinas, for\u00e7ando o corpo a trabalhar mais para se livrar delas. Essa sobrecarga impede que o organismo funcione de maneira eficiente, resultando em uma sensa\u00e7\u00e3o persistente de exaust\u00e3o.<\/p>\n\n\n\n<p>Al\u00e9m do cansa\u00e7o, problemas digestivos s\u00e3o comuns quando o F\u00edgado est\u00e1 comprometido. A digest\u00e3o se torna menos eficaz, manifestando-se em sintomas como incha\u00e7o e indigest\u00e3o. Isso acontece devido \u00e0 redu\u00e7\u00e3o na capacidade do F\u00edgado de metabolizar corretamente as gorduras ingeridas na dieta.<\/p>\n\n\n\n<h2 class=\"wp-block-heading\">Por que a icter\u00edcia merece aten\u00e7\u00e3o especial?<\/h2>\n\n\n\n<p>A icter\u00edcia \u00e9 uma condi\u00e7\u00e3o vis\u00edvel pela colora\u00e7\u00e3o amarelada da pele e dos olhos. Este sintoma est\u00e1 fortemente associado ao funcionamento inadequado do F\u00edgado, uma vez que indica a dificuldade do \u00f3rg\u00e3o em processar bilirrubina, um subproduto dos gl\u00f3bulos vermelhos. A presen\u00e7a de icter\u00edcia \u00e9 um sinal de alerta que n\u00e3o deve ser ignorado, e exames m\u00e9dicos s\u00e3o necess\u00e1rios para identificar n\u00edveis de bilirrubina anormais.<\/p>\n\n\n\n<figure class=\"wp-block-image aligncenter size-large\"><img decoding=\"async\" width=\"1024\" height=\"576\" src=\"https:\/\/www.correiobraziliense.com.br\/cbradar\/wp-content\/uploads\/2025\/05\/Gordura-no-Figado_1747423536244-1024x576.jpg\" alt=\"\" class=\"wp-image-38239\" srcset=\"https:\/\/www.correiobraziliense.com.br\/cbradar\/wp-content\/uploads\/2025\/05\/Gordura-no-Figado_1747423536244-1024x576.jpg 1024w, https:\/\/www.correiobraziliense.com.br\/cbradar\/wp-content\/uploads\/2025\/05\/Gordura-no-Figado_1747423536244-300x169.jpg 300w, https:\/\/www.correiobraziliense.com.br\/cbradar\/wp-content\/uploads\/2025\/05\/Gordura-no-Figado_1747423536244-768x432.jpg 768w, https:\/\/www.correiobraziliense.com.br\/cbradar\/wp-content\/uploads\/2025\/05\/Gordura-no-Figado_1747423536244-750x422.jpg 750w, https:\/\/www.correiobraziliense.com.br\/cbradar\/wp-content\/uploads\/2025\/05\/Gordura-no-Figado_1747423536244-1140x641.jpg 1140w, https:\/\/www.correiobraziliense.com.br\/cbradar\/wp-content\/uploads\/2025\/05\/Gordura-no-Figado_1747423536244.jpg 1280w\" sizes=\"(max-width: 1024px) 100vw, 1024px\" \/><figcaption class=\"wp-element-caption\">esteatose hep\u00e1tica: como reverter antes que vire um problema s\u00e9rio &#8211; Cr\u00e9ditos: depositphotos.com \/ eranicle\n<\/figcaption><\/figure>\n\n\n\n<p>A perda de apetite \u00e9 outro sintoma que pode relacionar-se ao F\u00edgado. Quando o F\u00edgado n\u00e3o consegue processar os alimentos de maneira eficaz, a sensa\u00e7\u00e3o de fome diminui, impactando a ingest\u00e3o nutricional adequada e a energia geral do organismo.<\/p>\n\n\n\n<h2 class=\"wp-block-heading\">Como problemas no F\u00edgado afetam a capacidade mental?<\/h2>\n\n\n\n<p>Sinais de confus\u00e3o mental ou dificuldades de concentra\u00e7\u00e3o podem estar correlacionados com disfun\u00e7\u00f5es hep\u00e1ticas. A falha do F\u00edgado em eliminar toxinas adequadamente do corpo pode interferir nos processos cerebrais, resultando em confus\u00e3o e dificuldades cognitivas. Esta liga\u00e7\u00e3o ressalta a import\u00e2ncia de procurar ajuda m\u00e9dica caso esses sintomas persistam, adotando medidas preventivas para proteger a fun\u00e7\u00e3o hep\u00e1tica.<\/p>\n\n\n\n<p>Reconhecer os sinais de problemas no F\u00edgado \u00e9 o primeiro passo para tomar medidas preventivas e manter o bem-estar geral. A aten\u00e7\u00e3o a sintomas como fadiga cr\u00f4nica, problemas digestivos, icter\u00edcia e dificuldades de concentra\u00e7\u00e3o pode facilitar a identifica\u00e7\u00e3o precoce de dist\u00farbios no funcionamento hep\u00e1tico.<\/p>\n\n\n\n<h2 class=\"wp-block-heading\">Quais a\u00e7\u00f5es devem ser tomadas quando surgem sintomas de problemas hep\u00e1ticos?<\/h2>\n\n\n\n<p>\u00c9 essencial monitorar continuamente os sintomas descritos e procurar orienta\u00e7\u00e3o m\u00e9dica para diagn\u00f3stico e tratamento adequado. Um exame de sangue pode ajudar a identificar problemas subjacentes ligados \u00e0 fun\u00e7\u00e3o do F\u00edgado, permitindo interven\u00e7\u00f5es precoces e aumentando a efic\u00e1cia do tratamento. A prote\u00e7\u00e3o do F\u00edgado depende de uma dieta equilibrada, hidrata\u00e7\u00e3o adequada e modera\u00e7\u00e3o no consumo de subst\u00e2ncias nocivas. Manter consultas m\u00e9dicas regulares \u00e9 um passo proativo importante para garantir a sa\u00fade cont\u00ednua deste vital \u00f3rg\u00e3o.<\/p>\n\n\n<a href=\"https:\/\/www.instagram.com\/dra.annaluisabf\/\" target=\"_blank\" rel=\"noopener\" style=\"text-decoration: none; color: inherit;\">\n    <span style=\"display: inline-block; border: 1px solid #ccc; border-radius: 10px; padding: 15px; max-width: 550px; font-family: sans-serif; box-shadow: 0 2px 5px rgba(0,0,0,0.1); width: 100%;\">\n\n      <!-- T\u00edtulo -->\n      <span style=\"display: block; margin: 0 0 15px 0; font-weight: bold; color: #2c3e50; text-align: center;\">\n        Entre em contato:\n      <\/span>\n\n      <!-- Linha do perfil -->\n      <span style=\"display: flex; align-items: center; gap: 15px;\">\n        <img decoding=\"async\"\n          src=\"https:\/\/www.correiobraziliense.com.br\/cbradar\/wp-content\/uploads\/2025\/08\/dra_anna_luisa.jpeg\"\n          alt=\"Foto da Dra. Anna Lu\u00edsa\"\n          style=\"border-radius: 50%; width: 80px; height: 80px; object-fit: cover;\"\n        \/>\n        <span style=\"display: flex; flex-direction: column;\">\n          <span style=\"font-size: 18px; font-weight: 700; color: #2c3e50;\">Dra. Anna Lu\u00edsa Barbosa Fernandes<\/span>\n          <span style=\"color: #555;\">CRM-GO 33.271<\/span>\n        <\/span>\n      <\/span>\n\n      <!-- Redes -->\n      <span style=\"display: flex; align-items: center; gap: 10px; margin-top: 12px;\">\n        <img decoding=\"async\" src=\"https:\/\/cdn-icons-png.flaticon.com\/24\/1384\/1384063.png\" alt=\"Instagram\" width=\"24\" height=\"24\" \/>\n        <span style=\"text-decoration: underline; color: #2c3e50;\">@dra.annaluisabf<\/span>\n      <\/span>\n\n    <\/span>\n  <\/a>\n\n\n<p><\/p>\n","protected":false},"excerpt":{"rendered":"<p>O F\u00edgado \u00e9 um \u00f3rg\u00e3o essencial para o funcionamento saud\u00e1vel do organismo, desempenhando pap\u00e9is cruciais na desintoxica\u00e7\u00e3o e na metaboliza\u00e7\u00e3o de nutrientes. Quando ele n\u00e3o opera em sua capacidade ideal, diversas fun\u00e7\u00f5es corporais podem ser impactadas, refletindo em nossa sa\u00fade geral. Detectar e entender os sintomas de um F\u00edgado lento \u00e9 fundamental para evitar complica\u00e7\u00f5es [&hellip;]<\/p>\n","protected":false},"author":14,"featured_media":83079,"comment_status":"open","ping_status":"open","sticky":false,"template":"","format":"standard","meta":{"_yoast_wpseo_focuskw":"F\u00edgado","_yoast_wpseo_title":"","_yoast_wpseo_metadesc":"Cansa\u00e7o, incha\u00e7o e confus\u00e3o mental podem indicar f\u00edgado lento. Veja os sinais mais importantes e como agir para evitar complica\u00e7\u00f5es.","jnews-multi-image_gallery":[],"jnews_single_post":{"format":"standard"},"jnews_primary_category":[],"jnews_social_meta":[],"jnews_override_counter":[],"footnotes":""},"categories":[1],"post_tag":[281,4167,1318],"class_list":["post-142363","post","type-post","status-publish","format-standard","has-post-thumbnail","hentry","category-uncategorized","tag-alimentacao","tag-figado","tag-saude-2"],"yoast_head":"<!-- This site is optimized with the Yoast SEO plugin v24.6 - https:\/\/yoast.com\/wordpress\/plugins\/seo\/ -->\n<title>O sintoma silencioso que denuncia um f\u00edgado lento - Correio Braziliense - Radar<\/title>\n<meta name=\"description\" content=\"Cansa\u00e7o, incha\u00e7o e confus\u00e3o mental podem indicar f\u00edgado lento. Veja os sinais mais importantes e como agir para evitar complica\u00e7\u00f5es.\" \/>\n<meta name=\"robots\" content=\"index, follow, max-snippet:-1, max-image-preview:large, max-video-preview:-1\" \/>\n<link rel=\"canonical\" href=\"https:\/\/www.correiobraziliense.com.br\/cbradar\/o-sintoma-silencioso-que-denuncia-um-figado-lento\/\" \/>\n<meta property=\"og:locale\" content=\"pt_BR\" \/>\n<meta property=\"og:type\" content=\"article\" \/>\n<meta property=\"og:title\" content=\"O sintoma silencioso que denuncia um f\u00edgado lento - Correio Braziliense - Radar\" \/>\n<meta property=\"og:description\" content=\"Cansa\u00e7o, incha\u00e7o e confus\u00e3o mental podem indicar f\u00edgado lento. Veja os sinais mais importantes e como agir para evitar complica\u00e7\u00f5es.\" \/>\n<meta property=\"og:url\" content=\"https:\/\/www.correiobraziliense.com.br\/cbradar\/o-sintoma-silencioso-que-denuncia-um-figado-lento\/\" \/>\n<meta property=\"og:site_name\" content=\"Correio Braziliense - Radar\" \/>\n<meta property=\"article:published_time\" content=\"2025-11-22T00:35:00+00:00\" \/>\n<meta property=\"og:image\" content=\"https:\/\/www.correiobraziliense.com.br\/cbradar\/wp-content\/uploads\/2025\/08\/transplante-de-figado_1754678024787.jpg\" \/>\n\t<meta property=\"og:image:width\" content=\"1280\" \/>\n\t<meta property=\"og:image:height\" content=\"720\" \/>\n\t<meta property=\"og:image:type\" content=\"image\/jpeg\" \/>\n<meta name=\"author\" content=\"guilherme_saude\" \/>\n<meta name=\"twitter:card\" content=\"summary_large_image\" \/>\n<meta name=\"twitter:label1\" content=\"Escrito por\" \/>\n\t<meta name=\"twitter:data1\" content=\"guilherme_saude\" \/>\n\t<meta name=\"twitter:label2\" content=\"Est. tempo de leitura\" \/>\n\t<meta name=\"twitter:data2\" content=\"4 minutos\" \/>\n<!-- \/ Yoast SEO plugin. -->","yoast_head_json":{"title":"O sintoma silencioso que denuncia um f\u00edgado lento - Correio Braziliense - Radar","description":"Cansa\u00e7o, incha\u00e7o e confus\u00e3o mental podem indicar f\u00edgado lento. Veja os sinais mais importantes e como agir para evitar complica\u00e7\u00f5es.","robots":{"index":"index","follow":"follow","max-snippet":"max-snippet:-1","max-image-preview":"max-image-preview:large","max-video-preview":"max-video-preview:-1"},"canonical":"https:\/\/www.correiobraziliense.com.br\/cbradar\/o-sintoma-silencioso-que-denuncia-um-figado-lento\/","og_locale":"pt_BR","og_type":"article","og_title":"O sintoma silencioso que denuncia um f\u00edgado lento - Correio Braziliense - Radar","og_description":"Cansa\u00e7o, incha\u00e7o e confus\u00e3o mental podem indicar f\u00edgado lento. Veja os sinais mais importantes e como agir para evitar complica\u00e7\u00f5es.","og_url":"https:\/\/www.correiobraziliense.com.br\/cbradar\/o-sintoma-silencioso-que-denuncia-um-figado-lento\/","og_site_name":"Correio Braziliense - Radar","article_published_time":"2025-11-22T00:35:00+00:00","og_image":[{"width":1280,"height":720,"url":"https:\/\/www.correiobraziliense.com.br\/cbradar\/wp-content\/uploads\/2025\/08\/transplante-de-figado_1754678024787.jpg","type":"image\/jpeg"}],"author":"guilherme_saude","twitter_card":"summary_large_image","twitter_misc":{"Escrito por":"guilherme_saude","Est. tempo de leitura":"4 minutos"},"schema":{"@context":"https:\/\/schema.org","@graph":[{"@type":"WebPage","@id":"https:\/\/www.correiobraziliense.com.br\/cbradar\/o-sintoma-silencioso-que-denuncia-um-figado-lento\/","url":"https:\/\/www.correiobraziliense.com.br\/cbradar\/o-sintoma-silencioso-que-denuncia-um-figado-lento\/","name":"O sintoma silencioso que denuncia um f\u00edgado lento - Correio Braziliense - Radar","isPartOf":{"@id":"https:\/\/www.correiobraziliense.com.br\/cbradar\/#website"},"primaryImageOfPage":{"@id":"https:\/\/www.correiobraziliense.com.br\/cbradar\/o-sintoma-silencioso-que-denuncia-um-figado-lento\/#primaryimage"},"image":{"@id":"https:\/\/www.correiobraziliense.com.br\/cbradar\/o-sintoma-silencioso-que-denuncia-um-figado-lento\/#primaryimage"},"thumbnailUrl":"https:\/\/www.correiobraziliense.com.br\/cbradar\/wp-content\/uploads\/2025\/08\/transplante-de-figado_1754678024787.jpg","datePublished":"2025-11-22T00:35:00+00:00","author":{"@id":"https:\/\/www.correiobraziliense.com.br\/cbradar\/#\/schema\/person\/5aa4bf3c8fa699c267933611de12978b"},"description":"Cansa\u00e7o, incha\u00e7o e confus\u00e3o mental podem indicar f\u00edgado lento. Veja os sinais mais importantes e como agir para evitar complica\u00e7\u00f5es.","breadcrumb":{"@id":"https:\/\/www.correiobraziliense.com.br\/cbradar\/o-sintoma-silencioso-que-denuncia-um-figado-lento\/#breadcrumb"},"inLanguage":"pt-BR","potentialAction":[{"@type":"ReadAction","target":["https:\/\/www.correiobraziliense.com.br\/cbradar\/o-sintoma-silencioso-que-denuncia-um-figado-lento\/"]}]},{"@type":"ImageObject","inLanguage":"pt-BR","@id":"https:\/\/www.correiobraziliense.com.br\/cbradar\/o-sintoma-silencioso-que-denuncia-um-figado-lento\/#primaryimage","url":"https:\/\/www.correiobraziliense.com.br\/cbradar\/wp-content\/uploads\/2025\/08\/transplante-de-figado_1754678024787.jpg","contentUrl":"https:\/\/www.correiobraziliense.com.br\/cbradar\/wp-content\/uploads\/2025\/08\/transplante-de-figado_1754678024787.jpg","width":1280,"height":720,"caption":"Os \u00f3rg\u00e3os mais poderosos do corpo e por que proteg\u00ea-los - Cr\u00e9ditos: depositphotos.com \/ Shidlovski"},{"@type":"BreadcrumbList","@id":"https:\/\/www.correiobraziliense.com.br\/cbradar\/o-sintoma-silencioso-que-denuncia-um-figado-lento\/#breadcrumb","itemListElement":[{"@type":"ListItem","position":1,"name":"In\u00edcio","item":"https:\/\/www.correiobraziliense.com.br\/cbradar\/"},{"@type":"ListItem","position":2,"name":"O sintoma silencioso que denuncia um f\u00edgado lento"}]},{"@type":"WebSite","@id":"https:\/\/www.correiobraziliense.com.br\/cbradar\/#website","url":"https:\/\/www.correiobraziliense.com.br\/cbradar\/","name":"Correio Braziliense - Radar","description":"Acompanhe as \u00faltimas not\u00edcias e fique bem informado sobre tudo o que acontece no Brasil e no mundo.","potentialAction":[{"@type":"SearchAction","target":{"@type":"EntryPoint","urlTemplate":"https:\/\/www.correiobraziliense.com.br\/cbradar\/?s={search_term_string}"},"query-input":{"@type":"PropertyValueSpecification","valueRequired":true,"valueName":"search_term_string"}}],"inLanguage":"pt-BR"},{"@type":"Person","@id":"https:\/\/www.correiobraziliense.com.br\/cbradar\/#\/schema\/person\/5aa4bf3c8fa699c267933611de12978b","name":"guilherme_saude","image":{"@type":"ImageObject","inLanguage":"pt-BR","@id":"https:\/\/www.correiobraziliense.com.br\/cbradar\/#\/schema\/person\/image\/","url":"https:\/\/secure.gravatar.com\/avatar\/df9adfb835d344bc0af109d41756253f?s=96&d=mm&r=g","contentUrl":"https:\/\/secure.gravatar.com\/avatar\/df9adfb835d344bc0af109d41756253f?s=96&d=mm&r=g","caption":"guilherme_saude"},"url":"https:\/\/www.correiobraziliense.com.br\/cbradar\/author\/guilherme_saude\/"}]}},"_links":{"self":[{"href":"https:\/\/www.correiobraziliense.com.br\/cbradar\/wp-json\/wp\/v2\/posts\/142363","targetHints":{"allow":["GET"]}}],"collection":[{"href":"https:\/\/www.correiobraziliense.com.br\/cbradar\/wp-json\/wp\/v2\/posts"}],"about":[{"href":"https:\/\/www.correiobraziliense.com.br\/cbradar\/wp-json\/wp\/v2\/types\/post"}],"author":[{"embeddable":true,"href":"https:\/\/www.correiobraziliense.com.br\/cbradar\/wp-json\/wp\/v2\/users\/14"}],"replies":[{"embeddable":true,"href":"https:\/\/www.correiobraziliense.com.br\/cbradar\/wp-json\/wp\/v2\/comments?post=142363"}],"version-history":[{"count":1,"href":"https:\/\/www.correiobraziliense.com.br\/cbradar\/wp-json\/wp\/v2\/posts\/142363\/revisions"}],"predecessor-version":[{"id":142364,"href":"https:\/\/www.correiobraziliense.com.br\/cbradar\/wp-json\/wp\/v2\/posts\/142363\/revisions\/142364"}],"wp:featuredmedia":[{"embeddable":true,"href":"https:\/\/www.correiobraziliense.com.br\/cbradar\/wp-json\/wp\/v2\/media\/83079"}],"wp:attachment":[{"href":"https:\/\/www.correiobraziliense.com.br\/cbradar\/wp-json\/wp\/v2\/media?parent=142363"}],"wp:term":[{"taxonomy":"category","embeddable":true,"href":"https:\/\/www.correiobraziliense.com.br\/cbradar\/wp-json\/wp\/v2\/categories?post=142363"},{"taxonomy":"post_tag","embeddable":true,"href":"https:\/\/www.correiobraziliense.com.br\/cbradar\/wp-json\/wp\/v2\/post_tag?post=142363"}],"curies":[{"name":"wp","href":"https:\/\/api.w.org\/{rel}","templated":true}]}}