{"id":14237,"date":"2025-03-21T22:10:00","date_gmt":"2025-03-22T01:10:00","guid":{"rendered":"https:\/\/www.correiobraziliense.com.br\/cbradar\/?p=14237"},"modified":"2025-03-20T17:26:59","modified_gmt":"2025-03-20T20:26:59","slug":"programa-brasileiro-oferece-bolsas-de-estudo-gratuitas-na-espanha","status":"publish","type":"post","link":"https:\/\/www.correiobraziliense.com.br\/cbradar\/programa-brasileiro-oferece-bolsas-de-estudo-gratuitas-na-espanha\/","title":{"rendered":"Programa brasileiro oferece bolsas de estudo gratuitas na Espanha"},"content":{"rendered":"\n<p>O <strong><a href=\"https:\/\/www.santander.com.br\/\" target=\"_blank\" rel=\"noreferrer noopener\">Santander<\/a> <\/strong>est\u00e1 oferecendo uma oportunidade \u00fanica para estudantes de gradua\u00e7\u00e3o e p\u00f3s-gradua\u00e7\u00e3o: um interc\u00e2mbio gratuito de tr\u00eas semanas na renomada Universidade de <strong>Salamanca<\/strong>, na <strong>Espanha<\/strong>. Este programa, conhecido como <strong>Top Espa\u00f1a,<\/strong> est\u00e1 com inscri\u00e7\u00f5es abertas at\u00e9 o dia 27 de abril de 2025. Com 80 vagas dispon\u00edveis, os selecionados ter\u00e3o todas as despesas cobertas, incluindo passagens a\u00e9reas, alimenta\u00e7\u00e3o e hospedagem.<\/p>\n\n\n\n<p>A viagem est\u00e1 programada para come\u00e7ar em 30 de junho, com retorno ao Brasil previsto para 23 de julho. Os interessados devem estar atentos aos crit\u00e9rios de elegibilidade, que incluem a necessidade de a universidade do candidato ter parceria com o Santander. Al\u00e9m disso, \u00e9 essencial cumprir outros requisitos espec\u00edficos para participar deste interc\u00e2mbio.<\/p>\n\n\n\n<h2 class=\"wp-block-heading\">Quais s\u00e3o os crit\u00e9rios de elegibilidade para o programa?<\/h2>\n\n\n\n<p>Para participar do programa Top Espa\u00f1a, os candidatos devem atender a uma s\u00e9rie de requisitos. Primeiramente, \u00e9 necess\u00e1rio ser maior de 18 anos e residir no Brasil. Al\u00e9m disso, o estudante deve estar regularmente matriculado em uma das universidades conveniadas durante todo o processo de inscri\u00e7\u00e3o, sele\u00e7\u00e3o e realiza\u00e7\u00e3o do programa.<\/p>\n\n\n\n<p>Outro crit\u00e9rio importante \u00e9 a inscri\u00e7\u00e3o obrigat\u00f3ria na plataforma <strong>Santander Open Academy <\/strong>e no programa Top Espa\u00f1a 2025. Cada universidade parceira divulgar\u00e1 seu pr\u00f3prio edital, que incluir\u00e1 os requisitos mencionados e outros espec\u00edficos da institui\u00e7\u00e3o. \u00c9 importante ressaltar que bolsistas que j\u00e1 participaram de outros programas de mobilidade internacional do Santander, professores e candidatos que n\u00e3o se enquadram nos requisitos do edital n\u00e3o s\u00e3o eleg\u00edveis.<\/p>\n\n\n\n<figure class=\"wp-block-image size-large\"><img decoding=\"async\" width=\"1024\" height=\"576\" src=\"https:\/\/www.correiobraziliense.com.br\/cbradar\/wp-content\/uploads\/2025\/03\/Espanha_1742478127762-1024x576.jpg\" alt=\"Programa brasileiro oferece bolsas de estudo gratuitas na Espanha\" class=\"wp-image-14242\" srcset=\"https:\/\/www.correiobraziliense.com.br\/cbradar\/wp-content\/uploads\/2025\/03\/Espanha_1742478127762-1024x576.jpg 1024w, https:\/\/www.correiobraziliense.com.br\/cbradar\/wp-content\/uploads\/2025\/03\/Espanha_1742478127762-300x169.jpg 300w, https:\/\/www.correiobraziliense.com.br\/cbradar\/wp-content\/uploads\/2025\/03\/Espanha_1742478127762-768x432.jpg 768w, https:\/\/www.correiobraziliense.com.br\/cbradar\/wp-content\/uploads\/2025\/03\/Espanha_1742478127762-750x422.jpg 750w, https:\/\/www.correiobraziliense.com.br\/cbradar\/wp-content\/uploads\/2025\/03\/Espanha_1742478127762-1140x641.jpg 1140w, https:\/\/www.correiobraziliense.com.br\/cbradar\/wp-content\/uploads\/2025\/03\/Espanha_1742478127762.jpg 1280w\" sizes=\"(max-width: 1024px) 100vw, 1024px\" \/><figcaption class=\"wp-element-caption\">Espanha. Cr\u00e9ditos: depositphotos.com \/ IgorVetushko<\/figcaption><\/figure>\n\n\n\n<h2 class=\"wp-block-heading\">Como realizar a inscri\u00e7\u00e3o no programa Top Espa\u00f1a?<\/h2>\n\n\n\n<p>O processo de inscri\u00e7\u00e3o para o programa Top Espa\u00f1a \u00e9 realizado online, atrav\u00e9s da p\u00e1gina oficial do programa. Os candidatos devem fornecer informa\u00e7\u00f5es pessoais, acad\u00eamicas e profissionais. \u00c9 fundamental seguir o cronograma estabelecido para garantir a participa\u00e7\u00e3o no processo seletivo.<\/p>\n\n\n\n<ul class=\"wp-block-list\">\n<li><strong>Per\u00edodo de inscri\u00e7\u00e3o:<\/strong>\u00a006\/03\/2025 a 27\/04\/2025<\/li>\n\n\n\n<li><strong>Per\u00edodo de indica\u00e7\u00e3o da Universidade:<\/strong>\u00a028\/04\/2025 a 13\/05\/2025<\/li>\n\n\n\n<li><strong>Data limite para aprova\u00e7\u00e3o do Santander:<\/strong>\u00a014\/05\/2025<\/li>\n\n\n\n<li><strong>Per\u00edodo para confirma\u00e7\u00e3o de participa\u00e7\u00e3o:<\/strong>\u00a014\/05\/2025 a 20\/05\/2025<\/li>\n\n\n\n<li><strong>Data da viagem:<\/strong>\u00a030\/06\/2025<\/li>\n\n\n\n<li><strong>Retorno ao Brasil:<\/strong>\u00a023\/07\/2025<\/li>\n<\/ul>\n\n\n\n<h2 class=\"wp-block-heading\">Quais s\u00e3o as dicas essenciais para quem deseja estudar no exterior?<\/h2>\n\n\n\n<p>Estudar no exterior \u00e9 uma experi\u00eancia enriquecedora que pode abrir muitas portas. Para aqueles que desejam aproveitar ao m\u00e1ximo essa oportunidade, algumas dicas s\u00e3o essenciais. Primeiramente, \u00e9 importante pesquisar sobre o pa\u00eds e a universidade de destino para se preparar culturalmente e academicamente.<\/p>\n\n\n\n<p>Al\u00e9m disso, \u00e9 fundamental organizar toda a documenta\u00e7\u00e3o necess\u00e1ria com anteced\u00eancia, incluindo passaporte, visto e seguro de sa\u00fade. Aprender o idioma local, ou pelo menos o b\u00e1sico, tamb\u00e9m pode facilitar a adapta\u00e7\u00e3o e enriquecer a experi\u00eancia. Por fim, manter uma mente aberta e estar disposto a se adaptar a novas situa\u00e7\u00f5es \u00e9 crucial para aproveitar ao m\u00e1ximo o interc\u00e2mbio.<\/p>\n\n\n\n<p>O programa Top Espa\u00f1a do Santander representa uma oportunidade valiosa para estudantes brasileiros expandirem seus horizontes acad\u00eamicos e culturais. Com todas as despesas cobertas, os participantes poder\u00e3o focar em aproveitar ao m\u00e1ximo essa experi\u00eancia \u00fanica na Universidade de Salamanca.<\/p>\n","protected":false},"excerpt":{"rendered":"<p>Interc\u00e1mbio na Universidade de Salamanca com todas as despesas cobertas. Inscri\u00e7\u00f5es at\u00e9 27\/04\/2025 para uma oportunidade \u00fanica no exterior.<\/p>\n","protected":false},"author":3,"featured_media":14241,"comment_status":"open","ping_status":"open","sticky":false,"template":"","format":"standard","meta":{"_yoast_wpseo_focuskw":"bolsas espanha","_yoast_wpseo_title":"%%title%%","_yoast_wpseo_metadesc":"Interc\u00e1mbio na Universidade de Salamanca com todas as despesas cobertas. Inscri\u00e7\u00f5es at\u00e9 27\/04\/2025 para uma oportunidade \u00fanica no exterior.","jnews-multi-image_gallery":[],"jnews_single_post":{"format":"standard"},"jnews_primary_category":[],"jnews_social_meta":[],"jnews_override_counter":[],"footnotes":""},"categories":[112],"tags":[2216,1084,2215],"class_list":["post-14237","post","type-post","status-publish","format-standard","has-post-thumbnail","hentry","category-curiosidades","tag-bolsas-de-estudo","tag-espanha","tag-intercambio"],"yoast_head":"<!-- This site is optimized with the Yoast SEO plugin v24.6 - https:\/\/yoast.com\/wordpress\/plugins\/seo\/ -->\n<title>Programa brasileiro oferece bolsas de estudo gratuitas na Espanha<\/title>\n<meta name=\"description\" content=\"Interc\u00e1mbio na Universidade de Salamanca com todas as despesas cobertas. Inscri\u00e7\u00f5es at\u00e9 27\/04\/2025 para uma oportunidade \u00fanica no exterior.\" \/>\n<meta name=\"robots\" content=\"index, follow, max-snippet:-1, max-image-preview:large, max-video-preview:-1\" \/>\n<link rel=\"canonical\" href=\"https:\/\/www.correiobraziliense.com.br\/cbradar\/programa-brasileiro-oferece-bolsas-de-estudo-gratuitas-na-espanha\/\" \/>\n<meta property=\"og:locale\" content=\"pt_BR\" \/>\n<meta property=\"og:type\" content=\"article\" \/>\n<meta property=\"og:title\" content=\"Programa brasileiro oferece bolsas de estudo gratuitas na Espanha\" \/>\n<meta property=\"og:description\" content=\"Interc\u00e1mbio na Universidade de Salamanca com todas as despesas cobertas. Inscri\u00e7\u00f5es at\u00e9 27\/04\/2025 para uma oportunidade \u00fanica no exterior.\" \/>\n<meta property=\"og:url\" content=\"https:\/\/www.correiobraziliense.com.br\/cbradar\/programa-brasileiro-oferece-bolsas-de-estudo-gratuitas-na-espanha\/\" \/>\n<meta property=\"og:site_name\" content=\"Correio Braziliense - Radar\" \/>\n<meta property=\"article:published_time\" content=\"2025-03-22T01:10:00+00:00\" \/>\n<meta property=\"og:image\" content=\"https:\/\/www.correiobraziliense.com.br\/cbradar\/wp-content\/uploads\/2025\/03\/Espanha_1742478099815.jpg\" \/>\n\t<meta property=\"og:image:width\" content=\"1280\" \/>\n\t<meta property=\"og:image:height\" content=\"720\" \/>\n\t<meta property=\"og:image:type\" content=\"image\/jpeg\" \/>\n<meta name=\"author\" content=\"Larissa Carvalho\" \/>\n<meta name=\"twitter:card\" content=\"summary_large_image\" \/>\n<meta name=\"twitter:label1\" content=\"Escrito por\" \/>\n\t<meta name=\"twitter:data1\" content=\"Larissa Carvalho\" \/>\n\t<meta name=\"twitter:label2\" content=\"Est. tempo de leitura\" \/>\n\t<meta name=\"twitter:data2\" content=\"4 minutos\" \/>\n<!-- \/ Yoast SEO plugin. -->","yoast_head_json":{"title":"Programa brasileiro oferece bolsas de estudo gratuitas na Espanha","description":"Interc\u00e1mbio na Universidade de Salamanca com todas as despesas cobertas. Inscri\u00e7\u00f5es at\u00e9 27\/04\/2025 para uma oportunidade \u00fanica no exterior.","robots":{"index":"index","follow":"follow","max-snippet":"max-snippet:-1","max-image-preview":"max-image-preview:large","max-video-preview":"max-video-preview:-1"},"canonical":"https:\/\/www.correiobraziliense.com.br\/cbradar\/programa-brasileiro-oferece-bolsas-de-estudo-gratuitas-na-espanha\/","og_locale":"pt_BR","og_type":"article","og_title":"Programa brasileiro oferece bolsas de estudo gratuitas na Espanha","og_description":"Interc\u00e1mbio na Universidade de Salamanca com todas as despesas cobertas. Inscri\u00e7\u00f5es at\u00e9 27\/04\/2025 para uma oportunidade \u00fanica no exterior.","og_url":"https:\/\/www.correiobraziliense.com.br\/cbradar\/programa-brasileiro-oferece-bolsas-de-estudo-gratuitas-na-espanha\/","og_site_name":"Correio Braziliense - Radar","article_published_time":"2025-03-22T01:10:00+00:00","og_image":[{"width":1280,"height":720,"url":"https:\/\/www.correiobraziliense.com.br\/cbradar\/wp-content\/uploads\/2025\/03\/Espanha_1742478099815.jpg","type":"image\/jpeg"}],"author":"Larissa Carvalho","twitter_card":"summary_large_image","twitter_misc":{"Escrito por":"Larissa Carvalho","Est. tempo de leitura":"4 minutos"},"schema":{"@context":"https:\/\/schema.org","@graph":[{"@type":"WebPage","@id":"https:\/\/www.correiobraziliense.com.br\/cbradar\/programa-brasileiro-oferece-bolsas-de-estudo-gratuitas-na-espanha\/","url":"https:\/\/www.correiobraziliense.com.br\/cbradar\/programa-brasileiro-oferece-bolsas-de-estudo-gratuitas-na-espanha\/","name":"Programa brasileiro oferece bolsas de estudo gratuitas na Espanha","isPartOf":{"@id":"https:\/\/www.correiobraziliense.com.br\/cbradar\/#website"},"primaryImageOfPage":{"@id":"https:\/\/www.correiobraziliense.com.br\/cbradar\/programa-brasileiro-oferece-bolsas-de-estudo-gratuitas-na-espanha\/#primaryimage"},"image":{"@id":"https:\/\/www.correiobraziliense.com.br\/cbradar\/programa-brasileiro-oferece-bolsas-de-estudo-gratuitas-na-espanha\/#primaryimage"},"thumbnailUrl":"https:\/\/www.correiobraziliense.com.br\/cbradar\/wp-content\/uploads\/2025\/03\/Espanha_1742478099815.jpg","datePublished":"2025-03-22T01:10:00+00:00","author":{"@id":"https:\/\/www.correiobraziliense.com.br\/cbradar\/#\/schema\/person\/58422787644df994b53a19d3e56c1513"},"description":"Interc\u00e1mbio na Universidade de Salamanca com todas as despesas cobertas. Inscri\u00e7\u00f5es at\u00e9 27\/04\/2025 para uma oportunidade \u00fanica no exterior.","breadcrumb":{"@id":"https:\/\/www.correiobraziliense.com.br\/cbradar\/programa-brasileiro-oferece-bolsas-de-estudo-gratuitas-na-espanha\/#breadcrumb"},"inLanguage":"pt-BR","potentialAction":[{"@type":"ReadAction","target":["https:\/\/www.correiobraziliense.com.br\/cbradar\/programa-brasileiro-oferece-bolsas-de-estudo-gratuitas-na-espanha\/"]}]},{"@type":"ImageObject","inLanguage":"pt-BR","@id":"https:\/\/www.correiobraziliense.com.br\/cbradar\/programa-brasileiro-oferece-bolsas-de-estudo-gratuitas-na-espanha\/#primaryimage","url":"https:\/\/www.correiobraziliense.com.br\/cbradar\/wp-content\/uploads\/2025\/03\/Espanha_1742478099815.jpg","contentUrl":"https:\/\/www.correiobraziliense.com.br\/cbradar\/wp-content\/uploads\/2025\/03\/Espanha_1742478099815.jpg","width":1280,"height":720,"caption":"Espanha. Cr\u00e9ditos: depositphotos.com \/ ViktoriiaDyachenko"},{"@type":"BreadcrumbList","@id":"https:\/\/www.correiobraziliense.com.br\/cbradar\/programa-brasileiro-oferece-bolsas-de-estudo-gratuitas-na-espanha\/#breadcrumb","itemListElement":[{"@type":"ListItem","position":1,"name":"In\u00edcio","item":"https:\/\/www.correiobraziliense.com.br\/cbradar\/"},{"@type":"ListItem","position":2,"name":"Programa brasileiro oferece bolsas de estudo gratuitas na Espanha"}]},{"@type":"WebSite","@id":"https:\/\/www.correiobraziliense.com.br\/cbradar\/#website","url":"https:\/\/www.correiobraziliense.com.br\/cbradar\/","name":"Correio Braziliense - Radar","description":"Acompanhe as \u00faltimas not\u00edcias e fique bem informado sobre tudo o que acontece no Brasil e no mundo.","potentialAction":[{"@type":"SearchAction","target":{"@type":"EntryPoint","urlTemplate":"https:\/\/www.correiobraziliense.com.br\/cbradar\/?s={search_term_string}"},"query-input":{"@type":"PropertyValueSpecification","valueRequired":true,"valueName":"search_term_string"}}],"inLanguage":"pt-BR"},{"@type":"Person","@id":"https:\/\/www.correiobraziliense.com.br\/cbradar\/#\/schema\/person\/58422787644df994b53a19d3e56c1513","name":"Larissa Carvalho","image":{"@type":"ImageObject","inLanguage":"pt-BR","@id":"https:\/\/www.correiobraziliense.com.br\/cbradar\/#\/schema\/person\/image\/","url":"https:\/\/secure.gravatar.com\/avatar\/fe4f91a0de32b52a838d0d612abdc1aa?s=96&d=mm&r=g","contentUrl":"https:\/\/secure.gravatar.com\/avatar\/fe4f91a0de32b52a838d0d612abdc1aa?s=96&d=mm&r=g","caption":"Larissa Carvalho"},"url":"https:\/\/www.correiobraziliense.com.br\/cbradar\/author\/larissamyth\/"}]}},"_links":{"self":[{"href":"https:\/\/www.correiobraziliense.com.br\/cbradar\/wp-json\/wp\/v2\/posts\/14237","targetHints":{"allow":["GET"]}}],"collection":[{"href":"https:\/\/www.correiobraziliense.com.br\/cbradar\/wp-json\/wp\/v2\/posts"}],"about":[{"href":"https:\/\/www.correiobraziliense.com.br\/cbradar\/wp-json\/wp\/v2\/types\/post"}],"author":[{"embeddable":true,"href":"https:\/\/www.correiobraziliense.com.br\/cbradar\/wp-json\/wp\/v2\/users\/3"}],"replies":[{"embeddable":true,"href":"https:\/\/www.correiobraziliense.com.br\/cbradar\/wp-json\/wp\/v2\/comments?post=14237"}],"version-history":[{"count":1,"href":"https:\/\/www.correiobraziliense.com.br\/cbradar\/wp-json\/wp\/v2\/posts\/14237\/revisions"}],"predecessor-version":[{"id":14243,"href":"https:\/\/www.correiobraziliense.com.br\/cbradar\/wp-json\/wp\/v2\/posts\/14237\/revisions\/14243"}],"wp:featuredmedia":[{"embeddable":true,"href":"https:\/\/www.correiobraziliense.com.br\/cbradar\/wp-json\/wp\/v2\/media\/14241"}],"wp:attachment":[{"href":"https:\/\/www.correiobraziliense.com.br\/cbradar\/wp-json\/wp\/v2\/media?parent=14237"}],"wp:term":[{"taxonomy":"category","embeddable":true,"href":"https:\/\/www.correiobraziliense.com.br\/cbradar\/wp-json\/wp\/v2\/categories?post=14237"},{"taxonomy":"post_tag","embeddable":true,"href":"https:\/\/www.correiobraziliense.com.br\/cbradar\/wp-json\/wp\/v2\/tags?post=14237"}],"curies":[{"name":"wp","href":"https:\/\/api.w.org\/{rel}","templated":true}]}}