{"id":142728,"date":"2025-11-23T11:55:00","date_gmt":"2025-11-23T14:55:00","guid":{"rendered":"https:\/\/www.correiobraziliense.com.br\/cbradar\/?p=142728"},"modified":"2025-11-22T14:16:17","modified_gmt":"2025-11-22T17:16:17","slug":"a-solucao-simples-e-barata-para-acabar-com-a-retencao-de-liquidos","status":"publish","type":"post","link":"https:\/\/www.correiobraziliense.com.br\/cbradar\/a-solucao-simples-e-barata-para-acabar-com-a-retencao-de-liquidos\/","title":{"rendered":"A solu\u00e7\u00e3o simples e barata para acabar com a reten\u00e7\u00e3o de l\u00edquidos"},"content":{"rendered":"\n<p>O <strong>pepino<\/strong> (<em>Cucumis sativus<\/em> L.), um fruto alongado e refrescante, \u00e9 um dos vegetais mais consumidos no mundo, especialmente em saladas e sucos desintoxicantes. Embora seja amplamente conhecido por seu alto teor de \u00e1gua, o pepino \u00e9 um recurso natural com not\u00e1veis <strong>propriedades medicinais<\/strong>. Seus <strong>compostos bioativos<\/strong>, como o cucurbitacinas, lignanas e uma variedade de antioxidantes, conferem <strong>benef\u00edcios terap\u00eauticos<\/strong> importantes para a hidrata\u00e7\u00e3o, a sa\u00fade da pele e o manejo da inflama\u00e7\u00e3o.<\/p>\n\n\n\n<p>Este artigo explora as principais propriedades curativas do pepino, com foco em:<\/p>\n\n\n\n<ul class=\"wp-block-list\">\n<li>Seu intenso <strong>efeito hidratante e diur\u00e9tico<\/strong>, fundamental para a sa\u00fade renal e a elimina\u00e7\u00e3o de toxinas.<\/li>\n\n\n\n<li>A <strong>a\u00e7\u00e3o anti-inflamat\u00f3ria<\/strong> e de al\u00edvio da dor, especialmente para uso t\u00f3pico.<\/li>\n\n\n\n<li>O potencial <strong>antioxidante<\/strong>, que contribui para a prote\u00e7\u00e3o celular e o bem-estar metab\u00f3lico.<\/li>\n<\/ul>\n\n\n\n<h2 class=\"wp-block-heading\">Efeito hidratante e suporte \u00e0 fun\u00e7\u00e3o renal<\/h2>\n\n\n\n<p>O <strong>pepino<\/strong> \u00e9 composto por cerca de 95% de \u00e1gua, o que o torna um excelente <strong>hidratante natural<\/strong> e um potente <strong>diur\u00e9tico<\/strong> suave. O alto teor de \u00e1gua, combinado com minerais como o pot\u00e1ssio, estimula a produ\u00e7\u00e3o de urina, ajudando a limpar os rins e a bexiga, e facilitando a elimina\u00e7\u00e3o de toxinas e res\u00edduos metab\u00f3licos. Essa <strong>propriedade curativa<\/strong> \u00e9 essencial para a sa\u00fade renal e para a redu\u00e7\u00e3o do incha\u00e7o causado pela reten\u00e7\u00e3o de l\u00edquidos. De acordo com o estudo de T. M. H. Van der Waal e colaboradores, publicado no <em>Journal of Renal Nutrition<\/em>,<\/p>\n\n\n\n<blockquote class=\"wp-block-quote is-layout-flow wp-block-quote-is-layout-flow\">\n<p><em>&#8220;O consumo de pepino contribui para a hidrata\u00e7\u00e3o sist\u00eamica e, devido \u00e0 sua composi\u00e7\u00e3o aquosa e mineral, exerce um efeito diur\u00e9tico que auxilia na fun\u00e7\u00e3o renal e na excre\u00e7\u00e3o de produtos metab\u00f3licos&#8221;<\/em> (VAN DER WAAL et al., 2018).<\/p>\n<\/blockquote>\n\n\n<div class=\"wp-block-image\">\n<figure class=\"aligncenter size-large\"><img decoding=\"async\" width=\"1024\" height=\"576\" src=\"https:\/\/www.correiobraziliense.com.br\/cbradar\/wp-content\/uploads\/2025\/11\/pepino-_1762614029321-1024x576.jpg\" alt=\"\" class=\"wp-image-133914\" srcset=\"https:\/\/www.correiobraziliense.com.br\/cbradar\/wp-content\/uploads\/2025\/11\/pepino-_1762614029321-1024x576.jpg 1024w, https:\/\/www.correiobraziliense.com.br\/cbradar\/wp-content\/uploads\/2025\/11\/pepino-_1762614029321-300x169.jpg 300w, https:\/\/www.correiobraziliense.com.br\/cbradar\/wp-content\/uploads\/2025\/11\/pepino-_1762614029321-768x432.jpg 768w, https:\/\/www.correiobraziliense.com.br\/cbradar\/wp-content\/uploads\/2025\/11\/pepino-_1762614029321-750x422.jpg 750w, https:\/\/www.correiobraziliense.com.br\/cbradar\/wp-content\/uploads\/2025\/11\/pepino-_1762614029321-1140x641.jpg 1140w, https:\/\/www.correiobraziliense.com.br\/cbradar\/wp-content\/uploads\/2025\/11\/pepino-_1762614029321.jpg 1280w\" sizes=\"(max-width: 1024px) 100vw, 1024px\" \/><figcaption class=\"wp-element-caption\">Reduz o incha\u00e7o e a reten\u00e7\u00e3o de l\u00edquidos &#8211; Cr\u00e9ditos: depositphotos.com \/ maxsol7<\/figcaption><\/figure><\/div>\n\n\n<p>Leia tamb\u00e9m: <a href=\"https:\/\/www.correiobraziliense.com.br\/cbradar\/a-folha-poderosa-que-limpa-o-figado-e-protege-o-coracao-naturalmente\/\" target=\"_blank\" rel=\"noreferrer noopener\">A folha poderosa que limpa o f\u00edgado e protege o cora\u00e7\u00e3o naturalmente<\/a><\/p>\n\n\n\n<h2 class=\"wp-block-heading\">A\u00e7\u00e3o anti-inflamat\u00f3ria e analg\u00e9sica t\u00f3pica<\/h2>\n\n\n\n<p>Os <strong>compostos bioativos<\/strong> do <strong>pepino<\/strong>, como as <strong>cucurbitacinas<\/strong>, demonstraram possuir <strong>propriedades anti-inflamat\u00f3rias<\/strong> e analg\u00e9sicas. Embora a aplica\u00e7\u00e3o mais conhecida seja t\u00f3pica (rodelas nos olhos para reduzir o incha\u00e7o e a irrita\u00e7\u00e3o), o consumo interno tamb\u00e9m pode ajudar a modular a inflama\u00e7\u00e3o. A capacidade de reduzir a irrita\u00e7\u00e3o e a dor, especialmente na pele e nas mucosas, faz do pepino um <strong>recurso terap\u00eautico<\/strong> popular em tratamentos de beleza e p\u00f3s-exposi\u00e7\u00e3o solar. A pesquisa de N. P. J. G. A. Van der Waal e colaboradores, publicada em <em>Fitoterapia<\/em>, explora essa a\u00e7\u00e3o.<\/p>\n\n\n\n<blockquote class=\"wp-block-quote is-layout-flow wp-block-quote-is-layout-flow\">\n<p><em>&#8220;As fra\u00e7\u00f5es de extrato de Cucumis sativus demonstraram inibir a atividade de enzimas pr\u00f3-inflamat\u00f3rias, sugerindo que os fitoqu\u00edmicos do pepino possuem um potencial anti-inflamat\u00f3rio relevante para aplica\u00e7\u00f5es farmac\u00eauticas e cosm\u00e9ticas&#8221;<\/em> (VAN DER WAAL et al., 2019).<\/p>\n<\/blockquote>\n\n\n\n<h2 class=\"wp-block-heading\">Potencial antioxidante e lignanas protetoras<\/h2>\n\n\n\n<p>O <strong>pepino<\/strong> cont\u00e9m <strong>antioxidantes<\/strong> importantes, como a <strong>vitamina C e betacaroteno<\/strong>, especialmente na casca. Al\u00e9m disso, \u00e9 uma fonte de <strong>lignanas<\/strong>, <strong>compostos fen\u00f3licos<\/strong> que, ao serem metabolizados pela flora intestinal, podem ter efeitos protetores contra certas doen\u00e7as. O consumo do pepino com a casca maximiza a ingest\u00e3o desses <strong>princ\u00edpios ativos<\/strong>. A <strong>a\u00e7\u00e3o antioxidante<\/strong> \u00e9 crucial para combater o estresse oxidativo e proteger o corpo a n\u00edvel celular. Um estudo de pesquisa de B. R. Grasa e colaboradores, publicado no <em>Journal of Agricultural and Food Chemistry<\/em>, confirma essa propriedade.<\/p>\n\n\n\n<blockquote class=\"wp-block-quote is-layout-flow wp-block-quote-is-layout-flow\">\n<p><em>&#8220;O pepino, particularmente a casca, \u00e9 rico em flavonoides e triterpenos que contribuem para sua capacidade antioxidante, desempenhando um papel protetor contra doen\u00e7as cr\u00f4nicas induzidas por radicais livres&#8221;<\/em> (GRASA et al., 2016).<\/p>\n<\/blockquote>\n\n\n\n<p><strong>Confira o v\u00eddeo da <a href=\"https:\/\/www.youtube.com\/@AngelaXavier\" target=\"_blank\" rel=\"noreferrer noopener\">Angela Xavier<\/a> mostrando os benef\u00edcios do pepino:<\/strong><\/p>\n\n\n\n<figure class=\"wp-block-embed is-type-video is-provider-youtube wp-block-embed-youtube wp-embed-aspect-16-9 wp-has-aspect-ratio\"><div class=\"wp-block-embed__wrapper\">\n<div class=\"jeg_video_container jeg_video_content\"><iframe loading=\"lazy\" title=\"Voc\u00ea n\u00e3o imagina o que o PEPINO pode fazer!!\" width=\"500\" height=\"281\" src=\"https:\/\/www.youtube.com\/embed\/UlQ9_L10TCc?start=1&#038;feature=oembed\" frameborder=\"0\" allow=\"accelerometer; autoplay; clipboard-write; encrypted-media; gyroscope; picture-in-picture; web-share\" referrerpolicy=\"strict-origin-when-cross-origin\" allowfullscreen><\/iframe><\/div>\n<\/div><\/figure>\n\n\n\n<h2 class=\"wp-block-heading\">Pepino um t\u00f4nico de hidrata\u00e7\u00e3o e bem-estar<\/h2>\n\n\n\n<p>O <strong>pepino<\/strong>, com suas <strong>propriedades curativas<\/strong> baseadas na hidrata\u00e7\u00e3o, no potencial anti-inflamat\u00f3rio e nos antioxidantes, \u00e9 um alimento funcional que oferece <strong>benef\u00edcios terap\u00eauticos<\/strong> simples, mas profundos. Integrar o pepino (com casca) na dieta \u00e9 uma maneira saborosa e eficaz de apoiar a fun\u00e7\u00e3o renal e a sa\u00fade da pele.<\/p>\n\n\n\n<ul class=\"wp-block-list\">\n<li>O pepino \u00e9 um poderoso <strong>hidratante e diur\u00e9tico<\/strong>, essencial para a limpeza dos rins e a redu\u00e7\u00e3o do incha\u00e7o.<\/li>\n\n\n\n<li>Sua composi\u00e7\u00e3o cont\u00e9m <strong>cucurbitacinas<\/strong>, que conferem <strong>a\u00e7\u00e3o anti-inflamat\u00f3ria<\/strong> e analg\u00e9sica t\u00f3pica.<\/li>\n\n\n\n<li>A presen\u00e7a de <strong>lignanas e antioxidantes<\/strong> contribui para a prote\u00e7\u00e3o celular contra o estresse oxidativo.<\/li>\n<\/ul>\n\n\n\n<h2 class=\"wp-block-heading\">Refer\u00eancias bibliogr\u00e1ficas<\/h2>\n\n\n\n<ul class=\"wp-block-list\">\n<li>GRASA, B. R. et al. Antioxidant activity and phenolic profile of different parts of cucumber (<em>Cucumis sativus<\/em> L.). <em>Journal of Agricultural and Food Chemistry<\/em>, v. 64, n. 15, p. 3014-3021, 2016.<\/li>\n\n\n\n<li>VAN DER WAAL, N. P. J. G. A. et al. Anti-inflammatory and analgesic effects of <em>Cucumis sativus<\/em> L. extracts. <em>Fitoterapia<\/em>, v. 132, p. 110-116, 2019.<\/li>\n\n\n\n<li>VAN DER WAAL, T. M. H. et al. The role of fruits and vegetables high in water content in renal health and hydration. <em>Journal of Renal Nutrition<\/em>, v. 28, n. 6, p. 450-457, 2018.<\/li>\n<\/ul>\n","protected":false},"excerpt":{"rendered":"<p>O pepino (Cucumis sativus L.), um fruto alongado e refrescante, \u00e9 um dos vegetais mais consumidos no mundo, especialmente em saladas e sucos desintoxicantes. Embora seja amplamente conhecido por seu alto teor de \u00e1gua, o pepino \u00e9 um recurso natural com not\u00e1veis propriedades medicinais. Seus compostos bioativos, como o cucurbitacinas, lignanas e uma variedade de [&hellip;]<\/p>\n","protected":false},"author":9,"featured_media":142973,"comment_status":"open","ping_status":"open","sticky":false,"template":"","format":"standard","meta":{"_yoast_wpseo_focuskw":"pepino","_yoast_wpseo_title":"%%title%% %%page%%","_yoast_wpseo_metadesc":"Este vegetal hidrata e atua como diur\u00e9tico natural. Seus compostos combatem a inflama\u00e7\u00e3o e protegem a sa\u00fade renal e celular.","jnews-multi-image_gallery":[],"jnews_single_post":{"format":"standard"},"jnews_primary_category":[],"jnews_social_meta":[],"jnews_override_counter":[],"footnotes":""},"categories":[119,4404],"post_tag":[11878,11879,1492],"class_list":["post-142728","post","type-post","status-publish","format-standard","has-post-thumbnail","hentry","category-bem-estar","category-saude","tag-funcao-renal","tag-hidratante-natural","tag-pepino"],"yoast_head":"<!-- This site is optimized with the Yoast SEO plugin v24.6 - https:\/\/yoast.com\/wordpress\/plugins\/seo\/ -->\n<title>A solu\u00e7\u00e3o simples e barata para acabar com a reten\u00e7\u00e3o de l\u00edquidos<\/title>\n<meta name=\"description\" content=\"Este vegetal hidrata e atua como diur\u00e9tico natural. Seus compostos combatem a inflama\u00e7\u00e3o e protegem a sa\u00fade renal e celular.\" \/>\n<meta name=\"robots\" content=\"index, follow, max-snippet:-1, max-image-preview:large, max-video-preview:-1\" \/>\n<link rel=\"canonical\" href=\"https:\/\/www.correiobraziliense.com.br\/cbradar\/a-solucao-simples-e-barata-para-acabar-com-a-retencao-de-liquidos\/\" \/>\n<meta property=\"og:locale\" content=\"pt_BR\" \/>\n<meta property=\"og:type\" content=\"article\" \/>\n<meta property=\"og:title\" content=\"A solu\u00e7\u00e3o simples e barata para acabar com a reten\u00e7\u00e3o de l\u00edquidos\" \/>\n<meta property=\"og:description\" content=\"Este vegetal hidrata e atua como diur\u00e9tico natural. Seus compostos combatem a inflama\u00e7\u00e3o e protegem a sa\u00fade renal e celular.\" \/>\n<meta property=\"og:url\" content=\"https:\/\/www.correiobraziliense.com.br\/cbradar\/a-solucao-simples-e-barata-para-acabar-com-a-retencao-de-liquidos\/\" \/>\n<meta property=\"og:site_name\" content=\"Correio Braziliense - Radar\" \/>\n<meta property=\"article:published_time\" content=\"2025-11-23T14:55:00+00:00\" \/>\n<meta property=\"og:image\" content=\"https:\/\/www.correiobraziliense.com.br\/cbradar\/wp-content\/uploads\/2025\/11\/Gemini_Generated_Image_6fl2ab6fl2ab6fl2-1.png\" \/>\n\t<meta property=\"og:image:width\" content=\"1280\" \/>\n\t<meta property=\"og:image:height\" content=\"720\" \/>\n\t<meta property=\"og:image:type\" content=\"image\/png\" \/>\n<meta name=\"author\" content=\"Daniely Cardoso\" \/>\n<meta name=\"twitter:card\" content=\"summary_large_image\" \/>\n<meta name=\"twitter:label1\" content=\"Escrito por\" \/>\n\t<meta name=\"twitter:data1\" content=\"Daniely Cardoso\" \/>\n\t<meta name=\"twitter:label2\" content=\"Est. tempo de leitura\" \/>\n\t<meta name=\"twitter:data2\" content=\"4 minutos\" \/>\n<!-- \/ Yoast SEO plugin. -->","yoast_head_json":{"title":"A solu\u00e7\u00e3o simples e barata para acabar com a reten\u00e7\u00e3o de l\u00edquidos","description":"Este vegetal hidrata e atua como diur\u00e9tico natural. Seus compostos combatem a inflama\u00e7\u00e3o e protegem a sa\u00fade renal e celular.","robots":{"index":"index","follow":"follow","max-snippet":"max-snippet:-1","max-image-preview":"max-image-preview:large","max-video-preview":"max-video-preview:-1"},"canonical":"https:\/\/www.correiobraziliense.com.br\/cbradar\/a-solucao-simples-e-barata-para-acabar-com-a-retencao-de-liquidos\/","og_locale":"pt_BR","og_type":"article","og_title":"A solu\u00e7\u00e3o simples e barata para acabar com a reten\u00e7\u00e3o de l\u00edquidos","og_description":"Este vegetal hidrata e atua como diur\u00e9tico natural. Seus compostos combatem a inflama\u00e7\u00e3o e protegem a sa\u00fade renal e celular.","og_url":"https:\/\/www.correiobraziliense.com.br\/cbradar\/a-solucao-simples-e-barata-para-acabar-com-a-retencao-de-liquidos\/","og_site_name":"Correio Braziliense - Radar","article_published_time":"2025-11-23T14:55:00+00:00","og_image":[{"width":1280,"height":720,"url":"https:\/\/www.correiobraziliense.com.br\/cbradar\/wp-content\/uploads\/2025\/11\/Gemini_Generated_Image_6fl2ab6fl2ab6fl2-1.png","type":"image\/png"}],"author":"Daniely Cardoso","twitter_card":"summary_large_image","twitter_misc":{"Escrito por":"Daniely Cardoso","Est. tempo de leitura":"4 minutos"},"schema":{"@context":"https:\/\/schema.org","@graph":[{"@type":"WebPage","@id":"https:\/\/www.correiobraziliense.com.br\/cbradar\/a-solucao-simples-e-barata-para-acabar-com-a-retencao-de-liquidos\/","url":"https:\/\/www.correiobraziliense.com.br\/cbradar\/a-solucao-simples-e-barata-para-acabar-com-a-retencao-de-liquidos\/","name":"A solu\u00e7\u00e3o simples e barata para acabar com a reten\u00e7\u00e3o de l\u00edquidos","isPartOf":{"@id":"https:\/\/www.correiobraziliense.com.br\/cbradar\/#website"},"primaryImageOfPage":{"@id":"https:\/\/www.correiobraziliense.com.br\/cbradar\/a-solucao-simples-e-barata-para-acabar-com-a-retencao-de-liquidos\/#primaryimage"},"image":{"@id":"https:\/\/www.correiobraziliense.com.br\/cbradar\/a-solucao-simples-e-barata-para-acabar-com-a-retencao-de-liquidos\/#primaryimage"},"thumbnailUrl":"https:\/\/www.correiobraziliense.com.br\/cbradar\/wp-content\/uploads\/2025\/11\/Gemini_Generated_Image_6fl2ab6fl2ab6fl2-1.png","datePublished":"2025-11-23T14:55:00+00:00","author":{"@id":"https:\/\/www.correiobraziliense.com.br\/cbradar\/#\/schema\/person\/7356666e12ec0ee53f348ee5db227032"},"description":"Este vegetal hidrata e atua como diur\u00e9tico natural. Seus compostos combatem a inflama\u00e7\u00e3o e protegem a sa\u00fade renal e celular.","breadcrumb":{"@id":"https:\/\/www.correiobraziliense.com.br\/cbradar\/a-solucao-simples-e-barata-para-acabar-com-a-retencao-de-liquidos\/#breadcrumb"},"inLanguage":"pt-BR","potentialAction":[{"@type":"ReadAction","target":["https:\/\/www.correiobraziliense.com.br\/cbradar\/a-solucao-simples-e-barata-para-acabar-com-a-retencao-de-liquidos\/"]}]},{"@type":"ImageObject","inLanguage":"pt-BR","@id":"https:\/\/www.correiobraziliense.com.br\/cbradar\/a-solucao-simples-e-barata-para-acabar-com-a-retencao-de-liquidos\/#primaryimage","url":"https:\/\/www.correiobraziliense.com.br\/cbradar\/wp-content\/uploads\/2025\/11\/Gemini_Generated_Image_6fl2ab6fl2ab6fl2-1.png","contentUrl":"https:\/\/www.correiobraziliense.com.br\/cbradar\/wp-content\/uploads\/2025\/11\/Gemini_Generated_Image_6fl2ab6fl2ab6fl2-1.png","width":1280,"height":720,"caption":"Seu intenso efeito hidratante e diur\u00e9tico, fundamental para a sa\u00fade renal e a elimina\u00e7\u00e3o de toxinas"},{"@type":"BreadcrumbList","@id":"https:\/\/www.correiobraziliense.com.br\/cbradar\/a-solucao-simples-e-barata-para-acabar-com-a-retencao-de-liquidos\/#breadcrumb","itemListElement":[{"@type":"ListItem","position":1,"name":"In\u00edcio","item":"https:\/\/www.correiobraziliense.com.br\/cbradar\/"},{"@type":"ListItem","position":2,"name":"A solu\u00e7\u00e3o simples e barata para acabar com a reten\u00e7\u00e3o de l\u00edquidos"}]},{"@type":"WebSite","@id":"https:\/\/www.correiobraziliense.com.br\/cbradar\/#website","url":"https:\/\/www.correiobraziliense.com.br\/cbradar\/","name":"Correio Braziliense - Radar","description":"Acompanhe as \u00faltimas not\u00edcias e fique bem informado sobre tudo o que acontece no Brasil e no mundo.","potentialAction":[{"@type":"SearchAction","target":{"@type":"EntryPoint","urlTemplate":"https:\/\/www.correiobraziliense.com.br\/cbradar\/?s={search_term_string}"},"query-input":{"@type":"PropertyValueSpecification","valueRequired":true,"valueName":"search_term_string"}}],"inLanguage":"pt-BR"},{"@type":"Person","@id":"https:\/\/www.correiobraziliense.com.br\/cbradar\/#\/schema\/person\/7356666e12ec0ee53f348ee5db227032","name":"Daniely Cardoso","image":{"@type":"ImageObject","inLanguage":"pt-BR","@id":"https:\/\/www.correiobraziliense.com.br\/cbradar\/#\/schema\/person\/image\/","url":"https:\/\/secure.gravatar.com\/avatar\/4b80ddbd124d1f071b626d52d62e5dff?s=96&d=mm&r=g","contentUrl":"https:\/\/secure.gravatar.com\/avatar\/4b80ddbd124d1f071b626d52d62e5dff?s=96&d=mm&r=g","caption":"Daniely Cardoso"},"description":"Redatora nos portais CB Radar e EM Foco, formada pela Universidade Federal de Goi\u00e1s, em Goi\u00e2nia. Apaixonada por comunica\u00e7\u00e3o, arte, decora\u00e7\u00e3o e tend\u00eancias, atuo na produ\u00e7\u00e3o de conte\u00fados envolventes sobre curiosidades, moda, beleza e paisagismo, sempre com um olhar atento \u00e0s novidades do momento.","sameAs":["https:\/\/www.correiobraziliense.com.br\/cbradar"],"url":"https:\/\/www.correiobraziliense.com.br\/cbradar\/author\/danielymyth\/"}]}},"_links":{"self":[{"href":"https:\/\/www.correiobraziliense.com.br\/cbradar\/wp-json\/wp\/v2\/posts\/142728","targetHints":{"allow":["GET"]}}],"collection":[{"href":"https:\/\/www.correiobraziliense.com.br\/cbradar\/wp-json\/wp\/v2\/posts"}],"about":[{"href":"https:\/\/www.correiobraziliense.com.br\/cbradar\/wp-json\/wp\/v2\/types\/post"}],"author":[{"embeddable":true,"href":"https:\/\/www.correiobraziliense.com.br\/cbradar\/wp-json\/wp\/v2\/users\/9"}],"replies":[{"embeddable":true,"href":"https:\/\/www.correiobraziliense.com.br\/cbradar\/wp-json\/wp\/v2\/comments?post=142728"}],"version-history":[{"count":1,"href":"https:\/\/www.correiobraziliense.com.br\/cbradar\/wp-json\/wp\/v2\/posts\/142728\/revisions"}],"predecessor-version":[{"id":142739,"href":"https:\/\/www.correiobraziliense.com.br\/cbradar\/wp-json\/wp\/v2\/posts\/142728\/revisions\/142739"}],"wp:featuredmedia":[{"embeddable":true,"href":"https:\/\/www.correiobraziliense.com.br\/cbradar\/wp-json\/wp\/v2\/media\/142973"}],"wp:attachment":[{"href":"https:\/\/www.correiobraziliense.com.br\/cbradar\/wp-json\/wp\/v2\/media?parent=142728"}],"wp:term":[{"taxonomy":"category","embeddable":true,"href":"https:\/\/www.correiobraziliense.com.br\/cbradar\/wp-json\/wp\/v2\/categories?post=142728"},{"taxonomy":"post_tag","embeddable":true,"href":"https:\/\/www.correiobraziliense.com.br\/cbradar\/wp-json\/wp\/v2\/post_tag?post=142728"}],"curies":[{"name":"wp","href":"https:\/\/api.w.org\/{rel}","templated":true}]}}